{"id":3971,"date":"2018-12-20T14:19:27","date_gmt":"2018-12-20T16:19:27","guid":{"rendered":"http:\/\/srv.portalnpm.com.br\/?p=3971"},"modified":"2018-12-20T14:19:27","modified_gmt":"2018-12-20T16:19:27","slug":"em-padre-marcos-eleicao-para-a-mesa-diretora-da-camara-municipal-tera-chapa-unica","status":"publish","type":"post","link":"https:\/\/portalnpm.com\/index.php\/2018\/12\/20\/em-padre-marcos-eleicao-para-a-mesa-diretora-da-camara-municipal-tera-chapa-unica\/","title":{"rendered":"Em Padre Marcos, elei\u00e7\u00e3o para a mesa diretora da C\u00e2mara Municipal ter\u00e1 chapa \u00fanica"},"content":{"rendered":"<p style=\"text-align: justify;\">A elei\u00e7\u00e3o e posse da nova mesa diretora acontecer\u00e1 no dia 01 de janeiro de 2019.<\/p>\n<figure id=\"attachment_3973\" aria-describedby=\"caption-attachment-3973\" style=\"width: 300px\" class=\"wp-caption alignnone\"><img fetchpriority=\"high\" decoding=\"async\" class=\"size-medium wp-image-3973\" src=\"http:\/\/portalnpm.com.br\/wp-content\/uploads\/2018\/12\/DSC_7193-1-768x512-300x200.jpg\" alt=\"\" width=\"300\" height=\"200\" \/><figcaption id=\"caption-attachment-3973\" class=\"wp-caption-text\">Candidato a Presid\u00eancia da C\u00e2mara, Vereador Irm\u00e3o Ad\u00e3o.<\/figcaption><\/figure>\n<p style=\"text-align: justify;\">Est\u00e1 definido as elei\u00e7\u00f5es para a escolha da nova mesa diretora para o bi\u00eanio 2019\/2020. A chapa \u2018Uni\u00e3o e Coer\u00eancia\u2019 anunciou na tarde desta quarta-feira (19) o Vereador Ad\u00e3o Jos\u00e9 da Silva como candidato a disputa da Presid\u00eancia da C\u00e2mara Municipal de Vereadores de Padre Marcos na referida chapa.<\/p>\n<p style=\"text-align: justify;\">O Vereador Ad\u00e3o Jos\u00e9, que faz parte da base aliada do Prefeito Valdinar Silva, \u00e9 o \u00fanico postulante, at\u00e9 o momento, para o cargo de Presidente da C\u00e2mara de Vereadores. A chapa governista \u00e9 formada pelos vereadores Irm\u00e3o Ad\u00e3o, como candidato a Presidente; Vereador Neli, para\u00a0 vice-presidente; Vereador Jos\u00e9 Bonif\u00e1cio, para primeiro Secret\u00e1rio, e o Vereador Ant\u00f4nio Chiquinho, para segundo Secret\u00e1rio.<\/p>\n<figure id=\"attachment_3974\" aria-describedby=\"caption-attachment-3974\" style=\"width: 300px\" class=\"wp-caption alignnone\"><img decoding=\"async\" class=\"size-medium wp-image-3974\" src=\"http:\/\/portalnpm.com.br\/wp-content\/uploads\/2018\/12\/IMG_6756-768x512-300x200.jpg\" alt=\"\" width=\"300\" height=\"200\" \/><figcaption id=\"caption-attachment-3974\" class=\"wp-caption-text\">Vice-presidente da C\u00e2mara, o Vereador Manuel Francisco de Carvalho<\/figcaption><\/figure>\n<p style=\"text-align: justify;\">De acordo com o Vereador Irm\u00e3o Ad\u00e3o, Vereadores da oposi\u00e7\u00e3o entraram em consenso entre eles e ocorrer\u00e1 elei\u00e7\u00e3o \u00fanica, onde at\u00e9 o momento n\u00e3o se tem registro de uma segunda chapa. A C\u00e2mara de Vereadores de Padre Marcos \u00e9 composta por nove vereadores.<\/p>\n<figure id=\"attachment_3975\" aria-describedby=\"caption-attachment-3975\" style=\"width: 300px\" class=\"wp-caption alignnone\"><img decoding=\"async\" class=\"size-medium wp-image-3975\" src=\"http:\/\/portalnpm.com.br\/wp-content\/uploads\/2018\/12\/IMG_6748-768x512-300x200.jpg\" alt=\"\" width=\"300\" height=\"200\" \/><figcaption id=\"caption-attachment-3975\" class=\"wp-caption-text\">Primeiro Secret\u00e1rio, o Vereador Jos\u00e9 Bonif\u00e1cio da Silva Dias<\/figcaption><\/figure>\n<p style=\"text-align: justify;\">A chapa \u2018Uni\u00e3o e Coer\u00eancia\u2019 j\u00e1 conta com o apoio dos vereadores Ant\u00f4nio Neto, Iranildo Francisco de Carvalho, Williams Macedo e da atual Presidente da C\u00e2mara Emanuela Conrado.<\/p>\n<figure id=\"attachment_3976\" aria-describedby=\"caption-attachment-3976\" style=\"width: 300px\" class=\"wp-caption alignnone\"><img loading=\"lazy\" decoding=\"async\" class=\"size-medium wp-image-3976\" src=\"http:\/\/portalnpm.com.br\/wp-content\/uploads\/2018\/12\/IMG_6736-768x512-300x200.jpg\" alt=\"\" width=\"300\" height=\"200\" \/><figcaption id=\"caption-attachment-3976\" class=\"wp-caption-text\">Segundo Secret\u00e1rio, o Vereador Ant\u00f4nio Francisco de Carvalho.<\/figcaption><\/figure>\n<p style=\"text-align: justify;\">O objetivo da chapa \u00e9 buscar o maior numero de apoiadores para que se haja uma administra\u00e7\u00e3o conjunta e igualit\u00e1ria, visando o melhor para o munic\u00edpio de Padre Marcos.<\/p>\n<p style=\"text-align: justify;\">Est\u00e1 \u00e9 a primeira vez que o Vereador Irm\u00e3o Ad\u00e3o disputa a Presid\u00eancia da C\u00e2mara de Vereadores do munic\u00edpio. O vereador postulante ao cargo de presidente j\u00e1 tem quatro mandatos como vereador na casa. A elei\u00e7\u00e3o e posse da nova mesa diretora acontecer\u00e1 no dia 01 de janeiro de 2019, a partir das 10hrs da manh\u00e3 na C\u00e2mara Municipal.<\/p>\n<p style=\"text-align: justify;\"><strong>Fonte: Portal Piau\u00ed em Foco<\/strong><\/p>\n","protected":false},"excerpt":{"rendered":"<p>A elei\u00e7\u00e3o e posse da nova mesa diretora acontecer\u00e1 no dia 01 de janeiro de 2019. Est\u00e1 definido as elei\u00e7\u00f5es para a escolha da nova mesa diretora para o bi\u00eanio 2019\/2020. A chapa \u2018Uni\u00e3o e Coer\u00eancia\u2019 anunciou na tarde desta quarta-feira (19) o Vereador Ad\u00e3o Jos\u00e9 da Silva como candidato a disputa da Presid\u00eancia da &hellip;<\/p>\n","protected":false},"author":4,"featured_media":3977,"comment_status":"open","ping_status":"open","sticky":false,"template":"","format":"standard","meta":{"content-type":"","rop_custom_images_group":[],"rop_custom_messages_group":[],"rop_publish_now":"initial","rop_publish_now_accounts":{"facebook_2648258775420054_1618374048415101":""},"rop_publish_now_history":[],"rop_publish_now_status":"pending","footnotes":"","_jetpack_memberships_contains_paid_content":false},"categories":[113,109,119,130],"tags":[1604,382,120,813],"yoast_head":"<!-- This site is optimized with the Yoast SEO plugin v22.3 - https:\/\/yoast.com\/wordpress\/plugins\/seo\/ -->\n<title>Em Padre Marcos, elei\u00e7\u00e3o para a mesa diretora da C\u00e2mara Municipal ter\u00e1 chapa \u00fanica - Portal NPM<\/title>\n<meta name=\"robots\" content=\"index, follow, max-snippet:-1, max-image-preview:large, max-video-preview:-1\" \/>\n<link rel=\"canonical\" href=\"https:\/\/portalnpm.com\/index.php\/2018\/12\/20\/em-padre-marcos-eleicao-para-a-mesa-diretora-da-camara-municipal-tera-chapa-unica\/\" \/>\n<meta property=\"og:locale\" content=\"pt_BR\" \/>\n<meta property=\"og:type\" content=\"article\" \/>\n<meta property=\"og:title\" content=\"Em Padre Marcos, elei\u00e7\u00e3o para a mesa diretora da C\u00e2mara Municipal ter\u00e1 chapa \u00fanica - Portal NPM\" \/>\n<meta property=\"og:description\" content=\"A elei\u00e7\u00e3o e posse da nova mesa diretora acontecer\u00e1 no dia 01 de janeiro de 2019. Est\u00e1 definido as elei\u00e7\u00f5es para a escolha da nova mesa diretora para o bi\u00eanio 2019\/2020. A chapa \u2018Uni\u00e3o e Coer\u00eancia\u2019 anunciou na tarde desta quarta-feira (19) o Vereador Ad\u00e3o Jos\u00e9 da Silva como candidato a disputa da Presid\u00eancia da &hellip;\" \/>\n<meta property=\"og:url\" content=\"https:\/\/portalnpm.com\/index.php\/2018\/12\/20\/em-padre-marcos-eleicao-para-a-mesa-diretora-da-camara-municipal-tera-chapa-unica\/\" \/>\n<meta property=\"og:site_name\" content=\"Portal NPM\" \/>\n<meta property=\"article:published_time\" content=\"2018-12-20T16:19:27+00:00\" \/>\n<meta name=\"author\" content=\"Reda\u00e7\u00e3o\" \/>\n<meta name=\"twitter:card\" content=\"summary_large_image\" \/>\n<meta name=\"twitter:label1\" content=\"Escrito por\" \/>\n\t<meta name=\"twitter:data1\" content=\"Reda\u00e7\u00e3o\" \/>\n\t<meta name=\"twitter:label2\" content=\"Est. tempo de leitura\" \/>\n\t<meta name=\"twitter:data2\" content=\"2 minutos\" \/>\n<script type=\"application\/ld+json\" class=\"yoast-schema-graph\">{\"@context\":\"https:\/\/schema.org\",\"@graph\":[{\"@type\":\"WebPage\",\"@id\":\"https:\/\/portalnpm.com\/index.php\/2018\/12\/20\/em-padre-marcos-eleicao-para-a-mesa-diretora-da-camara-municipal-tera-chapa-unica\/\",\"url\":\"https:\/\/portalnpm.com\/index.php\/2018\/12\/20\/em-padre-marcos-eleicao-para-a-mesa-diretora-da-camara-municipal-tera-chapa-unica\/\",\"name\":\"Em Padre Marcos, elei\u00e7\u00e3o para a mesa diretora da C\u00e2mara Municipal ter\u00e1 chapa \u00fanica - Portal NPM\",\"isPartOf\":{\"@id\":\"https:\/\/portalnpm.com\/#website\"},\"primaryImageOfPage\":{\"@id\":\"https:\/\/portalnpm.com\/index.php\/2018\/12\/20\/em-padre-marcos-eleicao-para-a-mesa-diretora-da-camara-municipal-tera-chapa-unica\/#primaryimage\"},\"image\":{\"@id\":\"https:\/\/portalnpm.com\/index.php\/2018\/12\/20\/em-padre-marcos-eleicao-para-a-mesa-diretora-da-camara-municipal-tera-chapa-unica\/#primaryimage\"},\"thumbnailUrl\":\"\",\"datePublished\":\"2018-12-20T16:19:27+00:00\",\"dateModified\":\"2018-12-20T16:19:27+00:00\",\"author\":{\"@id\":\"https:\/\/portalnpm.com\/#\/schema\/person\/0b5f230ec96cee25504fa328e7f2b733\"},\"breadcrumb\":{\"@id\":\"https:\/\/portalnpm.com\/index.php\/2018\/12\/20\/em-padre-marcos-eleicao-para-a-mesa-diretora-da-camara-municipal-tera-chapa-unica\/#breadcrumb\"},\"inLanguage\":\"pt-BR\",\"potentialAction\":[{\"@type\":\"ReadAction\",\"target\":[\"https:\/\/portalnpm.com\/index.php\/2018\/12\/20\/em-padre-marcos-eleicao-para-a-mesa-diretora-da-camara-municipal-tera-chapa-unica\/\"]}]},{\"@type\":\"ImageObject\",\"inLanguage\":\"pt-BR\",\"@id\":\"https:\/\/portalnpm.com\/index.php\/2018\/12\/20\/em-padre-marcos-eleicao-para-a-mesa-diretora-da-camara-municipal-tera-chapa-unica\/#primaryimage\",\"url\":\"\",\"contentUrl\":\"\"},{\"@type\":\"BreadcrumbList\",\"@id\":\"https:\/\/portalnpm.com\/index.php\/2018\/12\/20\/em-padre-marcos-eleicao-para-a-mesa-diretora-da-camara-municipal-tera-chapa-unica\/#breadcrumb\",\"itemListElement\":[{\"@type\":\"ListItem\",\"position\":1,\"name\":\"In\u00edcio\",\"item\":\"https:\/\/portalnpm.com\/\"},{\"@type\":\"ListItem\",\"position\":2,\"name\":\"Em Padre Marcos, elei\u00e7\u00e3o para a mesa diretora da C\u00e2mara Municipal ter\u00e1 chapa \u00fanica\"}]},{\"@type\":\"WebSite\",\"@id\":\"https:\/\/portalnpm.com\/#website\",\"url\":\"https:\/\/portalnpm.com\/\",\"name\":\"Portal NPM\",\"description\":\"Not\u00edcias em Primeira M\u00e3o\",\"potentialAction\":[{\"@type\":\"SearchAction\",\"target\":{\"@type\":\"EntryPoint\",\"urlTemplate\":\"https:\/\/portalnpm.com\/?s={search_term_string}\"},\"query-input\":\"required name=search_term_string\"}],\"inLanguage\":\"pt-BR\"},{\"@type\":\"Person\",\"@id\":\"https:\/\/portalnpm.com\/#\/schema\/person\/0b5f230ec96cee25504fa328e7f2b733\",\"name\":\"Reda\u00e7\u00e3o\",\"image\":{\"@type\":\"ImageObject\",\"inLanguage\":\"pt-BR\",\"@id\":\"https:\/\/portalnpm.com\/#\/schema\/person\/image\/\",\"url\":\"https:\/\/portalnpm.com\/wp-content\/uploads\/2024\/03\/avatar_user_4_1710097212-96x96.png\",\"contentUrl\":\"https:\/\/portalnpm.com\/wp-content\/uploads\/2024\/03\/avatar_user_4_1710097212-96x96.png\",\"caption\":\"Reda\u00e7\u00e3o\"},\"url\":\"https:\/\/portalnpm.com\/index.php\/author\/redacao\/\"}]}<\/script>\n<!-- \/ Yoast SEO plugin. -->","yoast_head_json":{"title":"Em Padre Marcos, elei\u00e7\u00e3o para a mesa diretora da C\u00e2mara Municipal ter\u00e1 chapa \u00fanica - Portal NPM","robots":{"index":"index","follow":"follow","max-snippet":"max-snippet:-1","max-image-preview":"max-image-preview:large","max-video-preview":"max-video-preview:-1"},"canonical":"https:\/\/portalnpm.com\/index.php\/2018\/12\/20\/em-padre-marcos-eleicao-para-a-mesa-diretora-da-camara-municipal-tera-chapa-unica\/","og_locale":"pt_BR","og_type":"article","og_title":"Em Padre Marcos, elei\u00e7\u00e3o para a mesa diretora da C\u00e2mara Municipal ter\u00e1 chapa \u00fanica - Portal NPM","og_description":"A elei\u00e7\u00e3o e posse da nova mesa diretora acontecer\u00e1 no dia 01 de janeiro de 2019. Est\u00e1 definido as elei\u00e7\u00f5es para a escolha da nova mesa diretora para o bi\u00eanio 2019\/2020. A chapa \u2018Uni\u00e3o e Coer\u00eancia\u2019 anunciou na tarde desta quarta-feira (19) o Vereador Ad\u00e3o Jos\u00e9 da Silva como candidato a disputa da Presid\u00eancia da &hellip;","og_url":"https:\/\/portalnpm.com\/index.php\/2018\/12\/20\/em-padre-marcos-eleicao-para-a-mesa-diretora-da-camara-municipal-tera-chapa-unica\/","og_site_name":"Portal NPM","article_published_time":"2018-12-20T16:19:27+00:00","author":"Reda\u00e7\u00e3o","twitter_card":"summary_large_image","twitter_misc":{"Escrito por":"Reda\u00e7\u00e3o","Est. tempo de leitura":"2 minutos"},"schema":{"@context":"https:\/\/schema.org","@graph":[{"@type":"WebPage","@id":"https:\/\/portalnpm.com\/index.php\/2018\/12\/20\/em-padre-marcos-eleicao-para-a-mesa-diretora-da-camara-municipal-tera-chapa-unica\/","url":"https:\/\/portalnpm.com\/index.php\/2018\/12\/20\/em-padre-marcos-eleicao-para-a-mesa-diretora-da-camara-municipal-tera-chapa-unica\/","name":"Em Padre Marcos, elei\u00e7\u00e3o para a mesa diretora da C\u00e2mara Municipal ter\u00e1 chapa \u00fanica - Portal NPM","isPartOf":{"@id":"https:\/\/portalnpm.com\/#website"},"primaryImageOfPage":{"@id":"https:\/\/portalnpm.com\/index.php\/2018\/12\/20\/em-padre-marcos-eleicao-para-a-mesa-diretora-da-camara-municipal-tera-chapa-unica\/#primaryimage"},"image":{"@id":"https:\/\/portalnpm.com\/index.php\/2018\/12\/20\/em-padre-marcos-eleicao-para-a-mesa-diretora-da-camara-municipal-tera-chapa-unica\/#primaryimage"},"thumbnailUrl":"","datePublished":"2018-12-20T16:19:27+00:00","dateModified":"2018-12-20T16:19:27+00:00","author":{"@id":"https:\/\/portalnpm.com\/#\/schema\/person\/0b5f230ec96cee25504fa328e7f2b733"},"breadcrumb":{"@id":"https:\/\/portalnpm.com\/index.php\/2018\/12\/20\/em-padre-marcos-eleicao-para-a-mesa-diretora-da-camara-municipal-tera-chapa-unica\/#breadcrumb"},"inLanguage":"pt-BR","potentialAction":[{"@type":"ReadAction","target":["https:\/\/portalnpm.com\/index.php\/2018\/12\/20\/em-padre-marcos-eleicao-para-a-mesa-diretora-da-camara-municipal-tera-chapa-unica\/"]}]},{"@type":"ImageObject","inLanguage":"pt-BR","@id":"https:\/\/portalnpm.com\/index.php\/2018\/12\/20\/em-padre-marcos-eleicao-para-a-mesa-diretora-da-camara-municipal-tera-chapa-unica\/#primaryimage","url":"","contentUrl":""},{"@type":"BreadcrumbList","@id":"https:\/\/portalnpm.com\/index.php\/2018\/12\/20\/em-padre-marcos-eleicao-para-a-mesa-diretora-da-camara-municipal-tera-chapa-unica\/#breadcrumb","itemListElement":[{"@type":"ListItem","position":1,"name":"In\u00edcio","item":"https:\/\/portalnpm.com\/"},{"@type":"ListItem","position":2,"name":"Em Padre Marcos, elei\u00e7\u00e3o para a mesa diretora da C\u00e2mara Municipal ter\u00e1 chapa \u00fanica"}]},{"@type":"WebSite","@id":"https:\/\/portalnpm.com\/#website","url":"https:\/\/portalnpm.com\/","name":"Portal NPM","description":"Not\u00edcias em Primeira M\u00e3o","potentialAction":[{"@type":"SearchAction","target":{"@type":"EntryPoint","urlTemplate":"https:\/\/portalnpm.com\/?s={search_term_string}"},"query-input":"required name=search_term_string"}],"inLanguage":"pt-BR"},{"@type":"Person","@id":"https:\/\/portalnpm.com\/#\/schema\/person\/0b5f230ec96cee25504fa328e7f2b733","name":"Reda\u00e7\u00e3o","image":{"@type":"ImageObject","inLanguage":"pt-BR","@id":"https:\/\/portalnpm.com\/#\/schema\/person\/image\/","url":"https:\/\/portalnpm.com\/wp-content\/uploads\/2024\/03\/avatar_user_4_1710097212-96x96.png","contentUrl":"https:\/\/portalnpm.com\/wp-content\/uploads\/2024\/03\/avatar_user_4_1710097212-96x96.png","caption":"Reda\u00e7\u00e3o"},"url":"https:\/\/portalnpm.com\/index.php\/author\/redacao\/"}]}},"jetpack_sharing_enabled":true,"jetpack_featured_media_url":"","_links":{"self":[{"href":"https:\/\/portalnpm.com\/index.php\/wp-json\/wp\/v2\/posts\/3971"}],"collection":[{"href":"https:\/\/portalnpm.com\/index.php\/wp-json\/wp\/v2\/posts"}],"about":[{"href":"https:\/\/portalnpm.com\/index.php\/wp-json\/wp\/v2\/types\/post"}],"author":[{"embeddable":true,"href":"https:\/\/portalnpm.com\/index.php\/wp-json\/wp\/v2\/users\/4"}],"replies":[{"embeddable":true,"href":"https:\/\/portalnpm.com\/index.php\/wp-json\/wp\/v2\/comments?post=3971"}],"version-history":[{"count":0,"href":"https:\/\/portalnpm.com\/index.php\/wp-json\/wp\/v2\/posts\/3971\/revisions"}],"wp:featuredmedia":[{"embeddable":true,"href":"https:\/\/portalnpm.com\/index.php\/wp-json\/"}],"wp:attachment":[{"href":"https:\/\/portalnpm.com\/index.php\/wp-json\/wp\/v2\/media?parent=3971"}],"wp:term":[{"taxonomy":"category","embeddable":true,"href":"https:\/\/portalnpm.com\/index.php\/wp-json\/wp\/v2\/categories?post=3971"},{"taxonomy":"post_tag","embeddable":true,"href":"https:\/\/portalnpm.com\/index.php\/wp-json\/wp\/v2\/tags?post=3971"}],"curies":[{"name":"wp","href":"https:\/\/api.w.org\/{rel}","templated":true}]}}