{"id":39815,"date":"2022-01-08T05:44:12","date_gmt":"2022-01-08T08:44:12","guid":{"rendered":"https:\/\/backupnpm.codetainer.com.br\/?p=39815"},"modified":"2022-01-08T05:44:12","modified_gmt":"2022-01-08T08:44:12","slug":"abono-salarial-quem-tem-direito-ao-pis","status":"publish","type":"post","link":"https:\/\/portalnpm.com\/index.php\/2022\/01\/08\/abono-salarial-quem-tem-direito-ao-pis\/","title":{"rendered":"Abono salarial: quem tem direito ao PIS?"},"content":{"rendered":"<section class=\"articlebody  flexarticlebody \" data-id=\"36\" data-m=\"{&quot;i&quot;:36,&quot;p&quot;:35,&quot;n&quot;:&quot;articlebody&quot;,&quot;y&quot;:6,&quot;o&quot;:1}\">\n<p style=\"text-align: justify;\">Esta semana, o Conselho de Desenvolvimento do Fundo de Amparo ao Trabalhador (Codefat) apresentou o\u00a0<strong>calend\u00e1rio para pagamento do abono salarial do ano-base 2020<\/strong>. Em 2022, o pagamento do PIS e do Pasep come\u00e7a a partir de fevereiro. Confira agora quem possui direito ao recebimento do PIS.<\/p>\n<p style=\"text-align: justify;\">\n<p style=\"text-align: justify;\">\n<p style=\"text-align: justify;\">Segundo o \u00f3rg\u00e3o, mais de\u00a0<strong>23 milh\u00f5es de trabalhadores ter\u00e3o direito ao recebimento<\/strong>\u00a0do abono salarial, sendo ele atrav\u00e9s do Programa de Integra\u00e7\u00e3o Social (PIS) ou pelo Programa de Forma\u00e7\u00e3o do Patrim\u00f4nio do Servidor P\u00fablico (Pasep).<\/p>\n<p style=\"text-align: justify;\">Em anos anteriores, o pagamento\u00a0<strong>acontecia no m\u00eas de anivers\u00e1rio do trabalhador<\/strong>. Mas como o abono salarial de 2020 foi adiado para este ano, o primeiro semestre ser\u00e1 dedicado para o pagamento do per\u00edodo.<\/p>\n<h2 style=\"text-align: justify;\">Quem tem direito ao PIS?<\/h2>\n<p style=\"text-align: justify;\">De acordo com a\u00a0<strong>Caixa Econ\u00f4mica Federal<\/strong>, institui\u00e7\u00e3o financeira que media o pagamento do abono salarial, para ter direito ao PIS \u00e9 necess\u00e1rio que:<\/p>\n<div id=\"outbrain_widget_0\" class=\"OUTBRAIN\" style=\"text-align: justify;\" data-external-id=\"308978e488ed4d139e52ef9b4e298097\" data-src=\"DROP_PERMALINK_HERE\" data-widget-id=\"MB_1\" data-ob-mark=\"true\" data-browser=\"chrome\" data-os=\"linux armv8l\" data-dynload=\"\" data-idx=\"0\">\n<div class=\"ob-widget ob-grid-layout ob-text-on-image MB_1 ob-cmn-MB_1\" data-dynamic-truncate=\"true\">\n<div class=\"ob-widget-items-container\">\n<div class=\"ob-dynamic-rec-container ob-recIdx-0 ob-p\" data-pos=\"0\"><\/div>\n<\/div>\n<div class=\"ob-widget-footer\">\n<div class=\"ob-pixels\"><\/div>\n<\/div>\n<\/div>\n<\/div>\n<ul style=\"text-align: justify;\">\n<li>Estar cadastrado no PIS h\u00e1 pelo menos cinco anos;<\/li>\n<li>Ter recebido remunera\u00e7\u00e3o mensal m\u00e9dia de\u00a0<strong>at\u00e9 dois sal\u00e1rios m\u00ednimos<\/strong>\u00a0durante o ano-base;<\/li>\n<li>Ter exercido atividade remunerada para Pessoa Jur\u00eddica, durante pelo menos 30 dias, consecutivos ou n\u00e3o, no ano-base considerado para apura\u00e7\u00e3o;<\/li>\n<li>Ter seus dados informados pelo empregador (Pessoa Jur\u00eddica) corretamente na Rela\u00e7\u00e3o Anual de Informa\u00e7\u00f5es Sociais (RAIS)\/eSocial.<\/li>\n<\/ul>\n<p style=\"text-align: justify;\">O\u00a0<strong>valor de pagamento do benef\u00edcio \u00e9 proporcional ao tempo trabalhado<\/strong>\u00a0durante o ano-base. Sendo assim, aqueles trabalhadores que trabalharam todos os meses de 2020 receber\u00e3o um valor equivalente a um sal\u00e1rio m\u00ednimo.<\/p>\n<h2 style=\"text-align: justify;\">Calend\u00e1rio para saque do PIS:<\/h2>\n<p style=\"text-align: justify;\">Por conta do adiamento, o calend\u00e1rio para saque do PIS seguir\u00e1 um\u00a0<strong>cronograma diferente<\/strong>. Em anos anteriores, era comum que o saque fosse feito no m\u00eas de anivers\u00e1rio do trabalhador.<\/p>\n<p style=\"text-align: justify;\">J\u00e1 neste ano, o valor do PIS\u00a0<strong>ser\u00e1 liberado at\u00e9 o fim de mar\u00e7o<\/strong>. Nesse sentido, o prazo m\u00e1ximo para saque deste benef\u00edcio ser\u00e1 at\u00e9 o dia 29 de dezembro de 2022. Veja o calend\u00e1rio abaixo para saber quando \u00e9 poss\u00edvel sacar o PIS.<\/p>\n<table>\n<tbody>\n<tr>\n<td>M\u00eas de nascimento:<\/td>\n<td>Data de libera\u00e7\u00e3o do PIS:<\/td>\n<\/tr>\n<tr>\n<td>Janeiro<\/td>\n<td>08 de fevereiro<\/td>\n<\/tr>\n<tr>\n<td>Fevereiro<\/td>\n<td>10 de fevereiro<\/td>\n<\/tr>\n<tr>\n<td>Mar\u00e7o<\/td>\n<td>15 de fevereiro<\/td>\n<\/tr>\n<tr>\n<td>Abril<\/td>\n<td>17 de fevereiro<\/td>\n<\/tr>\n<tr>\n<td>Maio<\/td>\n<td>22 de fevereiro<\/td>\n<\/tr>\n<tr>\n<td>Junho<\/td>\n<td>24 de fevereiro<\/td>\n<\/tr>\n<tr>\n<td>Julho<\/td>\n<td>15 de mar\u00e7o<\/td>\n<\/tr>\n<tr>\n<td>Agosto<\/td>\n<td>17 de mar\u00e7o<\/td>\n<\/tr>\n<tr>\n<td>Setembro<\/td>\n<td>22 de mar\u00e7o<\/td>\n<\/tr>\n<tr>\n<td>Outubro<\/td>\n<td>24 de mar\u00e7o<\/td>\n<\/tr>\n<tr>\n<td>Novembro<\/td>\n<td>29 de mar\u00e7o<\/td>\n<\/tr>\n<tr>\n<td>Dezembro<\/td>\n<td>31 de mar\u00e7o<\/td>\n<\/tr>\n<\/tbody>\n<\/table>\n<\/section>\n<div class=\"readmoremobile\" style=\"text-align: justify;\">Finan\u00e7as e Empreendedorismo<\/div>\n","protected":false},"excerpt":{"rendered":"<p>Esta semana, o Conselho de Desenvolvimento do Fundo de Amparo ao Trabalhador (Codefat) apresentou o\u00a0calend\u00e1rio para pagamento do abono salarial do ano-base 2020. Em 2022, o pagamento do PIS e do Pasep come\u00e7a a partir de fevereiro. Confira agora quem possui direito ao recebimento do PIS. Segundo o \u00f3rg\u00e3o, mais de\u00a023 milh\u00f5es de trabalhadores ter\u00e3o &hellip;<\/p>\n","protected":false},"author":2,"featured_media":39816,"comment_status":"open","ping_status":"open","sticky":false,"template":"","format":"standard","meta":{"content-type":"","rop_custom_images_group":[],"rop_custom_messages_group":[],"rop_publish_now":"initial","rop_publish_now_accounts":{"facebook_2648258775420054_1618374048415101":""},"rop_publish_now_history":[],"rop_publish_now_status":"pending","footnotes":"","_jetpack_memberships_contains_paid_content":false},"categories":[414],"tags":[4844,470],"yoast_head":"<!-- This site is optimized with the Yoast SEO plugin v22.3 - https:\/\/yoast.com\/wordpress\/plugins\/seo\/ -->\n<title>Abono salarial: quem tem direito ao PIS? - Portal NPM<\/title>\n<meta name=\"robots\" content=\"index, follow, max-snippet:-1, max-image-preview:large, max-video-preview:-1\" \/>\n<link rel=\"canonical\" href=\"https:\/\/portalnpm.com\/index.php\/2022\/01\/08\/abono-salarial-quem-tem-direito-ao-pis\/\" \/>\n<meta property=\"og:locale\" content=\"pt_BR\" \/>\n<meta property=\"og:type\" content=\"article\" \/>\n<meta property=\"og:title\" content=\"Abono salarial: quem tem direito ao PIS? - Portal NPM\" \/>\n<meta property=\"og:description\" content=\"Esta semana, o Conselho de Desenvolvimento do Fundo de Amparo ao Trabalhador (Codefat) apresentou o\u00a0calend\u00e1rio para pagamento do abono salarial do ano-base 2020. Em 2022, o pagamento do PIS e do Pasep come\u00e7a a partir de fevereiro. Confira agora quem possui direito ao recebimento do PIS. Segundo o \u00f3rg\u00e3o, mais de\u00a023 milh\u00f5es de trabalhadores ter\u00e3o &hellip;\" \/>\n<meta property=\"og:url\" content=\"https:\/\/portalnpm.com\/index.php\/2022\/01\/08\/abono-salarial-quem-tem-direito-ao-pis\/\" \/>\n<meta property=\"og:site_name\" content=\"Portal NPM\" \/>\n<meta property=\"article:published_time\" content=\"2022-01-08T08:44:12+00:00\" \/>\n<meta name=\"author\" content=\"Genival Barbosa\" \/>\n<meta name=\"twitter:card\" content=\"summary_large_image\" \/>\n<meta name=\"twitter:label1\" content=\"Escrito por\" \/>\n\t<meta name=\"twitter:data1\" content=\"Genival Barbosa\" \/>\n\t<meta name=\"twitter:label2\" content=\"Est. tempo de leitura\" \/>\n\t<meta name=\"twitter:data2\" content=\"2 minutos\" \/>\n<script type=\"application\/ld+json\" class=\"yoast-schema-graph\">{\"@context\":\"https:\/\/schema.org\",\"@graph\":[{\"@type\":\"WebPage\",\"@id\":\"https:\/\/portalnpm.com\/index.php\/2022\/01\/08\/abono-salarial-quem-tem-direito-ao-pis\/\",\"url\":\"https:\/\/portalnpm.com\/index.php\/2022\/01\/08\/abono-salarial-quem-tem-direito-ao-pis\/\",\"name\":\"Abono salarial: quem tem direito ao PIS? - Portal NPM\",\"isPartOf\":{\"@id\":\"https:\/\/portalnpm.com\/#website\"},\"primaryImageOfPage\":{\"@id\":\"https:\/\/portalnpm.com\/index.php\/2022\/01\/08\/abono-salarial-quem-tem-direito-ao-pis\/#primaryimage\"},\"image\":{\"@id\":\"https:\/\/portalnpm.com\/index.php\/2022\/01\/08\/abono-salarial-quem-tem-direito-ao-pis\/#primaryimage\"},\"thumbnailUrl\":\"\",\"datePublished\":\"2022-01-08T08:44:12+00:00\",\"dateModified\":\"2022-01-08T08:44:12+00:00\",\"author\":{\"@id\":\"https:\/\/portalnpm.com\/#\/schema\/person\/49313e563cfdefcc167f1ee4c017c294\"},\"breadcrumb\":{\"@id\":\"https:\/\/portalnpm.com\/index.php\/2022\/01\/08\/abono-salarial-quem-tem-direito-ao-pis\/#breadcrumb\"},\"inLanguage\":\"pt-BR\",\"potentialAction\":[{\"@type\":\"ReadAction\",\"target\":[\"https:\/\/portalnpm.com\/index.php\/2022\/01\/08\/abono-salarial-quem-tem-direito-ao-pis\/\"]}]},{\"@type\":\"ImageObject\",\"inLanguage\":\"pt-BR\",\"@id\":\"https:\/\/portalnpm.com\/index.php\/2022\/01\/08\/abono-salarial-quem-tem-direito-ao-pis\/#primaryimage\",\"url\":\"\",\"contentUrl\":\"\"},{\"@type\":\"BreadcrumbList\",\"@id\":\"https:\/\/portalnpm.com\/index.php\/2022\/01\/08\/abono-salarial-quem-tem-direito-ao-pis\/#breadcrumb\",\"itemListElement\":[{\"@type\":\"ListItem\",\"position\":1,\"name\":\"In\u00edcio\",\"item\":\"https:\/\/portalnpm.com\/\"},{\"@type\":\"ListItem\",\"position\":2,\"name\":\"Abono salarial: quem tem direito ao PIS?\"}]},{\"@type\":\"WebSite\",\"@id\":\"https:\/\/portalnpm.com\/#website\",\"url\":\"https:\/\/portalnpm.com\/\",\"name\":\"Portal NPM\",\"description\":\"Not\u00edcias em Primeira M\u00e3o\",\"potentialAction\":[{\"@type\":\"SearchAction\",\"target\":{\"@type\":\"EntryPoint\",\"urlTemplate\":\"https:\/\/portalnpm.com\/?s={search_term_string}\"},\"query-input\":\"required name=search_term_string\"}],\"inLanguage\":\"pt-BR\"},{\"@type\":\"Person\",\"@id\":\"https:\/\/portalnpm.com\/#\/schema\/person\/49313e563cfdefcc167f1ee4c017c294\",\"name\":\"Genival Barbosa\",\"image\":{\"@type\":\"ImageObject\",\"inLanguage\":\"pt-BR\",\"@id\":\"https:\/\/portalnpm.com\/#\/schema\/person\/image\/\",\"url\":\"https:\/\/portalnpm.com\/wp-content\/uploads\/2024\/02\/avatar_user_2_1707743258-96x96.jpeg\",\"contentUrl\":\"https:\/\/portalnpm.com\/wp-content\/uploads\/2024\/02\/avatar_user_2_1707743258-96x96.jpeg\",\"caption\":\"Genival Barbosa\"},\"url\":\"https:\/\/portalnpm.com\/index.php\/author\/genival\/\"}]}<\/script>\n<!-- \/ Yoast SEO plugin. -->","yoast_head_json":{"title":"Abono salarial: quem tem direito ao PIS? - Portal NPM","robots":{"index":"index","follow":"follow","max-snippet":"max-snippet:-1","max-image-preview":"max-image-preview:large","max-video-preview":"max-video-preview:-1"},"canonical":"https:\/\/portalnpm.com\/index.php\/2022\/01\/08\/abono-salarial-quem-tem-direito-ao-pis\/","og_locale":"pt_BR","og_type":"article","og_title":"Abono salarial: quem tem direito ao PIS? - Portal NPM","og_description":"Esta semana, o Conselho de Desenvolvimento do Fundo de Amparo ao Trabalhador (Codefat) apresentou o\u00a0calend\u00e1rio para pagamento do abono salarial do ano-base 2020. Em 2022, o pagamento do PIS e do Pasep come\u00e7a a partir de fevereiro. Confira agora quem possui direito ao recebimento do PIS. Segundo o \u00f3rg\u00e3o, mais de\u00a023 milh\u00f5es de trabalhadores ter\u00e3o &hellip;","og_url":"https:\/\/portalnpm.com\/index.php\/2022\/01\/08\/abono-salarial-quem-tem-direito-ao-pis\/","og_site_name":"Portal NPM","article_published_time":"2022-01-08T08:44:12+00:00","author":"Genival Barbosa","twitter_card":"summary_large_image","twitter_misc":{"Escrito por":"Genival Barbosa","Est. tempo de leitura":"2 minutos"},"schema":{"@context":"https:\/\/schema.org","@graph":[{"@type":"WebPage","@id":"https:\/\/portalnpm.com\/index.php\/2022\/01\/08\/abono-salarial-quem-tem-direito-ao-pis\/","url":"https:\/\/portalnpm.com\/index.php\/2022\/01\/08\/abono-salarial-quem-tem-direito-ao-pis\/","name":"Abono salarial: quem tem direito ao PIS? - Portal NPM","isPartOf":{"@id":"https:\/\/portalnpm.com\/#website"},"primaryImageOfPage":{"@id":"https:\/\/portalnpm.com\/index.php\/2022\/01\/08\/abono-salarial-quem-tem-direito-ao-pis\/#primaryimage"},"image":{"@id":"https:\/\/portalnpm.com\/index.php\/2022\/01\/08\/abono-salarial-quem-tem-direito-ao-pis\/#primaryimage"},"thumbnailUrl":"","datePublished":"2022-01-08T08:44:12+00:00","dateModified":"2022-01-08T08:44:12+00:00","author":{"@id":"https:\/\/portalnpm.com\/#\/schema\/person\/49313e563cfdefcc167f1ee4c017c294"},"breadcrumb":{"@id":"https:\/\/portalnpm.com\/index.php\/2022\/01\/08\/abono-salarial-quem-tem-direito-ao-pis\/#breadcrumb"},"inLanguage":"pt-BR","potentialAction":[{"@type":"ReadAction","target":["https:\/\/portalnpm.com\/index.php\/2022\/01\/08\/abono-salarial-quem-tem-direito-ao-pis\/"]}]},{"@type":"ImageObject","inLanguage":"pt-BR","@id":"https:\/\/portalnpm.com\/index.php\/2022\/01\/08\/abono-salarial-quem-tem-direito-ao-pis\/#primaryimage","url":"","contentUrl":""},{"@type":"BreadcrumbList","@id":"https:\/\/portalnpm.com\/index.php\/2022\/01\/08\/abono-salarial-quem-tem-direito-ao-pis\/#breadcrumb","itemListElement":[{"@type":"ListItem","position":1,"name":"In\u00edcio","item":"https:\/\/portalnpm.com\/"},{"@type":"ListItem","position":2,"name":"Abono salarial: quem tem direito ao PIS?"}]},{"@type":"WebSite","@id":"https:\/\/portalnpm.com\/#website","url":"https:\/\/portalnpm.com\/","name":"Portal NPM","description":"Not\u00edcias em Primeira M\u00e3o","potentialAction":[{"@type":"SearchAction","target":{"@type":"EntryPoint","urlTemplate":"https:\/\/portalnpm.com\/?s={search_term_string}"},"query-input":"required name=search_term_string"}],"inLanguage":"pt-BR"},{"@type":"Person","@id":"https:\/\/portalnpm.com\/#\/schema\/person\/49313e563cfdefcc167f1ee4c017c294","name":"Genival Barbosa","image":{"@type":"ImageObject","inLanguage":"pt-BR","@id":"https:\/\/portalnpm.com\/#\/schema\/person\/image\/","url":"https:\/\/portalnpm.com\/wp-content\/uploads\/2024\/02\/avatar_user_2_1707743258-96x96.jpeg","contentUrl":"https:\/\/portalnpm.com\/wp-content\/uploads\/2024\/02\/avatar_user_2_1707743258-96x96.jpeg","caption":"Genival Barbosa"},"url":"https:\/\/portalnpm.com\/index.php\/author\/genival\/"}]}},"jetpack_sharing_enabled":true,"jetpack_featured_media_url":"","_links":{"self":[{"href":"https:\/\/portalnpm.com\/index.php\/wp-json\/wp\/v2\/posts\/39815"}],"collection":[{"href":"https:\/\/portalnpm.com\/index.php\/wp-json\/wp\/v2\/posts"}],"about":[{"href":"https:\/\/portalnpm.com\/index.php\/wp-json\/wp\/v2\/types\/post"}],"author":[{"embeddable":true,"href":"https:\/\/portalnpm.com\/index.php\/wp-json\/wp\/v2\/users\/2"}],"replies":[{"embeddable":true,"href":"https:\/\/portalnpm.com\/index.php\/wp-json\/wp\/v2\/comments?post=39815"}],"version-history":[{"count":0,"href":"https:\/\/portalnpm.com\/index.php\/wp-json\/wp\/v2\/posts\/39815\/revisions"}],"wp:featuredmedia":[{"embeddable":true,"href":"https:\/\/portalnpm.com\/index.php\/wp-json\/"}],"wp:attachment":[{"href":"https:\/\/portalnpm.com\/index.php\/wp-json\/wp\/v2\/media?parent=39815"}],"wp:term":[{"taxonomy":"category","embeddable":true,"href":"https:\/\/portalnpm.com\/index.php\/wp-json\/wp\/v2\/categories?post=39815"},{"taxonomy":"post_tag","embeddable":true,"href":"https:\/\/portalnpm.com\/index.php\/wp-json\/wp\/v2\/tags?post=39815"}],"curies":[{"name":"wp","href":"https:\/\/api.w.org\/{rel}","templated":true}]}}