{"id":39867,"date":"2022-01-10T05:55:07","date_gmt":"2022-01-10T08:55:07","guid":{"rendered":"https:\/\/backupnpm.codetainer.com.br\/?p=39867"},"modified":"2022-01-10T05:55:07","modified_gmt":"2022-01-10T08:55:07","slug":"marden-e-gustavo-neiva-vao-se-filiar-ao-progressistas","status":"publish","type":"post","link":"https:\/\/portalnpm.com\/index.php\/2022\/01\/10\/marden-e-gustavo-neiva-vao-se-filiar-ao-progressistas\/","title":{"rendered":"Marden e Gustavo Neiva v\u00e3o se filiar ao Progressistas"},"content":{"rendered":"<p style=\"text-align: justify;\">O\u00a0<a class=\"st_tag internal_tag \" title=\"Posts tagged with Deputado\" href=\"https:\/\/senadinho.com\/tag\/deputado\" rel=\"tag\">deputado<\/a>\u00a0J\u00falio Arcoverde confirmou as\u00a0<a class=\"st_tag internal_tag \" title=\"Posts tagged with Filia\u00e7\u00f5es\" href=\"https:\/\/senadinho.com\/tag\/filiacoes\" rel=\"tag\">filia\u00e7\u00f5es<\/a>\u00a0dos deputados Marden Menezes e\u00a0<a class=\"st_tag internal_tag \" title=\"Posts tagged with Gustavo Neiva\" href=\"https:\/\/senadinho.com\/tag\/gustavo-neiva\" rel=\"tag\">Gustavo Neiva<\/a>\u00a0ao Progressistas. J\u00falio \u00e9 o presidente do partido no Piau\u00ed.<\/p>\n<div class=\"wp-block-image\">\n<figure class=\"aligncenter size-full\"><img fetchpriority=\"high\" decoding=\"async\" class=\"wp-image-19533\" src=\"https:\/\/senadinho.com\/wp-content\/uploads\/2022\/01\/Marden-Gustavo.webp\" sizes=\"(max-width: 1200px) 100vw, 1200px\" srcset=\"https:\/\/senadinho.com\/wp-content\/uploads\/2022\/01\/Marden-Gustavo.webp 1200w, https:\/\/senadinho.com\/wp-content\/uploads\/2022\/01\/Marden-Gustavo-768x432.webp 768w, https:\/\/senadinho.com\/wp-content\/uploads\/2022\/01\/Marden-Gustavo-711x400.webp 711w, https:\/\/senadinho.com\/wp-content\/uploads\/2022\/01\/Marden-Gustavo-468x263.webp 468w, https:\/\/senadinho.com\/wp-content\/uploads\/2022\/01\/Marden-Gustavo-404x227.webp 404w\" alt=\"Marden e Gustavo\" width=\"1200\" height=\"675\" \/><figcaption>Marden Menezes e Gustavo Neiva. Foto: Divulga\u00e7\u00e3o<\/figcaption><\/figure>\n<\/div>\n<p style=\"text-align: justify;\">Gustavo vai deixar o PSB \u2013 que aderiu ao\u00a0<a class=\"st_tag internal_tag \" title=\"Posts tagged with Governo\" href=\"https:\/\/senadinho.com\/tag\/governo\" rel=\"tag\">governo<\/a>\u00a0Wellington Dias \u2013 e Marden se desfiliar\u00e1 do PSDB. A oposi\u00e7\u00e3o vai concentrar todos os candidatos a\u00a0<a class=\"st_tag internal_tag \" title=\"Posts tagged with Deputado\" href=\"https:\/\/senadinho.com\/tag\/deputado\" rel=\"tag\">deputado<\/a>\u00a0federal e estadual no Progressistas.<\/p>\n<p style=\"text-align: justify;\">Via senadinho<\/p>\n","protected":false},"excerpt":{"rendered":"<p>O\u00a0deputado\u00a0J\u00falio Arcoverde confirmou as\u00a0filia\u00e7\u00f5es\u00a0dos deputados Marden Menezes e\u00a0Gustavo Neiva\u00a0ao Progressistas. J\u00falio \u00e9 o presidente do partido no Piau\u00ed. Marden Menezes e Gustavo Neiva. Foto: Divulga\u00e7\u00e3o Gustavo vai deixar o PSB \u2013 que aderiu ao\u00a0governo\u00a0Wellington Dias \u2013 e Marden se desfiliar\u00e1 do PSDB. A oposi\u00e7\u00e3o vai concentrar todos os candidatos a\u00a0deputado\u00a0federal e estadual no Progressistas. Via &hellip;<\/p>\n","protected":false},"author":2,"featured_media":0,"comment_status":"open","ping_status":"open","sticky":false,"template":"","format":"standard","meta":{"content-type":"","rop_custom_images_group":[],"rop_custom_messages_group":[],"rop_publish_now":"initial","rop_publish_now_accounts":{"facebook_2648258775420054_1618374048415101":""},"rop_publish_now_history":[],"rop_publish_now_status":"pending","footnotes":"","_jetpack_memberships_contains_paid_content":false},"categories":[130],"tags":[583,15079],"yoast_head":"<!-- This site is optimized with the Yoast SEO plugin v22.3 - https:\/\/yoast.com\/wordpress\/plugins\/seo\/ -->\n<title>Marden e Gustavo Neiva v\u00e3o se filiar ao Progressistas - Portal NPM<\/title>\n<meta name=\"robots\" content=\"index, follow, max-snippet:-1, max-image-preview:large, max-video-preview:-1\" \/>\n<link rel=\"canonical\" href=\"https:\/\/portalnpm.com\/index.php\/2022\/01\/10\/marden-e-gustavo-neiva-vao-se-filiar-ao-progressistas\/\" \/>\n<meta property=\"og:locale\" content=\"pt_BR\" \/>\n<meta property=\"og:type\" content=\"article\" \/>\n<meta property=\"og:title\" content=\"Marden e Gustavo Neiva v\u00e3o se filiar ao Progressistas - Portal NPM\" \/>\n<meta property=\"og:description\" content=\"O\u00a0deputado\u00a0J\u00falio Arcoverde confirmou as\u00a0filia\u00e7\u00f5es\u00a0dos deputados Marden Menezes e\u00a0Gustavo Neiva\u00a0ao Progressistas. J\u00falio \u00e9 o presidente do partido no Piau\u00ed. Marden Menezes e Gustavo Neiva. Foto: Divulga\u00e7\u00e3o Gustavo vai deixar o PSB \u2013 que aderiu ao\u00a0governo\u00a0Wellington Dias \u2013 e Marden se desfiliar\u00e1 do PSDB. A oposi\u00e7\u00e3o vai concentrar todos os candidatos a\u00a0deputado\u00a0federal e estadual no Progressistas. Via &hellip;\" \/>\n<meta property=\"og:url\" content=\"https:\/\/portalnpm.com\/index.php\/2022\/01\/10\/marden-e-gustavo-neiva-vao-se-filiar-ao-progressistas\/\" \/>\n<meta property=\"og:site_name\" content=\"Portal NPM\" \/>\n<meta property=\"article:published_time\" content=\"2022-01-10T08:55:07+00:00\" \/>\n<meta property=\"og:image\" content=\"https:\/\/senadinho.com\/wp-content\/uploads\/2022\/01\/Marden-Gustavo.webp\" \/>\n<meta name=\"author\" content=\"Genival Barbosa\" \/>\n<meta name=\"twitter:card\" content=\"summary_large_image\" \/>\n<meta name=\"twitter:label1\" content=\"Escrito por\" \/>\n\t<meta name=\"twitter:data1\" content=\"Genival Barbosa\" \/>\n\t<meta name=\"twitter:label2\" content=\"Est. tempo de leitura\" \/>\n\t<meta name=\"twitter:data2\" content=\"1 minuto\" \/>\n<script type=\"application\/ld+json\" class=\"yoast-schema-graph\">{\"@context\":\"https:\/\/schema.org\",\"@graph\":[{\"@type\":\"WebPage\",\"@id\":\"https:\/\/portalnpm.com\/index.php\/2022\/01\/10\/marden-e-gustavo-neiva-vao-se-filiar-ao-progressistas\/\",\"url\":\"https:\/\/portalnpm.com\/index.php\/2022\/01\/10\/marden-e-gustavo-neiva-vao-se-filiar-ao-progressistas\/\",\"name\":\"Marden e Gustavo Neiva v\u00e3o se filiar ao Progressistas - Portal NPM\",\"isPartOf\":{\"@id\":\"https:\/\/portalnpm.com\/#website\"},\"primaryImageOfPage\":{\"@id\":\"https:\/\/portalnpm.com\/index.php\/2022\/01\/10\/marden-e-gustavo-neiva-vao-se-filiar-ao-progressistas\/#primaryimage\"},\"image\":{\"@id\":\"https:\/\/portalnpm.com\/index.php\/2022\/01\/10\/marden-e-gustavo-neiva-vao-se-filiar-ao-progressistas\/#primaryimage\"},\"thumbnailUrl\":\"https:\/\/senadinho.com\/wp-content\/uploads\/2022\/01\/Marden-Gustavo.webp\",\"datePublished\":\"2022-01-10T08:55:07+00:00\",\"dateModified\":\"2022-01-10T08:55:07+00:00\",\"author\":{\"@id\":\"https:\/\/portalnpm.com\/#\/schema\/person\/49313e563cfdefcc167f1ee4c017c294\"},\"breadcrumb\":{\"@id\":\"https:\/\/portalnpm.com\/index.php\/2022\/01\/10\/marden-e-gustavo-neiva-vao-se-filiar-ao-progressistas\/#breadcrumb\"},\"inLanguage\":\"pt-BR\",\"potentialAction\":[{\"@type\":\"ReadAction\",\"target\":[\"https:\/\/portalnpm.com\/index.php\/2022\/01\/10\/marden-e-gustavo-neiva-vao-se-filiar-ao-progressistas\/\"]}]},{\"@type\":\"ImageObject\",\"inLanguage\":\"pt-BR\",\"@id\":\"https:\/\/portalnpm.com\/index.php\/2022\/01\/10\/marden-e-gustavo-neiva-vao-se-filiar-ao-progressistas\/#primaryimage\",\"url\":\"https:\/\/senadinho.com\/wp-content\/uploads\/2022\/01\/Marden-Gustavo.webp\",\"contentUrl\":\"https:\/\/senadinho.com\/wp-content\/uploads\/2022\/01\/Marden-Gustavo.webp\"},{\"@type\":\"BreadcrumbList\",\"@id\":\"https:\/\/portalnpm.com\/index.php\/2022\/01\/10\/marden-e-gustavo-neiva-vao-se-filiar-ao-progressistas\/#breadcrumb\",\"itemListElement\":[{\"@type\":\"ListItem\",\"position\":1,\"name\":\"In\u00edcio\",\"item\":\"https:\/\/portalnpm.com\/\"},{\"@type\":\"ListItem\",\"position\":2,\"name\":\"Marden e Gustavo Neiva v\u00e3o se filiar ao Progressistas\"}]},{\"@type\":\"WebSite\",\"@id\":\"https:\/\/portalnpm.com\/#website\",\"url\":\"https:\/\/portalnpm.com\/\",\"name\":\"Portal NPM\",\"description\":\"Not\u00edcias em Primeira M\u00e3o\",\"potentialAction\":[{\"@type\":\"SearchAction\",\"target\":{\"@type\":\"EntryPoint\",\"urlTemplate\":\"https:\/\/portalnpm.com\/?s={search_term_string}\"},\"query-input\":\"required name=search_term_string\"}],\"inLanguage\":\"pt-BR\"},{\"@type\":\"Person\",\"@id\":\"https:\/\/portalnpm.com\/#\/schema\/person\/49313e563cfdefcc167f1ee4c017c294\",\"name\":\"Genival Barbosa\",\"image\":{\"@type\":\"ImageObject\",\"inLanguage\":\"pt-BR\",\"@id\":\"https:\/\/portalnpm.com\/#\/schema\/person\/image\/\",\"url\":\"https:\/\/portalnpm.com\/wp-content\/uploads\/2024\/02\/avatar_user_2_1707743258-96x96.jpeg\",\"contentUrl\":\"https:\/\/portalnpm.com\/wp-content\/uploads\/2024\/02\/avatar_user_2_1707743258-96x96.jpeg\",\"caption\":\"Genival Barbosa\"},\"url\":\"https:\/\/portalnpm.com\/index.php\/author\/genival\/\"}]}<\/script>\n<!-- \/ Yoast SEO plugin. -->","yoast_head_json":{"title":"Marden e Gustavo Neiva v\u00e3o se filiar ao Progressistas - Portal NPM","robots":{"index":"index","follow":"follow","max-snippet":"max-snippet:-1","max-image-preview":"max-image-preview:large","max-video-preview":"max-video-preview:-1"},"canonical":"https:\/\/portalnpm.com\/index.php\/2022\/01\/10\/marden-e-gustavo-neiva-vao-se-filiar-ao-progressistas\/","og_locale":"pt_BR","og_type":"article","og_title":"Marden e Gustavo Neiva v\u00e3o se filiar ao Progressistas - Portal NPM","og_description":"O\u00a0deputado\u00a0J\u00falio Arcoverde confirmou as\u00a0filia\u00e7\u00f5es\u00a0dos deputados Marden Menezes e\u00a0Gustavo Neiva\u00a0ao Progressistas. J\u00falio \u00e9 o presidente do partido no Piau\u00ed. Marden Menezes e Gustavo Neiva. Foto: Divulga\u00e7\u00e3o Gustavo vai deixar o PSB \u2013 que aderiu ao\u00a0governo\u00a0Wellington Dias \u2013 e Marden se desfiliar\u00e1 do PSDB. A oposi\u00e7\u00e3o vai concentrar todos os candidatos a\u00a0deputado\u00a0federal e estadual no Progressistas. Via &hellip;","og_url":"https:\/\/portalnpm.com\/index.php\/2022\/01\/10\/marden-e-gustavo-neiva-vao-se-filiar-ao-progressistas\/","og_site_name":"Portal NPM","article_published_time":"2022-01-10T08:55:07+00:00","og_image":[{"url":"https:\/\/senadinho.com\/wp-content\/uploads\/2022\/01\/Marden-Gustavo.webp"}],"author":"Genival Barbosa","twitter_card":"summary_large_image","twitter_misc":{"Escrito por":"Genival Barbosa","Est. tempo de leitura":"1 minuto"},"schema":{"@context":"https:\/\/schema.org","@graph":[{"@type":"WebPage","@id":"https:\/\/portalnpm.com\/index.php\/2022\/01\/10\/marden-e-gustavo-neiva-vao-se-filiar-ao-progressistas\/","url":"https:\/\/portalnpm.com\/index.php\/2022\/01\/10\/marden-e-gustavo-neiva-vao-se-filiar-ao-progressistas\/","name":"Marden e Gustavo Neiva v\u00e3o se filiar ao Progressistas - Portal NPM","isPartOf":{"@id":"https:\/\/portalnpm.com\/#website"},"primaryImageOfPage":{"@id":"https:\/\/portalnpm.com\/index.php\/2022\/01\/10\/marden-e-gustavo-neiva-vao-se-filiar-ao-progressistas\/#primaryimage"},"image":{"@id":"https:\/\/portalnpm.com\/index.php\/2022\/01\/10\/marden-e-gustavo-neiva-vao-se-filiar-ao-progressistas\/#primaryimage"},"thumbnailUrl":"https:\/\/senadinho.com\/wp-content\/uploads\/2022\/01\/Marden-Gustavo.webp","datePublished":"2022-01-10T08:55:07+00:00","dateModified":"2022-01-10T08:55:07+00:00","author":{"@id":"https:\/\/portalnpm.com\/#\/schema\/person\/49313e563cfdefcc167f1ee4c017c294"},"breadcrumb":{"@id":"https:\/\/portalnpm.com\/index.php\/2022\/01\/10\/marden-e-gustavo-neiva-vao-se-filiar-ao-progressistas\/#breadcrumb"},"inLanguage":"pt-BR","potentialAction":[{"@type":"ReadAction","target":["https:\/\/portalnpm.com\/index.php\/2022\/01\/10\/marden-e-gustavo-neiva-vao-se-filiar-ao-progressistas\/"]}]},{"@type":"ImageObject","inLanguage":"pt-BR","@id":"https:\/\/portalnpm.com\/index.php\/2022\/01\/10\/marden-e-gustavo-neiva-vao-se-filiar-ao-progressistas\/#primaryimage","url":"https:\/\/senadinho.com\/wp-content\/uploads\/2022\/01\/Marden-Gustavo.webp","contentUrl":"https:\/\/senadinho.com\/wp-content\/uploads\/2022\/01\/Marden-Gustavo.webp"},{"@type":"BreadcrumbList","@id":"https:\/\/portalnpm.com\/index.php\/2022\/01\/10\/marden-e-gustavo-neiva-vao-se-filiar-ao-progressistas\/#breadcrumb","itemListElement":[{"@type":"ListItem","position":1,"name":"In\u00edcio","item":"https:\/\/portalnpm.com\/"},{"@type":"ListItem","position":2,"name":"Marden e Gustavo Neiva v\u00e3o se filiar ao Progressistas"}]},{"@type":"WebSite","@id":"https:\/\/portalnpm.com\/#website","url":"https:\/\/portalnpm.com\/","name":"Portal NPM","description":"Not\u00edcias em Primeira M\u00e3o","potentialAction":[{"@type":"SearchAction","target":{"@type":"EntryPoint","urlTemplate":"https:\/\/portalnpm.com\/?s={search_term_string}"},"query-input":"required name=search_term_string"}],"inLanguage":"pt-BR"},{"@type":"Person","@id":"https:\/\/portalnpm.com\/#\/schema\/person\/49313e563cfdefcc167f1ee4c017c294","name":"Genival Barbosa","image":{"@type":"ImageObject","inLanguage":"pt-BR","@id":"https:\/\/portalnpm.com\/#\/schema\/person\/image\/","url":"https:\/\/portalnpm.com\/wp-content\/uploads\/2024\/02\/avatar_user_2_1707743258-96x96.jpeg","contentUrl":"https:\/\/portalnpm.com\/wp-content\/uploads\/2024\/02\/avatar_user_2_1707743258-96x96.jpeg","caption":"Genival Barbosa"},"url":"https:\/\/portalnpm.com\/index.php\/author\/genival\/"}]}},"jetpack_sharing_enabled":true,"jetpack_featured_media_url":"","_links":{"self":[{"href":"https:\/\/portalnpm.com\/index.php\/wp-json\/wp\/v2\/posts\/39867"}],"collection":[{"href":"https:\/\/portalnpm.com\/index.php\/wp-json\/wp\/v2\/posts"}],"about":[{"href":"https:\/\/portalnpm.com\/index.php\/wp-json\/wp\/v2\/types\/post"}],"author":[{"embeddable":true,"href":"https:\/\/portalnpm.com\/index.php\/wp-json\/wp\/v2\/users\/2"}],"replies":[{"embeddable":true,"href":"https:\/\/portalnpm.com\/index.php\/wp-json\/wp\/v2\/comments?post=39867"}],"version-history":[{"count":0,"href":"https:\/\/portalnpm.com\/index.php\/wp-json\/wp\/v2\/posts\/39867\/revisions"}],"wp:attachment":[{"href":"https:\/\/portalnpm.com\/index.php\/wp-json\/wp\/v2\/media?parent=39867"}],"wp:term":[{"taxonomy":"category","embeddable":true,"href":"https:\/\/portalnpm.com\/index.php\/wp-json\/wp\/v2\/categories?post=39867"},{"taxonomy":"post_tag","embeddable":true,"href":"https:\/\/portalnpm.com\/index.php\/wp-json\/wp\/v2\/tags?post=39867"}],"curies":[{"name":"wp","href":"https:\/\/api.w.org\/{rel}","templated":true}]}}