{"id":39893,"date":"2022-01-11T19:35:53","date_gmt":"2022-01-11T22:35:53","guid":{"rendered":"https:\/\/backupnpm.codetainer.com.br\/?p=39893"},"modified":"2022-01-11T19:35:53","modified_gmt":"2022-01-11T22:35:53","slug":"pfizer-comeca-a-produzir-vacina-especifica-contra-variante-omicron","status":"publish","type":"post","link":"https:\/\/portalnpm.com\/index.php\/2022\/01\/11\/pfizer-comeca-a-produzir-vacina-especifica-contra-variante-omicron\/","title":{"rendered":"Pfizer come\u00e7a a produzir vacina espec\u00edfica contra variante \u00d4micron"},"content":{"rendered":"<section class=\"articlebody  flexarticlebody \" data-id=\"37\" data-m=\"{&quot;i&quot;:37,&quot;p&quot;:36,&quot;n&quot;:&quot;articlebody&quot;,&quot;y&quot;:6,&quot;o&quot;:1}\">\n<p style=\"text-align: justify;\">A farmac\u00eautica\u00a0<a tabindex=\"0\" href=\"https:\/\/catracalivre.com.br\/saude-bem-estar\/pfizer-quarta-dose-proteger-contra-omicron\/\" target=\"_blank\" rel=\"noopener\" data-id=\"39\" data-m=\"{&quot;i&quot;:39,&quot;p&quot;:37,&quot;n&quot;:&quot;partnerLink&quot;,&quot;y&quot;:24,&quot;o&quot;:2}\">Pfizer<\/a>\u00a0informou que ter\u00e1 uma vacina espec\u00edfica contra a variante \u00d4micron pronta em mar\u00e7o. \u201cN\u00e3o sei se precisaremos, n\u00e3o sei se e como ser\u00e1 usada, mas estar\u00e1 pronta\u201d, disse o presidente e CEO Albert Bourla ao canal\u00a0CNBC.<\/p>\n<p style=\"text-align: justify;\">\n<p style=\"text-align: justify;\">\n<p style=\"text-align: justify;\">Ainda segundo ele, a fabrica\u00e7\u00e3o em pequena escala at\u00e9 j\u00e1 come\u00e7ou. \u201cNa verdade, j\u00e1 come\u00e7amos a fabricar algumas dessas quantidades, portanto, se houver necessidade dessa vacina, teremos imediatamente, porque h\u00e1 muitos governantes que gostariam de t\u00ea-la imediatamente\u201d.<\/p>\n<p style=\"text-align: justify;\">Bourla informou que a vers\u00e3o atualizada do imunizante, embora tenha sido desenvolvida para atuar contra a \u00d4micron, tamb\u00e9m ser\u00e1 eficaz contra outras variantes.<\/p>\n<div id=\"outbrain_widget_0\" class=\"OUTBRAIN\" style=\"text-align: justify;\" data-external-id=\"b4d35906b9714cc380189a94b94f3b38\" data-src=\"DROP_PERMALINK_HERE\" data-widget-id=\"MB_1\" data-ob-mark=\"true\" data-browser=\"chrome\" data-os=\"linux armv8l\" data-dynload=\"\" data-idx=\"0\">\n<div class=\"ob-widget ob-grid-layout ob-text-on-image MB_1 ob-cmn-MB_1\" data-dynamic-truncate=\"true\">\n<div class=\"ob-widget-items-container\">\n<div class=\"ob-dynamic-rec-container ob-recIdx-0 ob-p\" data-pos=\"0\"><\/div>\n<\/div>\n<div class=\"ob-widget-footer\">\n<div class=\"ob-pixels\"><\/div>\n<\/div>\n<\/div>\n<\/div>\n<p style=\"text-align: justify;\">\u201cA esperan\u00e7a \u00e9 que consigamos algo que tenha uma prote\u00e7\u00e3o muito, muito melhor, principalmente contra infec\u00e7\u00f5es, porque a prote\u00e7\u00e3o contra as interna\u00e7\u00f5es e doen\u00e7as graves, \u00e9 satisfat\u00f3ria agora com a vacina atual, desde que voc\u00ea receba a terceira dose\u201d, disse Bourla.<\/p>\n<h3 style=\"text-align: justify;\">Efic\u00e1cia da vacina atual<\/h3>\n<p style=\"text-align: justify;\">Em outra ocasi\u00e3o o presidente da Pfizer tinha dito que um estudo preliminar feito pela farmac\u00eautica mostrou que tr\u00eas doses da Pfizer s\u00e3o capazes de neutralizar a \u00d4micron, mas que uma quarta dose ap\u00f3s um ano poderia ser necess\u00e1ria.<\/p>\n<p style=\"text-align: justify;\">Segundo ele, a pesquisa foi feita com base em uma c\u00f3pia sint\u00e9tica da variante e seria necess\u00e1rio testar como isso iria funcionar no \u201cmundo real\u201d.<\/p>\n<p style=\"text-align: justify;\">Apesar da d\u00favida, o executivo da Pfizer refor\u00e7ou que a terceira dose j\u00e1 oferece uma boa prote\u00e7\u00e3o e que o mais urgente \u00e9 focar na distribui\u00e7\u00e3o das vacinas.<\/p>\n<p style=\"text-align: justify;\"><strong>Fonte:<\/strong> <a tabindex=\"0\" href=\"https:\/\/catracalivre.com.br\/saude-bem-estar\/oms-omicron-mortal-nao-tratem-como-leve\/\" target=\"_blank\" rel=\"noopener\" data-id=\"41\" data-m=\"{&quot;i&quot;:41,&quot;p&quot;:37,&quot;n&quot;:&quot;partnerLink&quot;,&quot;y&quot;:24,&quot;o&quot;:4}\">Catraca Livre <\/a><\/p>\n<\/section>\n","protected":false},"excerpt":{"rendered":"<p>A farmac\u00eautica\u00a0Pfizer\u00a0informou que ter\u00e1 uma vacina espec\u00edfica contra a variante \u00d4micron pronta em mar\u00e7o. \u201cN\u00e3o sei se precisaremos, n\u00e3o sei se e como ser\u00e1 usada, mas estar\u00e1 pronta\u201d, disse o presidente e CEO Albert Bourla ao canal\u00a0CNBC. Ainda segundo ele, a fabrica\u00e7\u00e3o em pequena escala at\u00e9 j\u00e1 come\u00e7ou. \u201cNa verdade, j\u00e1 come\u00e7amos a fabricar algumas &hellip;<\/p>\n","protected":false},"author":2,"featured_media":39894,"comment_status":"open","ping_status":"open","sticky":false,"template":"","format":"standard","meta":{"content-type":"","rop_custom_images_group":[],"rop_custom_messages_group":[],"rop_publish_now":"initial","rop_publish_now_accounts":{"facebook_2648258775420054_1618374048415101":""},"rop_publish_now_history":[],"rop_publish_now_status":"pending","footnotes":"","_jetpack_memberships_contains_paid_content":false},"categories":[118],"tags":[7477,2807],"yoast_head":"<!-- This site is optimized with the Yoast SEO plugin v22.3 - https:\/\/yoast.com\/wordpress\/plugins\/seo\/ -->\n<title>Pfizer come\u00e7a a produzir vacina espec\u00edfica contra variante \u00d4micron - Portal NPM<\/title>\n<meta name=\"robots\" content=\"index, follow, max-snippet:-1, max-image-preview:large, max-video-preview:-1\" \/>\n<link rel=\"canonical\" href=\"https:\/\/portalnpm.com\/index.php\/2022\/01\/11\/pfizer-comeca-a-produzir-vacina-especifica-contra-variante-omicron\/\" \/>\n<meta property=\"og:locale\" content=\"pt_BR\" \/>\n<meta property=\"og:type\" content=\"article\" \/>\n<meta property=\"og:title\" content=\"Pfizer come\u00e7a a produzir vacina espec\u00edfica contra variante \u00d4micron - Portal NPM\" \/>\n<meta property=\"og:description\" content=\"A farmac\u00eautica\u00a0Pfizer\u00a0informou que ter\u00e1 uma vacina espec\u00edfica contra a variante \u00d4micron pronta em mar\u00e7o. \u201cN\u00e3o sei se precisaremos, n\u00e3o sei se e como ser\u00e1 usada, mas estar\u00e1 pronta\u201d, disse o presidente e CEO Albert Bourla ao canal\u00a0CNBC. Ainda segundo ele, a fabrica\u00e7\u00e3o em pequena escala at\u00e9 j\u00e1 come\u00e7ou. \u201cNa verdade, j\u00e1 come\u00e7amos a fabricar algumas &hellip;\" \/>\n<meta property=\"og:url\" content=\"https:\/\/portalnpm.com\/index.php\/2022\/01\/11\/pfizer-comeca-a-produzir-vacina-especifica-contra-variante-omicron\/\" \/>\n<meta property=\"og:site_name\" content=\"Portal NPM\" \/>\n<meta property=\"article:published_time\" content=\"2022-01-11T22:35:53+00:00\" \/>\n<meta name=\"author\" content=\"Genival Barbosa\" \/>\n<meta name=\"twitter:card\" content=\"summary_large_image\" \/>\n<meta name=\"twitter:label1\" content=\"Escrito por\" \/>\n\t<meta name=\"twitter:data1\" content=\"Genival Barbosa\" \/>\n\t<meta name=\"twitter:label2\" content=\"Est. tempo de leitura\" \/>\n\t<meta name=\"twitter:data2\" content=\"2 minutos\" \/>\n<script type=\"application\/ld+json\" class=\"yoast-schema-graph\">{\"@context\":\"https:\/\/schema.org\",\"@graph\":[{\"@type\":\"WebPage\",\"@id\":\"https:\/\/portalnpm.com\/index.php\/2022\/01\/11\/pfizer-comeca-a-produzir-vacina-especifica-contra-variante-omicron\/\",\"url\":\"https:\/\/portalnpm.com\/index.php\/2022\/01\/11\/pfizer-comeca-a-produzir-vacina-especifica-contra-variante-omicron\/\",\"name\":\"Pfizer come\u00e7a a produzir vacina espec\u00edfica contra variante \u00d4micron - Portal NPM\",\"isPartOf\":{\"@id\":\"https:\/\/portalnpm.com\/#website\"},\"primaryImageOfPage\":{\"@id\":\"https:\/\/portalnpm.com\/index.php\/2022\/01\/11\/pfizer-comeca-a-produzir-vacina-especifica-contra-variante-omicron\/#primaryimage\"},\"image\":{\"@id\":\"https:\/\/portalnpm.com\/index.php\/2022\/01\/11\/pfizer-comeca-a-produzir-vacina-especifica-contra-variante-omicron\/#primaryimage\"},\"thumbnailUrl\":\"\",\"datePublished\":\"2022-01-11T22:35:53+00:00\",\"dateModified\":\"2022-01-11T22:35:53+00:00\",\"author\":{\"@id\":\"https:\/\/portalnpm.com\/#\/schema\/person\/49313e563cfdefcc167f1ee4c017c294\"},\"breadcrumb\":{\"@id\":\"https:\/\/portalnpm.com\/index.php\/2022\/01\/11\/pfizer-comeca-a-produzir-vacina-especifica-contra-variante-omicron\/#breadcrumb\"},\"inLanguage\":\"pt-BR\",\"potentialAction\":[{\"@type\":\"ReadAction\",\"target\":[\"https:\/\/portalnpm.com\/index.php\/2022\/01\/11\/pfizer-comeca-a-produzir-vacina-especifica-contra-variante-omicron\/\"]}]},{\"@type\":\"ImageObject\",\"inLanguage\":\"pt-BR\",\"@id\":\"https:\/\/portalnpm.com\/index.php\/2022\/01\/11\/pfizer-comeca-a-produzir-vacina-especifica-contra-variante-omicron\/#primaryimage\",\"url\":\"\",\"contentUrl\":\"\"},{\"@type\":\"BreadcrumbList\",\"@id\":\"https:\/\/portalnpm.com\/index.php\/2022\/01\/11\/pfizer-comeca-a-produzir-vacina-especifica-contra-variante-omicron\/#breadcrumb\",\"itemListElement\":[{\"@type\":\"ListItem\",\"position\":1,\"name\":\"In\u00edcio\",\"item\":\"https:\/\/portalnpm.com\/\"},{\"@type\":\"ListItem\",\"position\":2,\"name\":\"Pfizer come\u00e7a a produzir vacina espec\u00edfica contra variante \u00d4micron\"}]},{\"@type\":\"WebSite\",\"@id\":\"https:\/\/portalnpm.com\/#website\",\"url\":\"https:\/\/portalnpm.com\/\",\"name\":\"Portal NPM\",\"description\":\"Not\u00edcias em Primeira M\u00e3o\",\"potentialAction\":[{\"@type\":\"SearchAction\",\"target\":{\"@type\":\"EntryPoint\",\"urlTemplate\":\"https:\/\/portalnpm.com\/?s={search_term_string}\"},\"query-input\":\"required name=search_term_string\"}],\"inLanguage\":\"pt-BR\"},{\"@type\":\"Person\",\"@id\":\"https:\/\/portalnpm.com\/#\/schema\/person\/49313e563cfdefcc167f1ee4c017c294\",\"name\":\"Genival Barbosa\",\"image\":{\"@type\":\"ImageObject\",\"inLanguage\":\"pt-BR\",\"@id\":\"https:\/\/portalnpm.com\/#\/schema\/person\/image\/\",\"url\":\"https:\/\/portalnpm.com\/wp-content\/uploads\/2024\/02\/avatar_user_2_1707743258-96x96.jpeg\",\"contentUrl\":\"https:\/\/portalnpm.com\/wp-content\/uploads\/2024\/02\/avatar_user_2_1707743258-96x96.jpeg\",\"caption\":\"Genival Barbosa\"},\"url\":\"https:\/\/portalnpm.com\/index.php\/author\/genival\/\"}]}<\/script>\n<!-- \/ Yoast SEO plugin. -->","yoast_head_json":{"title":"Pfizer come\u00e7a a produzir vacina espec\u00edfica contra variante \u00d4micron - Portal NPM","robots":{"index":"index","follow":"follow","max-snippet":"max-snippet:-1","max-image-preview":"max-image-preview:large","max-video-preview":"max-video-preview:-1"},"canonical":"https:\/\/portalnpm.com\/index.php\/2022\/01\/11\/pfizer-comeca-a-produzir-vacina-especifica-contra-variante-omicron\/","og_locale":"pt_BR","og_type":"article","og_title":"Pfizer come\u00e7a a produzir vacina espec\u00edfica contra variante \u00d4micron - Portal NPM","og_description":"A farmac\u00eautica\u00a0Pfizer\u00a0informou que ter\u00e1 uma vacina espec\u00edfica contra a variante \u00d4micron pronta em mar\u00e7o. \u201cN\u00e3o sei se precisaremos, n\u00e3o sei se e como ser\u00e1 usada, mas estar\u00e1 pronta\u201d, disse o presidente e CEO Albert Bourla ao canal\u00a0CNBC. Ainda segundo ele, a fabrica\u00e7\u00e3o em pequena escala at\u00e9 j\u00e1 come\u00e7ou. \u201cNa verdade, j\u00e1 come\u00e7amos a fabricar algumas &hellip;","og_url":"https:\/\/portalnpm.com\/index.php\/2022\/01\/11\/pfizer-comeca-a-produzir-vacina-especifica-contra-variante-omicron\/","og_site_name":"Portal NPM","article_published_time":"2022-01-11T22:35:53+00:00","author":"Genival Barbosa","twitter_card":"summary_large_image","twitter_misc":{"Escrito por":"Genival Barbosa","Est. tempo de leitura":"2 minutos"},"schema":{"@context":"https:\/\/schema.org","@graph":[{"@type":"WebPage","@id":"https:\/\/portalnpm.com\/index.php\/2022\/01\/11\/pfizer-comeca-a-produzir-vacina-especifica-contra-variante-omicron\/","url":"https:\/\/portalnpm.com\/index.php\/2022\/01\/11\/pfizer-comeca-a-produzir-vacina-especifica-contra-variante-omicron\/","name":"Pfizer come\u00e7a a produzir vacina espec\u00edfica contra variante \u00d4micron - Portal NPM","isPartOf":{"@id":"https:\/\/portalnpm.com\/#website"},"primaryImageOfPage":{"@id":"https:\/\/portalnpm.com\/index.php\/2022\/01\/11\/pfizer-comeca-a-produzir-vacina-especifica-contra-variante-omicron\/#primaryimage"},"image":{"@id":"https:\/\/portalnpm.com\/index.php\/2022\/01\/11\/pfizer-comeca-a-produzir-vacina-especifica-contra-variante-omicron\/#primaryimage"},"thumbnailUrl":"","datePublished":"2022-01-11T22:35:53+00:00","dateModified":"2022-01-11T22:35:53+00:00","author":{"@id":"https:\/\/portalnpm.com\/#\/schema\/person\/49313e563cfdefcc167f1ee4c017c294"},"breadcrumb":{"@id":"https:\/\/portalnpm.com\/index.php\/2022\/01\/11\/pfizer-comeca-a-produzir-vacina-especifica-contra-variante-omicron\/#breadcrumb"},"inLanguage":"pt-BR","potentialAction":[{"@type":"ReadAction","target":["https:\/\/portalnpm.com\/index.php\/2022\/01\/11\/pfizer-comeca-a-produzir-vacina-especifica-contra-variante-omicron\/"]}]},{"@type":"ImageObject","inLanguage":"pt-BR","@id":"https:\/\/portalnpm.com\/index.php\/2022\/01\/11\/pfizer-comeca-a-produzir-vacina-especifica-contra-variante-omicron\/#primaryimage","url":"","contentUrl":""},{"@type":"BreadcrumbList","@id":"https:\/\/portalnpm.com\/index.php\/2022\/01\/11\/pfizer-comeca-a-produzir-vacina-especifica-contra-variante-omicron\/#breadcrumb","itemListElement":[{"@type":"ListItem","position":1,"name":"In\u00edcio","item":"https:\/\/portalnpm.com\/"},{"@type":"ListItem","position":2,"name":"Pfizer come\u00e7a a produzir vacina espec\u00edfica contra variante \u00d4micron"}]},{"@type":"WebSite","@id":"https:\/\/portalnpm.com\/#website","url":"https:\/\/portalnpm.com\/","name":"Portal NPM","description":"Not\u00edcias em Primeira M\u00e3o","potentialAction":[{"@type":"SearchAction","target":{"@type":"EntryPoint","urlTemplate":"https:\/\/portalnpm.com\/?s={search_term_string}"},"query-input":"required name=search_term_string"}],"inLanguage":"pt-BR"},{"@type":"Person","@id":"https:\/\/portalnpm.com\/#\/schema\/person\/49313e563cfdefcc167f1ee4c017c294","name":"Genival Barbosa","image":{"@type":"ImageObject","inLanguage":"pt-BR","@id":"https:\/\/portalnpm.com\/#\/schema\/person\/image\/","url":"https:\/\/portalnpm.com\/wp-content\/uploads\/2024\/02\/avatar_user_2_1707743258-96x96.jpeg","contentUrl":"https:\/\/portalnpm.com\/wp-content\/uploads\/2024\/02\/avatar_user_2_1707743258-96x96.jpeg","caption":"Genival Barbosa"},"url":"https:\/\/portalnpm.com\/index.php\/author\/genival\/"}]}},"jetpack_sharing_enabled":true,"jetpack_featured_media_url":"","_links":{"self":[{"href":"https:\/\/portalnpm.com\/index.php\/wp-json\/wp\/v2\/posts\/39893"}],"collection":[{"href":"https:\/\/portalnpm.com\/index.php\/wp-json\/wp\/v2\/posts"}],"about":[{"href":"https:\/\/portalnpm.com\/index.php\/wp-json\/wp\/v2\/types\/post"}],"author":[{"embeddable":true,"href":"https:\/\/portalnpm.com\/index.php\/wp-json\/wp\/v2\/users\/2"}],"replies":[{"embeddable":true,"href":"https:\/\/portalnpm.com\/index.php\/wp-json\/wp\/v2\/comments?post=39893"}],"version-history":[{"count":0,"href":"https:\/\/portalnpm.com\/index.php\/wp-json\/wp\/v2\/posts\/39893\/revisions"}],"wp:featuredmedia":[{"embeddable":true,"href":"https:\/\/portalnpm.com\/index.php\/wp-json\/"}],"wp:attachment":[{"href":"https:\/\/portalnpm.com\/index.php\/wp-json\/wp\/v2\/media?parent=39893"}],"wp:term":[{"taxonomy":"category","embeddable":true,"href":"https:\/\/portalnpm.com\/index.php\/wp-json\/wp\/v2\/categories?post=39893"},{"taxonomy":"post_tag","embeddable":true,"href":"https:\/\/portalnpm.com\/index.php\/wp-json\/wp\/v2\/tags?post=39893"}],"curies":[{"name":"wp","href":"https:\/\/api.w.org\/{rel}","templated":true}]}}