{"id":39912,"date":"2022-01-12T20:31:04","date_gmt":"2022-01-12T23:31:04","guid":{"rendered":"https:\/\/backupnpm.codetainer.com.br\/?p=39912"},"modified":"2022-01-12T20:31:04","modified_gmt":"2022-01-12T23:31:04","slug":"conheca-a-crianca-que-morreu-em-acidente-de-onibus-na-br-135-viajava-com-avo","status":"publish","type":"post","link":"https:\/\/portalnpm.com\/index.php\/2022\/01\/12\/conheca-a-crianca-que-morreu-em-acidente-de-onibus-na-br-135-viajava-com-avo\/","title":{"rendered":"Conhe\u00e7a a crian\u00e7a que morreu em acidente de \u00f4nibus na BR-135; viajava com av\u00f3"},"content":{"rendered":"<header class=\"headerDown\">\n<nav class=\"fixedMenu\">\n<div class=\"container is-fluid\">\n<div class=\"fixedMenuContent\">\n<div class=\"searchPanel\" style=\"text-align: justify;\">\n<form action=\"https:\/\/180graus.com\/busca\"><\/form>\n<\/div>\n<\/div>\n<\/div>\n<\/nav>\n<\/header>\n<div id=\"barba-wrapper\">\n<div class=\"barba-container\"><main><\/p>\n<div id=\"js-newsContainer\" class=\"container is-fluid\">\n<section class=\"news hasBloggerHeader isPage\">\n<div class=\"sectionContent\">\n<article class=\"note news\">\n<div class=\"shareOptionsPanel\" style=\"text-align: justify;\">\n<div class=\"shareOptions\"><\/div>\n<\/div>\n<div class=\"noteContent\">\n<p style=\"text-align: justify;\">A crian\u00e7a que morreu em acidente de \u00f4nibus na BR-135, em Col\u00f4nia do Gurgu\u00e9ia\/PI, nesta quarta-feira (12\/01), foi identificada como Miguel, de 9 anos, residente no povoado Santa Rita, natural de Quiterian\u00f3polis\/CE. A v\u00edtima viajava na companhia da av\u00f3 de 54 anos, que sofreu apenas ferimentos leves.<\/p>\n<p style=\"text-align: justify;\">\n<p style=\"text-align: justify;\">\n<p style=\"text-align: justify;\">O \u00f4nibus da empresa Baleia Turismo, que oferta servi\u00e7o em transporte coletivo, fretamento e turismo, viajava de S\u00e3o Paulo\u00a0com destino a Tau\u00e1\/CE, quando o condutor perdeu controle da dire\u00e7\u00e3o e tombou em Col\u00f4nia do Gurgueia.<\/p>\n<p style=\"text-align: justify;\">Segundo a Pol\u00edcia Rodovi\u00e1ria Federal (PRF), havia cerca de 10 passageiros no \u00f4nibus no momento do acidente.<\/p>\n<p style=\"text-align: justify;\">Os passageiros feridos sem gravidade\u00a0foram encaminhados para um hospital em Col\u00f4nia do Gurgueia pelo Servi\u00e7o de Atendimento M\u00f3vel de Urg\u00eancia (Samu).<\/p>\n<div class=\"media js-img\" style=\"text-align: justify;\" contenteditable=\"false\">\n<figure><a class=\"imageRevael no-barba\" href=\"https:\/\/storage.stwonline.com.br\/180graus\/uploads\/ckeditor\/pictures\/2512881\/258eccb7-235e-4028-a3be-d84274a3d5df.jpg\" data-modaal-desc=\"V\u00edtima de acidente de \u00f4nibus \" data-modaal-scope=\"modaal_164203022220904911671ec936\"><img decoding=\"async\" src=\"https:\/\/storage.stwonline.com.br\/180graus\/uploads\/ckeditor\/pictures\/2512881\/258eccb7-235e-4028-a3be-d84274a3d5df.jpg\" alt=\"V\u00edtima de acidente de \u00f4nibus \" \/><\/a><figcaption contenteditable=\"false\">V\u00edtima de acidente de \u00f4nibus \u00a0\u00a0<em class=\"fa fa-camera\">\u00a0<\/em>\u00a0<span class=\"photoBy\">Reprodu\u00e7\u00e3o<\/span><\/figcaption><\/figure>\n<\/div>\n<div class=\"media js-img\" style=\"text-align: justify;\" contenteditable=\"false\">\n<figure><a class=\"imageRevael no-barba\" href=\"https:\/\/storage.stwonline.com.br\/180graus\/uploads\/ckeditor\/pictures\/2512882\/c77c2e41-f0bb-4658-a7fb-008909436b18.jpg\" data-modaal-desc=\"\u00d4nibus sai da pista e tomba na BR-135\" data-modaal-scope=\"modaal_16420302222102aec2d178cb37\"><img decoding=\"async\" src=\"https:\/\/storage.stwonline.com.br\/180graus\/uploads\/ckeditor\/pictures\/2512882\/c77c2e41-f0bb-4658-a7fb-008909436b18.jpg\" alt=\"\u00d4nibus sai da pista e tomba na BR-135\" \/><\/a><figcaption contenteditable=\"false\">\u00d4nibus sai da pista e tomba na BR-135\u00a0\u00a0<em class=\"fa fa-camera\">\u00a0<\/em>\u00a0<span class=\"photoBy\">Reprodu\u00e7\u00e3o<\/span><\/figcaption><\/figure>\n<\/div>\n<div class=\"media js-img\" style=\"text-align: justify;\" contenteditable=\"false\">\n<figure><a class=\"imageRevael no-barba\" href=\"https:\/\/storage.stwonline.com.br\/180graus\/uploads\/ckeditor\/pictures\/2512883\/eb583cd2-0f81-47bd-b515-af0271125156.jpg\" data-modaal-desc=\"\" data-modaal-scope=\"modaal_16420302222109b56ad6a57027\"><img decoding=\"async\" src=\"https:\/\/storage.stwonline.com.br\/180graus\/uploads\/ckeditor\/pictures\/2512883\/eb583cd2-0f81-47bd-b515-af0271125156.jpg\" alt=\"\" \/><\/a><figcaption contenteditable=\"false\">\u00a0\u00a0<em class=\"fa fa-camera\">\u00a0<\/em>\u00a0<span class=\"photoBy\">Reprodu\u00e7\u00e3o<\/span><\/figcaption><\/figure>\n<\/div>\n<p style=\"text-align: justify;\">\n<div class=\"ad\" style=\"text-align: justify;\"><span class=\"label\">Fonte:\u00a0 180 Graus <\/span><\/div>\n<\/div>\n<\/article>\n<\/div>\n<\/section>\n<\/div>\n<p><\/main><\/div>\n<\/div>\n","protected":false},"excerpt":{"rendered":"<p>A crian\u00e7a que morreu em acidente de \u00f4nibus na BR-135, em Col\u00f4nia do Gurgu\u00e9ia\/PI, nesta quarta-feira (12\/01), foi identificada como Miguel, de 9 anos, residente no povoado Santa Rita, natural de Quiterian\u00f3polis\/CE. A v\u00edtima viajava na companhia da av\u00f3 de 54 anos, que sofreu apenas ferimentos leves. O \u00f4nibus da empresa Baleia Turismo, que oferta &hellip;<\/p>\n","protected":false},"author":2,"featured_media":39913,"comment_status":"open","ping_status":"open","sticky":false,"template":"","format":"standard","meta":{"content-type":"","rop_custom_images_group":[],"rop_custom_messages_group":[],"rop_publish_now":"initial","rop_publish_now_accounts":{"facebook_2648258775420054_1618374048415101":""},"rop_publish_now_history":[],"rop_publish_now_status":"pending","footnotes":"","_jetpack_memberships_contains_paid_content":false},"categories":[118],"tags":[154,131,132],"yoast_head":"<!-- This site is optimized with the Yoast SEO plugin v22.3 - https:\/\/yoast.com\/wordpress\/plugins\/seo\/ -->\n<title>Conhe\u00e7a a crian\u00e7a que morreu em acidente de \u00f4nibus na BR-135; viajava com av\u00f3 - Portal NPM<\/title>\n<meta name=\"robots\" content=\"index, follow, max-snippet:-1, max-image-preview:large, max-video-preview:-1\" \/>\n<link rel=\"canonical\" href=\"https:\/\/portalnpm.com\/index.php\/2022\/01\/12\/conheca-a-crianca-que-morreu-em-acidente-de-onibus-na-br-135-viajava-com-avo\/\" \/>\n<meta property=\"og:locale\" content=\"pt_BR\" \/>\n<meta property=\"og:type\" content=\"article\" \/>\n<meta property=\"og:title\" content=\"Conhe\u00e7a a crian\u00e7a que morreu em acidente de \u00f4nibus na BR-135; viajava com av\u00f3 - Portal NPM\" \/>\n<meta property=\"og:description\" content=\"A crian\u00e7a que morreu em acidente de \u00f4nibus na BR-135, em Col\u00f4nia do Gurgu\u00e9ia\/PI, nesta quarta-feira (12\/01), foi identificada como Miguel, de 9 anos, residente no povoado Santa Rita, natural de Quiterian\u00f3polis\/CE. A v\u00edtima viajava na companhia da av\u00f3 de 54 anos, que sofreu apenas ferimentos leves. O \u00f4nibus da empresa Baleia Turismo, que oferta &hellip;\" \/>\n<meta property=\"og:url\" content=\"https:\/\/portalnpm.com\/index.php\/2022\/01\/12\/conheca-a-crianca-que-morreu-em-acidente-de-onibus-na-br-135-viajava-com-avo\/\" \/>\n<meta property=\"og:site_name\" content=\"Portal NPM\" \/>\n<meta property=\"article:published_time\" content=\"2022-01-12T23:31:04+00:00\" \/>\n<meta name=\"author\" content=\"Genival Barbosa\" \/>\n<meta name=\"twitter:card\" content=\"summary_large_image\" \/>\n<meta name=\"twitter:label1\" content=\"Escrito por\" \/>\n\t<meta name=\"twitter:data1\" content=\"Genival Barbosa\" \/>\n\t<meta name=\"twitter:label2\" content=\"Est. tempo de leitura\" \/>\n\t<meta name=\"twitter:data2\" content=\"2 minutos\" \/>\n<script type=\"application\/ld+json\" class=\"yoast-schema-graph\">{\"@context\":\"https:\/\/schema.org\",\"@graph\":[{\"@type\":\"WebPage\",\"@id\":\"https:\/\/portalnpm.com\/index.php\/2022\/01\/12\/conheca-a-crianca-que-morreu-em-acidente-de-onibus-na-br-135-viajava-com-avo\/\",\"url\":\"https:\/\/portalnpm.com\/index.php\/2022\/01\/12\/conheca-a-crianca-que-morreu-em-acidente-de-onibus-na-br-135-viajava-com-avo\/\",\"name\":\"Conhe\u00e7a a crian\u00e7a que morreu em acidente de \u00f4nibus na BR-135; viajava com av\u00f3 - Portal NPM\",\"isPartOf\":{\"@id\":\"https:\/\/portalnpm.com\/#website\"},\"primaryImageOfPage\":{\"@id\":\"https:\/\/portalnpm.com\/index.php\/2022\/01\/12\/conheca-a-crianca-que-morreu-em-acidente-de-onibus-na-br-135-viajava-com-avo\/#primaryimage\"},\"image\":{\"@id\":\"https:\/\/portalnpm.com\/index.php\/2022\/01\/12\/conheca-a-crianca-que-morreu-em-acidente-de-onibus-na-br-135-viajava-com-avo\/#primaryimage\"},\"thumbnailUrl\":\"\",\"datePublished\":\"2022-01-12T23:31:04+00:00\",\"dateModified\":\"2022-01-12T23:31:04+00:00\",\"author\":{\"@id\":\"https:\/\/portalnpm.com\/#\/schema\/person\/49313e563cfdefcc167f1ee4c017c294\"},\"breadcrumb\":{\"@id\":\"https:\/\/portalnpm.com\/index.php\/2022\/01\/12\/conheca-a-crianca-que-morreu-em-acidente-de-onibus-na-br-135-viajava-com-avo\/#breadcrumb\"},\"inLanguage\":\"pt-BR\",\"potentialAction\":[{\"@type\":\"ReadAction\",\"target\":[\"https:\/\/portalnpm.com\/index.php\/2022\/01\/12\/conheca-a-crianca-que-morreu-em-acidente-de-onibus-na-br-135-viajava-com-avo\/\"]}]},{\"@type\":\"ImageObject\",\"inLanguage\":\"pt-BR\",\"@id\":\"https:\/\/portalnpm.com\/index.php\/2022\/01\/12\/conheca-a-crianca-que-morreu-em-acidente-de-onibus-na-br-135-viajava-com-avo\/#primaryimage\",\"url\":\"\",\"contentUrl\":\"\"},{\"@type\":\"BreadcrumbList\",\"@id\":\"https:\/\/portalnpm.com\/index.php\/2022\/01\/12\/conheca-a-crianca-que-morreu-em-acidente-de-onibus-na-br-135-viajava-com-avo\/#breadcrumb\",\"itemListElement\":[{\"@type\":\"ListItem\",\"position\":1,\"name\":\"In\u00edcio\",\"item\":\"https:\/\/portalnpm.com\/\"},{\"@type\":\"ListItem\",\"position\":2,\"name\":\"Conhe\u00e7a a crian\u00e7a que morreu em acidente de \u00f4nibus na BR-135; viajava com av\u00f3\"}]},{\"@type\":\"WebSite\",\"@id\":\"https:\/\/portalnpm.com\/#website\",\"url\":\"https:\/\/portalnpm.com\/\",\"name\":\"Portal NPM\",\"description\":\"Not\u00edcias em Primeira M\u00e3o\",\"potentialAction\":[{\"@type\":\"SearchAction\",\"target\":{\"@type\":\"EntryPoint\",\"urlTemplate\":\"https:\/\/portalnpm.com\/?s={search_term_string}\"},\"query-input\":\"required name=search_term_string\"}],\"inLanguage\":\"pt-BR\"},{\"@type\":\"Person\",\"@id\":\"https:\/\/portalnpm.com\/#\/schema\/person\/49313e563cfdefcc167f1ee4c017c294\",\"name\":\"Genival Barbosa\",\"image\":{\"@type\":\"ImageObject\",\"inLanguage\":\"pt-BR\",\"@id\":\"https:\/\/portalnpm.com\/#\/schema\/person\/image\/\",\"url\":\"https:\/\/portalnpm.com\/wp-content\/uploads\/2024\/02\/avatar_user_2_1707743258-96x96.jpeg\",\"contentUrl\":\"https:\/\/portalnpm.com\/wp-content\/uploads\/2024\/02\/avatar_user_2_1707743258-96x96.jpeg\",\"caption\":\"Genival Barbosa\"},\"url\":\"https:\/\/portalnpm.com\/index.php\/author\/genival\/\"}]}<\/script>\n<!-- \/ Yoast SEO plugin. -->","yoast_head_json":{"title":"Conhe\u00e7a a crian\u00e7a que morreu em acidente de \u00f4nibus na BR-135; viajava com av\u00f3 - Portal NPM","robots":{"index":"index","follow":"follow","max-snippet":"max-snippet:-1","max-image-preview":"max-image-preview:large","max-video-preview":"max-video-preview:-1"},"canonical":"https:\/\/portalnpm.com\/index.php\/2022\/01\/12\/conheca-a-crianca-que-morreu-em-acidente-de-onibus-na-br-135-viajava-com-avo\/","og_locale":"pt_BR","og_type":"article","og_title":"Conhe\u00e7a a crian\u00e7a que morreu em acidente de \u00f4nibus na BR-135; viajava com av\u00f3 - Portal NPM","og_description":"A crian\u00e7a que morreu em acidente de \u00f4nibus na BR-135, em Col\u00f4nia do Gurgu\u00e9ia\/PI, nesta quarta-feira (12\/01), foi identificada como Miguel, de 9 anos, residente no povoado Santa Rita, natural de Quiterian\u00f3polis\/CE. A v\u00edtima viajava na companhia da av\u00f3 de 54 anos, que sofreu apenas ferimentos leves. O \u00f4nibus da empresa Baleia Turismo, que oferta &hellip;","og_url":"https:\/\/portalnpm.com\/index.php\/2022\/01\/12\/conheca-a-crianca-que-morreu-em-acidente-de-onibus-na-br-135-viajava-com-avo\/","og_site_name":"Portal NPM","article_published_time":"2022-01-12T23:31:04+00:00","author":"Genival Barbosa","twitter_card":"summary_large_image","twitter_misc":{"Escrito por":"Genival Barbosa","Est. tempo de leitura":"2 minutos"},"schema":{"@context":"https:\/\/schema.org","@graph":[{"@type":"WebPage","@id":"https:\/\/portalnpm.com\/index.php\/2022\/01\/12\/conheca-a-crianca-que-morreu-em-acidente-de-onibus-na-br-135-viajava-com-avo\/","url":"https:\/\/portalnpm.com\/index.php\/2022\/01\/12\/conheca-a-crianca-que-morreu-em-acidente-de-onibus-na-br-135-viajava-com-avo\/","name":"Conhe\u00e7a a crian\u00e7a que morreu em acidente de \u00f4nibus na BR-135; viajava com av\u00f3 - Portal NPM","isPartOf":{"@id":"https:\/\/portalnpm.com\/#website"},"primaryImageOfPage":{"@id":"https:\/\/portalnpm.com\/index.php\/2022\/01\/12\/conheca-a-crianca-que-morreu-em-acidente-de-onibus-na-br-135-viajava-com-avo\/#primaryimage"},"image":{"@id":"https:\/\/portalnpm.com\/index.php\/2022\/01\/12\/conheca-a-crianca-que-morreu-em-acidente-de-onibus-na-br-135-viajava-com-avo\/#primaryimage"},"thumbnailUrl":"","datePublished":"2022-01-12T23:31:04+00:00","dateModified":"2022-01-12T23:31:04+00:00","author":{"@id":"https:\/\/portalnpm.com\/#\/schema\/person\/49313e563cfdefcc167f1ee4c017c294"},"breadcrumb":{"@id":"https:\/\/portalnpm.com\/index.php\/2022\/01\/12\/conheca-a-crianca-que-morreu-em-acidente-de-onibus-na-br-135-viajava-com-avo\/#breadcrumb"},"inLanguage":"pt-BR","potentialAction":[{"@type":"ReadAction","target":["https:\/\/portalnpm.com\/index.php\/2022\/01\/12\/conheca-a-crianca-que-morreu-em-acidente-de-onibus-na-br-135-viajava-com-avo\/"]}]},{"@type":"ImageObject","inLanguage":"pt-BR","@id":"https:\/\/portalnpm.com\/index.php\/2022\/01\/12\/conheca-a-crianca-que-morreu-em-acidente-de-onibus-na-br-135-viajava-com-avo\/#primaryimage","url":"","contentUrl":""},{"@type":"BreadcrumbList","@id":"https:\/\/portalnpm.com\/index.php\/2022\/01\/12\/conheca-a-crianca-que-morreu-em-acidente-de-onibus-na-br-135-viajava-com-avo\/#breadcrumb","itemListElement":[{"@type":"ListItem","position":1,"name":"In\u00edcio","item":"https:\/\/portalnpm.com\/"},{"@type":"ListItem","position":2,"name":"Conhe\u00e7a a crian\u00e7a que morreu em acidente de \u00f4nibus na BR-135; viajava com av\u00f3"}]},{"@type":"WebSite","@id":"https:\/\/portalnpm.com\/#website","url":"https:\/\/portalnpm.com\/","name":"Portal NPM","description":"Not\u00edcias em Primeira M\u00e3o","potentialAction":[{"@type":"SearchAction","target":{"@type":"EntryPoint","urlTemplate":"https:\/\/portalnpm.com\/?s={search_term_string}"},"query-input":"required name=search_term_string"}],"inLanguage":"pt-BR"},{"@type":"Person","@id":"https:\/\/portalnpm.com\/#\/schema\/person\/49313e563cfdefcc167f1ee4c017c294","name":"Genival Barbosa","image":{"@type":"ImageObject","inLanguage":"pt-BR","@id":"https:\/\/portalnpm.com\/#\/schema\/person\/image\/","url":"https:\/\/portalnpm.com\/wp-content\/uploads\/2024\/02\/avatar_user_2_1707743258-96x96.jpeg","contentUrl":"https:\/\/portalnpm.com\/wp-content\/uploads\/2024\/02\/avatar_user_2_1707743258-96x96.jpeg","caption":"Genival Barbosa"},"url":"https:\/\/portalnpm.com\/index.php\/author\/genival\/"}]}},"jetpack_sharing_enabled":true,"jetpack_featured_media_url":"","_links":{"self":[{"href":"https:\/\/portalnpm.com\/index.php\/wp-json\/wp\/v2\/posts\/39912"}],"collection":[{"href":"https:\/\/portalnpm.com\/index.php\/wp-json\/wp\/v2\/posts"}],"about":[{"href":"https:\/\/portalnpm.com\/index.php\/wp-json\/wp\/v2\/types\/post"}],"author":[{"embeddable":true,"href":"https:\/\/portalnpm.com\/index.php\/wp-json\/wp\/v2\/users\/2"}],"replies":[{"embeddable":true,"href":"https:\/\/portalnpm.com\/index.php\/wp-json\/wp\/v2\/comments?post=39912"}],"version-history":[{"count":0,"href":"https:\/\/portalnpm.com\/index.php\/wp-json\/wp\/v2\/posts\/39912\/revisions"}],"wp:featuredmedia":[{"embeddable":true,"href":"https:\/\/portalnpm.com\/index.php\/wp-json\/"}],"wp:attachment":[{"href":"https:\/\/portalnpm.com\/index.php\/wp-json\/wp\/v2\/media?parent=39912"}],"wp:term":[{"taxonomy":"category","embeddable":true,"href":"https:\/\/portalnpm.com\/index.php\/wp-json\/wp\/v2\/categories?post=39912"},{"taxonomy":"post_tag","embeddable":true,"href":"https:\/\/portalnpm.com\/index.php\/wp-json\/wp\/v2\/tags?post=39912"}],"curies":[{"name":"wp","href":"https:\/\/api.w.org\/{rel}","templated":true}]}}