{"id":39983,"date":"2022-01-17T14:28:07","date_gmt":"2022-01-17T17:28:07","guid":{"rendered":"https:\/\/backupnpm.codetainer.com.br\/?p=39983"},"modified":"2022-01-17T14:28:07","modified_gmt":"2022-01-17T17:28:07","slug":"deputada-teresa-britto-ainda-nao-decidiu-se-acompanha-pv-na-federacao-com-o-pt","status":"publish","type":"post","link":"https:\/\/portalnpm.com\/index.php\/2022\/01\/17\/deputada-teresa-britto-ainda-nao-decidiu-se-acompanha-pv-na-federacao-com-o-pt\/","title":{"rendered":"Deputada Teresa Britto ainda n\u00e3o decidiu se acompanha PV na federa\u00e7\u00e3o com o PT"},"content":{"rendered":"<p style=\"text-align: justify;\">A deputada termina amanh\u00e3, 18, tratamento de covid e deixa o isolamento dom\u00e9stico. E j\u00e1 ter\u00e1 pela frente importante decis\u00e3o pol\u00edtica para evitar o isolamento na busca de um novo mandato de deputada estadual.<\/p>\n<p style=\"text-align: justify;\">O PV numa federa\u00e7\u00e3o com o PT deixa a parlamentar em situa\u00e7\u00e3o de desconforto pol\u00edtico. Teresa Britto n\u00e3o quer sair do PV, pois cultiva uma milit\u00e2ncia hist\u00f3rica na sigla; mas ser\u00e1 dificil seguir na sigla numa federa\u00e7\u00e3o com o PT.<\/p>\n<p style=\"text-align: justify;\">No Piau\u00ed, Teresa Britto \u00e9 advers\u00e1ria do PT com larga folha de servi\u00e7os prestados \u00e0 oposi\u00e7\u00e3o.<\/p>\n<p><strong>Fonte: Cidade Verde\u00a0<\/strong><\/p>\n","protected":false},"excerpt":{"rendered":"<p>A deputada termina amanh\u00e3, 18, tratamento de covid e deixa o isolamento dom\u00e9stico. E j\u00e1 ter\u00e1 pela frente importante decis\u00e3o pol\u00edtica para evitar o isolamento na busca de um novo mandato de deputada estadual. O PV numa federa\u00e7\u00e3o com o PT deixa a parlamentar em situa\u00e7\u00e3o de desconforto pol\u00edtico. Teresa Britto n\u00e3o quer sair do &hellip;<\/p>\n","protected":false},"author":3,"featured_media":37606,"comment_status":"open","ping_status":"open","sticky":false,"template":"","format":"standard","meta":{"content-type":"","rop_custom_images_group":[],"rop_custom_messages_group":[],"rop_publish_now":"initial","rop_publish_now_accounts":{"facebook_2648258775420054_1618374048415101":""},"rop_publish_now_history":[],"rop_publish_now_status":"pending","footnotes":"","_jetpack_memberships_contains_paid_content":false},"categories":[130],"tags":[4681,454,3814],"yoast_head":"<!-- This site is optimized with the Yoast SEO plugin v22.3 - https:\/\/yoast.com\/wordpress\/plugins\/seo\/ -->\n<title>Deputada Teresa Britto ainda n\u00e3o decidiu se acompanha PV na federa\u00e7\u00e3o com o PT - Portal NPM<\/title>\n<meta name=\"robots\" content=\"index, follow, max-snippet:-1, max-image-preview:large, max-video-preview:-1\" \/>\n<link rel=\"canonical\" href=\"https:\/\/portalnpm.com\/index.php\/2022\/01\/17\/deputada-teresa-britto-ainda-nao-decidiu-se-acompanha-pv-na-federacao-com-o-pt\/\" \/>\n<meta property=\"og:locale\" content=\"pt_BR\" \/>\n<meta property=\"og:type\" content=\"article\" \/>\n<meta property=\"og:title\" content=\"Deputada Teresa Britto ainda n\u00e3o decidiu se acompanha PV na federa\u00e7\u00e3o com o PT - Portal NPM\" \/>\n<meta property=\"og:description\" content=\"A deputada termina amanh\u00e3, 18, tratamento de covid e deixa o isolamento dom\u00e9stico. E j\u00e1 ter\u00e1 pela frente importante decis\u00e3o pol\u00edtica para evitar o isolamento na busca de um novo mandato de deputada estadual. O PV numa federa\u00e7\u00e3o com o PT deixa a parlamentar em situa\u00e7\u00e3o de desconforto pol\u00edtico. Teresa Britto n\u00e3o quer sair do &hellip;\" \/>\n<meta property=\"og:url\" content=\"https:\/\/portalnpm.com\/index.php\/2022\/01\/17\/deputada-teresa-britto-ainda-nao-decidiu-se-acompanha-pv-na-federacao-com-o-pt\/\" \/>\n<meta property=\"og:site_name\" content=\"Portal NPM\" \/>\n<meta property=\"article:published_time\" content=\"2022-01-17T17:28:07+00:00\" \/>\n<meta name=\"author\" content=\"Luis Alberto\" \/>\n<meta name=\"twitter:card\" content=\"summary_large_image\" \/>\n<meta name=\"twitter:label1\" content=\"Escrito por\" \/>\n\t<meta name=\"twitter:data1\" content=\"Luis Alberto\" \/>\n\t<meta name=\"twitter:label2\" content=\"Est. tempo de leitura\" \/>\n\t<meta name=\"twitter:data2\" content=\"1 minuto\" \/>\n<script type=\"application\/ld+json\" class=\"yoast-schema-graph\">{\"@context\":\"https:\/\/schema.org\",\"@graph\":[{\"@type\":\"WebPage\",\"@id\":\"https:\/\/portalnpm.com\/index.php\/2022\/01\/17\/deputada-teresa-britto-ainda-nao-decidiu-se-acompanha-pv-na-federacao-com-o-pt\/\",\"url\":\"https:\/\/portalnpm.com\/index.php\/2022\/01\/17\/deputada-teresa-britto-ainda-nao-decidiu-se-acompanha-pv-na-federacao-com-o-pt\/\",\"name\":\"Deputada Teresa Britto ainda n\u00e3o decidiu se acompanha PV na federa\u00e7\u00e3o com o PT - Portal NPM\",\"isPartOf\":{\"@id\":\"https:\/\/portalnpm.com\/#website\"},\"primaryImageOfPage\":{\"@id\":\"https:\/\/portalnpm.com\/index.php\/2022\/01\/17\/deputada-teresa-britto-ainda-nao-decidiu-se-acompanha-pv-na-federacao-com-o-pt\/#primaryimage\"},\"image\":{\"@id\":\"https:\/\/portalnpm.com\/index.php\/2022\/01\/17\/deputada-teresa-britto-ainda-nao-decidiu-se-acompanha-pv-na-federacao-com-o-pt\/#primaryimage\"},\"thumbnailUrl\":\"\",\"datePublished\":\"2022-01-17T17:28:07+00:00\",\"dateModified\":\"2022-01-17T17:28:07+00:00\",\"author\":{\"@id\":\"https:\/\/portalnpm.com\/#\/schema\/person\/5c8006acdf71774cd4e7a5ab98482152\"},\"breadcrumb\":{\"@id\":\"https:\/\/portalnpm.com\/index.php\/2022\/01\/17\/deputada-teresa-britto-ainda-nao-decidiu-se-acompanha-pv-na-federacao-com-o-pt\/#breadcrumb\"},\"inLanguage\":\"pt-BR\",\"potentialAction\":[{\"@type\":\"ReadAction\",\"target\":[\"https:\/\/portalnpm.com\/index.php\/2022\/01\/17\/deputada-teresa-britto-ainda-nao-decidiu-se-acompanha-pv-na-federacao-com-o-pt\/\"]}]},{\"@type\":\"ImageObject\",\"inLanguage\":\"pt-BR\",\"@id\":\"https:\/\/portalnpm.com\/index.php\/2022\/01\/17\/deputada-teresa-britto-ainda-nao-decidiu-se-acompanha-pv-na-federacao-com-o-pt\/#primaryimage\",\"url\":\"\",\"contentUrl\":\"\"},{\"@type\":\"BreadcrumbList\",\"@id\":\"https:\/\/portalnpm.com\/index.php\/2022\/01\/17\/deputada-teresa-britto-ainda-nao-decidiu-se-acompanha-pv-na-federacao-com-o-pt\/#breadcrumb\",\"itemListElement\":[{\"@type\":\"ListItem\",\"position\":1,\"name\":\"In\u00edcio\",\"item\":\"https:\/\/portalnpm.com\/\"},{\"@type\":\"ListItem\",\"position\":2,\"name\":\"Deputada Teresa Britto ainda n\u00e3o decidiu se acompanha PV na federa\u00e7\u00e3o com o PT\"}]},{\"@type\":\"WebSite\",\"@id\":\"https:\/\/portalnpm.com\/#website\",\"url\":\"https:\/\/portalnpm.com\/\",\"name\":\"Portal NPM\",\"description\":\"Not\u00edcias em Primeira M\u00e3o\",\"potentialAction\":[{\"@type\":\"SearchAction\",\"target\":{\"@type\":\"EntryPoint\",\"urlTemplate\":\"https:\/\/portalnpm.com\/?s={search_term_string}\"},\"query-input\":\"required name=search_term_string\"}],\"inLanguage\":\"pt-BR\"},{\"@type\":\"Person\",\"@id\":\"https:\/\/portalnpm.com\/#\/schema\/person\/5c8006acdf71774cd4e7a5ab98482152\",\"name\":\"Luis Alberto\",\"image\":{\"@type\":\"ImageObject\",\"inLanguage\":\"pt-BR\",\"@id\":\"https:\/\/portalnpm.com\/#\/schema\/person\/image\/\",\"url\":\"https:\/\/portalnpm.com\/wp-content\/uploads\/2024\/12\/avatar_user_3_1734699769-96x96.jpeg\",\"contentUrl\":\"https:\/\/portalnpm.com\/wp-content\/uploads\/2024\/12\/avatar_user_3_1734699769-96x96.jpeg\",\"caption\":\"Luis Alberto\"},\"description\":\"Editor-geral do Portal NPM, \u00e9 formado como T\u00e9cnico em Seguran\u00e7a do Trabalho pela Escola Metropolitana de Cursos T\u00e9cnicos. Det\u00e9m ainda licenciatura em Educa\u00e7\u00e3o F\u00edsica e bacharelado em Ci\u00eancias Pol\u00edticas, ambos obtidos pela institui\u00e7\u00e3o Anhanguera\/UNOPAR.\",\"url\":\"https:\/\/portalnpm.com\/index.php\/author\/pereira\/\"}]}<\/script>\n<!-- \/ Yoast SEO plugin. -->","yoast_head_json":{"title":"Deputada Teresa Britto ainda n\u00e3o decidiu se acompanha PV na federa\u00e7\u00e3o com o PT - Portal NPM","robots":{"index":"index","follow":"follow","max-snippet":"max-snippet:-1","max-image-preview":"max-image-preview:large","max-video-preview":"max-video-preview:-1"},"canonical":"https:\/\/portalnpm.com\/index.php\/2022\/01\/17\/deputada-teresa-britto-ainda-nao-decidiu-se-acompanha-pv-na-federacao-com-o-pt\/","og_locale":"pt_BR","og_type":"article","og_title":"Deputada Teresa Britto ainda n\u00e3o decidiu se acompanha PV na federa\u00e7\u00e3o com o PT - Portal NPM","og_description":"A deputada termina amanh\u00e3, 18, tratamento de covid e deixa o isolamento dom\u00e9stico. E j\u00e1 ter\u00e1 pela frente importante decis\u00e3o pol\u00edtica para evitar o isolamento na busca de um novo mandato de deputada estadual. O PV numa federa\u00e7\u00e3o com o PT deixa a parlamentar em situa\u00e7\u00e3o de desconforto pol\u00edtico. Teresa Britto n\u00e3o quer sair do &hellip;","og_url":"https:\/\/portalnpm.com\/index.php\/2022\/01\/17\/deputada-teresa-britto-ainda-nao-decidiu-se-acompanha-pv-na-federacao-com-o-pt\/","og_site_name":"Portal NPM","article_published_time":"2022-01-17T17:28:07+00:00","author":"Luis Alberto","twitter_card":"summary_large_image","twitter_misc":{"Escrito por":"Luis Alberto","Est. tempo de leitura":"1 minuto"},"schema":{"@context":"https:\/\/schema.org","@graph":[{"@type":"WebPage","@id":"https:\/\/portalnpm.com\/index.php\/2022\/01\/17\/deputada-teresa-britto-ainda-nao-decidiu-se-acompanha-pv-na-federacao-com-o-pt\/","url":"https:\/\/portalnpm.com\/index.php\/2022\/01\/17\/deputada-teresa-britto-ainda-nao-decidiu-se-acompanha-pv-na-federacao-com-o-pt\/","name":"Deputada Teresa Britto ainda n\u00e3o decidiu se acompanha PV na federa\u00e7\u00e3o com o PT - Portal NPM","isPartOf":{"@id":"https:\/\/portalnpm.com\/#website"},"primaryImageOfPage":{"@id":"https:\/\/portalnpm.com\/index.php\/2022\/01\/17\/deputada-teresa-britto-ainda-nao-decidiu-se-acompanha-pv-na-federacao-com-o-pt\/#primaryimage"},"image":{"@id":"https:\/\/portalnpm.com\/index.php\/2022\/01\/17\/deputada-teresa-britto-ainda-nao-decidiu-se-acompanha-pv-na-federacao-com-o-pt\/#primaryimage"},"thumbnailUrl":"","datePublished":"2022-01-17T17:28:07+00:00","dateModified":"2022-01-17T17:28:07+00:00","author":{"@id":"https:\/\/portalnpm.com\/#\/schema\/person\/5c8006acdf71774cd4e7a5ab98482152"},"breadcrumb":{"@id":"https:\/\/portalnpm.com\/index.php\/2022\/01\/17\/deputada-teresa-britto-ainda-nao-decidiu-se-acompanha-pv-na-federacao-com-o-pt\/#breadcrumb"},"inLanguage":"pt-BR","potentialAction":[{"@type":"ReadAction","target":["https:\/\/portalnpm.com\/index.php\/2022\/01\/17\/deputada-teresa-britto-ainda-nao-decidiu-se-acompanha-pv-na-federacao-com-o-pt\/"]}]},{"@type":"ImageObject","inLanguage":"pt-BR","@id":"https:\/\/portalnpm.com\/index.php\/2022\/01\/17\/deputada-teresa-britto-ainda-nao-decidiu-se-acompanha-pv-na-federacao-com-o-pt\/#primaryimage","url":"","contentUrl":""},{"@type":"BreadcrumbList","@id":"https:\/\/portalnpm.com\/index.php\/2022\/01\/17\/deputada-teresa-britto-ainda-nao-decidiu-se-acompanha-pv-na-federacao-com-o-pt\/#breadcrumb","itemListElement":[{"@type":"ListItem","position":1,"name":"In\u00edcio","item":"https:\/\/portalnpm.com\/"},{"@type":"ListItem","position":2,"name":"Deputada Teresa Britto ainda n\u00e3o decidiu se acompanha PV na federa\u00e7\u00e3o com o PT"}]},{"@type":"WebSite","@id":"https:\/\/portalnpm.com\/#website","url":"https:\/\/portalnpm.com\/","name":"Portal NPM","description":"Not\u00edcias em Primeira M\u00e3o","potentialAction":[{"@type":"SearchAction","target":{"@type":"EntryPoint","urlTemplate":"https:\/\/portalnpm.com\/?s={search_term_string}"},"query-input":"required name=search_term_string"}],"inLanguage":"pt-BR"},{"@type":"Person","@id":"https:\/\/portalnpm.com\/#\/schema\/person\/5c8006acdf71774cd4e7a5ab98482152","name":"Luis Alberto","image":{"@type":"ImageObject","inLanguage":"pt-BR","@id":"https:\/\/portalnpm.com\/#\/schema\/person\/image\/","url":"https:\/\/portalnpm.com\/wp-content\/uploads\/2024\/12\/avatar_user_3_1734699769-96x96.jpeg","contentUrl":"https:\/\/portalnpm.com\/wp-content\/uploads\/2024\/12\/avatar_user_3_1734699769-96x96.jpeg","caption":"Luis Alberto"},"description":"Editor-geral do Portal NPM, \u00e9 formado como T\u00e9cnico em Seguran\u00e7a do Trabalho pela Escola Metropolitana de Cursos T\u00e9cnicos. Det\u00e9m ainda licenciatura em Educa\u00e7\u00e3o F\u00edsica e bacharelado em Ci\u00eancias Pol\u00edticas, ambos obtidos pela institui\u00e7\u00e3o Anhanguera\/UNOPAR.","url":"https:\/\/portalnpm.com\/index.php\/author\/pereira\/"}]}},"jetpack_sharing_enabled":true,"jetpack_featured_media_url":"","_links":{"self":[{"href":"https:\/\/portalnpm.com\/index.php\/wp-json\/wp\/v2\/posts\/39983"}],"collection":[{"href":"https:\/\/portalnpm.com\/index.php\/wp-json\/wp\/v2\/posts"}],"about":[{"href":"https:\/\/portalnpm.com\/index.php\/wp-json\/wp\/v2\/types\/post"}],"author":[{"embeddable":true,"href":"https:\/\/portalnpm.com\/index.php\/wp-json\/wp\/v2\/users\/3"}],"replies":[{"embeddable":true,"href":"https:\/\/portalnpm.com\/index.php\/wp-json\/wp\/v2\/comments?post=39983"}],"version-history":[{"count":0,"href":"https:\/\/portalnpm.com\/index.php\/wp-json\/wp\/v2\/posts\/39983\/revisions"}],"wp:featuredmedia":[{"embeddable":true,"href":"https:\/\/portalnpm.com\/index.php\/wp-json\/"}],"wp:attachment":[{"href":"https:\/\/portalnpm.com\/index.php\/wp-json\/wp\/v2\/media?parent=39983"}],"wp:term":[{"taxonomy":"category","embeddable":true,"href":"https:\/\/portalnpm.com\/index.php\/wp-json\/wp\/v2\/categories?post=39983"},{"taxonomy":"post_tag","embeddable":true,"href":"https:\/\/portalnpm.com\/index.php\/wp-json\/wp\/v2\/tags?post=39983"}],"curies":[{"name":"wp","href":"https:\/\/api.w.org\/{rel}","templated":true}]}}