{"id":40009,"date":"2022-01-18T19:29:09","date_gmt":"2022-01-18T22:29:09","guid":{"rendered":"https:\/\/backupnpm.codetainer.com.br\/?p=40009"},"modified":"2022-01-18T19:29:09","modified_gmt":"2022-01-18T22:29:09","slug":"pico-da-omicron-sera-atingido-nos-proximos-dias-diz-infectologista","status":"publish","type":"post","link":"https:\/\/portalnpm.com\/index.php\/2022\/01\/18\/pico-da-omicron-sera-atingido-nos-proximos-dias-diz-infectologista\/","title":{"rendered":"Pico da \u00d4micron ser\u00e1 atingido nos pr\u00f3ximos dias, diz infectologista"},"content":{"rendered":"<section class=\"articlebody  flexarticlebody \" data-id=\"40\" data-m=\"{&quot;i&quot;:40,&quot;p&quot;:39,&quot;n&quot;:&quot;articlebody&quot;,&quot;y&quot;:6,&quot;o&quot;:1}\">\n<p style=\"text-align: justify;\">O avan\u00e7o da\u00a0<a tabindex=\"0\" href=\"https:\/\/www.istoedinheiro.com.br\/omicron-nao-sera-a-ultima-variante-para-se-preocupar-diz-oms\/\" target=\"_blank\" rel=\"noopener\" data-id=\"42\" data-m=\"{&quot;i&quot;:42,&quot;p&quot;:40,&quot;n&quot;:&quot;partnerLink&quot;,&quot;y&quot;:24,&quot;o&quot;:2}\">variante<\/a>\u00a0\u00d4micron deve alcan\u00e7ar um pico nos pr\u00f3ximos dias no Brasil, segundo avalia\u00e7\u00e3o do infectologista e pesquisador da Funda\u00e7\u00e3o Oswaldo Cruz (Fiocruz) Julio Croda.<\/p>\n<p style=\"text-align: justify;\">\n<p style=\"text-align: justify;\">\n<p style=\"text-align: justify;\">Em entrevista \u00e0\u00a0<a tabindex=\"0\" href=\"https:\/\/www.cnnbrasil.com.br\/\" target=\"_blank\" rel=\"noopener\" data-id=\"43\" data-m=\"{&quot;i&quot;:43,&quot;p&quot;:40,&quot;n&quot;:&quot;partnerLink&quot;,&quot;y&quot;:24,&quot;o&quot;:3}\">CNN<\/a>\u00a0na segunda-feira, 17, Croda disse que o n\u00famero de infec\u00e7\u00f5es pode aumentar entre o fim de janeiro e o in\u00edcio de fevereiro.<\/p>\n<p style=\"text-align: justify;\">\u201cS\u00f3 a partir da\u00ed vamos observar uma queda no n\u00famero de casos, at\u00e9 l\u00e1 podemos ter um aumento nessas cidades com baixas coberturas vacinais\u201d, disse Croda.<\/p>\n<p style=\"text-align: justify;\">O infectologista ainda disse que \u00e9 um erro afirmar que a variante \u00d4micron \u00e9 mais leve, pois \u00e9 mais transmiss\u00edvel e pode levar pessoas n\u00e3o vacinas a hospitaliza\u00e7\u00f5es e \u00f3bitos.<\/p>\n<div id=\"outbrain_widget_0\" class=\"OUTBRAIN\" style=\"text-align: justify;\" data-external-id=\"098f7a82e205466abace99054722c4db\" data-src=\"DROP_PERMALINK_HERE\" data-widget-id=\"MB_1\" data-ob-mark=\"true\" data-browser=\"chrome\" data-os=\"linux armv8l\" data-dynload=\"\" data-idx=\"0\">\n<div class=\"ob-widget ob-grid-layout ob-text-on-image MB_1 ob-cmn-MB_1\" data-dynamic-truncate=\"true\">\n<div class=\"ob-widget-items-container\">\n<div class=\"ob-dynamic-rec-container ob-recIdx-0 ob-p\" data-pos=\"0\"><\/div>\n<\/div>\n<div class=\"ob-widget-footer\">\n<div class=\"ob-pixels\"><\/div>\n<\/div>\n<\/div>\n<\/div>\n<p style=\"text-align: justify;\">\u201c\u00c9 l\u00f3gico que essa variante n\u00e3o vai causar o mesmo n\u00famero de \u00f3bitos que causou a variante gama no pior momento, mas ela pode estar associada ao aumento de hospitaliza\u00e7\u00f5es, aumento de \u00f3bitos e principalmente um aumento por demanda de servi\u00e7os de sa\u00fade como a gente j\u00e1 est\u00e1 vendo. Pessoas ficaram 4, 6 horas aguardando nas emerg\u00eancias\u201d, disse.<\/p>\n<h3 style=\"text-align: justify;\">Vacina\u00e7\u00e3o<\/h3>\n<p style=\"text-align: justify;\">O infectologista ainda refor\u00e7ou que a prioridade neste momento no pa\u00eds \u00e9 refor\u00e7ar a imuniza\u00e7\u00e3o de todas as faixas et\u00e1rias com as doses extras.<\/p>\n<p style=\"text-align: justify;\">\u201cA prioridade n\u00famero um no Brasil \u00e9 a dose de refor\u00e7o, e l\u00f3gico imunizar as crian\u00e7as. Qualquer dose de vacina protege, duas ainda mais, tr\u00eas doses t\u00eam uma prote\u00e7\u00e3o muito elevada para interna\u00e7\u00e3o e \u00f3bito\u201d, afirmou.<\/p>\n<\/section>\n<div class=\"readmoremobile\" style=\"text-align: justify;\">Fonte:\u00a0 Catraca Livre<\/div>\n","protected":false},"excerpt":{"rendered":"<p>O avan\u00e7o da\u00a0variante\u00a0\u00d4micron deve alcan\u00e7ar um pico nos pr\u00f3ximos dias no Brasil, segundo avalia\u00e7\u00e3o do infectologista e pesquisador da Funda\u00e7\u00e3o Oswaldo Cruz (Fiocruz) Julio Croda. Em entrevista \u00e0\u00a0CNN\u00a0na segunda-feira, 17, Croda disse que o n\u00famero de infec\u00e7\u00f5es pode aumentar entre o fim de janeiro e o in\u00edcio de fevereiro. \u201cS\u00f3 a partir da\u00ed vamos observar &hellip;<\/p>\n","protected":false},"author":2,"featured_media":40010,"comment_status":"open","ping_status":"open","sticky":false,"template":"","format":"standard","meta":{"content-type":"","rop_custom_images_group":[],"rop_custom_messages_group":[],"rop_publish_now":"initial","rop_publish_now_accounts":{"facebook_2648258775420054_1618374048415101":""},"rop_publish_now_history":[],"rop_publish_now_status":"pending","footnotes":"","_jetpack_memberships_contains_paid_content":false},"categories":[113],"tags":[15007,4649],"yoast_head":"<!-- This site is optimized with the Yoast SEO plugin v22.3 - https:\/\/yoast.com\/wordpress\/plugins\/seo\/ -->\n<title>Pico da \u00d4micron ser\u00e1 atingido nos pr\u00f3ximos dias, diz infectologista - Portal NPM<\/title>\n<meta name=\"robots\" content=\"index, follow, max-snippet:-1, max-image-preview:large, max-video-preview:-1\" \/>\n<link rel=\"canonical\" href=\"https:\/\/portalnpm.com\/index.php\/2022\/01\/18\/pico-da-omicron-sera-atingido-nos-proximos-dias-diz-infectologista\/\" \/>\n<meta property=\"og:locale\" content=\"pt_BR\" \/>\n<meta property=\"og:type\" content=\"article\" \/>\n<meta property=\"og:title\" content=\"Pico da \u00d4micron ser\u00e1 atingido nos pr\u00f3ximos dias, diz infectologista - Portal NPM\" \/>\n<meta property=\"og:description\" content=\"O avan\u00e7o da\u00a0variante\u00a0\u00d4micron deve alcan\u00e7ar um pico nos pr\u00f3ximos dias no Brasil, segundo avalia\u00e7\u00e3o do infectologista e pesquisador da Funda\u00e7\u00e3o Oswaldo Cruz (Fiocruz) Julio Croda. Em entrevista \u00e0\u00a0CNN\u00a0na segunda-feira, 17, Croda disse que o n\u00famero de infec\u00e7\u00f5es pode aumentar entre o fim de janeiro e o in\u00edcio de fevereiro. \u201cS\u00f3 a partir da\u00ed vamos observar &hellip;\" \/>\n<meta property=\"og:url\" content=\"https:\/\/portalnpm.com\/index.php\/2022\/01\/18\/pico-da-omicron-sera-atingido-nos-proximos-dias-diz-infectologista\/\" \/>\n<meta property=\"og:site_name\" content=\"Portal NPM\" \/>\n<meta property=\"article:published_time\" content=\"2022-01-18T22:29:09+00:00\" \/>\n<meta name=\"author\" content=\"Genival Barbosa\" \/>\n<meta name=\"twitter:card\" content=\"summary_large_image\" \/>\n<meta name=\"twitter:label1\" content=\"Escrito por\" \/>\n\t<meta name=\"twitter:data1\" content=\"Genival Barbosa\" \/>\n\t<meta name=\"twitter:label2\" content=\"Est. tempo de leitura\" \/>\n\t<meta name=\"twitter:data2\" content=\"2 minutos\" \/>\n<script type=\"application\/ld+json\" class=\"yoast-schema-graph\">{\"@context\":\"https:\/\/schema.org\",\"@graph\":[{\"@type\":\"WebPage\",\"@id\":\"https:\/\/portalnpm.com\/index.php\/2022\/01\/18\/pico-da-omicron-sera-atingido-nos-proximos-dias-diz-infectologista\/\",\"url\":\"https:\/\/portalnpm.com\/index.php\/2022\/01\/18\/pico-da-omicron-sera-atingido-nos-proximos-dias-diz-infectologista\/\",\"name\":\"Pico da \u00d4micron ser\u00e1 atingido nos pr\u00f3ximos dias, diz infectologista - Portal NPM\",\"isPartOf\":{\"@id\":\"https:\/\/portalnpm.com\/#website\"},\"primaryImageOfPage\":{\"@id\":\"https:\/\/portalnpm.com\/index.php\/2022\/01\/18\/pico-da-omicron-sera-atingido-nos-proximos-dias-diz-infectologista\/#primaryimage\"},\"image\":{\"@id\":\"https:\/\/portalnpm.com\/index.php\/2022\/01\/18\/pico-da-omicron-sera-atingido-nos-proximos-dias-diz-infectologista\/#primaryimage\"},\"thumbnailUrl\":\"\",\"datePublished\":\"2022-01-18T22:29:09+00:00\",\"dateModified\":\"2022-01-18T22:29:09+00:00\",\"author\":{\"@id\":\"https:\/\/portalnpm.com\/#\/schema\/person\/49313e563cfdefcc167f1ee4c017c294\"},\"breadcrumb\":{\"@id\":\"https:\/\/portalnpm.com\/index.php\/2022\/01\/18\/pico-da-omicron-sera-atingido-nos-proximos-dias-diz-infectologista\/#breadcrumb\"},\"inLanguage\":\"pt-BR\",\"potentialAction\":[{\"@type\":\"ReadAction\",\"target\":[\"https:\/\/portalnpm.com\/index.php\/2022\/01\/18\/pico-da-omicron-sera-atingido-nos-proximos-dias-diz-infectologista\/\"]}]},{\"@type\":\"ImageObject\",\"inLanguage\":\"pt-BR\",\"@id\":\"https:\/\/portalnpm.com\/index.php\/2022\/01\/18\/pico-da-omicron-sera-atingido-nos-proximos-dias-diz-infectologista\/#primaryimage\",\"url\":\"\",\"contentUrl\":\"\"},{\"@type\":\"BreadcrumbList\",\"@id\":\"https:\/\/portalnpm.com\/index.php\/2022\/01\/18\/pico-da-omicron-sera-atingido-nos-proximos-dias-diz-infectologista\/#breadcrumb\",\"itemListElement\":[{\"@type\":\"ListItem\",\"position\":1,\"name\":\"In\u00edcio\",\"item\":\"https:\/\/portalnpm.com\/\"},{\"@type\":\"ListItem\",\"position\":2,\"name\":\"Pico da \u00d4micron ser\u00e1 atingido nos pr\u00f3ximos dias, diz infectologista\"}]},{\"@type\":\"WebSite\",\"@id\":\"https:\/\/portalnpm.com\/#website\",\"url\":\"https:\/\/portalnpm.com\/\",\"name\":\"Portal NPM\",\"description\":\"Not\u00edcias em Primeira M\u00e3o\",\"potentialAction\":[{\"@type\":\"SearchAction\",\"target\":{\"@type\":\"EntryPoint\",\"urlTemplate\":\"https:\/\/portalnpm.com\/?s={search_term_string}\"},\"query-input\":\"required name=search_term_string\"}],\"inLanguage\":\"pt-BR\"},{\"@type\":\"Person\",\"@id\":\"https:\/\/portalnpm.com\/#\/schema\/person\/49313e563cfdefcc167f1ee4c017c294\",\"name\":\"Genival Barbosa\",\"image\":{\"@type\":\"ImageObject\",\"inLanguage\":\"pt-BR\",\"@id\":\"https:\/\/portalnpm.com\/#\/schema\/person\/image\/\",\"url\":\"https:\/\/portalnpm.com\/wp-content\/uploads\/2024\/02\/avatar_user_2_1707743258-96x96.jpeg\",\"contentUrl\":\"https:\/\/portalnpm.com\/wp-content\/uploads\/2024\/02\/avatar_user_2_1707743258-96x96.jpeg\",\"caption\":\"Genival Barbosa\"},\"url\":\"https:\/\/portalnpm.com\/index.php\/author\/genival\/\"}]}<\/script>\n<!-- \/ Yoast SEO plugin. -->","yoast_head_json":{"title":"Pico da \u00d4micron ser\u00e1 atingido nos pr\u00f3ximos dias, diz infectologista - Portal NPM","robots":{"index":"index","follow":"follow","max-snippet":"max-snippet:-1","max-image-preview":"max-image-preview:large","max-video-preview":"max-video-preview:-1"},"canonical":"https:\/\/portalnpm.com\/index.php\/2022\/01\/18\/pico-da-omicron-sera-atingido-nos-proximos-dias-diz-infectologista\/","og_locale":"pt_BR","og_type":"article","og_title":"Pico da \u00d4micron ser\u00e1 atingido nos pr\u00f3ximos dias, diz infectologista - Portal NPM","og_description":"O avan\u00e7o da\u00a0variante\u00a0\u00d4micron deve alcan\u00e7ar um pico nos pr\u00f3ximos dias no Brasil, segundo avalia\u00e7\u00e3o do infectologista e pesquisador da Funda\u00e7\u00e3o Oswaldo Cruz (Fiocruz) Julio Croda. Em entrevista \u00e0\u00a0CNN\u00a0na segunda-feira, 17, Croda disse que o n\u00famero de infec\u00e7\u00f5es pode aumentar entre o fim de janeiro e o in\u00edcio de fevereiro. \u201cS\u00f3 a partir da\u00ed vamos observar &hellip;","og_url":"https:\/\/portalnpm.com\/index.php\/2022\/01\/18\/pico-da-omicron-sera-atingido-nos-proximos-dias-diz-infectologista\/","og_site_name":"Portal NPM","article_published_time":"2022-01-18T22:29:09+00:00","author":"Genival Barbosa","twitter_card":"summary_large_image","twitter_misc":{"Escrito por":"Genival Barbosa","Est. tempo de leitura":"2 minutos"},"schema":{"@context":"https:\/\/schema.org","@graph":[{"@type":"WebPage","@id":"https:\/\/portalnpm.com\/index.php\/2022\/01\/18\/pico-da-omicron-sera-atingido-nos-proximos-dias-diz-infectologista\/","url":"https:\/\/portalnpm.com\/index.php\/2022\/01\/18\/pico-da-omicron-sera-atingido-nos-proximos-dias-diz-infectologista\/","name":"Pico da \u00d4micron ser\u00e1 atingido nos pr\u00f3ximos dias, diz infectologista - Portal NPM","isPartOf":{"@id":"https:\/\/portalnpm.com\/#website"},"primaryImageOfPage":{"@id":"https:\/\/portalnpm.com\/index.php\/2022\/01\/18\/pico-da-omicron-sera-atingido-nos-proximos-dias-diz-infectologista\/#primaryimage"},"image":{"@id":"https:\/\/portalnpm.com\/index.php\/2022\/01\/18\/pico-da-omicron-sera-atingido-nos-proximos-dias-diz-infectologista\/#primaryimage"},"thumbnailUrl":"","datePublished":"2022-01-18T22:29:09+00:00","dateModified":"2022-01-18T22:29:09+00:00","author":{"@id":"https:\/\/portalnpm.com\/#\/schema\/person\/49313e563cfdefcc167f1ee4c017c294"},"breadcrumb":{"@id":"https:\/\/portalnpm.com\/index.php\/2022\/01\/18\/pico-da-omicron-sera-atingido-nos-proximos-dias-diz-infectologista\/#breadcrumb"},"inLanguage":"pt-BR","potentialAction":[{"@type":"ReadAction","target":["https:\/\/portalnpm.com\/index.php\/2022\/01\/18\/pico-da-omicron-sera-atingido-nos-proximos-dias-diz-infectologista\/"]}]},{"@type":"ImageObject","inLanguage":"pt-BR","@id":"https:\/\/portalnpm.com\/index.php\/2022\/01\/18\/pico-da-omicron-sera-atingido-nos-proximos-dias-diz-infectologista\/#primaryimage","url":"","contentUrl":""},{"@type":"BreadcrumbList","@id":"https:\/\/portalnpm.com\/index.php\/2022\/01\/18\/pico-da-omicron-sera-atingido-nos-proximos-dias-diz-infectologista\/#breadcrumb","itemListElement":[{"@type":"ListItem","position":1,"name":"In\u00edcio","item":"https:\/\/portalnpm.com\/"},{"@type":"ListItem","position":2,"name":"Pico da \u00d4micron ser\u00e1 atingido nos pr\u00f3ximos dias, diz infectologista"}]},{"@type":"WebSite","@id":"https:\/\/portalnpm.com\/#website","url":"https:\/\/portalnpm.com\/","name":"Portal NPM","description":"Not\u00edcias em Primeira M\u00e3o","potentialAction":[{"@type":"SearchAction","target":{"@type":"EntryPoint","urlTemplate":"https:\/\/portalnpm.com\/?s={search_term_string}"},"query-input":"required name=search_term_string"}],"inLanguage":"pt-BR"},{"@type":"Person","@id":"https:\/\/portalnpm.com\/#\/schema\/person\/49313e563cfdefcc167f1ee4c017c294","name":"Genival Barbosa","image":{"@type":"ImageObject","inLanguage":"pt-BR","@id":"https:\/\/portalnpm.com\/#\/schema\/person\/image\/","url":"https:\/\/portalnpm.com\/wp-content\/uploads\/2024\/02\/avatar_user_2_1707743258-96x96.jpeg","contentUrl":"https:\/\/portalnpm.com\/wp-content\/uploads\/2024\/02\/avatar_user_2_1707743258-96x96.jpeg","caption":"Genival Barbosa"},"url":"https:\/\/portalnpm.com\/index.php\/author\/genival\/"}]}},"jetpack_sharing_enabled":true,"jetpack_featured_media_url":"","_links":{"self":[{"href":"https:\/\/portalnpm.com\/index.php\/wp-json\/wp\/v2\/posts\/40009"}],"collection":[{"href":"https:\/\/portalnpm.com\/index.php\/wp-json\/wp\/v2\/posts"}],"about":[{"href":"https:\/\/portalnpm.com\/index.php\/wp-json\/wp\/v2\/types\/post"}],"author":[{"embeddable":true,"href":"https:\/\/portalnpm.com\/index.php\/wp-json\/wp\/v2\/users\/2"}],"replies":[{"embeddable":true,"href":"https:\/\/portalnpm.com\/index.php\/wp-json\/wp\/v2\/comments?post=40009"}],"version-history":[{"count":0,"href":"https:\/\/portalnpm.com\/index.php\/wp-json\/wp\/v2\/posts\/40009\/revisions"}],"wp:featuredmedia":[{"embeddable":true,"href":"https:\/\/portalnpm.com\/index.php\/wp-json\/"}],"wp:attachment":[{"href":"https:\/\/portalnpm.com\/index.php\/wp-json\/wp\/v2\/media?parent=40009"}],"wp:term":[{"taxonomy":"category","embeddable":true,"href":"https:\/\/portalnpm.com\/index.php\/wp-json\/wp\/v2\/categories?post=40009"},{"taxonomy":"post_tag","embeddable":true,"href":"https:\/\/portalnpm.com\/index.php\/wp-json\/wp\/v2\/tags?post=40009"}],"curies":[{"name":"wp","href":"https:\/\/api.w.org\/{rel}","templated":true}]}}