{"id":40035,"date":"2022-01-20T06:09:23","date_gmt":"2022-01-20T09:09:23","guid":{"rendered":"https:\/\/backupnpm.codetainer.com.br\/?p=40035"},"modified":"2022-01-20T06:09:23","modified_gmt":"2022-01-20T09:09:23","slug":"brasil-bate-recorde-de-casos-diarios-de-covid-19-com-2048-mil","status":"publish","type":"post","link":"https:\/\/portalnpm.com\/index.php\/2022\/01\/20\/brasil-bate-recorde-de-casos-diarios-de-covid-19-com-2048-mil\/","title":{"rendered":"Brasil bate recorde de casos di\u00e1rios de covid-19 com 204,8 mil"},"content":{"rendered":"<div class=\"post-item-wrap\">\n<p style=\"text-align: justify;\">O n\u00famero de infec\u00e7\u00f5es di\u00e1rias pelo novo coronav\u00edrus segue em alta no Brasil. Segundo boletim do Minist\u00e9rio da Sa\u00fade (MS) divulgado hoje (19), foram 204.854 casos registrados em 24 horas, o maior n\u00famero desde o in\u00edcio da pandemia. O n\u00famero de pessoas infectadas pela covid-19 totaliza 23.416.748.<img decoding=\"async\" src=\"https:\/\/agenciabrasil.ebc.com.br\/ebc.png?id=1437720&amp;o=node\" \/><img decoding=\"async\" src=\"https:\/\/agenciabrasil.ebc.com.br\/ebc.gif?id=1437720&amp;o=node\" \/><\/p>\n<p style=\"text-align: justify;\">\n<p style=\"text-align: justify;\">\n<p style=\"text-align: justify;\">O n\u00famero de mortes causadas pela covid-19 n\u00e3o tem crescido na mesma propor\u00e7\u00e3o e chegou a 621.855, com 338 \u00f3bitos entre ontem (18) e hoje. H\u00e1 3.062 mortes em investiga\u00e7\u00e3o. Os dados de mortes em investiga\u00e7\u00e3o ocorrem por haver casos em que o paciente morreu, mas a investiga\u00e7\u00e3o da causa demanda exames e procedimentos posteriores.<\/p>\n<p style=\"text-align: justify;\">At\u00e9 o momento, segundo o minist\u00e9rio, 21.848.301 pessoas se recuperaram da doen\u00e7a.<\/p>\n<div class=\"dnd-widget-wrapper context-cheio_8colunas type-image\" style=\"text-align: justify;\">\n<div class=\"dnd-atom-rendered\">\n<div class=\"shadow overflow-hidden rounded-lg d-block zoom-on-hover-sm shadow-hover w-100\"><img decoding=\"async\" class=\"flex-fill img-cover\" title=\"19\/01\/2022\/Divulga\u00e7\u00e3o\/ Minist\u00e9rio da Sa\u00fade\" src=\"https:\/\/imagens.ebc.com.br\/SScyDIi_MtPg4iH9g3HkWwV5THc=\/754x0\/smart\/https:\/\/agenciabrasil.ebc.com.br\/sites\/default\/files\/thumbnails\/image\/photo5136408164915325399.jpg?itok=Ci5_MV7A\" alt=\"Boletim epidemiol\u00f3gico da covid-19\" \/><\/div>\n<\/div>\n<div class=\"dnd-caption-wrapper\">\n<h6 class=\"meta\">Boletim epidemiol\u00f3gico da covid-19 &#8211;\u00a0<strong>19\/01\/2022\/Divulga\u00e7\u00e3o\/ Minist\u00e9rio da Sa\u00fade<\/strong><\/h6>\n<\/div>\n<\/div>\n<h2 style=\"text-align: justify;\">Estados<\/h2>\n<p style=\"text-align: justify;\">Segundo o balan\u00e7o fornecido pelas Secretarias Estaduais de Sa\u00fade, o estado com mais mortes por covid-19 \u00e9 S\u00e3o Paulo, com 155.997 registros. Em seguida, aparece o Rio de Janeiro (69.623), Minas Gerais (56.866), Paran\u00e1 (40.951) e Rio Grande do Sul (36.564).<\/p>\n<p style=\"text-align: justify;\">Os estados com menos \u00f3bitos s\u00e3o Acre (1.854), Amap\u00e1 (2.033), Roraima (2.082) e Tocantins (3.978).<\/p>\n<p style=\"text-align: justify;\">As unidades da federa\u00e7\u00e3o com mais casos registrados s\u00e3o S\u00e3o Paulo (4,5 milh\u00f5es), Minas Gerais (2,4 milh\u00f5es) e Paran\u00e1 (1,7 milh\u00e3o). Os estados com menos casos s\u00e3o Acre (91,4 mil), Amap\u00e1 (130,9 mil) e Roraima (134 mil).<\/p>\n<h2 style=\"text-align: justify;\">\u00d4micron<\/h2>\n<p style=\"text-align: justify;\">A pasta tamb\u00e9m informou que foram registrados 811 casos de pessoas infectadas pela variante \u00d4micron, com incid\u00eancia confirmada em 16 unidades da Federa\u00e7\u00e3o, com Pernambuco (145) e Rio de Janeiro (156) registrando o maior n\u00famero de casos. Tamb\u00e9m foram registradas duas mortes, uma em Alagoas e outra em Goi\u00e1s.<\/p>\n<p style=\"text-align: justify;\">H\u00e1 1.080 casos e duas mortes pela nova variante em investiga\u00e7\u00e3o.<\/p>\n<div class=\"dnd-widget-wrapper context-cheio_8colunas type-image\" style=\"text-align: justify;\">\n<div class=\"dnd-atom-rendered\">\n<div class=\"shadow overflow-hidden rounded-lg d-block zoom-on-hover-sm shadow-hover w-100\"><img decoding=\"async\" class=\"flex-fill img-cover\" title=\"19\/01\/2022\/Divulga\u00e7\u00e3o\/ Minist\u00e9rio da Sa\u00fade\" src=\"https:\/\/imagens.ebc.com.br\/Ixh8e66X_0C-xJFgLEirlbRsvyU=\/754x0\/smart\/https:\/\/agenciabrasil.ebc.com.br\/sites\/default\/files\/thumbnails\/image\/photo5136408164915325400.jpg?itok=ouUOw3Fd\" alt=\"Boletim da variante \u00d4micron\" \/><\/div>\n<\/div>\n<div class=\"dnd-caption-wrapper\">\n<h6 class=\"meta\">Boletim da variante \u00d4micron &#8211;\u00a0<strong>19\/01\/2022\/Divulga\u00e7\u00e3o\/ Minist\u00e9rio da Sa\u00fade<\/strong><\/h6>\n<\/div>\n<\/div>\n<h2 style=\"text-align: justify;\">Vacina\u00e7\u00e3o<\/h2>\n<p style=\"text-align: justify;\">O painel nacional de vacina\u00e7\u00e3o do Minist\u00e9rio da Sa\u00fade registrou, em sua \u00faltima atualiza\u00e7\u00e3o, um total de doses aplicadas de 325,7 milh\u00f5es.<\/p>\n<p style=\"text-align: justify;\">At\u00e9 o momento, 159 milh\u00f5es receberam a primeira dose e 139,8 milh\u00f5es j\u00e1 receberam as duas doses ou a dose \u00fanica. Al\u00e9m disso, 25,7 milh\u00f5es de pessoas tomaram a terceira dose (dose de refor\u00e7o).<\/p>\n<\/div>\n<p class=\"alt-font font-italic my-2 small text-info\" style=\"text-align: justify;\">Fonte: Ag\u00eancia Brasil<\/p>\n","protected":false},"excerpt":{"rendered":"<p>O n\u00famero de infec\u00e7\u00f5es di\u00e1rias pelo novo coronav\u00edrus segue em alta no Brasil. Segundo boletim do Minist\u00e9rio da Sa\u00fade (MS) divulgado hoje (19), foram 204.854 casos registrados em 24 horas, o maior n\u00famero desde o in\u00edcio da pandemia. O n\u00famero de pessoas infectadas pela covid-19 totaliza 23.416.748. O n\u00famero de mortes causadas pela covid-19 n\u00e3o &hellip;<\/p>\n","protected":false},"author":2,"featured_media":40036,"comment_status":"open","ping_status":"open","sticky":false,"template":"","format":"standard","meta":{"content-type":"","rop_custom_images_group":[],"rop_custom_messages_group":[],"rop_publish_now":"initial","rop_publish_now_accounts":{"facebook_2648258775420054_1618374048415101":""},"rop_publish_now_history":[],"rop_publish_now_status":"pending","footnotes":"","_jetpack_memberships_contains_paid_content":false},"categories":[113],"tags":[674,1113,1621],"yoast_head":"<!-- This site is optimized with the Yoast SEO plugin v22.3 - https:\/\/yoast.com\/wordpress\/plugins\/seo\/ -->\n<title>Brasil bate recorde de casos di\u00e1rios de covid-19 com 204,8 mil - Portal NPM<\/title>\n<meta name=\"robots\" content=\"index, follow, max-snippet:-1, max-image-preview:large, max-video-preview:-1\" \/>\n<link rel=\"canonical\" href=\"https:\/\/portalnpm.com\/index.php\/2022\/01\/20\/brasil-bate-recorde-de-casos-diarios-de-covid-19-com-2048-mil\/\" \/>\n<meta property=\"og:locale\" content=\"pt_BR\" \/>\n<meta property=\"og:type\" content=\"article\" \/>\n<meta property=\"og:title\" content=\"Brasil bate recorde de casos di\u00e1rios de covid-19 com 204,8 mil - Portal NPM\" \/>\n<meta property=\"og:description\" content=\"O n\u00famero de infec\u00e7\u00f5es di\u00e1rias pelo novo coronav\u00edrus segue em alta no Brasil. Segundo boletim do Minist\u00e9rio da Sa\u00fade (MS) divulgado hoje (19), foram 204.854 casos registrados em 24 horas, o maior n\u00famero desde o in\u00edcio da pandemia. O n\u00famero de pessoas infectadas pela covid-19 totaliza 23.416.748. O n\u00famero de mortes causadas pela covid-19 n\u00e3o &hellip;\" \/>\n<meta property=\"og:url\" content=\"https:\/\/portalnpm.com\/index.php\/2022\/01\/20\/brasil-bate-recorde-de-casos-diarios-de-covid-19-com-2048-mil\/\" \/>\n<meta property=\"og:site_name\" content=\"Portal NPM\" \/>\n<meta property=\"article:published_time\" content=\"2022-01-20T09:09:23+00:00\" \/>\n<meta name=\"author\" content=\"Genival Barbosa\" \/>\n<meta name=\"twitter:card\" content=\"summary_large_image\" \/>\n<meta name=\"twitter:label1\" content=\"Escrito por\" \/>\n\t<meta name=\"twitter:data1\" content=\"Genival Barbosa\" \/>\n\t<meta name=\"twitter:label2\" content=\"Est. tempo de leitura\" \/>\n\t<meta name=\"twitter:data2\" content=\"3 minutos\" \/>\n<script type=\"application\/ld+json\" class=\"yoast-schema-graph\">{\"@context\":\"https:\/\/schema.org\",\"@graph\":[{\"@type\":\"WebPage\",\"@id\":\"https:\/\/portalnpm.com\/index.php\/2022\/01\/20\/brasil-bate-recorde-de-casos-diarios-de-covid-19-com-2048-mil\/\",\"url\":\"https:\/\/portalnpm.com\/index.php\/2022\/01\/20\/brasil-bate-recorde-de-casos-diarios-de-covid-19-com-2048-mil\/\",\"name\":\"Brasil bate recorde de casos di\u00e1rios de covid-19 com 204,8 mil - Portal NPM\",\"isPartOf\":{\"@id\":\"https:\/\/portalnpm.com\/#website\"},\"primaryImageOfPage\":{\"@id\":\"https:\/\/portalnpm.com\/index.php\/2022\/01\/20\/brasil-bate-recorde-de-casos-diarios-de-covid-19-com-2048-mil\/#primaryimage\"},\"image\":{\"@id\":\"https:\/\/portalnpm.com\/index.php\/2022\/01\/20\/brasil-bate-recorde-de-casos-diarios-de-covid-19-com-2048-mil\/#primaryimage\"},\"thumbnailUrl\":\"\",\"datePublished\":\"2022-01-20T09:09:23+00:00\",\"dateModified\":\"2022-01-20T09:09:23+00:00\",\"author\":{\"@id\":\"https:\/\/portalnpm.com\/#\/schema\/person\/49313e563cfdefcc167f1ee4c017c294\"},\"breadcrumb\":{\"@id\":\"https:\/\/portalnpm.com\/index.php\/2022\/01\/20\/brasil-bate-recorde-de-casos-diarios-de-covid-19-com-2048-mil\/#breadcrumb\"},\"inLanguage\":\"pt-BR\",\"potentialAction\":[{\"@type\":\"ReadAction\",\"target\":[\"https:\/\/portalnpm.com\/index.php\/2022\/01\/20\/brasil-bate-recorde-de-casos-diarios-de-covid-19-com-2048-mil\/\"]}]},{\"@type\":\"ImageObject\",\"inLanguage\":\"pt-BR\",\"@id\":\"https:\/\/portalnpm.com\/index.php\/2022\/01\/20\/brasil-bate-recorde-de-casos-diarios-de-covid-19-com-2048-mil\/#primaryimage\",\"url\":\"\",\"contentUrl\":\"\"},{\"@type\":\"BreadcrumbList\",\"@id\":\"https:\/\/portalnpm.com\/index.php\/2022\/01\/20\/brasil-bate-recorde-de-casos-diarios-de-covid-19-com-2048-mil\/#breadcrumb\",\"itemListElement\":[{\"@type\":\"ListItem\",\"position\":1,\"name\":\"In\u00edcio\",\"item\":\"https:\/\/portalnpm.com\/\"},{\"@type\":\"ListItem\",\"position\":2,\"name\":\"Brasil bate recorde de casos di\u00e1rios de covid-19 com 204,8 mil\"}]},{\"@type\":\"WebSite\",\"@id\":\"https:\/\/portalnpm.com\/#website\",\"url\":\"https:\/\/portalnpm.com\/\",\"name\":\"Portal NPM\",\"description\":\"Not\u00edcias em Primeira M\u00e3o\",\"potentialAction\":[{\"@type\":\"SearchAction\",\"target\":{\"@type\":\"EntryPoint\",\"urlTemplate\":\"https:\/\/portalnpm.com\/?s={search_term_string}\"},\"query-input\":\"required name=search_term_string\"}],\"inLanguage\":\"pt-BR\"},{\"@type\":\"Person\",\"@id\":\"https:\/\/portalnpm.com\/#\/schema\/person\/49313e563cfdefcc167f1ee4c017c294\",\"name\":\"Genival Barbosa\",\"image\":{\"@type\":\"ImageObject\",\"inLanguage\":\"pt-BR\",\"@id\":\"https:\/\/portalnpm.com\/#\/schema\/person\/image\/\",\"url\":\"https:\/\/portalnpm.com\/wp-content\/uploads\/2024\/02\/avatar_user_2_1707743258-96x96.jpeg\",\"contentUrl\":\"https:\/\/portalnpm.com\/wp-content\/uploads\/2024\/02\/avatar_user_2_1707743258-96x96.jpeg\",\"caption\":\"Genival Barbosa\"},\"url\":\"https:\/\/portalnpm.com\/index.php\/author\/genival\/\"}]}<\/script>\n<!-- \/ Yoast SEO plugin. -->","yoast_head_json":{"title":"Brasil bate recorde de casos di\u00e1rios de covid-19 com 204,8 mil - Portal NPM","robots":{"index":"index","follow":"follow","max-snippet":"max-snippet:-1","max-image-preview":"max-image-preview:large","max-video-preview":"max-video-preview:-1"},"canonical":"https:\/\/portalnpm.com\/index.php\/2022\/01\/20\/brasil-bate-recorde-de-casos-diarios-de-covid-19-com-2048-mil\/","og_locale":"pt_BR","og_type":"article","og_title":"Brasil bate recorde de casos di\u00e1rios de covid-19 com 204,8 mil - Portal NPM","og_description":"O n\u00famero de infec\u00e7\u00f5es di\u00e1rias pelo novo coronav\u00edrus segue em alta no Brasil. Segundo boletim do Minist\u00e9rio da Sa\u00fade (MS) divulgado hoje (19), foram 204.854 casos registrados em 24 horas, o maior n\u00famero desde o in\u00edcio da pandemia. O n\u00famero de pessoas infectadas pela covid-19 totaliza 23.416.748. O n\u00famero de mortes causadas pela covid-19 n\u00e3o &hellip;","og_url":"https:\/\/portalnpm.com\/index.php\/2022\/01\/20\/brasil-bate-recorde-de-casos-diarios-de-covid-19-com-2048-mil\/","og_site_name":"Portal NPM","article_published_time":"2022-01-20T09:09:23+00:00","author":"Genival Barbosa","twitter_card":"summary_large_image","twitter_misc":{"Escrito por":"Genival Barbosa","Est. tempo de leitura":"3 minutos"},"schema":{"@context":"https:\/\/schema.org","@graph":[{"@type":"WebPage","@id":"https:\/\/portalnpm.com\/index.php\/2022\/01\/20\/brasil-bate-recorde-de-casos-diarios-de-covid-19-com-2048-mil\/","url":"https:\/\/portalnpm.com\/index.php\/2022\/01\/20\/brasil-bate-recorde-de-casos-diarios-de-covid-19-com-2048-mil\/","name":"Brasil bate recorde de casos di\u00e1rios de covid-19 com 204,8 mil - Portal NPM","isPartOf":{"@id":"https:\/\/portalnpm.com\/#website"},"primaryImageOfPage":{"@id":"https:\/\/portalnpm.com\/index.php\/2022\/01\/20\/brasil-bate-recorde-de-casos-diarios-de-covid-19-com-2048-mil\/#primaryimage"},"image":{"@id":"https:\/\/portalnpm.com\/index.php\/2022\/01\/20\/brasil-bate-recorde-de-casos-diarios-de-covid-19-com-2048-mil\/#primaryimage"},"thumbnailUrl":"","datePublished":"2022-01-20T09:09:23+00:00","dateModified":"2022-01-20T09:09:23+00:00","author":{"@id":"https:\/\/portalnpm.com\/#\/schema\/person\/49313e563cfdefcc167f1ee4c017c294"},"breadcrumb":{"@id":"https:\/\/portalnpm.com\/index.php\/2022\/01\/20\/brasil-bate-recorde-de-casos-diarios-de-covid-19-com-2048-mil\/#breadcrumb"},"inLanguage":"pt-BR","potentialAction":[{"@type":"ReadAction","target":["https:\/\/portalnpm.com\/index.php\/2022\/01\/20\/brasil-bate-recorde-de-casos-diarios-de-covid-19-com-2048-mil\/"]}]},{"@type":"ImageObject","inLanguage":"pt-BR","@id":"https:\/\/portalnpm.com\/index.php\/2022\/01\/20\/brasil-bate-recorde-de-casos-diarios-de-covid-19-com-2048-mil\/#primaryimage","url":"","contentUrl":""},{"@type":"BreadcrumbList","@id":"https:\/\/portalnpm.com\/index.php\/2022\/01\/20\/brasil-bate-recorde-de-casos-diarios-de-covid-19-com-2048-mil\/#breadcrumb","itemListElement":[{"@type":"ListItem","position":1,"name":"In\u00edcio","item":"https:\/\/portalnpm.com\/"},{"@type":"ListItem","position":2,"name":"Brasil bate recorde de casos di\u00e1rios de covid-19 com 204,8 mil"}]},{"@type":"WebSite","@id":"https:\/\/portalnpm.com\/#website","url":"https:\/\/portalnpm.com\/","name":"Portal NPM","description":"Not\u00edcias em Primeira M\u00e3o","potentialAction":[{"@type":"SearchAction","target":{"@type":"EntryPoint","urlTemplate":"https:\/\/portalnpm.com\/?s={search_term_string}"},"query-input":"required name=search_term_string"}],"inLanguage":"pt-BR"},{"@type":"Person","@id":"https:\/\/portalnpm.com\/#\/schema\/person\/49313e563cfdefcc167f1ee4c017c294","name":"Genival Barbosa","image":{"@type":"ImageObject","inLanguage":"pt-BR","@id":"https:\/\/portalnpm.com\/#\/schema\/person\/image\/","url":"https:\/\/portalnpm.com\/wp-content\/uploads\/2024\/02\/avatar_user_2_1707743258-96x96.jpeg","contentUrl":"https:\/\/portalnpm.com\/wp-content\/uploads\/2024\/02\/avatar_user_2_1707743258-96x96.jpeg","caption":"Genival Barbosa"},"url":"https:\/\/portalnpm.com\/index.php\/author\/genival\/"}]}},"jetpack_sharing_enabled":true,"jetpack_featured_media_url":"","_links":{"self":[{"href":"https:\/\/portalnpm.com\/index.php\/wp-json\/wp\/v2\/posts\/40035"}],"collection":[{"href":"https:\/\/portalnpm.com\/index.php\/wp-json\/wp\/v2\/posts"}],"about":[{"href":"https:\/\/portalnpm.com\/index.php\/wp-json\/wp\/v2\/types\/post"}],"author":[{"embeddable":true,"href":"https:\/\/portalnpm.com\/index.php\/wp-json\/wp\/v2\/users\/2"}],"replies":[{"embeddable":true,"href":"https:\/\/portalnpm.com\/index.php\/wp-json\/wp\/v2\/comments?post=40035"}],"version-history":[{"count":0,"href":"https:\/\/portalnpm.com\/index.php\/wp-json\/wp\/v2\/posts\/40035\/revisions"}],"wp:featuredmedia":[{"embeddable":true,"href":"https:\/\/portalnpm.com\/index.php\/wp-json\/"}],"wp:attachment":[{"href":"https:\/\/portalnpm.com\/index.php\/wp-json\/wp\/v2\/media?parent=40035"}],"wp:term":[{"taxonomy":"category","embeddable":true,"href":"https:\/\/portalnpm.com\/index.php\/wp-json\/wp\/v2\/categories?post=40035"},{"taxonomy":"post_tag","embeddable":true,"href":"https:\/\/portalnpm.com\/index.php\/wp-json\/wp\/v2\/tags?post=40035"}],"curies":[{"name":"wp","href":"https:\/\/api.w.org\/{rel}","templated":true}]}}