{"id":40102,"date":"2022-01-23T18:39:59","date_gmt":"2022-01-23T21:39:59","guid":{"rendered":"https:\/\/backupnpm.codetainer.com.br\/?p=40102"},"modified":"2022-01-23T18:39:59","modified_gmt":"2022-01-23T21:39:59","slug":"crianca-de-2-anos-morre-vitima-da-covid-19-no-hospital-justino-luz","status":"publish","type":"post","link":"https:\/\/portalnpm.com\/index.php\/2022\/01\/23\/crianca-de-2-anos-morre-vitima-da-covid-19-no-hospital-justino-luz\/","title":{"rendered":"Crian\u00e7a de 2 anos morre v\u00edtima da covid-19 no Hospital Justino Luz"},"content":{"rendered":"<p style=\"text-align: justify;\">Uma crian\u00e7a de 2 anos identificada como Levi Carvalho de Jesus morreu na madrugada deste domingo (23), por volta de 3h40, v\u00edtima de Insufici\u00eancia Respirat\u00f3ria Aguda causada pela <a href=\"https:\/\/www.gp1.com.br\/noticias-sobre\/mundo\/covid-19\/\" target=\"_blank\" rel=\"noopener\">covid-19<\/a>, no <a href=\"https:\/\/www.gp1.com.br\/noticias-sobre\/piaui\/hospital-regional-justino-luz\/\" target=\"_blank\" rel=\"noopener\">Hospital Regional Justino Luz<\/a>, em Picos. A informa\u00e7\u00e3o foi confirmada pela assessoria do hospital.<\/p>\n<p style=\"text-align: justify;\">\n<p style=\"text-align: justify;\">\n<p style=\"text-align: justify;\">Levi deu entrada no pronto-socorro para s\u00edndromes gripais do hospital na sexta-feira (21) e estava aguardando uma vaga para ser transferido para o Hospital Infantil, em Teresina.<\/p>\n<div id=\"_ppads_video\" style=\"text-align: justify;\"><\/div>\n<div class=\"teads-adCall\" style=\"text-align: justify;\"><\/div>\n<div class=\"big-image-noticia\" style=\"text-align: justify;\"><span class=\"credit\">Foto: Divulga\u00e7\u00e3o\/Ascom<\/span><img fetchpriority=\"high\" decoding=\"async\" src=\"https:\/\/www.gp1.com.br\/media\/image_bank\/2021\/9\/hospital-justino-luz.jpg.1200x0_q95_crop.webp\" alt=\"Hospital Justino Luz\" width=\"1200\" height=\"799\" \/><\/p>\n<div class=\"legend\">Hospital Justino Luz<\/div>\n<\/div>\n<p style=\"text-align: justify;\">No entanto, o menino teve uma piora no quadro de sa\u00fade e n\u00e3o resistiu \u00e0s complica\u00e7\u00f5es da covid-19, vindo a falecer na madrugada deste domingo (23).<\/p>\n<p style=\"text-align: justify;\">Levi Carvalho de Jesus era filho de Elieny Veloso de Carvalho e Gilmar Jesus, propriet\u00e1rios da \u00d3tica Perfil. O casal tem mais um filho, Lucas, de 10 anos.<\/p>\n<div id=\"lx_684982\" class=\"__lxG__multi __lxG__multi_lx_684982 __lxG__not_empty_block\" style=\"text-align: justify;\" data-cnt=\"1\" data-width=\"378\" data-height=\"382\">\n<div id=\"div-gpt-ad-22641891333-1\" data-google-query-id=\"CPeoxqPqyPUCFSg3uQYdHM8MOg\">\n<div id=\"google_ads_iframe_\/45470634,12635228\/clickio_area_684982_300x250_0__container__\"><\/div>\n<\/div>\n<\/div>\n<p style=\"text-align: justify;\"><strong>Situa\u00e7\u00e3o da covid-19 no Piau\u00ed<\/strong><\/p>\n<p style=\"text-align: justify;\">A <a href=\"https:\/\/www.gp1.com.br\/noticias-sobre\/piaui\/secretaria-de-estado-da-saude\/\" target=\"_blank\" rel=\"noopener\">Secretaria de Sa\u00fade do Piau\u00ed<\/a> (Sesapi) divulgou boletim epidemiol\u00f3gico na noite deste s\u00e1bado (22), informando que o Piau\u00ed registrou 03 mortes por covid-19 nas \u00faltimas 24 horas, e com isso o estado atingiu a marca de 7.346 \u00f3bitos, registrados desde o in\u00edcio da pandemia.<\/p>\n<p style=\"text-align: justify;\">Ainda conforme a Sesapi, foram confirmados mais 266 casos da doen\u00e7a, e agora o total de casos positivos no estado chega a 338.343.<\/p>\n<div class=\"topic\" style=\"text-align: justify;\"><strong class=\"title\"><span class=\"txt\">Fonte: GP1<\/span><\/strong><\/div>\n","protected":false},"excerpt":{"rendered":"<p>Uma crian\u00e7a de 2 anos identificada como Levi Carvalho de Jesus morreu na madrugada deste domingo (23), por volta de 3h40, v\u00edtima de Insufici\u00eancia Respirat\u00f3ria Aguda causada pela covid-19, no Hospital Regional Justino Luz, em Picos. A informa\u00e7\u00e3o foi confirmada pela assessoria do hospital. Levi deu entrada no pronto-socorro para s\u00edndromes gripais do hospital na &hellip;<\/p>\n","protected":false},"author":2,"featured_media":40103,"comment_status":"open","ping_status":"open","sticky":false,"template":"","format":"standard","meta":{"content-type":"","rop_custom_images_group":[],"rop_custom_messages_group":[],"rop_publish_now":"initial","rop_publish_now_accounts":{"facebook_2648258775420054_1618374048415101":""},"rop_publish_now_history":[],"rop_publish_now_status":"pending","footnotes":"","_jetpack_memberships_contains_paid_content":false},"categories":[113,109,127],"tags":[1113,131,132,128],"yoast_head":"<!-- This site is optimized with the Yoast SEO plugin v22.3 - https:\/\/yoast.com\/wordpress\/plugins\/seo\/ -->\n<title>Crian\u00e7a de 2 anos morre v\u00edtima da covid-19 no Hospital Justino Luz - Portal NPM<\/title>\n<meta name=\"robots\" content=\"index, follow, max-snippet:-1, max-image-preview:large, max-video-preview:-1\" \/>\n<link rel=\"canonical\" href=\"https:\/\/portalnpm.com\/index.php\/2022\/01\/23\/crianca-de-2-anos-morre-vitima-da-covid-19-no-hospital-justino-luz\/\" \/>\n<meta property=\"og:locale\" content=\"pt_BR\" \/>\n<meta property=\"og:type\" content=\"article\" \/>\n<meta property=\"og:title\" content=\"Crian\u00e7a de 2 anos morre v\u00edtima da covid-19 no Hospital Justino Luz - Portal NPM\" \/>\n<meta property=\"og:description\" content=\"Uma crian\u00e7a de 2 anos identificada como Levi Carvalho de Jesus morreu na madrugada deste domingo (23), por volta de 3h40, v\u00edtima de Insufici\u00eancia Respirat\u00f3ria Aguda causada pela covid-19, no Hospital Regional Justino Luz, em Picos. A informa\u00e7\u00e3o foi confirmada pela assessoria do hospital. Levi deu entrada no pronto-socorro para s\u00edndromes gripais do hospital na &hellip;\" \/>\n<meta property=\"og:url\" content=\"https:\/\/portalnpm.com\/index.php\/2022\/01\/23\/crianca-de-2-anos-morre-vitima-da-covid-19-no-hospital-justino-luz\/\" \/>\n<meta property=\"og:site_name\" content=\"Portal NPM\" \/>\n<meta property=\"article:published_time\" content=\"2022-01-23T21:39:59+00:00\" \/>\n<meta name=\"author\" content=\"Genival Barbosa\" \/>\n<meta name=\"twitter:card\" content=\"summary_large_image\" \/>\n<meta name=\"twitter:label1\" content=\"Escrito por\" \/>\n\t<meta name=\"twitter:data1\" content=\"Genival Barbosa\" \/>\n\t<meta name=\"twitter:label2\" content=\"Est. tempo de leitura\" \/>\n\t<meta name=\"twitter:data2\" content=\"2 minutos\" \/>\n<script type=\"application\/ld+json\" class=\"yoast-schema-graph\">{\"@context\":\"https:\/\/schema.org\",\"@graph\":[{\"@type\":\"WebPage\",\"@id\":\"https:\/\/portalnpm.com\/index.php\/2022\/01\/23\/crianca-de-2-anos-morre-vitima-da-covid-19-no-hospital-justino-luz\/\",\"url\":\"https:\/\/portalnpm.com\/index.php\/2022\/01\/23\/crianca-de-2-anos-morre-vitima-da-covid-19-no-hospital-justino-luz\/\",\"name\":\"Crian\u00e7a de 2 anos morre v\u00edtima da covid-19 no Hospital Justino Luz - Portal NPM\",\"isPartOf\":{\"@id\":\"https:\/\/portalnpm.com\/#website\"},\"primaryImageOfPage\":{\"@id\":\"https:\/\/portalnpm.com\/index.php\/2022\/01\/23\/crianca-de-2-anos-morre-vitima-da-covid-19-no-hospital-justino-luz\/#primaryimage\"},\"image\":{\"@id\":\"https:\/\/portalnpm.com\/index.php\/2022\/01\/23\/crianca-de-2-anos-morre-vitima-da-covid-19-no-hospital-justino-luz\/#primaryimage\"},\"thumbnailUrl\":\"\",\"datePublished\":\"2022-01-23T21:39:59+00:00\",\"dateModified\":\"2022-01-23T21:39:59+00:00\",\"author\":{\"@id\":\"https:\/\/portalnpm.com\/#\/schema\/person\/49313e563cfdefcc167f1ee4c017c294\"},\"breadcrumb\":{\"@id\":\"https:\/\/portalnpm.com\/index.php\/2022\/01\/23\/crianca-de-2-anos-morre-vitima-da-covid-19-no-hospital-justino-luz\/#breadcrumb\"},\"inLanguage\":\"pt-BR\",\"potentialAction\":[{\"@type\":\"ReadAction\",\"target\":[\"https:\/\/portalnpm.com\/index.php\/2022\/01\/23\/crianca-de-2-anos-morre-vitima-da-covid-19-no-hospital-justino-luz\/\"]}]},{\"@type\":\"ImageObject\",\"inLanguage\":\"pt-BR\",\"@id\":\"https:\/\/portalnpm.com\/index.php\/2022\/01\/23\/crianca-de-2-anos-morre-vitima-da-covid-19-no-hospital-justino-luz\/#primaryimage\",\"url\":\"\",\"contentUrl\":\"\"},{\"@type\":\"BreadcrumbList\",\"@id\":\"https:\/\/portalnpm.com\/index.php\/2022\/01\/23\/crianca-de-2-anos-morre-vitima-da-covid-19-no-hospital-justino-luz\/#breadcrumb\",\"itemListElement\":[{\"@type\":\"ListItem\",\"position\":1,\"name\":\"In\u00edcio\",\"item\":\"https:\/\/portalnpm.com\/\"},{\"@type\":\"ListItem\",\"position\":2,\"name\":\"Crian\u00e7a de 2 anos morre v\u00edtima da covid-19 no Hospital Justino Luz\"}]},{\"@type\":\"WebSite\",\"@id\":\"https:\/\/portalnpm.com\/#website\",\"url\":\"https:\/\/portalnpm.com\/\",\"name\":\"Portal NPM\",\"description\":\"Not\u00edcias em Primeira M\u00e3o\",\"potentialAction\":[{\"@type\":\"SearchAction\",\"target\":{\"@type\":\"EntryPoint\",\"urlTemplate\":\"https:\/\/portalnpm.com\/?s={search_term_string}\"},\"query-input\":\"required name=search_term_string\"}],\"inLanguage\":\"pt-BR\"},{\"@type\":\"Person\",\"@id\":\"https:\/\/portalnpm.com\/#\/schema\/person\/49313e563cfdefcc167f1ee4c017c294\",\"name\":\"Genival Barbosa\",\"image\":{\"@type\":\"ImageObject\",\"inLanguage\":\"pt-BR\",\"@id\":\"https:\/\/portalnpm.com\/#\/schema\/person\/image\/\",\"url\":\"https:\/\/portalnpm.com\/wp-content\/uploads\/2024\/02\/avatar_user_2_1707743258-96x96.jpeg\",\"contentUrl\":\"https:\/\/portalnpm.com\/wp-content\/uploads\/2024\/02\/avatar_user_2_1707743258-96x96.jpeg\",\"caption\":\"Genival Barbosa\"},\"url\":\"https:\/\/portalnpm.com\/index.php\/author\/genival\/\"}]}<\/script>\n<!-- \/ Yoast SEO plugin. -->","yoast_head_json":{"title":"Crian\u00e7a de 2 anos morre v\u00edtima da covid-19 no Hospital Justino Luz - Portal NPM","robots":{"index":"index","follow":"follow","max-snippet":"max-snippet:-1","max-image-preview":"max-image-preview:large","max-video-preview":"max-video-preview:-1"},"canonical":"https:\/\/portalnpm.com\/index.php\/2022\/01\/23\/crianca-de-2-anos-morre-vitima-da-covid-19-no-hospital-justino-luz\/","og_locale":"pt_BR","og_type":"article","og_title":"Crian\u00e7a de 2 anos morre v\u00edtima da covid-19 no Hospital Justino Luz - Portal NPM","og_description":"Uma crian\u00e7a de 2 anos identificada como Levi Carvalho de Jesus morreu na madrugada deste domingo (23), por volta de 3h40, v\u00edtima de Insufici\u00eancia Respirat\u00f3ria Aguda causada pela covid-19, no Hospital Regional Justino Luz, em Picos. A informa\u00e7\u00e3o foi confirmada pela assessoria do hospital. Levi deu entrada no pronto-socorro para s\u00edndromes gripais do hospital na &hellip;","og_url":"https:\/\/portalnpm.com\/index.php\/2022\/01\/23\/crianca-de-2-anos-morre-vitima-da-covid-19-no-hospital-justino-luz\/","og_site_name":"Portal NPM","article_published_time":"2022-01-23T21:39:59+00:00","author":"Genival Barbosa","twitter_card":"summary_large_image","twitter_misc":{"Escrito por":"Genival Barbosa","Est. tempo de leitura":"2 minutos"},"schema":{"@context":"https:\/\/schema.org","@graph":[{"@type":"WebPage","@id":"https:\/\/portalnpm.com\/index.php\/2022\/01\/23\/crianca-de-2-anos-morre-vitima-da-covid-19-no-hospital-justino-luz\/","url":"https:\/\/portalnpm.com\/index.php\/2022\/01\/23\/crianca-de-2-anos-morre-vitima-da-covid-19-no-hospital-justino-luz\/","name":"Crian\u00e7a de 2 anos morre v\u00edtima da covid-19 no Hospital Justino Luz - Portal NPM","isPartOf":{"@id":"https:\/\/portalnpm.com\/#website"},"primaryImageOfPage":{"@id":"https:\/\/portalnpm.com\/index.php\/2022\/01\/23\/crianca-de-2-anos-morre-vitima-da-covid-19-no-hospital-justino-luz\/#primaryimage"},"image":{"@id":"https:\/\/portalnpm.com\/index.php\/2022\/01\/23\/crianca-de-2-anos-morre-vitima-da-covid-19-no-hospital-justino-luz\/#primaryimage"},"thumbnailUrl":"","datePublished":"2022-01-23T21:39:59+00:00","dateModified":"2022-01-23T21:39:59+00:00","author":{"@id":"https:\/\/portalnpm.com\/#\/schema\/person\/49313e563cfdefcc167f1ee4c017c294"},"breadcrumb":{"@id":"https:\/\/portalnpm.com\/index.php\/2022\/01\/23\/crianca-de-2-anos-morre-vitima-da-covid-19-no-hospital-justino-luz\/#breadcrumb"},"inLanguage":"pt-BR","potentialAction":[{"@type":"ReadAction","target":["https:\/\/portalnpm.com\/index.php\/2022\/01\/23\/crianca-de-2-anos-morre-vitima-da-covid-19-no-hospital-justino-luz\/"]}]},{"@type":"ImageObject","inLanguage":"pt-BR","@id":"https:\/\/portalnpm.com\/index.php\/2022\/01\/23\/crianca-de-2-anos-morre-vitima-da-covid-19-no-hospital-justino-luz\/#primaryimage","url":"","contentUrl":""},{"@type":"BreadcrumbList","@id":"https:\/\/portalnpm.com\/index.php\/2022\/01\/23\/crianca-de-2-anos-morre-vitima-da-covid-19-no-hospital-justino-luz\/#breadcrumb","itemListElement":[{"@type":"ListItem","position":1,"name":"In\u00edcio","item":"https:\/\/portalnpm.com\/"},{"@type":"ListItem","position":2,"name":"Crian\u00e7a de 2 anos morre v\u00edtima da covid-19 no Hospital Justino Luz"}]},{"@type":"WebSite","@id":"https:\/\/portalnpm.com\/#website","url":"https:\/\/portalnpm.com\/","name":"Portal NPM","description":"Not\u00edcias em Primeira M\u00e3o","potentialAction":[{"@type":"SearchAction","target":{"@type":"EntryPoint","urlTemplate":"https:\/\/portalnpm.com\/?s={search_term_string}"},"query-input":"required name=search_term_string"}],"inLanguage":"pt-BR"},{"@type":"Person","@id":"https:\/\/portalnpm.com\/#\/schema\/person\/49313e563cfdefcc167f1ee4c017c294","name":"Genival Barbosa","image":{"@type":"ImageObject","inLanguage":"pt-BR","@id":"https:\/\/portalnpm.com\/#\/schema\/person\/image\/","url":"https:\/\/portalnpm.com\/wp-content\/uploads\/2024\/02\/avatar_user_2_1707743258-96x96.jpeg","contentUrl":"https:\/\/portalnpm.com\/wp-content\/uploads\/2024\/02\/avatar_user_2_1707743258-96x96.jpeg","caption":"Genival Barbosa"},"url":"https:\/\/portalnpm.com\/index.php\/author\/genival\/"}]}},"jetpack_sharing_enabled":true,"jetpack_featured_media_url":"","_links":{"self":[{"href":"https:\/\/portalnpm.com\/index.php\/wp-json\/wp\/v2\/posts\/40102"}],"collection":[{"href":"https:\/\/portalnpm.com\/index.php\/wp-json\/wp\/v2\/posts"}],"about":[{"href":"https:\/\/portalnpm.com\/index.php\/wp-json\/wp\/v2\/types\/post"}],"author":[{"embeddable":true,"href":"https:\/\/portalnpm.com\/index.php\/wp-json\/wp\/v2\/users\/2"}],"replies":[{"embeddable":true,"href":"https:\/\/portalnpm.com\/index.php\/wp-json\/wp\/v2\/comments?post=40102"}],"version-history":[{"count":0,"href":"https:\/\/portalnpm.com\/index.php\/wp-json\/wp\/v2\/posts\/40102\/revisions"}],"wp:featuredmedia":[{"embeddable":true,"href":"https:\/\/portalnpm.com\/index.php\/wp-json\/"}],"wp:attachment":[{"href":"https:\/\/portalnpm.com\/index.php\/wp-json\/wp\/v2\/media?parent=40102"}],"wp:term":[{"taxonomy":"category","embeddable":true,"href":"https:\/\/portalnpm.com\/index.php\/wp-json\/wp\/v2\/categories?post=40102"},{"taxonomy":"post_tag","embeddable":true,"href":"https:\/\/portalnpm.com\/index.php\/wp-json\/wp\/v2\/tags?post=40102"}],"curies":[{"name":"wp","href":"https:\/\/api.w.org\/{rel}","templated":true}]}}