{"id":40109,"date":"2022-01-23T23:29:54","date_gmt":"2022-01-24T02:29:54","guid":{"rendered":"https:\/\/backupnpm.codetainer.com.br\/?p=40109"},"modified":"2022-01-23T23:29:54","modified_gmt":"2022-01-24T02:29:54","slug":"ciro-gomes-quer-o-fim-da-dolarizacao-da-petrobras-no-1o-dia-de-governo","status":"publish","type":"post","link":"https:\/\/portalnpm.com\/index.php\/2022\/01\/23\/ciro-gomes-quer-o-fim-da-dolarizacao-da-petrobras-no-1o-dia-de-governo\/","title":{"rendered":"Ciro Gomes quer o fim da \u201cdolariza\u00e7\u00e3o\u201d da Petrobras no 1\u00ba dia de governo"},"content":{"rendered":"<h2 class=\"subtitle ng-star-inserted\">Em entrevista \u00e0 BandNews TV, o pr\u00e9-candidato \u00e0 presid\u00eancia sugeriu recuperar 60% do capital da petroleira ao Estado brasileiro<\/h2>\n<p><iframe title=\"Entrevista com o Ciro Gomes, pr\u00e9-candidato \u00e0 presid\u00eancia da rep\u00fablica\" width=\"500\" height=\"281\" src=\"https:\/\/www.youtube.com\/embed\/EV0e1CnUZWI?feature=oembed\" frameborder=\"0\" allow=\"accelerometer; autoplay; clipboard-write; encrypted-media; gyroscope; picture-in-picture; web-share\" allowfullscreen><\/iframe><\/p>\n<div class=\"text\">\n<div>\n<p style=\"text-align: justify;\">O Partido Democr\u00e1tico Trabalhista (PDT), oficialmente,\u00a0<a href=\"https:\/\/www.band.uol.com.br\/noticias\/jornal-da-band\/ultimas\/eleicoes-2022-pdt-oficializa-ciro-gomes-como-pre-candidato-16475859\"><strong>lan\u00e7ou Ciro Gomes como pr\u00e9-candidato<\/strong><\/a>\u00a0da sigla \u00e0 presid\u00eancia da Rep\u00fablica. Neste s\u00e1bado, 22, o ex-ministro deu entrevista ao\u00a0<strong>BandNews TV<\/strong>\u00a0para falar sobre os pr\u00f3ximos passos na corrida eleitoral, ocasi\u00e3o em que criticou a gest\u00e3o econ\u00f4mica da Petrobras e prometeu recuperar 60% do capital da petroleira ao Estado.<\/p>\n<\/div>\n<\/div>\n<div class=\"text\">\n<div>\n<p style=\"text-align: justify;\">Segundo Ciro Gomes, \u00e9 preciso mudar a pol\u00edtica de pre\u00e7os da Petrobras que come\u00e7ou com a gest\u00e3o de Michel Temer e se \u201cagravou\u201d no mandato do presidente\u00a0<a href=\"https:\/\/www.band.uol.com.br\/tudo-sobre\/jair-bolsonaro\">Jair Bolsonaro<\/a>\u00a0(PL).<\/p>\n<div style=\"text-align: justify;\">\n<p>\u201cEm vez de cobrar os 10 ou 8 d\u00f3lares que custa para produzir, a Petrobras pega o barril, hoje, que custa 82 d\u00f3lares e p\u00f5e no lombo do caminhoneiro, taxista, frete dos alimentos, do custo de vida e da infla\u00e7\u00e3o. Isso acaba no primeiro dia do meu governo\u201d, disse.<\/p>\n<\/div>\n<div style=\"text-align: justify;\">\n<p>Para o pr\u00e9-candidato, outra pol\u00edtica a ser revista na Petrobras \u00e9 a\u00a0<a href=\"https:\/\/www.band.uol.com.br\/economia\/noticias\/por-que-o-preco-da-gasolina-esta-tao-caro-entenda-a-alta-dos-combustiveis-16458561\"><strong>dolariza\u00e7\u00e3o dos pre\u00e7os<\/strong><\/a>, j\u00e1 que os custos de produ\u00e7\u00e3o s\u00e3o baseados na moeda nacional, o real, enquanto, segundo ele, a cobran\u00e7a nas bombas \u00e9 feita em d\u00f3lar.<\/p>\n<\/div>\n<div>\n<p style=\"text-align: justify;\">\u201cO Brasil est\u00e1 paralisando a capacidade de refino para deixar de produzir aqui e suspender os investimentos para importar do estrangeiro, em d\u00f3lar, financiando empregos l\u00e1 fora. Isso muda no primeiro dia do meu governo\u201d, disparou Ciro Gomes.<\/p>\n<p style=\"text-align: justify;\"><strong>Fonte: Band\u00a0<\/strong><\/p>\n<\/div>\n<\/div>\n<\/div>\n","protected":false},"excerpt":{"rendered":"<p>Em entrevista \u00e0 BandNews TV, o pr\u00e9-candidato \u00e0 presid\u00eancia sugeriu recuperar 60% do capital da petroleira ao Estado brasileiro O Partido Democr\u00e1tico Trabalhista (PDT), oficialmente,\u00a0lan\u00e7ou Ciro Gomes como pr\u00e9-candidato\u00a0da sigla \u00e0 presid\u00eancia da Rep\u00fablica. Neste s\u00e1bado, 22, o ex-ministro deu entrevista ao\u00a0BandNews TV\u00a0para falar sobre os pr\u00f3ximos passos na corrida eleitoral, ocasi\u00e3o em que criticou &hellip;<\/p>\n","protected":false},"author":3,"featured_media":40094,"comment_status":"open","ping_status":"open","sticky":false,"template":"","format":"standard","meta":{"content-type":"","rop_custom_images_group":[],"rop_custom_messages_group":[],"rop_publish_now":"initial","rop_publish_now_accounts":{"facebook_2648258775420054_1618374048415101":""},"rop_publish_now_history":[],"rop_publish_now_status":"pending","footnotes":"","_jetpack_memberships_contains_paid_content":false},"categories":[414,130],"tags":[473,3568,1084],"yoast_head":"<!-- This site is optimized with the Yoast SEO plugin v22.3 - https:\/\/yoast.com\/wordpress\/plugins\/seo\/ -->\n<title>Ciro Gomes quer o fim da \u201cdolariza\u00e7\u00e3o\u201d da Petrobras no 1\u00ba dia de governo - Portal NPM<\/title>\n<meta name=\"robots\" content=\"index, follow, max-snippet:-1, max-image-preview:large, max-video-preview:-1\" \/>\n<link rel=\"canonical\" href=\"https:\/\/portalnpm.com\/index.php\/2022\/01\/23\/ciro-gomes-quer-o-fim-da-dolarizacao-da-petrobras-no-1o-dia-de-governo\/\" \/>\n<meta property=\"og:locale\" content=\"pt_BR\" \/>\n<meta property=\"og:type\" content=\"article\" \/>\n<meta property=\"og:title\" content=\"Ciro Gomes quer o fim da \u201cdolariza\u00e7\u00e3o\u201d da Petrobras no 1\u00ba dia de governo - Portal NPM\" \/>\n<meta property=\"og:description\" content=\"Em entrevista \u00e0 BandNews TV, o pr\u00e9-candidato \u00e0 presid\u00eancia sugeriu recuperar 60% do capital da petroleira ao Estado brasileiro O Partido Democr\u00e1tico Trabalhista (PDT), oficialmente,\u00a0lan\u00e7ou Ciro Gomes como pr\u00e9-candidato\u00a0da sigla \u00e0 presid\u00eancia da Rep\u00fablica. Neste s\u00e1bado, 22, o ex-ministro deu entrevista ao\u00a0BandNews TV\u00a0para falar sobre os pr\u00f3ximos passos na corrida eleitoral, ocasi\u00e3o em que criticou &hellip;\" \/>\n<meta property=\"og:url\" content=\"https:\/\/portalnpm.com\/index.php\/2022\/01\/23\/ciro-gomes-quer-o-fim-da-dolarizacao-da-petrobras-no-1o-dia-de-governo\/\" \/>\n<meta property=\"og:site_name\" content=\"Portal NPM\" \/>\n<meta property=\"article:published_time\" content=\"2022-01-24T02:29:54+00:00\" \/>\n<meta name=\"author\" content=\"Luis Alberto\" \/>\n<meta name=\"twitter:card\" content=\"summary_large_image\" \/>\n<meta name=\"twitter:label1\" content=\"Escrito por\" \/>\n\t<meta name=\"twitter:data1\" content=\"Luis Alberto\" \/>\n\t<meta name=\"twitter:label2\" content=\"Est. tempo de leitura\" \/>\n\t<meta name=\"twitter:data2\" content=\"2 minutos\" \/>\n<script type=\"application\/ld+json\" class=\"yoast-schema-graph\">{\"@context\":\"https:\/\/schema.org\",\"@graph\":[{\"@type\":\"WebPage\",\"@id\":\"https:\/\/portalnpm.com\/index.php\/2022\/01\/23\/ciro-gomes-quer-o-fim-da-dolarizacao-da-petrobras-no-1o-dia-de-governo\/\",\"url\":\"https:\/\/portalnpm.com\/index.php\/2022\/01\/23\/ciro-gomes-quer-o-fim-da-dolarizacao-da-petrobras-no-1o-dia-de-governo\/\",\"name\":\"Ciro Gomes quer o fim da \u201cdolariza\u00e7\u00e3o\u201d da Petrobras no 1\u00ba dia de governo - Portal NPM\",\"isPartOf\":{\"@id\":\"https:\/\/portalnpm.com\/#website\"},\"primaryImageOfPage\":{\"@id\":\"https:\/\/portalnpm.com\/index.php\/2022\/01\/23\/ciro-gomes-quer-o-fim-da-dolarizacao-da-petrobras-no-1o-dia-de-governo\/#primaryimage\"},\"image\":{\"@id\":\"https:\/\/portalnpm.com\/index.php\/2022\/01\/23\/ciro-gomes-quer-o-fim-da-dolarizacao-da-petrobras-no-1o-dia-de-governo\/#primaryimage\"},\"thumbnailUrl\":\"\",\"datePublished\":\"2022-01-24T02:29:54+00:00\",\"dateModified\":\"2022-01-24T02:29:54+00:00\",\"author\":{\"@id\":\"https:\/\/portalnpm.com\/#\/schema\/person\/5c8006acdf71774cd4e7a5ab98482152\"},\"breadcrumb\":{\"@id\":\"https:\/\/portalnpm.com\/index.php\/2022\/01\/23\/ciro-gomes-quer-o-fim-da-dolarizacao-da-petrobras-no-1o-dia-de-governo\/#breadcrumb\"},\"inLanguage\":\"pt-BR\",\"potentialAction\":[{\"@type\":\"ReadAction\",\"target\":[\"https:\/\/portalnpm.com\/index.php\/2022\/01\/23\/ciro-gomes-quer-o-fim-da-dolarizacao-da-petrobras-no-1o-dia-de-governo\/\"]}]},{\"@type\":\"ImageObject\",\"inLanguage\":\"pt-BR\",\"@id\":\"https:\/\/portalnpm.com\/index.php\/2022\/01\/23\/ciro-gomes-quer-o-fim-da-dolarizacao-da-petrobras-no-1o-dia-de-governo\/#primaryimage\",\"url\":\"\",\"contentUrl\":\"\"},{\"@type\":\"BreadcrumbList\",\"@id\":\"https:\/\/portalnpm.com\/index.php\/2022\/01\/23\/ciro-gomes-quer-o-fim-da-dolarizacao-da-petrobras-no-1o-dia-de-governo\/#breadcrumb\",\"itemListElement\":[{\"@type\":\"ListItem\",\"position\":1,\"name\":\"In\u00edcio\",\"item\":\"https:\/\/portalnpm.com\/\"},{\"@type\":\"ListItem\",\"position\":2,\"name\":\"Ciro Gomes quer o fim da \u201cdolariza\u00e7\u00e3o\u201d da Petrobras no 1\u00ba dia de governo\"}]},{\"@type\":\"WebSite\",\"@id\":\"https:\/\/portalnpm.com\/#website\",\"url\":\"https:\/\/portalnpm.com\/\",\"name\":\"Portal NPM\",\"description\":\"Not\u00edcias em Primeira M\u00e3o\",\"potentialAction\":[{\"@type\":\"SearchAction\",\"target\":{\"@type\":\"EntryPoint\",\"urlTemplate\":\"https:\/\/portalnpm.com\/?s={search_term_string}\"},\"query-input\":\"required name=search_term_string\"}],\"inLanguage\":\"pt-BR\"},{\"@type\":\"Person\",\"@id\":\"https:\/\/portalnpm.com\/#\/schema\/person\/5c8006acdf71774cd4e7a5ab98482152\",\"name\":\"Luis Alberto\",\"image\":{\"@type\":\"ImageObject\",\"inLanguage\":\"pt-BR\",\"@id\":\"https:\/\/portalnpm.com\/#\/schema\/person\/image\/\",\"url\":\"https:\/\/portalnpm.com\/wp-content\/uploads\/2024\/12\/avatar_user_3_1734699769-96x96.jpeg\",\"contentUrl\":\"https:\/\/portalnpm.com\/wp-content\/uploads\/2024\/12\/avatar_user_3_1734699769-96x96.jpeg\",\"caption\":\"Luis Alberto\"},\"description\":\"Editor-geral do Portal NPM, \u00e9 formado como T\u00e9cnico em Seguran\u00e7a do Trabalho pela Escola Metropolitana de Cursos T\u00e9cnicos. Det\u00e9m ainda licenciatura em Educa\u00e7\u00e3o F\u00edsica e bacharelado em Ci\u00eancias Pol\u00edticas, ambos obtidos pela institui\u00e7\u00e3o Anhanguera\/UNOPAR.\",\"url\":\"https:\/\/portalnpm.com\/index.php\/author\/pereira\/\"}]}<\/script>\n<!-- \/ Yoast SEO plugin. -->","yoast_head_json":{"title":"Ciro Gomes quer o fim da \u201cdolariza\u00e7\u00e3o\u201d da Petrobras no 1\u00ba dia de governo - Portal NPM","robots":{"index":"index","follow":"follow","max-snippet":"max-snippet:-1","max-image-preview":"max-image-preview:large","max-video-preview":"max-video-preview:-1"},"canonical":"https:\/\/portalnpm.com\/index.php\/2022\/01\/23\/ciro-gomes-quer-o-fim-da-dolarizacao-da-petrobras-no-1o-dia-de-governo\/","og_locale":"pt_BR","og_type":"article","og_title":"Ciro Gomes quer o fim da \u201cdolariza\u00e7\u00e3o\u201d da Petrobras no 1\u00ba dia de governo - Portal NPM","og_description":"Em entrevista \u00e0 BandNews TV, o pr\u00e9-candidato \u00e0 presid\u00eancia sugeriu recuperar 60% do capital da petroleira ao Estado brasileiro O Partido Democr\u00e1tico Trabalhista (PDT), oficialmente,\u00a0lan\u00e7ou Ciro Gomes como pr\u00e9-candidato\u00a0da sigla \u00e0 presid\u00eancia da Rep\u00fablica. Neste s\u00e1bado, 22, o ex-ministro deu entrevista ao\u00a0BandNews TV\u00a0para falar sobre os pr\u00f3ximos passos na corrida eleitoral, ocasi\u00e3o em que criticou &hellip;","og_url":"https:\/\/portalnpm.com\/index.php\/2022\/01\/23\/ciro-gomes-quer-o-fim-da-dolarizacao-da-petrobras-no-1o-dia-de-governo\/","og_site_name":"Portal NPM","article_published_time":"2022-01-24T02:29:54+00:00","author":"Luis Alberto","twitter_card":"summary_large_image","twitter_misc":{"Escrito por":"Luis Alberto","Est. tempo de leitura":"2 minutos"},"schema":{"@context":"https:\/\/schema.org","@graph":[{"@type":"WebPage","@id":"https:\/\/portalnpm.com\/index.php\/2022\/01\/23\/ciro-gomes-quer-o-fim-da-dolarizacao-da-petrobras-no-1o-dia-de-governo\/","url":"https:\/\/portalnpm.com\/index.php\/2022\/01\/23\/ciro-gomes-quer-o-fim-da-dolarizacao-da-petrobras-no-1o-dia-de-governo\/","name":"Ciro Gomes quer o fim da \u201cdolariza\u00e7\u00e3o\u201d da Petrobras no 1\u00ba dia de governo - Portal NPM","isPartOf":{"@id":"https:\/\/portalnpm.com\/#website"},"primaryImageOfPage":{"@id":"https:\/\/portalnpm.com\/index.php\/2022\/01\/23\/ciro-gomes-quer-o-fim-da-dolarizacao-da-petrobras-no-1o-dia-de-governo\/#primaryimage"},"image":{"@id":"https:\/\/portalnpm.com\/index.php\/2022\/01\/23\/ciro-gomes-quer-o-fim-da-dolarizacao-da-petrobras-no-1o-dia-de-governo\/#primaryimage"},"thumbnailUrl":"","datePublished":"2022-01-24T02:29:54+00:00","dateModified":"2022-01-24T02:29:54+00:00","author":{"@id":"https:\/\/portalnpm.com\/#\/schema\/person\/5c8006acdf71774cd4e7a5ab98482152"},"breadcrumb":{"@id":"https:\/\/portalnpm.com\/index.php\/2022\/01\/23\/ciro-gomes-quer-o-fim-da-dolarizacao-da-petrobras-no-1o-dia-de-governo\/#breadcrumb"},"inLanguage":"pt-BR","potentialAction":[{"@type":"ReadAction","target":["https:\/\/portalnpm.com\/index.php\/2022\/01\/23\/ciro-gomes-quer-o-fim-da-dolarizacao-da-petrobras-no-1o-dia-de-governo\/"]}]},{"@type":"ImageObject","inLanguage":"pt-BR","@id":"https:\/\/portalnpm.com\/index.php\/2022\/01\/23\/ciro-gomes-quer-o-fim-da-dolarizacao-da-petrobras-no-1o-dia-de-governo\/#primaryimage","url":"","contentUrl":""},{"@type":"BreadcrumbList","@id":"https:\/\/portalnpm.com\/index.php\/2022\/01\/23\/ciro-gomes-quer-o-fim-da-dolarizacao-da-petrobras-no-1o-dia-de-governo\/#breadcrumb","itemListElement":[{"@type":"ListItem","position":1,"name":"In\u00edcio","item":"https:\/\/portalnpm.com\/"},{"@type":"ListItem","position":2,"name":"Ciro Gomes quer o fim da \u201cdolariza\u00e7\u00e3o\u201d da Petrobras no 1\u00ba dia de governo"}]},{"@type":"WebSite","@id":"https:\/\/portalnpm.com\/#website","url":"https:\/\/portalnpm.com\/","name":"Portal NPM","description":"Not\u00edcias em Primeira M\u00e3o","potentialAction":[{"@type":"SearchAction","target":{"@type":"EntryPoint","urlTemplate":"https:\/\/portalnpm.com\/?s={search_term_string}"},"query-input":"required name=search_term_string"}],"inLanguage":"pt-BR"},{"@type":"Person","@id":"https:\/\/portalnpm.com\/#\/schema\/person\/5c8006acdf71774cd4e7a5ab98482152","name":"Luis Alberto","image":{"@type":"ImageObject","inLanguage":"pt-BR","@id":"https:\/\/portalnpm.com\/#\/schema\/person\/image\/","url":"https:\/\/portalnpm.com\/wp-content\/uploads\/2024\/12\/avatar_user_3_1734699769-96x96.jpeg","contentUrl":"https:\/\/portalnpm.com\/wp-content\/uploads\/2024\/12\/avatar_user_3_1734699769-96x96.jpeg","caption":"Luis Alberto"},"description":"Editor-geral do Portal NPM, \u00e9 formado como T\u00e9cnico em Seguran\u00e7a do Trabalho pela Escola Metropolitana de Cursos T\u00e9cnicos. Det\u00e9m ainda licenciatura em Educa\u00e7\u00e3o F\u00edsica e bacharelado em Ci\u00eancias Pol\u00edticas, ambos obtidos pela institui\u00e7\u00e3o Anhanguera\/UNOPAR.","url":"https:\/\/portalnpm.com\/index.php\/author\/pereira\/"}]}},"jetpack_sharing_enabled":true,"jetpack_featured_media_url":"","_links":{"self":[{"href":"https:\/\/portalnpm.com\/index.php\/wp-json\/wp\/v2\/posts\/40109"}],"collection":[{"href":"https:\/\/portalnpm.com\/index.php\/wp-json\/wp\/v2\/posts"}],"about":[{"href":"https:\/\/portalnpm.com\/index.php\/wp-json\/wp\/v2\/types\/post"}],"author":[{"embeddable":true,"href":"https:\/\/portalnpm.com\/index.php\/wp-json\/wp\/v2\/users\/3"}],"replies":[{"embeddable":true,"href":"https:\/\/portalnpm.com\/index.php\/wp-json\/wp\/v2\/comments?post=40109"}],"version-history":[{"count":0,"href":"https:\/\/portalnpm.com\/index.php\/wp-json\/wp\/v2\/posts\/40109\/revisions"}],"wp:featuredmedia":[{"embeddable":true,"href":"https:\/\/portalnpm.com\/index.php\/wp-json\/"}],"wp:attachment":[{"href":"https:\/\/portalnpm.com\/index.php\/wp-json\/wp\/v2\/media?parent=40109"}],"wp:term":[{"taxonomy":"category","embeddable":true,"href":"https:\/\/portalnpm.com\/index.php\/wp-json\/wp\/v2\/categories?post=40109"},{"taxonomy":"post_tag","embeddable":true,"href":"https:\/\/portalnpm.com\/index.php\/wp-json\/wp\/v2\/tags?post=40109"}],"curies":[{"name":"wp","href":"https:\/\/api.w.org\/{rel}","templated":true}]}}