{"id":40163,"date":"2022-01-28T20:11:22","date_gmt":"2022-01-28T23:11:22","guid":{"rendered":"https:\/\/backupnpm.codetainer.com.br\/?p=40163"},"modified":"2022-01-28T20:11:22","modified_gmt":"2022-01-28T23:11:22","slug":"bolsonaro-e-o-maior-agressor-de-jornalistas-aponta-relatorio","status":"publish","type":"post","link":"https:\/\/portalnpm.com\/index.php\/2022\/01\/28\/bolsonaro-e-o-maior-agressor-de-jornalistas-aponta-relatorio\/","title":{"rendered":"Bolsonaro \u00e9 o maior agressor de jornalistas, aponta relat\u00f3rio"},"content":{"rendered":"<div class=\"offcanvas-collapse\">\n<div class=\"main-nav\">\n<div class=\"main-nav-wrap\">\n<div class=\"container\">\n<div class=\"row\">\n<div class=\"col-12\">\n<div class=\"menu-fixo\">\n<p style=\"text-align: justify;\">\n<\/div>\n<\/div>\n<div class=\"col-12\" style=\"text-align: justify;\">\n<div class=\"menu-fixo\"><\/div>\n<\/div>\n<\/div>\n<\/div>\n<\/div>\n<\/div>\n<\/div>\n<article>\n<div class=\"container\">\n<div class=\"row\">\n<div class=\"col-lg-8 col-sm-12\">\n<div class=\"article-noticia clearfix\">\n<div class=\"big-image-noticia\" style=\"text-align: justify;\">\n<p><em>Por Leonardo Sakamoto, jornalista, no facebook<\/em><\/p>\n<\/div>\n<p style=\"text-align: justify;\">\n<p style=\"text-align: justify;\">\n<p style=\"text-align: justify;\">\n<p style=\"text-align: justify;\">Jair Bolsonaro (PL) consolidou-se como a maior amea\u00e7a ao exerc\u00edcio da liberdade de imprensa no pa\u00eds. \u00c9 o que apontam os n\u00fameros do Relat\u00f3rio da Viol\u00eancia contra Jornalistas e Liberdade de Imprensa no Brasil, elaborado pela Fenaj (Federa\u00e7\u00e3o Nacional dos Jornalistas), sobre o ano de 2021, divulgado nesta quinta (27). O presidente da Rep\u00fablica aparece como o principal agressor, respons\u00e1vel por 147 casos registrados, ou 34,19%. No total, foram 430 casos em 2021, dois a mais que o ano anterior.<\/p>\n<p style=\"text-align: justify;\">\n<p style=\"text-align: justify;\">\n<p style=\"text-align: justify;\">O n\u00famero \u00e9 menor que os 175 registros (41%) de 2020, em que ele tamb\u00e9m aparecia no triste primeiro lugar. Neste ano, foram 18 agress\u00f5es verbais a jornalistas e 129 epis\u00f3dios em que atacou a credibilidade da imprensa.<\/p>\n<p style=\"text-align: justify;\">Dirigentes da EBC (Empresa Brasileira de Comunica\u00e7\u00e3o), empresa p\u00fablica sob responsabilidade do governo federal, responderam por 142 casos &#8211; ou 33,02% dos registros, principalmente por conta da censura baixada durante a atual gest\u00e3o. Ou seja, sob comando de Bolsonaro. Depois disso, em terceiro lugar, vieram pol\u00edticos e seus assessores, com 9,3%.<\/p>\n<p style=\"text-align: justify;\">O relat\u00f3rio aponta que 4,65% dos casos registrados partiram de manifestantes bolsonaristas.N\u00e3o \u00e9 necess\u00e1rio que o presidente demande uma a\u00e7\u00e3o &#8211; apesar de n\u00e3o duvidar que ordens nesse sentido sejam repassadas a f\u00e3s, apoiadores e seguran\u00e7as. Seu comportamento e seus discursos, acusando a imprensa de mentir quando a narra\u00e7\u00e3o dos fatos lhe desagrada, alimentam as mil\u00edcias que agem para defend\u00ea-lo, tornando a vida dos trabalhadores da imprensa um inferno.<\/p>\n<p style=\"text-align: justify;\">Para muitos de seus seguidores, um ataque a jornalistas em nome de seu &#8220;mito&#8221; \u00e9 uma miss\u00e3o quase divina. Bolsonaro tamb\u00e9m \u00e9 respons\u00e1vel pela viol\u00eancia contra jornalistas cometida em seu nome.<\/p>\n<p style=\"text-align: justify;\">O ensurdecedor sil\u00eancio do presidente da Rep\u00fablica enquanto equipes de imprensa eram agredidas por seus seguran\u00e7as e f\u00e3s, em Itamaraju (BA), no dia 12 de dezembro, \u00e9 um exemplo disso. Bastava uma palavra sua, que presenciava a cena, para seus apoiadores radicais cessarem as agress\u00f5es. Mas Jair consentiu.<\/p>\n<p style=\"text-align: justify;\">Naquele momento, Camila Marinho, Cleriston Santana, D\u00e1rio Cerqueira e Xico Lopes, da TVs Bahia e Aratu, afiliadas da Globo e do SBT, tentavam realizar a cobertura da trag\u00e9dia causada pelas chuvas no Sul da Bahia. Camila levou um mata-le\u00e3o de um jagun\u00e7o do presidente &#8211; comportamento que \u00e9 fruto do casamento entre o autoritarismo e o machismo bolsonaristas. Segundo o relat\u00f3rio, as mulheres foram as que sofreram mais agress\u00f5es verbais e ataques virtuais.<\/p>\n<p style=\"text-align: justify;\">Desde que assumiu o poder, Jair Bolsonaro vem atacando institui\u00e7\u00f5es que atuam na fiscaliza\u00e7\u00e3o, no monitoramento e no controle do poder p\u00fablico. Precisava sequestrar ou tirar a credibilidade delas para colocar em marcha seu projeto de desmonte das garantias e direitos conquistados desde a Constitui\u00e7\u00e3o de 1988. No \u00e2mbito estatal, isso significou ataque ou coopta\u00e7\u00e3o a setores da Pol\u00edcia Federal, da Receita Federal, do Incra, do ICMBio, do Ibama, da Procuradoria Geral da Rep\u00fablica. Na sociedade civil, o alvo preferencial foi a imprensa.<\/p>\n<p style=\"text-align: justify;\">Bolsonaro precisa que a popula\u00e7\u00e3o (ou, pelo menos, seguidores) veja den\u00fancias sobre desvios de recursos p\u00fablicos nos gabinetes de sua fam\u00edlia (as famosas &#8220;rachadinhas&#8221;) e a corrup\u00e7\u00e3o na compra de vacinas no Minist\u00e9rio da Sa\u00fade como mentira e que sua incompet\u00eancia em gerar empregos e reduzir a fome sejam encaradas como fake news. Por isso, demoniza os profissionais de imprensa que contam os fatos, fazem an\u00e1lises e garantem opini\u00f5es. Por isso, os empurra aos le\u00f5es.<\/p>\n<p style=\"text-align: justify;\">H\u00e1 outros pol\u00edticos, da esquerda \u00e0 direita, que tamb\u00e9m agem de forma intolerante, passando pano para suas milit\u00e2ncias. Esses casos tamb\u00e9m merecem rep\u00fadio. Mas o que temos agora \u00e9 um presidente que usa o \u00f3dio \u00e0 imprensa como instrumento estrutural de pol\u00edtica com o apoios de tecnologia de comunica\u00e7\u00e3o em massa.<\/p>\n<p style=\"text-align: justify;\"><em>Por Leonardo Sakamoto, jornalista, no facebook<\/em><\/p>\n<\/div>\n<\/div>\n<\/div>\n<\/div>\n<\/article>\n","protected":false},"excerpt":{"rendered":"<p>Por Leonardo Sakamoto, jornalista, no facebook Jair Bolsonaro (PL) consolidou-se como a maior amea\u00e7a ao exerc\u00edcio da liberdade de imprensa no pa\u00eds. \u00c9 o que apontam os n\u00fameros do Relat\u00f3rio da Viol\u00eancia contra Jornalistas e Liberdade de Imprensa no Brasil, elaborado pela Fenaj (Federa\u00e7\u00e3o Nacional dos Jornalistas), sobre o ano de 2021, divulgado nesta quinta &hellip;<\/p>\n","protected":false},"author":2,"featured_media":40164,"comment_status":"open","ping_status":"open","sticky":false,"template":"","format":"standard","meta":{"content-type":"","rop_custom_images_group":[],"rop_custom_messages_group":[],"rop_publish_now":"initial","rop_publish_now_accounts":{"facebook_2648258775420054_1618374048415101":""},"rop_publish_now_history":[],"rop_publish_now_status":"pending","footnotes":"","_jetpack_memberships_contains_paid_content":false},"categories":[130],"tags":[680,7004],"yoast_head":"<!-- This site is optimized with the Yoast SEO plugin v22.3 - https:\/\/yoast.com\/wordpress\/plugins\/seo\/ -->\n<title>Bolsonaro \u00e9 o maior agressor de jornalistas, aponta relat\u00f3rio - Portal NPM<\/title>\n<meta name=\"robots\" content=\"index, follow, max-snippet:-1, max-image-preview:large, max-video-preview:-1\" \/>\n<link rel=\"canonical\" href=\"https:\/\/portalnpm.com\/index.php\/2022\/01\/28\/bolsonaro-e-o-maior-agressor-de-jornalistas-aponta-relatorio\/\" \/>\n<meta property=\"og:locale\" content=\"pt_BR\" \/>\n<meta property=\"og:type\" content=\"article\" \/>\n<meta property=\"og:title\" content=\"Bolsonaro \u00e9 o maior agressor de jornalistas, aponta relat\u00f3rio - Portal NPM\" \/>\n<meta property=\"og:description\" content=\"Por Leonardo Sakamoto, jornalista, no facebook Jair Bolsonaro (PL) consolidou-se como a maior amea\u00e7a ao exerc\u00edcio da liberdade de imprensa no pa\u00eds. \u00c9 o que apontam os n\u00fameros do Relat\u00f3rio da Viol\u00eancia contra Jornalistas e Liberdade de Imprensa no Brasil, elaborado pela Fenaj (Federa\u00e7\u00e3o Nacional dos Jornalistas), sobre o ano de 2021, divulgado nesta quinta &hellip;\" \/>\n<meta property=\"og:url\" content=\"https:\/\/portalnpm.com\/index.php\/2022\/01\/28\/bolsonaro-e-o-maior-agressor-de-jornalistas-aponta-relatorio\/\" \/>\n<meta property=\"og:site_name\" content=\"Portal NPM\" \/>\n<meta property=\"article:published_time\" content=\"2022-01-28T23:11:22+00:00\" \/>\n<meta name=\"author\" content=\"Genival Barbosa\" \/>\n<meta name=\"twitter:card\" content=\"summary_large_image\" \/>\n<meta name=\"twitter:label1\" content=\"Escrito por\" \/>\n\t<meta name=\"twitter:data1\" content=\"Genival Barbosa\" \/>\n\t<meta name=\"twitter:label2\" content=\"Est. tempo de leitura\" \/>\n\t<meta name=\"twitter:data2\" content=\"3 minutos\" \/>\n<script type=\"application\/ld+json\" class=\"yoast-schema-graph\">{\"@context\":\"https:\/\/schema.org\",\"@graph\":[{\"@type\":\"WebPage\",\"@id\":\"https:\/\/portalnpm.com\/index.php\/2022\/01\/28\/bolsonaro-e-o-maior-agressor-de-jornalistas-aponta-relatorio\/\",\"url\":\"https:\/\/portalnpm.com\/index.php\/2022\/01\/28\/bolsonaro-e-o-maior-agressor-de-jornalistas-aponta-relatorio\/\",\"name\":\"Bolsonaro \u00e9 o maior agressor de jornalistas, aponta relat\u00f3rio - Portal NPM\",\"isPartOf\":{\"@id\":\"https:\/\/portalnpm.com\/#website\"},\"primaryImageOfPage\":{\"@id\":\"https:\/\/portalnpm.com\/index.php\/2022\/01\/28\/bolsonaro-e-o-maior-agressor-de-jornalistas-aponta-relatorio\/#primaryimage\"},\"image\":{\"@id\":\"https:\/\/portalnpm.com\/index.php\/2022\/01\/28\/bolsonaro-e-o-maior-agressor-de-jornalistas-aponta-relatorio\/#primaryimage\"},\"thumbnailUrl\":\"\",\"datePublished\":\"2022-01-28T23:11:22+00:00\",\"dateModified\":\"2022-01-28T23:11:22+00:00\",\"author\":{\"@id\":\"https:\/\/portalnpm.com\/#\/schema\/person\/49313e563cfdefcc167f1ee4c017c294\"},\"breadcrumb\":{\"@id\":\"https:\/\/portalnpm.com\/index.php\/2022\/01\/28\/bolsonaro-e-o-maior-agressor-de-jornalistas-aponta-relatorio\/#breadcrumb\"},\"inLanguage\":\"pt-BR\",\"potentialAction\":[{\"@type\":\"ReadAction\",\"target\":[\"https:\/\/portalnpm.com\/index.php\/2022\/01\/28\/bolsonaro-e-o-maior-agressor-de-jornalistas-aponta-relatorio\/\"]}]},{\"@type\":\"ImageObject\",\"inLanguage\":\"pt-BR\",\"@id\":\"https:\/\/portalnpm.com\/index.php\/2022\/01\/28\/bolsonaro-e-o-maior-agressor-de-jornalistas-aponta-relatorio\/#primaryimage\",\"url\":\"\",\"contentUrl\":\"\"},{\"@type\":\"BreadcrumbList\",\"@id\":\"https:\/\/portalnpm.com\/index.php\/2022\/01\/28\/bolsonaro-e-o-maior-agressor-de-jornalistas-aponta-relatorio\/#breadcrumb\",\"itemListElement\":[{\"@type\":\"ListItem\",\"position\":1,\"name\":\"In\u00edcio\",\"item\":\"https:\/\/portalnpm.com\/\"},{\"@type\":\"ListItem\",\"position\":2,\"name\":\"Bolsonaro \u00e9 o maior agressor de jornalistas, aponta relat\u00f3rio\"}]},{\"@type\":\"WebSite\",\"@id\":\"https:\/\/portalnpm.com\/#website\",\"url\":\"https:\/\/portalnpm.com\/\",\"name\":\"Portal NPM\",\"description\":\"Not\u00edcias em Primeira M\u00e3o\",\"potentialAction\":[{\"@type\":\"SearchAction\",\"target\":{\"@type\":\"EntryPoint\",\"urlTemplate\":\"https:\/\/portalnpm.com\/?s={search_term_string}\"},\"query-input\":\"required name=search_term_string\"}],\"inLanguage\":\"pt-BR\"},{\"@type\":\"Person\",\"@id\":\"https:\/\/portalnpm.com\/#\/schema\/person\/49313e563cfdefcc167f1ee4c017c294\",\"name\":\"Genival Barbosa\",\"image\":{\"@type\":\"ImageObject\",\"inLanguage\":\"pt-BR\",\"@id\":\"https:\/\/portalnpm.com\/#\/schema\/person\/image\/\",\"url\":\"https:\/\/portalnpm.com\/wp-content\/uploads\/2024\/02\/avatar_user_2_1707743258-96x96.jpeg\",\"contentUrl\":\"https:\/\/portalnpm.com\/wp-content\/uploads\/2024\/02\/avatar_user_2_1707743258-96x96.jpeg\",\"caption\":\"Genival Barbosa\"},\"url\":\"https:\/\/portalnpm.com\/index.php\/author\/genival\/\"}]}<\/script>\n<!-- \/ Yoast SEO plugin. -->","yoast_head_json":{"title":"Bolsonaro \u00e9 o maior agressor de jornalistas, aponta relat\u00f3rio - Portal NPM","robots":{"index":"index","follow":"follow","max-snippet":"max-snippet:-1","max-image-preview":"max-image-preview:large","max-video-preview":"max-video-preview:-1"},"canonical":"https:\/\/portalnpm.com\/index.php\/2022\/01\/28\/bolsonaro-e-o-maior-agressor-de-jornalistas-aponta-relatorio\/","og_locale":"pt_BR","og_type":"article","og_title":"Bolsonaro \u00e9 o maior agressor de jornalistas, aponta relat\u00f3rio - Portal NPM","og_description":"Por Leonardo Sakamoto, jornalista, no facebook Jair Bolsonaro (PL) consolidou-se como a maior amea\u00e7a ao exerc\u00edcio da liberdade de imprensa no pa\u00eds. \u00c9 o que apontam os n\u00fameros do Relat\u00f3rio da Viol\u00eancia contra Jornalistas e Liberdade de Imprensa no Brasil, elaborado pela Fenaj (Federa\u00e7\u00e3o Nacional dos Jornalistas), sobre o ano de 2021, divulgado nesta quinta &hellip;","og_url":"https:\/\/portalnpm.com\/index.php\/2022\/01\/28\/bolsonaro-e-o-maior-agressor-de-jornalistas-aponta-relatorio\/","og_site_name":"Portal NPM","article_published_time":"2022-01-28T23:11:22+00:00","author":"Genival Barbosa","twitter_card":"summary_large_image","twitter_misc":{"Escrito por":"Genival Barbosa","Est. tempo de leitura":"3 minutos"},"schema":{"@context":"https:\/\/schema.org","@graph":[{"@type":"WebPage","@id":"https:\/\/portalnpm.com\/index.php\/2022\/01\/28\/bolsonaro-e-o-maior-agressor-de-jornalistas-aponta-relatorio\/","url":"https:\/\/portalnpm.com\/index.php\/2022\/01\/28\/bolsonaro-e-o-maior-agressor-de-jornalistas-aponta-relatorio\/","name":"Bolsonaro \u00e9 o maior agressor de jornalistas, aponta relat\u00f3rio - Portal NPM","isPartOf":{"@id":"https:\/\/portalnpm.com\/#website"},"primaryImageOfPage":{"@id":"https:\/\/portalnpm.com\/index.php\/2022\/01\/28\/bolsonaro-e-o-maior-agressor-de-jornalistas-aponta-relatorio\/#primaryimage"},"image":{"@id":"https:\/\/portalnpm.com\/index.php\/2022\/01\/28\/bolsonaro-e-o-maior-agressor-de-jornalistas-aponta-relatorio\/#primaryimage"},"thumbnailUrl":"","datePublished":"2022-01-28T23:11:22+00:00","dateModified":"2022-01-28T23:11:22+00:00","author":{"@id":"https:\/\/portalnpm.com\/#\/schema\/person\/49313e563cfdefcc167f1ee4c017c294"},"breadcrumb":{"@id":"https:\/\/portalnpm.com\/index.php\/2022\/01\/28\/bolsonaro-e-o-maior-agressor-de-jornalistas-aponta-relatorio\/#breadcrumb"},"inLanguage":"pt-BR","potentialAction":[{"@type":"ReadAction","target":["https:\/\/portalnpm.com\/index.php\/2022\/01\/28\/bolsonaro-e-o-maior-agressor-de-jornalistas-aponta-relatorio\/"]}]},{"@type":"ImageObject","inLanguage":"pt-BR","@id":"https:\/\/portalnpm.com\/index.php\/2022\/01\/28\/bolsonaro-e-o-maior-agressor-de-jornalistas-aponta-relatorio\/#primaryimage","url":"","contentUrl":""},{"@type":"BreadcrumbList","@id":"https:\/\/portalnpm.com\/index.php\/2022\/01\/28\/bolsonaro-e-o-maior-agressor-de-jornalistas-aponta-relatorio\/#breadcrumb","itemListElement":[{"@type":"ListItem","position":1,"name":"In\u00edcio","item":"https:\/\/portalnpm.com\/"},{"@type":"ListItem","position":2,"name":"Bolsonaro \u00e9 o maior agressor de jornalistas, aponta relat\u00f3rio"}]},{"@type":"WebSite","@id":"https:\/\/portalnpm.com\/#website","url":"https:\/\/portalnpm.com\/","name":"Portal NPM","description":"Not\u00edcias em Primeira M\u00e3o","potentialAction":[{"@type":"SearchAction","target":{"@type":"EntryPoint","urlTemplate":"https:\/\/portalnpm.com\/?s={search_term_string}"},"query-input":"required name=search_term_string"}],"inLanguage":"pt-BR"},{"@type":"Person","@id":"https:\/\/portalnpm.com\/#\/schema\/person\/49313e563cfdefcc167f1ee4c017c294","name":"Genival Barbosa","image":{"@type":"ImageObject","inLanguage":"pt-BR","@id":"https:\/\/portalnpm.com\/#\/schema\/person\/image\/","url":"https:\/\/portalnpm.com\/wp-content\/uploads\/2024\/02\/avatar_user_2_1707743258-96x96.jpeg","contentUrl":"https:\/\/portalnpm.com\/wp-content\/uploads\/2024\/02\/avatar_user_2_1707743258-96x96.jpeg","caption":"Genival Barbosa"},"url":"https:\/\/portalnpm.com\/index.php\/author\/genival\/"}]}},"jetpack_sharing_enabled":true,"jetpack_featured_media_url":"","_links":{"self":[{"href":"https:\/\/portalnpm.com\/index.php\/wp-json\/wp\/v2\/posts\/40163"}],"collection":[{"href":"https:\/\/portalnpm.com\/index.php\/wp-json\/wp\/v2\/posts"}],"about":[{"href":"https:\/\/portalnpm.com\/index.php\/wp-json\/wp\/v2\/types\/post"}],"author":[{"embeddable":true,"href":"https:\/\/portalnpm.com\/index.php\/wp-json\/wp\/v2\/users\/2"}],"replies":[{"embeddable":true,"href":"https:\/\/portalnpm.com\/index.php\/wp-json\/wp\/v2\/comments?post=40163"}],"version-history":[{"count":0,"href":"https:\/\/portalnpm.com\/index.php\/wp-json\/wp\/v2\/posts\/40163\/revisions"}],"wp:featuredmedia":[{"embeddable":true,"href":"https:\/\/portalnpm.com\/index.php\/wp-json\/"}],"wp:attachment":[{"href":"https:\/\/portalnpm.com\/index.php\/wp-json\/wp\/v2\/media?parent=40163"}],"wp:term":[{"taxonomy":"category","embeddable":true,"href":"https:\/\/portalnpm.com\/index.php\/wp-json\/wp\/v2\/categories?post=40163"},{"taxonomy":"post_tag","embeddable":true,"href":"https:\/\/portalnpm.com\/index.php\/wp-json\/wp\/v2\/tags?post=40163"}],"curies":[{"name":"wp","href":"https:\/\/api.w.org\/{rel}","templated":true}]}}