{"id":4026,"date":"2018-12-21T21:26:30","date_gmt":"2018-12-21T23:26:30","guid":{"rendered":"http:\/\/srv.portalnpm.com.br\/?p=4026"},"modified":"2018-12-21T21:26:30","modified_gmt":"2018-12-21T23:26:30","slug":"morre-aos-100-anos-em-sao-juliao-o-vaqueiro-antonio-demostenes-o-sertanejo-era-o-unico-centenario-da-familia-demostenes-no-municipio","status":"publish","type":"post","link":"https:\/\/portalnpm.com\/index.php\/2018\/12\/21\/morre-aos-100-anos-em-sao-juliao-o-vaqueiro-antonio-demostenes-o-sertanejo-era-o-unico-centenario-da-familia-demostenes-no-municipio\/","title":{"rendered":"Morre aos 100 anos em S\u00e3o Juli\u00e3o o vaqueiro Antonio Dem\u00f3stenes: O sertanejo era o \u00fanico centen\u00e1rio da fam\u00edlia Dem\u00f3stenes no munic\u00edpio"},"content":{"rendered":"<p style=\"text-align: justify;\">Faleceu no inicio da noite desta sexta-feira (21), o centen\u00e1rio Antonio Dem\u00f3stenes, o mesmo vinha enfrentando problemas de sa\u00fade nos \u00faltimos dias ap\u00f3s sofrer um AVC, depois de passar por v\u00e1rios Hospitais da regi\u00e3o, seu Ant\u00f4nio\u00a0 havia tido uma pequena melhora, o mesmo faleceu em sua resid\u00eancia no povoado Mandacaru a 5 Km da sede de S\u00e3o Juli\u00e3o.<\/p>\n<p style=\"text-align: justify;\">Seu Ant\u00f4nio Dem\u00f3stenes, como \u00e9 conhecido, \u00e9 de uma fam\u00edlia de dez irm\u00e3os, onde apenas tr\u00eas estavam\u00a0 vivos. No ano passado a fam\u00edlia reuniu para\u00a0 comemorar os 100 anos do mesmo,\u00a0\u00a0 poucos sertanejos conseguem alcan\u00e7ar.<\/p>\n<p style=\"text-align: justify;\">Nascido em 25 de dezembro de 1917,\u00a0 Ant\u00f4nio Dem\u00f3stenes de Sousa completaria 101 anos no pr\u00f3ximo dia 25 de dezembro, era um sertanejo que foi vaqueiro at\u00e9 os 70 anos, onde costumava em seus tempos de vaqueiro levar rebanhos de gado do Piau\u00ed para o Pernambuco, sendo muito h\u00e1bil em derrubar boi no meio da mata. O corpo est\u00e1 sendo velado em sua resid\u00eancia na Avenida Central no povoado Mandacaru.<\/p>\n<p><strong>Com informa\u00e7\u00f5es do Portal Piau\u00ed em Foco\u00a0<\/strong><\/p>\n","protected":false},"excerpt":{"rendered":"<p>Faleceu no inicio da noite desta sexta-feira (21), o centen\u00e1rio Antonio Dem\u00f3stenes, o mesmo vinha enfrentando problemas de sa\u00fade nos \u00faltimos dias ap\u00f3s sofrer um AVC, depois de passar por v\u00e1rios Hospitais da regi\u00e3o, seu Ant\u00f4nio\u00a0 havia tido uma pequena melhora, o mesmo faleceu em sua resid\u00eancia no povoado Mandacaru a 5 Km da sede &hellip;<\/p>\n","protected":false},"author":3,"featured_media":4027,"comment_status":"open","ping_status":"open","sticky":false,"template":"","format":"standard","meta":{"content-type":"","rop_custom_images_group":[],"rop_custom_messages_group":[],"rop_publish_now":"initial","rop_publish_now_accounts":{"facebook_2648258775420054_1618374048415101":""},"rop_publish_now_history":[],"rop_publish_now_status":"pending","footnotes":"","_jetpack_memberships_contains_paid_content":false},"categories":[113,136],"tags":[505,1780,132],"yoast_head":"<!-- This site is optimized with the Yoast SEO plugin v22.3 - https:\/\/yoast.com\/wordpress\/plugins\/seo\/ -->\n<title>Morre aos 100 anos em S\u00e3o Juli\u00e3o o vaqueiro Antonio Dem\u00f3stenes: O sertanejo era o \u00fanico centen\u00e1rio da fam\u00edlia Dem\u00f3stenes no munic\u00edpio - Portal NPM<\/title>\n<meta name=\"robots\" content=\"index, follow, max-snippet:-1, max-image-preview:large, max-video-preview:-1\" \/>\n<link rel=\"canonical\" href=\"https:\/\/portalnpm.com\/index.php\/2018\/12\/21\/morre-aos-100-anos-em-sao-juliao-o-vaqueiro-antonio-demostenes-o-sertanejo-era-o-unico-centenario-da-familia-demostenes-no-municipio\/\" \/>\n<meta property=\"og:locale\" content=\"pt_BR\" \/>\n<meta property=\"og:type\" content=\"article\" \/>\n<meta property=\"og:title\" content=\"Morre aos 100 anos em S\u00e3o Juli\u00e3o o vaqueiro Antonio Dem\u00f3stenes: O sertanejo era o \u00fanico centen\u00e1rio da fam\u00edlia Dem\u00f3stenes no munic\u00edpio - Portal NPM\" \/>\n<meta property=\"og:description\" content=\"Faleceu no inicio da noite desta sexta-feira (21), o centen\u00e1rio Antonio Dem\u00f3stenes, o mesmo vinha enfrentando problemas de sa\u00fade nos \u00faltimos dias ap\u00f3s sofrer um AVC, depois de passar por v\u00e1rios Hospitais da regi\u00e3o, seu Ant\u00f4nio\u00a0 havia tido uma pequena melhora, o mesmo faleceu em sua resid\u00eancia no povoado Mandacaru a 5 Km da sede &hellip;\" \/>\n<meta property=\"og:url\" content=\"https:\/\/portalnpm.com\/index.php\/2018\/12\/21\/morre-aos-100-anos-em-sao-juliao-o-vaqueiro-antonio-demostenes-o-sertanejo-era-o-unico-centenario-da-familia-demostenes-no-municipio\/\" \/>\n<meta property=\"og:site_name\" content=\"Portal NPM\" \/>\n<meta property=\"article:published_time\" content=\"2018-12-21T23:26:30+00:00\" \/>\n<meta name=\"author\" content=\"Luis Alberto\" \/>\n<meta name=\"twitter:card\" content=\"summary_large_image\" \/>\n<meta name=\"twitter:label1\" content=\"Escrito por\" \/>\n\t<meta name=\"twitter:data1\" content=\"Luis Alberto\" \/>\n\t<meta name=\"twitter:label2\" content=\"Est. tempo de leitura\" \/>\n\t<meta name=\"twitter:data2\" content=\"1 minuto\" \/>\n<script type=\"application\/ld+json\" class=\"yoast-schema-graph\">{\"@context\":\"https:\/\/schema.org\",\"@graph\":[{\"@type\":\"WebPage\",\"@id\":\"https:\/\/portalnpm.com\/index.php\/2018\/12\/21\/morre-aos-100-anos-em-sao-juliao-o-vaqueiro-antonio-demostenes-o-sertanejo-era-o-unico-centenario-da-familia-demostenes-no-municipio\/\",\"url\":\"https:\/\/portalnpm.com\/index.php\/2018\/12\/21\/morre-aos-100-anos-em-sao-juliao-o-vaqueiro-antonio-demostenes-o-sertanejo-era-o-unico-centenario-da-familia-demostenes-no-municipio\/\",\"name\":\"Morre aos 100 anos em S\u00e3o Juli\u00e3o o vaqueiro Antonio Dem\u00f3stenes: O sertanejo era o \u00fanico centen\u00e1rio da fam\u00edlia Dem\u00f3stenes no munic\u00edpio - Portal NPM\",\"isPartOf\":{\"@id\":\"https:\/\/portalnpm.com\/#website\"},\"primaryImageOfPage\":{\"@id\":\"https:\/\/portalnpm.com\/index.php\/2018\/12\/21\/morre-aos-100-anos-em-sao-juliao-o-vaqueiro-antonio-demostenes-o-sertanejo-era-o-unico-centenario-da-familia-demostenes-no-municipio\/#primaryimage\"},\"image\":{\"@id\":\"https:\/\/portalnpm.com\/index.php\/2018\/12\/21\/morre-aos-100-anos-em-sao-juliao-o-vaqueiro-antonio-demostenes-o-sertanejo-era-o-unico-centenario-da-familia-demostenes-no-municipio\/#primaryimage\"},\"thumbnailUrl\":\"\",\"datePublished\":\"2018-12-21T23:26:30+00:00\",\"dateModified\":\"2018-12-21T23:26:30+00:00\",\"author\":{\"@id\":\"https:\/\/portalnpm.com\/#\/schema\/person\/5c8006acdf71774cd4e7a5ab98482152\"},\"breadcrumb\":{\"@id\":\"https:\/\/portalnpm.com\/index.php\/2018\/12\/21\/morre-aos-100-anos-em-sao-juliao-o-vaqueiro-antonio-demostenes-o-sertanejo-era-o-unico-centenario-da-familia-demostenes-no-municipio\/#breadcrumb\"},\"inLanguage\":\"pt-BR\",\"potentialAction\":[{\"@type\":\"ReadAction\",\"target\":[\"https:\/\/portalnpm.com\/index.php\/2018\/12\/21\/morre-aos-100-anos-em-sao-juliao-o-vaqueiro-antonio-demostenes-o-sertanejo-era-o-unico-centenario-da-familia-demostenes-no-municipio\/\"]}]},{\"@type\":\"ImageObject\",\"inLanguage\":\"pt-BR\",\"@id\":\"https:\/\/portalnpm.com\/index.php\/2018\/12\/21\/morre-aos-100-anos-em-sao-juliao-o-vaqueiro-antonio-demostenes-o-sertanejo-era-o-unico-centenario-da-familia-demostenes-no-municipio\/#primaryimage\",\"url\":\"\",\"contentUrl\":\"\"},{\"@type\":\"BreadcrumbList\",\"@id\":\"https:\/\/portalnpm.com\/index.php\/2018\/12\/21\/morre-aos-100-anos-em-sao-juliao-o-vaqueiro-antonio-demostenes-o-sertanejo-era-o-unico-centenario-da-familia-demostenes-no-municipio\/#breadcrumb\",\"itemListElement\":[{\"@type\":\"ListItem\",\"position\":1,\"name\":\"In\u00edcio\",\"item\":\"https:\/\/portalnpm.com\/\"},{\"@type\":\"ListItem\",\"position\":2,\"name\":\"Morre aos 100 anos em S\u00e3o Juli\u00e3o o vaqueiro Antonio Dem\u00f3stenes: O sertanejo era o \u00fanico centen\u00e1rio da fam\u00edlia Dem\u00f3stenes no munic\u00edpio\"}]},{\"@type\":\"WebSite\",\"@id\":\"https:\/\/portalnpm.com\/#website\",\"url\":\"https:\/\/portalnpm.com\/\",\"name\":\"Portal NPM\",\"description\":\"Not\u00edcias em Primeira M\u00e3o\",\"potentialAction\":[{\"@type\":\"SearchAction\",\"target\":{\"@type\":\"EntryPoint\",\"urlTemplate\":\"https:\/\/portalnpm.com\/?s={search_term_string}\"},\"query-input\":\"required name=search_term_string\"}],\"inLanguage\":\"pt-BR\"},{\"@type\":\"Person\",\"@id\":\"https:\/\/portalnpm.com\/#\/schema\/person\/5c8006acdf71774cd4e7a5ab98482152\",\"name\":\"Luis Alberto\",\"image\":{\"@type\":\"ImageObject\",\"inLanguage\":\"pt-BR\",\"@id\":\"https:\/\/portalnpm.com\/#\/schema\/person\/image\/\",\"url\":\"https:\/\/portalnpm.com\/wp-content\/uploads\/2024\/12\/avatar_user_3_1734699769-96x96.jpeg\",\"contentUrl\":\"https:\/\/portalnpm.com\/wp-content\/uploads\/2024\/12\/avatar_user_3_1734699769-96x96.jpeg\",\"caption\":\"Luis Alberto\"},\"description\":\"Editor-geral do Portal NPM, \u00e9 formado como T\u00e9cnico em Seguran\u00e7a do Trabalho pela Escola Metropolitana de Cursos T\u00e9cnicos. Det\u00e9m ainda licenciatura em Educa\u00e7\u00e3o F\u00edsica e bacharelado em Ci\u00eancias Pol\u00edticas, ambos obtidos pela institui\u00e7\u00e3o Anhanguera\/UNOPAR.\",\"url\":\"https:\/\/portalnpm.com\/index.php\/author\/pereira\/\"}]}<\/script>\n<!-- \/ Yoast SEO plugin. -->","yoast_head_json":{"title":"Morre aos 100 anos em S\u00e3o Juli\u00e3o o vaqueiro Antonio Dem\u00f3stenes: O sertanejo era o \u00fanico centen\u00e1rio da fam\u00edlia Dem\u00f3stenes no munic\u00edpio - Portal NPM","robots":{"index":"index","follow":"follow","max-snippet":"max-snippet:-1","max-image-preview":"max-image-preview:large","max-video-preview":"max-video-preview:-1"},"canonical":"https:\/\/portalnpm.com\/index.php\/2018\/12\/21\/morre-aos-100-anos-em-sao-juliao-o-vaqueiro-antonio-demostenes-o-sertanejo-era-o-unico-centenario-da-familia-demostenes-no-municipio\/","og_locale":"pt_BR","og_type":"article","og_title":"Morre aos 100 anos em S\u00e3o Juli\u00e3o o vaqueiro Antonio Dem\u00f3stenes: O sertanejo era o \u00fanico centen\u00e1rio da fam\u00edlia Dem\u00f3stenes no munic\u00edpio - Portal NPM","og_description":"Faleceu no inicio da noite desta sexta-feira (21), o centen\u00e1rio Antonio Dem\u00f3stenes, o mesmo vinha enfrentando problemas de sa\u00fade nos \u00faltimos dias ap\u00f3s sofrer um AVC, depois de passar por v\u00e1rios Hospitais da regi\u00e3o, seu Ant\u00f4nio\u00a0 havia tido uma pequena melhora, o mesmo faleceu em sua resid\u00eancia no povoado Mandacaru a 5 Km da sede &hellip;","og_url":"https:\/\/portalnpm.com\/index.php\/2018\/12\/21\/morre-aos-100-anos-em-sao-juliao-o-vaqueiro-antonio-demostenes-o-sertanejo-era-o-unico-centenario-da-familia-demostenes-no-municipio\/","og_site_name":"Portal NPM","article_published_time":"2018-12-21T23:26:30+00:00","author":"Luis Alberto","twitter_card":"summary_large_image","twitter_misc":{"Escrito por":"Luis Alberto","Est. tempo de leitura":"1 minuto"},"schema":{"@context":"https:\/\/schema.org","@graph":[{"@type":"WebPage","@id":"https:\/\/portalnpm.com\/index.php\/2018\/12\/21\/morre-aos-100-anos-em-sao-juliao-o-vaqueiro-antonio-demostenes-o-sertanejo-era-o-unico-centenario-da-familia-demostenes-no-municipio\/","url":"https:\/\/portalnpm.com\/index.php\/2018\/12\/21\/morre-aos-100-anos-em-sao-juliao-o-vaqueiro-antonio-demostenes-o-sertanejo-era-o-unico-centenario-da-familia-demostenes-no-municipio\/","name":"Morre aos 100 anos em S\u00e3o Juli\u00e3o o vaqueiro Antonio Dem\u00f3stenes: O sertanejo era o \u00fanico centen\u00e1rio da fam\u00edlia Dem\u00f3stenes no munic\u00edpio - Portal NPM","isPartOf":{"@id":"https:\/\/portalnpm.com\/#website"},"primaryImageOfPage":{"@id":"https:\/\/portalnpm.com\/index.php\/2018\/12\/21\/morre-aos-100-anos-em-sao-juliao-o-vaqueiro-antonio-demostenes-o-sertanejo-era-o-unico-centenario-da-familia-demostenes-no-municipio\/#primaryimage"},"image":{"@id":"https:\/\/portalnpm.com\/index.php\/2018\/12\/21\/morre-aos-100-anos-em-sao-juliao-o-vaqueiro-antonio-demostenes-o-sertanejo-era-o-unico-centenario-da-familia-demostenes-no-municipio\/#primaryimage"},"thumbnailUrl":"","datePublished":"2018-12-21T23:26:30+00:00","dateModified":"2018-12-21T23:26:30+00:00","author":{"@id":"https:\/\/portalnpm.com\/#\/schema\/person\/5c8006acdf71774cd4e7a5ab98482152"},"breadcrumb":{"@id":"https:\/\/portalnpm.com\/index.php\/2018\/12\/21\/morre-aos-100-anos-em-sao-juliao-o-vaqueiro-antonio-demostenes-o-sertanejo-era-o-unico-centenario-da-familia-demostenes-no-municipio\/#breadcrumb"},"inLanguage":"pt-BR","potentialAction":[{"@type":"ReadAction","target":["https:\/\/portalnpm.com\/index.php\/2018\/12\/21\/morre-aos-100-anos-em-sao-juliao-o-vaqueiro-antonio-demostenes-o-sertanejo-era-o-unico-centenario-da-familia-demostenes-no-municipio\/"]}]},{"@type":"ImageObject","inLanguage":"pt-BR","@id":"https:\/\/portalnpm.com\/index.php\/2018\/12\/21\/morre-aos-100-anos-em-sao-juliao-o-vaqueiro-antonio-demostenes-o-sertanejo-era-o-unico-centenario-da-familia-demostenes-no-municipio\/#primaryimage","url":"","contentUrl":""},{"@type":"BreadcrumbList","@id":"https:\/\/portalnpm.com\/index.php\/2018\/12\/21\/morre-aos-100-anos-em-sao-juliao-o-vaqueiro-antonio-demostenes-o-sertanejo-era-o-unico-centenario-da-familia-demostenes-no-municipio\/#breadcrumb","itemListElement":[{"@type":"ListItem","position":1,"name":"In\u00edcio","item":"https:\/\/portalnpm.com\/"},{"@type":"ListItem","position":2,"name":"Morre aos 100 anos em S\u00e3o Juli\u00e3o o vaqueiro Antonio Dem\u00f3stenes: O sertanejo era o \u00fanico centen\u00e1rio da fam\u00edlia Dem\u00f3stenes no munic\u00edpio"}]},{"@type":"WebSite","@id":"https:\/\/portalnpm.com\/#website","url":"https:\/\/portalnpm.com\/","name":"Portal NPM","description":"Not\u00edcias em Primeira M\u00e3o","potentialAction":[{"@type":"SearchAction","target":{"@type":"EntryPoint","urlTemplate":"https:\/\/portalnpm.com\/?s={search_term_string}"},"query-input":"required name=search_term_string"}],"inLanguage":"pt-BR"},{"@type":"Person","@id":"https:\/\/portalnpm.com\/#\/schema\/person\/5c8006acdf71774cd4e7a5ab98482152","name":"Luis Alberto","image":{"@type":"ImageObject","inLanguage":"pt-BR","@id":"https:\/\/portalnpm.com\/#\/schema\/person\/image\/","url":"https:\/\/portalnpm.com\/wp-content\/uploads\/2024\/12\/avatar_user_3_1734699769-96x96.jpeg","contentUrl":"https:\/\/portalnpm.com\/wp-content\/uploads\/2024\/12\/avatar_user_3_1734699769-96x96.jpeg","caption":"Luis Alberto"},"description":"Editor-geral do Portal NPM, \u00e9 formado como T\u00e9cnico em Seguran\u00e7a do Trabalho pela Escola Metropolitana de Cursos T\u00e9cnicos. Det\u00e9m ainda licenciatura em Educa\u00e7\u00e3o F\u00edsica e bacharelado em Ci\u00eancias Pol\u00edticas, ambos obtidos pela institui\u00e7\u00e3o Anhanguera\/UNOPAR.","url":"https:\/\/portalnpm.com\/index.php\/author\/pereira\/"}]}},"jetpack_sharing_enabled":true,"jetpack_featured_media_url":"","_links":{"self":[{"href":"https:\/\/portalnpm.com\/index.php\/wp-json\/wp\/v2\/posts\/4026"}],"collection":[{"href":"https:\/\/portalnpm.com\/index.php\/wp-json\/wp\/v2\/posts"}],"about":[{"href":"https:\/\/portalnpm.com\/index.php\/wp-json\/wp\/v2\/types\/post"}],"author":[{"embeddable":true,"href":"https:\/\/portalnpm.com\/index.php\/wp-json\/wp\/v2\/users\/3"}],"replies":[{"embeddable":true,"href":"https:\/\/portalnpm.com\/index.php\/wp-json\/wp\/v2\/comments?post=4026"}],"version-history":[{"count":0,"href":"https:\/\/portalnpm.com\/index.php\/wp-json\/wp\/v2\/posts\/4026\/revisions"}],"wp:featuredmedia":[{"embeddable":true,"href":"https:\/\/portalnpm.com\/index.php\/wp-json\/"}],"wp:attachment":[{"href":"https:\/\/portalnpm.com\/index.php\/wp-json\/wp\/v2\/media?parent=4026"}],"wp:term":[{"taxonomy":"category","embeddable":true,"href":"https:\/\/portalnpm.com\/index.php\/wp-json\/wp\/v2\/categories?post=4026"},{"taxonomy":"post_tag","embeddable":true,"href":"https:\/\/portalnpm.com\/index.php\/wp-json\/wp\/v2\/tags?post=4026"}],"curies":[{"name":"wp","href":"https:\/\/api.w.org\/{rel}","templated":true}]}}