{"id":40341,"date":"2022-02-04T18:13:01","date_gmt":"2022-02-04T21:13:01","guid":{"rendered":"https:\/\/backupnpm.codetainer.com.br\/?p=40341"},"modified":"2022-02-04T18:13:01","modified_gmt":"2022-02-04T21:13:01","slug":"deputado-franze-destina-22-milhoes-para-maquinas-e-insumos-agricolas","status":"publish","type":"post","link":"https:\/\/portalnpm.com\/index.php\/2022\/02\/04\/deputado-franze-destina-22-milhoes-para-maquinas-e-insumos-agricolas\/","title":{"rendered":"Deputado Franz\u00e9 destina 2,2 milh\u00f5es para m\u00e1quinas e insumos agr\u00edcolas."},"content":{"rendered":"<p style=\"text-align: justify;\">O an\u00fancio dos recursos da emenda do deputado foi feito em evento no Emater<\/p>\n<p style=\"text-align: justify;\">\n<p style=\"text-align: justify;\">O deputado estadual Franz\u00e9 Silva (PT) colocou emenda parlamentar no valor de R$ 2,2 milh\u00f5es para aquisi\u00e7\u00e3o de m\u00e1quinas e insumos agr\u00edcolas para os munic\u00edpios do Piau\u00ed. O an\u00fancio do investimento foi feito, nesta sexta-feira (4), pelo parlamentar e pelo governador Wellington Dias.<\/p>\n<p style=\"text-align: justify;\">\n<p style=\"text-align: justify;\">Franz\u00e9 e Dias particiaram da solenidade de assinatura do acordo de coopera\u00e7\u00e3o entre o Instituto de Assist\u00eancia T\u00e9cnica e Extens\u00e3o Rural do Piau\u00ed (Emater-PI) e o Instituto Federal do Piau\u00ed (IFPI), que viabilizar\u00e1 inser\u00e7\u00e3o de alunos em atividades de pr\u00e1tica agr\u00edcola e outras \u00e1reas.<\/p>\n<p style=\"text-align: justify;\"><img fetchpriority=\"high\" decoding=\"async\" class=\"alignnone size-full wp-image-40342\" src=\"https:\/\/backupnpm.codetainer.com.br\/wp-content\/uploads\/2022\/02\/IMG-20220204-WA0152.jpg\" alt=\"\" width=\"1068\" height=\"713\" \/><\/p>\n<p style=\"text-align: justify;\">Inicialmente, ser\u00e3o contemplados com a parceria 10 munic\u00edpios, com a disponibiliza\u00e7\u00e3o de vagas de pr\u00e1tica supervisionada pelos professores do IFPI e t\u00e9cnicos do Emater. Tamb\u00e9m foi anunciada, pelo Governo do Estado, a progress\u00e3o de carreira dos servidores do Emater.<\/p>\n<p style=\"text-align: justify;\">\n<p style=\"text-align: justify;\">&#8220;Estamos anunciando um processo de avalia\u00e7\u00e3o para que, no plano de carreira, que j\u00e1 foi implementado, tenhamos a promo\u00e7\u00e3o, garantindo eleva\u00e7\u00e3o da renda e uma classe a mais a eles, podendo chegar a um patamar elevado, tanto no n\u00edvel t\u00e9cnico\/administrativo, como superior\u201d, pontua Wellington.<\/p>\n<p style=\"text-align: justify;\">\n<p style=\"text-align: justify;\">O deputado Franz\u00e9 Silva destaca a import\u00e2ncia dos investimentos na gera\u00e7\u00e3o de emprego e renda, bem como na qualidade da assist\u00eancia t\u00e9cnica aos agricultores e da produ\u00e7\u00e3o do Estado, respons\u00e1vel por levar alimento de qualidade \u00e0s mesas dos piauienses.<\/p>\n<p style=\"text-align: justify;\">\n<p style=\"text-align: justify;\">\u201cA agricultura familiar \u00e9 uma das prioridades do nosso mandato e para onde temos destinado muitos investimentos, uma \u00e1rea que gera emprego e renda, na qual o resultado chega \u00e0 mesa das pessoas, com produtos sem agrot\u00f3xico e com pre\u00e7os bem mais baixos do que os que v\u00eam de fora\u201d, assinala.<\/p>\n<p style=\"text-align: justify;\">\n<p style=\"text-align: justify;\">Tamb\u00e9m foi anunciada durante a solenidade no Emater a libera\u00e7\u00e3o de mais R$ 300 mil em investimentos para a reforma da col\u00f4nia de f\u00e9rias dos servidores do Emater, em Lu\u00eds Correia, e cerca de R$ 173 mil para reestrutura\u00e7\u00e3o da parte el\u00e9trica da sede do Emater estadual.<\/p>\n<p style=\"text-align: justify;\"><img decoding=\"async\" class=\"alignnone size-full wp-image-40343\" src=\"https:\/\/backupnpm.codetainer.com.br\/wp-content\/uploads\/2022\/02\/IMG-20220204-WA0154.jpg\" alt=\"\" width=\"1068\" height=\"713\" \/> <img decoding=\"async\" class=\"alignnone size-medium wp-image-40344\" src=\"https:\/\/backupnpm.codetainer.com.br\/wp-content\/uploads\/2022\/02\/IMG-20220204-WA0153.jpg\" alt=\"\" width=\"1066\" height=\"711\" \/> <img loading=\"lazy\" decoding=\"async\" class=\"alignnone size-medium wp-image-40345\" src=\"https:\/\/backupnpm.codetainer.com.br\/wp-content\/uploads\/2022\/02\/IMG-20220204-WA0149.jpg\" alt=\"\" width=\"1068\" height=\"713\" \/> <img loading=\"lazy\" decoding=\"async\" class=\"alignnone size-medium wp-image-40346\" src=\"https:\/\/backupnpm.codetainer.com.br\/wp-content\/uploads\/2022\/02\/IMG-20220204-WA0157.jpg\" alt=\"\" width=\"1068\" height=\"713\" \/> <img loading=\"lazy\" decoding=\"async\" class=\"alignnone size-medium wp-image-40347\" src=\"https:\/\/backupnpm.codetainer.com.br\/wp-content\/uploads\/2022\/02\/IMG-20220204-WA0155.jpg\" alt=\"\" width=\"1068\" height=\"713\" \/> <img loading=\"lazy\" decoding=\"async\" class=\"alignnone size-medium wp-image-40348\" src=\"https:\/\/backupnpm.codetainer.com.br\/wp-content\/uploads\/2022\/02\/IMG-20220204-WA0151.jpg\" alt=\"\" width=\"1068\" height=\"713\" \/><\/p>\n<p style=\"text-align: justify;\">Fonte: Assessoria do deputado Franz\u00e9 Silva<\/p>\n","protected":false},"excerpt":{"rendered":"<p>O an\u00fancio dos recursos da emenda do deputado foi feito em evento no Emater O deputado estadual Franz\u00e9 Silva (PT) colocou emenda parlamentar no valor de R$ 2,2 milh\u00f5es para aquisi\u00e7\u00e3o de m\u00e1quinas e insumos agr\u00edcolas para os munic\u00edpios do Piau\u00ed. O an\u00fancio do investimento foi feito, nesta sexta-feira (4), pelo parlamentar e pelo governador &hellip;<\/p>\n","protected":false},"author":4,"featured_media":40349,"comment_status":"open","ping_status":"open","sticky":false,"template":"","format":"standard","meta":{"content-type":"","rop_custom_images_group":[],"rop_custom_messages_group":[],"rop_publish_now":"initial","rop_publish_now_accounts":{"facebook_2648258775420054_1618374048415101":""},"rop_publish_now_history":[],"rop_publish_now_status":"pending","footnotes":"","_jetpack_memberships_contains_paid_content":false},"categories":[113,188,130],"tags":[15115,583,187],"yoast_head":"<!-- This site is optimized with the Yoast SEO plugin v22.3 - https:\/\/yoast.com\/wordpress\/plugins\/seo\/ -->\n<title>Deputado Franz\u00e9 destina 2,2 milh\u00f5es para m\u00e1quinas e insumos agr\u00edcolas. - Portal NPM<\/title>\n<meta name=\"robots\" content=\"index, follow, max-snippet:-1, max-image-preview:large, max-video-preview:-1\" \/>\n<link rel=\"canonical\" href=\"https:\/\/portalnpm.com\/index.php\/2022\/02\/04\/deputado-franze-destina-22-milhoes-para-maquinas-e-insumos-agricolas\/\" \/>\n<meta property=\"og:locale\" content=\"pt_BR\" \/>\n<meta property=\"og:type\" content=\"article\" \/>\n<meta property=\"og:title\" content=\"Deputado Franz\u00e9 destina 2,2 milh\u00f5es para m\u00e1quinas e insumos agr\u00edcolas. - Portal NPM\" \/>\n<meta property=\"og:description\" content=\"O an\u00fancio dos recursos da emenda do deputado foi feito em evento no Emater O deputado estadual Franz\u00e9 Silva (PT) colocou emenda parlamentar no valor de R$ 2,2 milh\u00f5es para aquisi\u00e7\u00e3o de m\u00e1quinas e insumos agr\u00edcolas para os munic\u00edpios do Piau\u00ed. O an\u00fancio do investimento foi feito, nesta sexta-feira (4), pelo parlamentar e pelo governador &hellip;\" \/>\n<meta property=\"og:url\" content=\"https:\/\/portalnpm.com\/index.php\/2022\/02\/04\/deputado-franze-destina-22-milhoes-para-maquinas-e-insumos-agricolas\/\" \/>\n<meta property=\"og:site_name\" content=\"Portal NPM\" \/>\n<meta property=\"article:published_time\" content=\"2022-02-04T21:13:01+00:00\" \/>\n<meta name=\"author\" content=\"Reda\u00e7\u00e3o\" \/>\n<meta name=\"twitter:card\" content=\"summary_large_image\" \/>\n<meta name=\"twitter:label1\" content=\"Escrito por\" \/>\n\t<meta name=\"twitter:data1\" content=\"Reda\u00e7\u00e3o\" \/>\n\t<meta name=\"twitter:label2\" content=\"Est. tempo de leitura\" \/>\n\t<meta name=\"twitter:data2\" content=\"3 minutos\" \/>\n<script type=\"application\/ld+json\" class=\"yoast-schema-graph\">{\"@context\":\"https:\/\/schema.org\",\"@graph\":[{\"@type\":\"WebPage\",\"@id\":\"https:\/\/portalnpm.com\/index.php\/2022\/02\/04\/deputado-franze-destina-22-milhoes-para-maquinas-e-insumos-agricolas\/\",\"url\":\"https:\/\/portalnpm.com\/index.php\/2022\/02\/04\/deputado-franze-destina-22-milhoes-para-maquinas-e-insumos-agricolas\/\",\"name\":\"Deputado Franz\u00e9 destina 2,2 milh\u00f5es para m\u00e1quinas e insumos agr\u00edcolas. - Portal NPM\",\"isPartOf\":{\"@id\":\"https:\/\/portalnpm.com\/#website\"},\"primaryImageOfPage\":{\"@id\":\"https:\/\/portalnpm.com\/index.php\/2022\/02\/04\/deputado-franze-destina-22-milhoes-para-maquinas-e-insumos-agricolas\/#primaryimage\"},\"image\":{\"@id\":\"https:\/\/portalnpm.com\/index.php\/2022\/02\/04\/deputado-franze-destina-22-milhoes-para-maquinas-e-insumos-agricolas\/#primaryimage\"},\"thumbnailUrl\":\"\",\"datePublished\":\"2022-02-04T21:13:01+00:00\",\"dateModified\":\"2022-02-04T21:13:01+00:00\",\"author\":{\"@id\":\"https:\/\/portalnpm.com\/#\/schema\/person\/0b5f230ec96cee25504fa328e7f2b733\"},\"breadcrumb\":{\"@id\":\"https:\/\/portalnpm.com\/index.php\/2022\/02\/04\/deputado-franze-destina-22-milhoes-para-maquinas-e-insumos-agricolas\/#breadcrumb\"},\"inLanguage\":\"pt-BR\",\"potentialAction\":[{\"@type\":\"ReadAction\",\"target\":[\"https:\/\/portalnpm.com\/index.php\/2022\/02\/04\/deputado-franze-destina-22-milhoes-para-maquinas-e-insumos-agricolas\/\"]}]},{\"@type\":\"ImageObject\",\"inLanguage\":\"pt-BR\",\"@id\":\"https:\/\/portalnpm.com\/index.php\/2022\/02\/04\/deputado-franze-destina-22-milhoes-para-maquinas-e-insumos-agricolas\/#primaryimage\",\"url\":\"\",\"contentUrl\":\"\"},{\"@type\":\"BreadcrumbList\",\"@id\":\"https:\/\/portalnpm.com\/index.php\/2022\/02\/04\/deputado-franze-destina-22-milhoes-para-maquinas-e-insumos-agricolas\/#breadcrumb\",\"itemListElement\":[{\"@type\":\"ListItem\",\"position\":1,\"name\":\"In\u00edcio\",\"item\":\"https:\/\/portalnpm.com\/\"},{\"@type\":\"ListItem\",\"position\":2,\"name\":\"Deputado Franz\u00e9 destina 2,2 milh\u00f5es para m\u00e1quinas e insumos agr\u00edcolas.\"}]},{\"@type\":\"WebSite\",\"@id\":\"https:\/\/portalnpm.com\/#website\",\"url\":\"https:\/\/portalnpm.com\/\",\"name\":\"Portal NPM\",\"description\":\"Not\u00edcias em Primeira M\u00e3o\",\"potentialAction\":[{\"@type\":\"SearchAction\",\"target\":{\"@type\":\"EntryPoint\",\"urlTemplate\":\"https:\/\/portalnpm.com\/?s={search_term_string}\"},\"query-input\":\"required name=search_term_string\"}],\"inLanguage\":\"pt-BR\"},{\"@type\":\"Person\",\"@id\":\"https:\/\/portalnpm.com\/#\/schema\/person\/0b5f230ec96cee25504fa328e7f2b733\",\"name\":\"Reda\u00e7\u00e3o\",\"image\":{\"@type\":\"ImageObject\",\"inLanguage\":\"pt-BR\",\"@id\":\"https:\/\/portalnpm.com\/#\/schema\/person\/image\/\",\"url\":\"https:\/\/portalnpm.com\/wp-content\/uploads\/2024\/03\/avatar_user_4_1710097212-96x96.png\",\"contentUrl\":\"https:\/\/portalnpm.com\/wp-content\/uploads\/2024\/03\/avatar_user_4_1710097212-96x96.png\",\"caption\":\"Reda\u00e7\u00e3o\"},\"url\":\"https:\/\/portalnpm.com\/index.php\/author\/redacao\/\"}]}<\/script>\n<!-- \/ Yoast SEO plugin. -->","yoast_head_json":{"title":"Deputado Franz\u00e9 destina 2,2 milh\u00f5es para m\u00e1quinas e insumos agr\u00edcolas. - Portal NPM","robots":{"index":"index","follow":"follow","max-snippet":"max-snippet:-1","max-image-preview":"max-image-preview:large","max-video-preview":"max-video-preview:-1"},"canonical":"https:\/\/portalnpm.com\/index.php\/2022\/02\/04\/deputado-franze-destina-22-milhoes-para-maquinas-e-insumos-agricolas\/","og_locale":"pt_BR","og_type":"article","og_title":"Deputado Franz\u00e9 destina 2,2 milh\u00f5es para m\u00e1quinas e insumos agr\u00edcolas. - Portal NPM","og_description":"O an\u00fancio dos recursos da emenda do deputado foi feito em evento no Emater O deputado estadual Franz\u00e9 Silva (PT) colocou emenda parlamentar no valor de R$ 2,2 milh\u00f5es para aquisi\u00e7\u00e3o de m\u00e1quinas e insumos agr\u00edcolas para os munic\u00edpios do Piau\u00ed. O an\u00fancio do investimento foi feito, nesta sexta-feira (4), pelo parlamentar e pelo governador &hellip;","og_url":"https:\/\/portalnpm.com\/index.php\/2022\/02\/04\/deputado-franze-destina-22-milhoes-para-maquinas-e-insumos-agricolas\/","og_site_name":"Portal NPM","article_published_time":"2022-02-04T21:13:01+00:00","author":"Reda\u00e7\u00e3o","twitter_card":"summary_large_image","twitter_misc":{"Escrito por":"Reda\u00e7\u00e3o","Est. tempo de leitura":"3 minutos"},"schema":{"@context":"https:\/\/schema.org","@graph":[{"@type":"WebPage","@id":"https:\/\/portalnpm.com\/index.php\/2022\/02\/04\/deputado-franze-destina-22-milhoes-para-maquinas-e-insumos-agricolas\/","url":"https:\/\/portalnpm.com\/index.php\/2022\/02\/04\/deputado-franze-destina-22-milhoes-para-maquinas-e-insumos-agricolas\/","name":"Deputado Franz\u00e9 destina 2,2 milh\u00f5es para m\u00e1quinas e insumos agr\u00edcolas. - Portal NPM","isPartOf":{"@id":"https:\/\/portalnpm.com\/#website"},"primaryImageOfPage":{"@id":"https:\/\/portalnpm.com\/index.php\/2022\/02\/04\/deputado-franze-destina-22-milhoes-para-maquinas-e-insumos-agricolas\/#primaryimage"},"image":{"@id":"https:\/\/portalnpm.com\/index.php\/2022\/02\/04\/deputado-franze-destina-22-milhoes-para-maquinas-e-insumos-agricolas\/#primaryimage"},"thumbnailUrl":"","datePublished":"2022-02-04T21:13:01+00:00","dateModified":"2022-02-04T21:13:01+00:00","author":{"@id":"https:\/\/portalnpm.com\/#\/schema\/person\/0b5f230ec96cee25504fa328e7f2b733"},"breadcrumb":{"@id":"https:\/\/portalnpm.com\/index.php\/2022\/02\/04\/deputado-franze-destina-22-milhoes-para-maquinas-e-insumos-agricolas\/#breadcrumb"},"inLanguage":"pt-BR","potentialAction":[{"@type":"ReadAction","target":["https:\/\/portalnpm.com\/index.php\/2022\/02\/04\/deputado-franze-destina-22-milhoes-para-maquinas-e-insumos-agricolas\/"]}]},{"@type":"ImageObject","inLanguage":"pt-BR","@id":"https:\/\/portalnpm.com\/index.php\/2022\/02\/04\/deputado-franze-destina-22-milhoes-para-maquinas-e-insumos-agricolas\/#primaryimage","url":"","contentUrl":""},{"@type":"BreadcrumbList","@id":"https:\/\/portalnpm.com\/index.php\/2022\/02\/04\/deputado-franze-destina-22-milhoes-para-maquinas-e-insumos-agricolas\/#breadcrumb","itemListElement":[{"@type":"ListItem","position":1,"name":"In\u00edcio","item":"https:\/\/portalnpm.com\/"},{"@type":"ListItem","position":2,"name":"Deputado Franz\u00e9 destina 2,2 milh\u00f5es para m\u00e1quinas e insumos agr\u00edcolas."}]},{"@type":"WebSite","@id":"https:\/\/portalnpm.com\/#website","url":"https:\/\/portalnpm.com\/","name":"Portal NPM","description":"Not\u00edcias em Primeira M\u00e3o","potentialAction":[{"@type":"SearchAction","target":{"@type":"EntryPoint","urlTemplate":"https:\/\/portalnpm.com\/?s={search_term_string}"},"query-input":"required name=search_term_string"}],"inLanguage":"pt-BR"},{"@type":"Person","@id":"https:\/\/portalnpm.com\/#\/schema\/person\/0b5f230ec96cee25504fa328e7f2b733","name":"Reda\u00e7\u00e3o","image":{"@type":"ImageObject","inLanguage":"pt-BR","@id":"https:\/\/portalnpm.com\/#\/schema\/person\/image\/","url":"https:\/\/portalnpm.com\/wp-content\/uploads\/2024\/03\/avatar_user_4_1710097212-96x96.png","contentUrl":"https:\/\/portalnpm.com\/wp-content\/uploads\/2024\/03\/avatar_user_4_1710097212-96x96.png","caption":"Reda\u00e7\u00e3o"},"url":"https:\/\/portalnpm.com\/index.php\/author\/redacao\/"}]}},"jetpack_sharing_enabled":true,"jetpack_featured_media_url":"","_links":{"self":[{"href":"https:\/\/portalnpm.com\/index.php\/wp-json\/wp\/v2\/posts\/40341"}],"collection":[{"href":"https:\/\/portalnpm.com\/index.php\/wp-json\/wp\/v2\/posts"}],"about":[{"href":"https:\/\/portalnpm.com\/index.php\/wp-json\/wp\/v2\/types\/post"}],"author":[{"embeddable":true,"href":"https:\/\/portalnpm.com\/index.php\/wp-json\/wp\/v2\/users\/4"}],"replies":[{"embeddable":true,"href":"https:\/\/portalnpm.com\/index.php\/wp-json\/wp\/v2\/comments?post=40341"}],"version-history":[{"count":0,"href":"https:\/\/portalnpm.com\/index.php\/wp-json\/wp\/v2\/posts\/40341\/revisions"}],"wp:featuredmedia":[{"embeddable":true,"href":"https:\/\/portalnpm.com\/index.php\/wp-json\/"}],"wp:attachment":[{"href":"https:\/\/portalnpm.com\/index.php\/wp-json\/wp\/v2\/media?parent=40341"}],"wp:term":[{"taxonomy":"category","embeddable":true,"href":"https:\/\/portalnpm.com\/index.php\/wp-json\/wp\/v2\/categories?post=40341"},{"taxonomy":"post_tag","embeddable":true,"href":"https:\/\/portalnpm.com\/index.php\/wp-json\/wp\/v2\/tags?post=40341"}],"curies":[{"name":"wp","href":"https:\/\/api.w.org\/{rel}","templated":true}]}}