{"id":40425,"date":"2022-02-08T05:48:27","date_gmt":"2022-02-08T08:48:27","guid":{"rendered":"https:\/\/backupnpm.codetainer.com.br\/?p=40425"},"modified":"2022-02-08T05:48:27","modified_gmt":"2022-02-08T08:48:27","slug":"tire-duvidas-sobre-o-pagamento-do-pis-que-comeca-nesta-terca","status":"publish","type":"post","link":"https:\/\/portalnpm.com\/index.php\/2022\/02\/08\/tire-duvidas-sobre-o-pagamento-do-pis-que-comeca-nesta-terca\/","title":{"rendered":"Tire d\u00favidas sobre o pagamento do PIS, que come\u00e7a nesta ter\u00e7a"},"content":{"rendered":"<nav id=\"top\" class=\"navbar navbar-static-top\" role=\"banner\">\n<div class=\"container\">\n<div class=\"navbar-header\" style=\"text-align: justify;\"><\/div>\n<\/div>\n<\/nav>\n<div class=\"visible-xs\" style=\"text-align: justify;\">\n<div id=\"div-gpt-ad-mobile-cabecalho\" data-google-query-id=\"CN64o5nb7_UCFbw4uQYdQggMvA\"><\/div>\n<\/div>\n<div id=\"content\" class=\"content-ultimas\">\n<div class=\"container\">\n<div class=\"row\">\n<div id=\"main\" class=\"col-sm-12 col-md-8\">\n<article class=\"clearfix\">\n<div class=\"post-body\">\n<p style=\"text-align: justify;\">O abono salarial do PIS come\u00e7a a ser pago nesta ter\u00e7a (8) para os trabalhadores de empresas privadas de todo o pa\u00eds nascidos em janeiro. Os pagamentos ser\u00e3o feitos at\u00e9 31 de mar\u00e7o, de acordo com o m\u00eas de nascimento. Em 15 de fevereiro, servidores p\u00fablicos tamb\u00e9m come\u00e7am a receber o abono salarial do Pasep.<\/p>\n<p style=\"text-align: justify;\"><strong>Onde o valor ser\u00e1 depositado?<\/strong><br \/>\nO PIS \u00e9 pago pela Caixa Econ\u00f4mica Federal. Segundo o banco, a partir desta ter\u00e7a, os trabalhadores que possuem conta corrente ou poupan\u00e7a na Caixa receber\u00e3o o cr\u00e9dito automaticamente em sua conta, de acordo com o m\u00eas de nascimento e o calend\u00e1rio de pagamentos.<\/p>\n<p style=\"text-align: justify;\">Quem n\u00e3o possui conta na Caixa receber\u00e1 os valores por meio da Poupan\u00e7a Social Digital, aberta automaticamente pela Caixa e que pode ser movimentada pelo aplicativo CAIXA Tem.<br \/>\nCaso n\u00e3o seja poss\u00edvel a abertura da conta digital, o dinheiro ficar\u00e1 dispon\u00edvel para saque presencial nas ag\u00eancias da Caixa, casas lot\u00e9ricas, terminais eletr\u00f4nicos e correspondentes Caixa Aqui.<\/p>\n<p style=\"text-align: justify;\"><strong>Como sacar o PIS?<\/strong><br \/>\nTrabalhadores que possuem conta-corrente ou poupan\u00e7a na Caixa e tiveram o valor depositado nesta podem sac\u00e1-lo com o cart\u00e3o magn\u00e9tico e documento de identifica\u00e7\u00e3o nas ag\u00eancias da Caixa, casas lot\u00e9ricas, terminais eletr\u00f4nicos e correspondentes Caixa Aqui.<\/p>\n<p style=\"text-align: justify;\">Quem recebeu pela Poupan\u00e7a Social Digital pode movimentar o valor no aplicativo Caixa Tem.<\/p>\n<p style=\"text-align: justify;\">Caso o trabalhador n\u00e3o tenha conta na Caixa e o banco n\u00e3o tenha conseguido abrir a poupan\u00e7a digital em seu nome, o saque pode ser realizado presencialmente na ag\u00eancia com apresenta\u00e7\u00e3o do n\u00famero do PIS e um documento oficial com foto, como RG ou carteira de motorista.<\/p>\n<p style=\"text-align: justify;\">Tamb\u00e9m \u00e9 poss\u00edvel sacar usando o Cart\u00e3o do Cidad\u00e3o com a senha nos terminais de autoatendimento, unidades lot\u00e9ricas e postos Caixa Aqui, tamb\u00e9m de acordo com o calend\u00e1rio de pagamento.<\/p>\n<p style=\"text-align: justify;\"><strong>Como utilizar o valor online?<\/strong><br \/>\nO valor do benef\u00edcio creditado em conta-corrente ou poupan\u00e7a pode ser usado para pagar contas ou realizar transfer\u00eancias por meio do internet banking ou aplicativo da Caixa, dispon\u00edvel para celulares e tablets.<\/p>\n<p style=\"text-align: justify;\">A movimenta\u00e7\u00e3o da poupan\u00e7a digital da Caixa, aberta automaticamente para quem n\u00e3o possui conta no banco, \u00e9 feita pelo aplicativo Caixa Tem. Ele pode ser baixado em celulares com sistema operacional Android e iOS.<\/p>\n<p style=\"text-align: justify;\">Atrav\u00e9s dele \u00e9 poss\u00edvel realizar compras com cart\u00e3o de d\u00e9bito virtual, pagar boletos e contas, fazer transfer\u00eancias e efetuar saques sem cart\u00e3o nos caixas eletr\u00f4nicos e lot\u00e9ricas.<br \/>\nPara fazer saques sem o cart\u00e3o, \u00e9 necess\u00e1rio selecionar no aplicativo Caixa Tem a op\u00e7\u00e3o &#8220;Saque sem cart\u00e3o&#8221;, gerar o c\u00f3digo para saque e utiliz\u00e1-lo para o saque em terminais de autoatendimento da Caixa, unidades lot\u00e9ricas e postos de correspondentes Caixa Aqui.<\/p>\n<p style=\"text-align: justify;\"><strong>Qual a documenta\u00e7\u00e3o necess\u00e1ria para sacar?<\/strong><br \/>\nPara saque nas ag\u00eancias, no guich\u00ea de atendimento presencial ao p\u00fablico, \u00e9 necess\u00e1rio levar o documento de identifica\u00e7\u00e3o oficial com foto e o n\u00famero do PIS. Esse n\u00famero pode ser checado no site do Meu INSS, pelo Cnis (Cadastro Nacional de Informa\u00e7\u00f5es Sociais), no aplicativo do FGTS e no aplicativo Caixa Trabalhador.\u00a0Para o saque nos caixas eletr\u00f4nicos, lot\u00e9ricas e correspondentes Caixa Aqui, \u00e9 preciso utilizar o Cart\u00e3o do Cidad\u00e3o, com a respectiva senha.<\/p>\n<p style=\"text-align: justify;\"><strong>Como resolver problemas na consulta?<\/strong><br \/>\nA partir de 2022, a Caixa atua apenas como agente pagador do PIS. O respons\u00e1vel pelas d\u00favidas e reclama\u00e7\u00f5es referentes ao benef\u00edcio passa a ser exclusivamente o Minist\u00e9rio do Trabalho e Previd\u00eancia, segundo o banco. D\u00favidas sobre o processamento das informa\u00e7\u00f5es sociais do trabalhador nos sistemas RAIS (Rela\u00e7\u00e3o Anual de Informa\u00e7\u00f5es Sociais) eSocial (sistema do governo) ou sobre a identifica\u00e7\u00e3o, concess\u00e3o, valor do benef\u00edcio e calend\u00e1rio de pagamentos devem ser verificadas nos canais de atendimento do minist\u00e9rio:<\/p>\n<ul style=\"text-align: justify;\">\n<li>Aplicativo Carteira de Trabalho Digital<\/li>\n<li>Portal www.gov.br<\/li>\n<li>Telefone 158.<\/li>\n<\/ul>\n<p style=\"text-align: justify;\">O que fazer e em quais canais de atendimento reclamar se tenho direito ao PIS, mas o nome n\u00e3o aparece na consulta?<br \/>\nNesse caso, \u00e9 preciso checar com o empregador se ele prestou corretamente os dados do trabalhador na Rais. Caso o empregador n\u00e3o tenha entregado a declara\u00e7\u00e3o, ou tenha o feito com atraso, omitindo informa\u00e7\u00f5es ou incluindo declara\u00e7\u00e3o falsa ou inexata, o estabelecimento est\u00e1 sujeito a multa, segundo o minist\u00e9rio. Para registrar a den\u00fancia por aus\u00eancia de presta\u00e7\u00f5es das informa\u00e7\u00f5es, \u00e9 preciso acessar o portal de den\u00fancias trabalhistas do governo.<\/p>\n<p style=\"text-align: justify;\">Erros como a aus\u00eancia do n\u00famero do PIS ou inser\u00e7\u00e3o de PIS incorreto pelo empregador tamb\u00e9m podem fazer com que o benef\u00edcio n\u00e3o seja disponibilizado neste ano. Nesse caso, \u00e9 preciso solicitar que o empregador corrija as informa\u00e7\u00f5es e o benef\u00edcio s\u00f3 ser\u00e1 pago no calend\u00e1rio do pr\u00f3ximo ano.<\/p>\n<p style=\"text-align: justify;\">Se o empregador declarou corretamente as informa\u00e7\u00f5es, o trabalhador poder\u00e1 solicitar esclarecimentos sobre sua situa\u00e7\u00e3o pelo site www.gov.br, pelo telefone 158 ou nas ag\u00eancias do Minist\u00e9rio do Trabalho e Previd\u00eancia, nos estados.<\/p>\n<p style=\"text-align: justify;\"><strong>N\u00e3o recebi em 2021 em raz\u00e3o de erro de processamento nos dados. Como receber neste ano?<\/strong><br \/>\nSegundo o minist\u00e9rio, cerca de 154 mil benefici\u00e1rios est\u00e3o nesta situa\u00e7\u00e3o e receber\u00e3o automaticamente neste ano. N\u00e3o \u00e9 preciso solicitar o valor. O benef\u00edcio ser\u00e1 depositado em uma conta digital da Caixa entre fevereiro e mar\u00e7o, de acordo com o calend\u00e1rio de pagamentos regular de 2022.<\/p>\n<p style=\"text-align: justify;\"><strong>Esqueci de sacar em anos anteriores. Posso sacar agora?<\/strong><br \/>\nN\u00e3o. O Minist\u00e9rio divulgou na \u00faltima semana que os abonos atrasados dever\u00e3o ser solicitados a partir de 31 de mar\u00e7o, quando o pagamento regular ser\u00e1 finalizado. Mais de 320 mil trabalhadores t\u00eam direito aos atrasados.<\/p>\n<p style=\"text-align: justify;\">A solicita\u00e7\u00e3o do valor pode ser feita presencialmente em uma das unidades de atendimento do minist\u00e9rio, com documento oficial com foto, ou via email. O recurso para solicitar o valor em atraso pode ser enviado para:\u00a0trabalho.uf@economia.gov.br.\u00a0No endere\u00e7o de email, as letras &#8220;uf&#8221; devem ser substitu\u00eddas pela sigla do estado de dom\u00edcilio do trabalhador. Quem mora em SP, por exemplo, deve enviar mensagem para\u00a0trabalho.sp@economia.gov.br.\u00a0Os solicitantes devem sacar o valor at\u00e9 29 de dezembro de 2022.<\/p>\n<p style=\"text-align: justify;\"><strong>Qual o valor do PIS?<\/strong><br \/>\nO valor do abono salarial muda conforme a quantidade de meses trabalhados em 2020, ano de refer\u00eancia para os pagamentos realizados neste ano. Se o benefici\u00e1rio trabalhou o ano todo de 2020, receber\u00e1 um sal\u00e1rio m\u00ednimo, que em 2022 \u00e9 de R$ 1.212. Se trabalhou um m\u00eas, receber\u00e1 R$ 101. O abono salarial \u00e9 um dos benef\u00edcios ligados ao valor do sal\u00e1rio m\u00ednimo.<\/p>\n<p style=\"text-align: justify;\"><strong>VALOR DO ABONO<\/strong><br \/>\nMeses trabalhados no ano-base &#8211; Valor do abono<\/p>\n<ul style=\"text-align: justify;\">\n<li>1 &#8211; R$ 101,00<\/li>\n<li>2 &#8211; R$ 202,00<\/li>\n<li>3 &#8211; R$ 303,00<\/li>\n<li>4 &#8211; R$ 404,00<\/li>\n<li>5 &#8211; R$ 505,00<\/li>\n<li>6 &#8211; R$ 606,00<\/li>\n<li>7 &#8211; R$ 707,00<\/li>\n<li>8 &#8211; R$ 808,00<\/li>\n<li>9 &#8211; R$ 909,00<\/li>\n<li>10 &#8211; R$ 1.010,00<\/li>\n<li>11 &#8211; R$ 1.111,00<\/li>\n<li>12 &#8211; R$ 1.212,00<\/li>\n<\/ul>\n<p style=\"text-align: justify;\"><strong>O pagamento \u00e9 referente a qual ano trabalhado?<\/strong><br \/>\nOs pagamentos feitos em 2022 s\u00e3o referentes ao ano-base 2020. Ou seja, recebe o PIS neste ano quem trabalhou com carteira assinada em 2020.<\/p>\n<p style=\"text-align: justify;\"><strong>Quem tem direito?<\/strong><br \/>\nPara estar apto a receber o abono em 2022, ano em que ser\u00e1 feito o pagamento em rela\u00e7\u00e3o ao trabalho realizado em 2020, \u00e9 preciso cumprir as seguintes exig\u00eancias:<br \/>\nEstar cadastrado no programa PIS\/Pasep ou no Cnis h\u00e1 pelo menos cinco anos -ou seja, o primeiro emprego com carteira assinada deve ter acontecido em 2015 ou antes<br \/>\nTer trabalhado por pelo menos 30 dias, consecutivos ou n\u00e3o, com carteira assinada em 2020, para empregadores que contribuem para o PIS ou para o Pasep<br \/>\nTer recebido at\u00e9 dois sal\u00e1rios m\u00ednimos m\u00e9dios de remunera\u00e7\u00e3o mensal no per\u00edodo trabalhado, que correspondem a R$ 2.090, considerando-se o sal\u00e1rio m\u00ednimo de R$ 1.045 vigente em 2020<br \/>\nTer seus dados informados pelo empregador (pessoa jur\u00eddica ou governo) corretamente na Rais ou no eSocial do ano-base considerado para apura\u00e7\u00e3o (2020)<\/p>\n<p style=\"text-align: justify;\"><strong>Como consultar se tenho direito?<\/strong><br \/>\nOs trabalhadores nascidos em qualquer m\u00eas podem consultar se t\u00eam direito ao abono salarial de 2022 e o valor pelo aplicativo Carteira de Trabalho Digital, do governo federal, e pelo telefone 158.\u00a0Nascidos de janeiro a junho tamb\u00e9m podem consultar se receber\u00e3o nos aplicativos Caixa Tem e Caixa Trabalhador.<\/p>\n<p style=\"text-align: justify;\"><strong>At\u00e9 quando posso sacar?<\/strong><br \/>\nOs valores ficar\u00e3o dispon\u00edveis para saque at\u00e9 dia 29 de dezembro de 2022.<\/p>\n<p style=\"text-align: justify;\"><strong>Al\u00e9m dos nascidos em janeiro, quem pode receber a partir desta ter\u00e7a (8)?<\/strong><br \/>\nOs benefici\u00e1rios residentes em munic\u00edpios da Bahia e de Minas Gerais que decretaram situa\u00e7\u00e3o de emerg\u00eancia em raz\u00e3o das fortes chuvas poder\u00e3o sacar a partir desta ter\u00e7a, independente do m\u00eas de nascimento.<\/p>\n<p style=\"text-align: justify;\"><strong>O que \u00e9 o abono salarial?<\/strong><br \/>\nCriado pela lei n\u00ba 7.998 de 1990, o abono salarial \u00e9 o pagamento de at\u00e9 um sal\u00e1rio m\u00ednimo para trabalhadores que cumpram requisitos previstos em lei. Os recursos s\u00e3o oriundos do Fundo de Amparo ao Trabalhador (FAT) e pagos de acordo com um calend\u00e1rio estabelecido pelo Codefat (Conselho Deliberativo do Fundo de Amparo ao Trabalhador).<\/p>\n<p style=\"text-align: justify;\"><strong>Quando irei receber?<\/strong><br \/>\nO calend\u00e1rio de pagamento do PIS variam conforme o m\u00eas de nascimento do benefici\u00e1rio:<br \/>\nNascidos em &#8211; Recebem a partir de &#8211; Recebem at\u00e9<\/p>\n<ul style=\"text-align: justify;\">\n<li>Janeiro &#8211; 08\/02\/2022 &#8211; 29\/12\/2022<\/li>\n<li>Fevereiro &#8211; 10\/02\/2022 &#8211; 29\/12\/2022<\/li>\n<li>Mar\u00e7o &#8211; 15\/02\/2022 &#8211; 29\/12\/2022<\/li>\n<li>Abril &#8211; 17\/02\/2022 &#8211; 29\/12\/2022<\/li>\n<li>Maio &#8211; 22\/02\/2022 &#8211; 29\/12\/2022<\/li>\n<li>Junho &#8211; 24\/02\/2022 &#8211; 29\/12\/2022<\/li>\n<li>Julho &#8211; 15\/03\/2022 &#8211; 29\/12\/2022<\/li>\n<li>Agosto &#8211; 17\/03\/2022 &#8211; 29\/12\/2022<\/li>\n<li>Setembro &#8211; 22\/03\/2022 &#8211; 29\/12\/2022<\/li>\n<li>Outubro &#8211; 24\/03\/2022 &#8211; 29\/12\/2022<\/li>\n<li>Novembro &#8211; 29\/03\/2022 &#8211; 29\/12\/2022<\/li>\n<li>Dezembro &#8211; 31\/03\/2022 &#8211; 29\/12\/2022<\/li>\n<\/ul>\n<p style=\"text-align: justify;\"><em>Fonte: Folhapress\u00a0<\/em><\/p>\n<\/div>\n<\/article>\n<\/div>\n<\/div>\n<\/div>\n<\/div>\n","protected":false},"excerpt":{"rendered":"<p>O abono salarial do PIS come\u00e7a a ser pago nesta ter\u00e7a (8) para os trabalhadores de empresas privadas de todo o pa\u00eds nascidos em janeiro. Os pagamentos ser\u00e3o feitos at\u00e9 31 de mar\u00e7o, de acordo com o m\u00eas de nascimento. Em 15 de fevereiro, servidores p\u00fablicos tamb\u00e9m come\u00e7am a receber o abono salarial do Pasep. &hellip;<\/p>\n","protected":false},"author":2,"featured_media":40426,"comment_status":"open","ping_status":"open","sticky":false,"template":"","format":"standard","meta":{"content-type":"","rop_custom_images_group":[],"rop_custom_messages_group":[],"rop_publish_now":"initial","rop_publish_now_accounts":{"facebook_2648258775420054_1618374048415101":""},"rop_publish_now_history":[],"rop_publish_now_status":"pending","footnotes":"","_jetpack_memberships_contains_paid_content":false},"categories":[118],"tags":[1700,470],"yoast_head":"<!-- This site is optimized with the Yoast SEO plugin v22.3 - https:\/\/yoast.com\/wordpress\/plugins\/seo\/ -->\n<title>Tire d\u00favidas sobre o pagamento do PIS, que come\u00e7a nesta ter\u00e7a - Portal NPM<\/title>\n<meta name=\"robots\" content=\"index, follow, max-snippet:-1, max-image-preview:large, max-video-preview:-1\" \/>\n<link rel=\"canonical\" href=\"https:\/\/portalnpm.com\/index.php\/2022\/02\/08\/tire-duvidas-sobre-o-pagamento-do-pis-que-comeca-nesta-terca\/\" \/>\n<meta property=\"og:locale\" content=\"pt_BR\" \/>\n<meta property=\"og:type\" content=\"article\" \/>\n<meta property=\"og:title\" content=\"Tire d\u00favidas sobre o pagamento do PIS, que come\u00e7a nesta ter\u00e7a - Portal NPM\" \/>\n<meta property=\"og:description\" content=\"O abono salarial do PIS come\u00e7a a ser pago nesta ter\u00e7a (8) para os trabalhadores de empresas privadas de todo o pa\u00eds nascidos em janeiro. Os pagamentos ser\u00e3o feitos at\u00e9 31 de mar\u00e7o, de acordo com o m\u00eas de nascimento. Em 15 de fevereiro, servidores p\u00fablicos tamb\u00e9m come\u00e7am a receber o abono salarial do Pasep. &hellip;\" \/>\n<meta property=\"og:url\" content=\"https:\/\/portalnpm.com\/index.php\/2022\/02\/08\/tire-duvidas-sobre-o-pagamento-do-pis-que-comeca-nesta-terca\/\" \/>\n<meta property=\"og:site_name\" content=\"Portal NPM\" \/>\n<meta property=\"article:published_time\" content=\"2022-02-08T08:48:27+00:00\" \/>\n<meta name=\"author\" content=\"Genival Barbosa\" \/>\n<meta name=\"twitter:card\" content=\"summary_large_image\" \/>\n<meta name=\"twitter:label1\" content=\"Escrito por\" \/>\n\t<meta name=\"twitter:data1\" content=\"Genival Barbosa\" \/>\n\t<meta name=\"twitter:label2\" content=\"Est. tempo de leitura\" \/>\n\t<meta name=\"twitter:data2\" content=\"7 minutos\" \/>\n<script type=\"application\/ld+json\" class=\"yoast-schema-graph\">{\"@context\":\"https:\/\/schema.org\",\"@graph\":[{\"@type\":\"WebPage\",\"@id\":\"https:\/\/portalnpm.com\/index.php\/2022\/02\/08\/tire-duvidas-sobre-o-pagamento-do-pis-que-comeca-nesta-terca\/\",\"url\":\"https:\/\/portalnpm.com\/index.php\/2022\/02\/08\/tire-duvidas-sobre-o-pagamento-do-pis-que-comeca-nesta-terca\/\",\"name\":\"Tire d\u00favidas sobre o pagamento do PIS, que come\u00e7a nesta ter\u00e7a - Portal NPM\",\"isPartOf\":{\"@id\":\"https:\/\/portalnpm.com\/#website\"},\"primaryImageOfPage\":{\"@id\":\"https:\/\/portalnpm.com\/index.php\/2022\/02\/08\/tire-duvidas-sobre-o-pagamento-do-pis-que-comeca-nesta-terca\/#primaryimage\"},\"image\":{\"@id\":\"https:\/\/portalnpm.com\/index.php\/2022\/02\/08\/tire-duvidas-sobre-o-pagamento-do-pis-que-comeca-nesta-terca\/#primaryimage\"},\"thumbnailUrl\":\"\",\"datePublished\":\"2022-02-08T08:48:27+00:00\",\"dateModified\":\"2022-02-08T08:48:27+00:00\",\"author\":{\"@id\":\"https:\/\/portalnpm.com\/#\/schema\/person\/49313e563cfdefcc167f1ee4c017c294\"},\"breadcrumb\":{\"@id\":\"https:\/\/portalnpm.com\/index.php\/2022\/02\/08\/tire-duvidas-sobre-o-pagamento-do-pis-que-comeca-nesta-terca\/#breadcrumb\"},\"inLanguage\":\"pt-BR\",\"potentialAction\":[{\"@type\":\"ReadAction\",\"target\":[\"https:\/\/portalnpm.com\/index.php\/2022\/02\/08\/tire-duvidas-sobre-o-pagamento-do-pis-que-comeca-nesta-terca\/\"]}]},{\"@type\":\"ImageObject\",\"inLanguage\":\"pt-BR\",\"@id\":\"https:\/\/portalnpm.com\/index.php\/2022\/02\/08\/tire-duvidas-sobre-o-pagamento-do-pis-que-comeca-nesta-terca\/#primaryimage\",\"url\":\"\",\"contentUrl\":\"\"},{\"@type\":\"BreadcrumbList\",\"@id\":\"https:\/\/portalnpm.com\/index.php\/2022\/02\/08\/tire-duvidas-sobre-o-pagamento-do-pis-que-comeca-nesta-terca\/#breadcrumb\",\"itemListElement\":[{\"@type\":\"ListItem\",\"position\":1,\"name\":\"In\u00edcio\",\"item\":\"https:\/\/portalnpm.com\/\"},{\"@type\":\"ListItem\",\"position\":2,\"name\":\"Tire d\u00favidas sobre o pagamento do PIS, que come\u00e7a nesta ter\u00e7a\"}]},{\"@type\":\"WebSite\",\"@id\":\"https:\/\/portalnpm.com\/#website\",\"url\":\"https:\/\/portalnpm.com\/\",\"name\":\"Portal NPM\",\"description\":\"Not\u00edcias em Primeira M\u00e3o\",\"potentialAction\":[{\"@type\":\"SearchAction\",\"target\":{\"@type\":\"EntryPoint\",\"urlTemplate\":\"https:\/\/portalnpm.com\/?s={search_term_string}\"},\"query-input\":\"required name=search_term_string\"}],\"inLanguage\":\"pt-BR\"},{\"@type\":\"Person\",\"@id\":\"https:\/\/portalnpm.com\/#\/schema\/person\/49313e563cfdefcc167f1ee4c017c294\",\"name\":\"Genival Barbosa\",\"image\":{\"@type\":\"ImageObject\",\"inLanguage\":\"pt-BR\",\"@id\":\"https:\/\/portalnpm.com\/#\/schema\/person\/image\/\",\"url\":\"https:\/\/portalnpm.com\/wp-content\/uploads\/2024\/02\/avatar_user_2_1707743258-96x96.jpeg\",\"contentUrl\":\"https:\/\/portalnpm.com\/wp-content\/uploads\/2024\/02\/avatar_user_2_1707743258-96x96.jpeg\",\"caption\":\"Genival Barbosa\"},\"url\":\"https:\/\/portalnpm.com\/index.php\/author\/genival\/\"}]}<\/script>\n<!-- \/ Yoast SEO plugin. -->","yoast_head_json":{"title":"Tire d\u00favidas sobre o pagamento do PIS, que come\u00e7a nesta ter\u00e7a - Portal NPM","robots":{"index":"index","follow":"follow","max-snippet":"max-snippet:-1","max-image-preview":"max-image-preview:large","max-video-preview":"max-video-preview:-1"},"canonical":"https:\/\/portalnpm.com\/index.php\/2022\/02\/08\/tire-duvidas-sobre-o-pagamento-do-pis-que-comeca-nesta-terca\/","og_locale":"pt_BR","og_type":"article","og_title":"Tire d\u00favidas sobre o pagamento do PIS, que come\u00e7a nesta ter\u00e7a - Portal NPM","og_description":"O abono salarial do PIS come\u00e7a a ser pago nesta ter\u00e7a (8) para os trabalhadores de empresas privadas de todo o pa\u00eds nascidos em janeiro. Os pagamentos ser\u00e3o feitos at\u00e9 31 de mar\u00e7o, de acordo com o m\u00eas de nascimento. Em 15 de fevereiro, servidores p\u00fablicos tamb\u00e9m come\u00e7am a receber o abono salarial do Pasep. &hellip;","og_url":"https:\/\/portalnpm.com\/index.php\/2022\/02\/08\/tire-duvidas-sobre-o-pagamento-do-pis-que-comeca-nesta-terca\/","og_site_name":"Portal NPM","article_published_time":"2022-02-08T08:48:27+00:00","author":"Genival Barbosa","twitter_card":"summary_large_image","twitter_misc":{"Escrito por":"Genival Barbosa","Est. tempo de leitura":"7 minutos"},"schema":{"@context":"https:\/\/schema.org","@graph":[{"@type":"WebPage","@id":"https:\/\/portalnpm.com\/index.php\/2022\/02\/08\/tire-duvidas-sobre-o-pagamento-do-pis-que-comeca-nesta-terca\/","url":"https:\/\/portalnpm.com\/index.php\/2022\/02\/08\/tire-duvidas-sobre-o-pagamento-do-pis-que-comeca-nesta-terca\/","name":"Tire d\u00favidas sobre o pagamento do PIS, que come\u00e7a nesta ter\u00e7a - Portal NPM","isPartOf":{"@id":"https:\/\/portalnpm.com\/#website"},"primaryImageOfPage":{"@id":"https:\/\/portalnpm.com\/index.php\/2022\/02\/08\/tire-duvidas-sobre-o-pagamento-do-pis-que-comeca-nesta-terca\/#primaryimage"},"image":{"@id":"https:\/\/portalnpm.com\/index.php\/2022\/02\/08\/tire-duvidas-sobre-o-pagamento-do-pis-que-comeca-nesta-terca\/#primaryimage"},"thumbnailUrl":"","datePublished":"2022-02-08T08:48:27+00:00","dateModified":"2022-02-08T08:48:27+00:00","author":{"@id":"https:\/\/portalnpm.com\/#\/schema\/person\/49313e563cfdefcc167f1ee4c017c294"},"breadcrumb":{"@id":"https:\/\/portalnpm.com\/index.php\/2022\/02\/08\/tire-duvidas-sobre-o-pagamento-do-pis-que-comeca-nesta-terca\/#breadcrumb"},"inLanguage":"pt-BR","potentialAction":[{"@type":"ReadAction","target":["https:\/\/portalnpm.com\/index.php\/2022\/02\/08\/tire-duvidas-sobre-o-pagamento-do-pis-que-comeca-nesta-terca\/"]}]},{"@type":"ImageObject","inLanguage":"pt-BR","@id":"https:\/\/portalnpm.com\/index.php\/2022\/02\/08\/tire-duvidas-sobre-o-pagamento-do-pis-que-comeca-nesta-terca\/#primaryimage","url":"","contentUrl":""},{"@type":"BreadcrumbList","@id":"https:\/\/portalnpm.com\/index.php\/2022\/02\/08\/tire-duvidas-sobre-o-pagamento-do-pis-que-comeca-nesta-terca\/#breadcrumb","itemListElement":[{"@type":"ListItem","position":1,"name":"In\u00edcio","item":"https:\/\/portalnpm.com\/"},{"@type":"ListItem","position":2,"name":"Tire d\u00favidas sobre o pagamento do PIS, que come\u00e7a nesta ter\u00e7a"}]},{"@type":"WebSite","@id":"https:\/\/portalnpm.com\/#website","url":"https:\/\/portalnpm.com\/","name":"Portal NPM","description":"Not\u00edcias em Primeira M\u00e3o","potentialAction":[{"@type":"SearchAction","target":{"@type":"EntryPoint","urlTemplate":"https:\/\/portalnpm.com\/?s={search_term_string}"},"query-input":"required name=search_term_string"}],"inLanguage":"pt-BR"},{"@type":"Person","@id":"https:\/\/portalnpm.com\/#\/schema\/person\/49313e563cfdefcc167f1ee4c017c294","name":"Genival Barbosa","image":{"@type":"ImageObject","inLanguage":"pt-BR","@id":"https:\/\/portalnpm.com\/#\/schema\/person\/image\/","url":"https:\/\/portalnpm.com\/wp-content\/uploads\/2024\/02\/avatar_user_2_1707743258-96x96.jpeg","contentUrl":"https:\/\/portalnpm.com\/wp-content\/uploads\/2024\/02\/avatar_user_2_1707743258-96x96.jpeg","caption":"Genival Barbosa"},"url":"https:\/\/portalnpm.com\/index.php\/author\/genival\/"}]}},"jetpack_sharing_enabled":true,"jetpack_featured_media_url":"","_links":{"self":[{"href":"https:\/\/portalnpm.com\/index.php\/wp-json\/wp\/v2\/posts\/40425"}],"collection":[{"href":"https:\/\/portalnpm.com\/index.php\/wp-json\/wp\/v2\/posts"}],"about":[{"href":"https:\/\/portalnpm.com\/index.php\/wp-json\/wp\/v2\/types\/post"}],"author":[{"embeddable":true,"href":"https:\/\/portalnpm.com\/index.php\/wp-json\/wp\/v2\/users\/2"}],"replies":[{"embeddable":true,"href":"https:\/\/portalnpm.com\/index.php\/wp-json\/wp\/v2\/comments?post=40425"}],"version-history":[{"count":0,"href":"https:\/\/portalnpm.com\/index.php\/wp-json\/wp\/v2\/posts\/40425\/revisions"}],"wp:featuredmedia":[{"embeddable":true,"href":"https:\/\/portalnpm.com\/index.php\/wp-json\/"}],"wp:attachment":[{"href":"https:\/\/portalnpm.com\/index.php\/wp-json\/wp\/v2\/media?parent=40425"}],"wp:term":[{"taxonomy":"category","embeddable":true,"href":"https:\/\/portalnpm.com\/index.php\/wp-json\/wp\/v2\/categories?post=40425"},{"taxonomy":"post_tag","embeddable":true,"href":"https:\/\/portalnpm.com\/index.php\/wp-json\/wp\/v2\/tags?post=40425"}],"curies":[{"name":"wp","href":"https:\/\/api.w.org\/{rel}","templated":true}]}}