{"id":40447,"date":"2022-02-08T17:40:19","date_gmt":"2022-02-08T20:40:19","guid":{"rendered":"https:\/\/backupnpm.codetainer.com.br\/?p=40447"},"modified":"2022-02-08T17:40:19","modified_gmt":"2022-02-08T20:40:19","slug":"apos-franze-denunciar-deputados-se-posicionam-sobre-equatorial","status":"publish","type":"post","link":"https:\/\/portalnpm.com\/index.php\/2022\/02\/08\/apos-franze-denunciar-deputados-se-posicionam-sobre-equatorial\/","title":{"rendered":"Ap\u00f3s Franz\u00e9 denunciar, deputados se posicionam sobre Equatorial."},"content":{"rendered":"<p style=\"text-align: justify;\">O deputado Franz\u00e9 Silva (PT) provocou movimenta\u00e7\u00e3o dos parlamentares estaduais, ap\u00f3s ter tomado a iniciativa de fazer, no \u00e2mbito da Assembleia Legislativa do Piau\u00ed (Alepi), den\u00fancias contra o que ele analisa como \u201cp\u00e9ssimos servi\u00e7os e grande desrespeito \u00e0 popula\u00e7\u00e3o da Equatorial Piau\u00ed em todo o Estado\u201d.<\/p>\n<p>&nbsp;<\/p>\n<div style=\"width: 640px;\" class=\"wp-video\"><!--[if lt IE 9]><script>document.createElement('video');<\/script><![endif]-->\n<video class=\"wp-video-shortcode\" id=\"video-40447-1\" width=\"640\" height=\"352\" preload=\"metadata\" controls=\"controls\"><source type=\"video\/mp4\" src=\"https:\/\/backupnpm.codetainer.com.br\/wp-content\/uploads\/2022\/02\/VID-20220208-WA0028.mp4?_=1\" \/><a href=\"https:\/\/backupnpm.codetainer.com.br\/wp-content\/uploads\/2022\/02\/VID-20220208-WA0028.mp4\">https:\/\/backupnpm.codetainer.com.br\/wp-content\/uploads\/2022\/02\/VID-20220208-WA0028.mp4<\/a><\/video><\/div>\n<p>&nbsp;<\/p>\n<p style=\"text-align: justify;\">Na sess\u00e3o plen\u00e1ria da Alepi nesta ter\u00e7a-feira (8), al\u00e9m do pr\u00f3prio deputado Franz\u00e9 Silva, tamb\u00e9m se pronunciaram contra a Equatorial os deputados Francisco Limma (PT), Evaldo Gomes (Solidariedade) e Teresa Britto (PV), discursando na mesma linha que tem sido apontada por Franz\u00e9.<\/p>\n<p style=\"text-align: justify;\">Franz\u00e9 tem denunciado a \u201cp\u00e9ssima presta\u00e7\u00e3o de servi\u00e7o e de atendimento da Equatorial Piau\u00ed aos piauienses em todos os munic\u00edpios\u201d. O parlamentar colocou sua assessoria jur\u00eddica para tratar das den\u00fancias dos consumidores e informou que vai levar a empresa \u00e0 Justi\u00e7a por conta dos preju\u00edzos causados \u00e0 popula\u00e7\u00e3o.<\/p>\n<p style=\"text-align: justify;\">\u201cN\u00e3o bastasse o p\u00e9ssimo servi\u00e7o, a Equatorial est\u00e1 censurando as den\u00fancias da popula\u00e7\u00e3o na imprensa. N\u00e3o vamos nos calar at\u00e9 que esta empresa respeite o povo. \u00c9 a popula\u00e7\u00e3o quem est\u00e1 pagando a conta do preju\u00edzo. Onde est\u00e3o os R$ 720 milh\u00f5es que a Equatorial se comprometeu a aplicar para resolver o problema?\u201d, questiona.<\/p>\n<p style=\"text-align: justify;\"><strong>Minist\u00e9rio P\u00fablico vai intervir<\/strong><\/p>\n<p style=\"text-align: justify;\">Em reuni\u00e3o, nesta ter\u00e7a (8), com o procurador-geral de Justi\u00e7a do Piau\u00ed, Cleandro Moura, o deputado estadual Franz\u00e9 Silva (PT) solicitou interven\u00e7\u00e3o do Minist\u00e9rio P\u00fablico do Estado quanto aos problemas referentes ao fornecimento de energia el\u00e9trica pela Equatorial Piau\u00ed em todo o Estado.<\/p>\n<p style=\"text-align: justify;\">O chefe do Minist\u00e9rio P\u00fablico informou que j\u00e1 tramitam, em todo o Estado, a\u00e7\u00f5es de usu\u00e1rios e empresas contra a Equatorial Piau\u00ed. Moura ressalta, inclusive, que h\u00e1 Termo de Ajuste de Conduta (TAC) junto ao Procon-PI em que a Equatorial se compromete a resolver os problemas at\u00e9 dezembro de 2022.<\/p>\n<p style=\"text-align: justify;\">Diante da informa\u00e7\u00e3o, o deputado Franz\u00e9 Silva j\u00e1 apresentou, na Assembleia, requerimento solicitando do Minist\u00e9rio P\u00fablico do Piau\u00ed as informa\u00e7\u00f5es acerca do TAC, para encorpar a fundamenta\u00e7\u00e3o de a\u00e7\u00f5es contra a empresa. A assessoria jur\u00eddica do parlamentar est\u00e1 recebendo den\u00fancias da popula\u00e7\u00e3o sobre a Equatorial.<\/p>\n<p>&nbsp;<\/p>\n<p style=\"text-align: justify;\"><strong>Fonte<\/strong>: Assessoria do deputado Franz\u00e9 Silva<\/p>\n","protected":false},"excerpt":{"rendered":"<p>O deputado Franz\u00e9 Silva (PT) provocou movimenta\u00e7\u00e3o dos parlamentares estaduais, ap\u00f3s ter tomado a iniciativa de fazer, no \u00e2mbito da Assembleia Legislativa do Piau\u00ed (Alepi), den\u00fancias contra o que ele analisa como \u201cp\u00e9ssimos servi\u00e7os e grande desrespeito \u00e0 popula\u00e7\u00e3o da Equatorial Piau\u00ed em todo o Estado\u201d. &nbsp; &nbsp; Na sess\u00e3o plen\u00e1ria da Alepi nesta ter\u00e7a-feira &hellip;<\/p>\n","protected":false},"author":4,"featured_media":40450,"comment_status":"open","ping_status":"open","sticky":false,"template":"","format":"standard","meta":{"content-type":"","rop_custom_images_group":[],"rop_custom_messages_group":[],"rop_publish_now":"initial","rop_publish_now_accounts":{"facebook_2648258775420054_1618374048415101":""},"rop_publish_now_history":[],"rop_publish_now_status":"pending","footnotes":"","_jetpack_memberships_contains_paid_content":false},"categories":[113,188,130],"tags":[583,3271,187],"yoast_head":"<!-- This site is optimized with the Yoast SEO plugin v22.3 - https:\/\/yoast.com\/wordpress\/plugins\/seo\/ -->\n<title>Ap\u00f3s Franz\u00e9 denunciar, deputados se posicionam sobre Equatorial. - Portal NPM<\/title>\n<meta name=\"robots\" content=\"index, follow, max-snippet:-1, max-image-preview:large, max-video-preview:-1\" \/>\n<link rel=\"canonical\" href=\"https:\/\/portalnpm.com\/index.php\/2022\/02\/08\/apos-franze-denunciar-deputados-se-posicionam-sobre-equatorial\/\" \/>\n<meta property=\"og:locale\" content=\"pt_BR\" \/>\n<meta property=\"og:type\" content=\"article\" \/>\n<meta property=\"og:title\" content=\"Ap\u00f3s Franz\u00e9 denunciar, deputados se posicionam sobre Equatorial. - Portal NPM\" \/>\n<meta property=\"og:description\" content=\"O deputado Franz\u00e9 Silva (PT) provocou movimenta\u00e7\u00e3o dos parlamentares estaduais, ap\u00f3s ter tomado a iniciativa de fazer, no \u00e2mbito da Assembleia Legislativa do Piau\u00ed (Alepi), den\u00fancias contra o que ele analisa como \u201cp\u00e9ssimos servi\u00e7os e grande desrespeito \u00e0 popula\u00e7\u00e3o da Equatorial Piau\u00ed em todo o Estado\u201d. &nbsp; &nbsp; Na sess\u00e3o plen\u00e1ria da Alepi nesta ter\u00e7a-feira &hellip;\" \/>\n<meta property=\"og:url\" content=\"https:\/\/portalnpm.com\/index.php\/2022\/02\/08\/apos-franze-denunciar-deputados-se-posicionam-sobre-equatorial\/\" \/>\n<meta property=\"og:site_name\" content=\"Portal NPM\" \/>\n<meta property=\"article:published_time\" content=\"2022-02-08T20:40:19+00:00\" \/>\n<meta name=\"author\" content=\"Reda\u00e7\u00e3o\" \/>\n<meta name=\"twitter:card\" content=\"summary_large_image\" \/>\n<meta name=\"twitter:label1\" content=\"Escrito por\" \/>\n\t<meta name=\"twitter:data1\" content=\"Reda\u00e7\u00e3o\" \/>\n\t<meta name=\"twitter:label2\" content=\"Est. tempo de leitura\" \/>\n\t<meta name=\"twitter:data2\" content=\"2 minutos\" \/>\n<script type=\"application\/ld+json\" class=\"yoast-schema-graph\">{\"@context\":\"https:\/\/schema.org\",\"@graph\":[{\"@type\":\"WebPage\",\"@id\":\"https:\/\/portalnpm.com\/index.php\/2022\/02\/08\/apos-franze-denunciar-deputados-se-posicionam-sobre-equatorial\/\",\"url\":\"https:\/\/portalnpm.com\/index.php\/2022\/02\/08\/apos-franze-denunciar-deputados-se-posicionam-sobre-equatorial\/\",\"name\":\"Ap\u00f3s Franz\u00e9 denunciar, deputados se posicionam sobre Equatorial. - Portal NPM\",\"isPartOf\":{\"@id\":\"https:\/\/portalnpm.com\/#website\"},\"primaryImageOfPage\":{\"@id\":\"https:\/\/portalnpm.com\/index.php\/2022\/02\/08\/apos-franze-denunciar-deputados-se-posicionam-sobre-equatorial\/#primaryimage\"},\"image\":{\"@id\":\"https:\/\/portalnpm.com\/index.php\/2022\/02\/08\/apos-franze-denunciar-deputados-se-posicionam-sobre-equatorial\/#primaryimage\"},\"thumbnailUrl\":\"\",\"datePublished\":\"2022-02-08T20:40:19+00:00\",\"dateModified\":\"2022-02-08T20:40:19+00:00\",\"author\":{\"@id\":\"https:\/\/portalnpm.com\/#\/schema\/person\/0b5f230ec96cee25504fa328e7f2b733\"},\"breadcrumb\":{\"@id\":\"https:\/\/portalnpm.com\/index.php\/2022\/02\/08\/apos-franze-denunciar-deputados-se-posicionam-sobre-equatorial\/#breadcrumb\"},\"inLanguage\":\"pt-BR\",\"potentialAction\":[{\"@type\":\"ReadAction\",\"target\":[\"https:\/\/portalnpm.com\/index.php\/2022\/02\/08\/apos-franze-denunciar-deputados-se-posicionam-sobre-equatorial\/\"]}]},{\"@type\":\"ImageObject\",\"inLanguage\":\"pt-BR\",\"@id\":\"https:\/\/portalnpm.com\/index.php\/2022\/02\/08\/apos-franze-denunciar-deputados-se-posicionam-sobre-equatorial\/#primaryimage\",\"url\":\"\",\"contentUrl\":\"\"},{\"@type\":\"BreadcrumbList\",\"@id\":\"https:\/\/portalnpm.com\/index.php\/2022\/02\/08\/apos-franze-denunciar-deputados-se-posicionam-sobre-equatorial\/#breadcrumb\",\"itemListElement\":[{\"@type\":\"ListItem\",\"position\":1,\"name\":\"In\u00edcio\",\"item\":\"https:\/\/portalnpm.com\/\"},{\"@type\":\"ListItem\",\"position\":2,\"name\":\"Ap\u00f3s Franz\u00e9 denunciar, deputados se posicionam sobre Equatorial.\"}]},{\"@type\":\"WebSite\",\"@id\":\"https:\/\/portalnpm.com\/#website\",\"url\":\"https:\/\/portalnpm.com\/\",\"name\":\"Portal NPM\",\"description\":\"Not\u00edcias em Primeira M\u00e3o\",\"potentialAction\":[{\"@type\":\"SearchAction\",\"target\":{\"@type\":\"EntryPoint\",\"urlTemplate\":\"https:\/\/portalnpm.com\/?s={search_term_string}\"},\"query-input\":\"required name=search_term_string\"}],\"inLanguage\":\"pt-BR\"},{\"@type\":\"Person\",\"@id\":\"https:\/\/portalnpm.com\/#\/schema\/person\/0b5f230ec96cee25504fa328e7f2b733\",\"name\":\"Reda\u00e7\u00e3o\",\"image\":{\"@type\":\"ImageObject\",\"inLanguage\":\"pt-BR\",\"@id\":\"https:\/\/portalnpm.com\/#\/schema\/person\/image\/\",\"url\":\"https:\/\/portalnpm.com\/wp-content\/uploads\/2024\/03\/avatar_user_4_1710097212-96x96.png\",\"contentUrl\":\"https:\/\/portalnpm.com\/wp-content\/uploads\/2024\/03\/avatar_user_4_1710097212-96x96.png\",\"caption\":\"Reda\u00e7\u00e3o\"},\"url\":\"https:\/\/portalnpm.com\/index.php\/author\/redacao\/\"}]}<\/script>\n<!-- \/ Yoast SEO plugin. -->","yoast_head_json":{"title":"Ap\u00f3s Franz\u00e9 denunciar, deputados se posicionam sobre Equatorial. - Portal NPM","robots":{"index":"index","follow":"follow","max-snippet":"max-snippet:-1","max-image-preview":"max-image-preview:large","max-video-preview":"max-video-preview:-1"},"canonical":"https:\/\/portalnpm.com\/index.php\/2022\/02\/08\/apos-franze-denunciar-deputados-se-posicionam-sobre-equatorial\/","og_locale":"pt_BR","og_type":"article","og_title":"Ap\u00f3s Franz\u00e9 denunciar, deputados se posicionam sobre Equatorial. - Portal NPM","og_description":"O deputado Franz\u00e9 Silva (PT) provocou movimenta\u00e7\u00e3o dos parlamentares estaduais, ap\u00f3s ter tomado a iniciativa de fazer, no \u00e2mbito da Assembleia Legislativa do Piau\u00ed (Alepi), den\u00fancias contra o que ele analisa como \u201cp\u00e9ssimos servi\u00e7os e grande desrespeito \u00e0 popula\u00e7\u00e3o da Equatorial Piau\u00ed em todo o Estado\u201d. &nbsp; &nbsp; Na sess\u00e3o plen\u00e1ria da Alepi nesta ter\u00e7a-feira &hellip;","og_url":"https:\/\/portalnpm.com\/index.php\/2022\/02\/08\/apos-franze-denunciar-deputados-se-posicionam-sobre-equatorial\/","og_site_name":"Portal NPM","article_published_time":"2022-02-08T20:40:19+00:00","author":"Reda\u00e7\u00e3o","twitter_card":"summary_large_image","twitter_misc":{"Escrito por":"Reda\u00e7\u00e3o","Est. tempo de leitura":"2 minutos"},"schema":{"@context":"https:\/\/schema.org","@graph":[{"@type":"WebPage","@id":"https:\/\/portalnpm.com\/index.php\/2022\/02\/08\/apos-franze-denunciar-deputados-se-posicionam-sobre-equatorial\/","url":"https:\/\/portalnpm.com\/index.php\/2022\/02\/08\/apos-franze-denunciar-deputados-se-posicionam-sobre-equatorial\/","name":"Ap\u00f3s Franz\u00e9 denunciar, deputados se posicionam sobre Equatorial. - Portal NPM","isPartOf":{"@id":"https:\/\/portalnpm.com\/#website"},"primaryImageOfPage":{"@id":"https:\/\/portalnpm.com\/index.php\/2022\/02\/08\/apos-franze-denunciar-deputados-se-posicionam-sobre-equatorial\/#primaryimage"},"image":{"@id":"https:\/\/portalnpm.com\/index.php\/2022\/02\/08\/apos-franze-denunciar-deputados-se-posicionam-sobre-equatorial\/#primaryimage"},"thumbnailUrl":"","datePublished":"2022-02-08T20:40:19+00:00","dateModified":"2022-02-08T20:40:19+00:00","author":{"@id":"https:\/\/portalnpm.com\/#\/schema\/person\/0b5f230ec96cee25504fa328e7f2b733"},"breadcrumb":{"@id":"https:\/\/portalnpm.com\/index.php\/2022\/02\/08\/apos-franze-denunciar-deputados-se-posicionam-sobre-equatorial\/#breadcrumb"},"inLanguage":"pt-BR","potentialAction":[{"@type":"ReadAction","target":["https:\/\/portalnpm.com\/index.php\/2022\/02\/08\/apos-franze-denunciar-deputados-se-posicionam-sobre-equatorial\/"]}]},{"@type":"ImageObject","inLanguage":"pt-BR","@id":"https:\/\/portalnpm.com\/index.php\/2022\/02\/08\/apos-franze-denunciar-deputados-se-posicionam-sobre-equatorial\/#primaryimage","url":"","contentUrl":""},{"@type":"BreadcrumbList","@id":"https:\/\/portalnpm.com\/index.php\/2022\/02\/08\/apos-franze-denunciar-deputados-se-posicionam-sobre-equatorial\/#breadcrumb","itemListElement":[{"@type":"ListItem","position":1,"name":"In\u00edcio","item":"https:\/\/portalnpm.com\/"},{"@type":"ListItem","position":2,"name":"Ap\u00f3s Franz\u00e9 denunciar, deputados se posicionam sobre Equatorial."}]},{"@type":"WebSite","@id":"https:\/\/portalnpm.com\/#website","url":"https:\/\/portalnpm.com\/","name":"Portal NPM","description":"Not\u00edcias em Primeira M\u00e3o","potentialAction":[{"@type":"SearchAction","target":{"@type":"EntryPoint","urlTemplate":"https:\/\/portalnpm.com\/?s={search_term_string}"},"query-input":"required name=search_term_string"}],"inLanguage":"pt-BR"},{"@type":"Person","@id":"https:\/\/portalnpm.com\/#\/schema\/person\/0b5f230ec96cee25504fa328e7f2b733","name":"Reda\u00e7\u00e3o","image":{"@type":"ImageObject","inLanguage":"pt-BR","@id":"https:\/\/portalnpm.com\/#\/schema\/person\/image\/","url":"https:\/\/portalnpm.com\/wp-content\/uploads\/2024\/03\/avatar_user_4_1710097212-96x96.png","contentUrl":"https:\/\/portalnpm.com\/wp-content\/uploads\/2024\/03\/avatar_user_4_1710097212-96x96.png","caption":"Reda\u00e7\u00e3o"},"url":"https:\/\/portalnpm.com\/index.php\/author\/redacao\/"}]}},"jetpack_sharing_enabled":true,"jetpack_featured_media_url":"","_links":{"self":[{"href":"https:\/\/portalnpm.com\/index.php\/wp-json\/wp\/v2\/posts\/40447"}],"collection":[{"href":"https:\/\/portalnpm.com\/index.php\/wp-json\/wp\/v2\/posts"}],"about":[{"href":"https:\/\/portalnpm.com\/index.php\/wp-json\/wp\/v2\/types\/post"}],"author":[{"embeddable":true,"href":"https:\/\/portalnpm.com\/index.php\/wp-json\/wp\/v2\/users\/4"}],"replies":[{"embeddable":true,"href":"https:\/\/portalnpm.com\/index.php\/wp-json\/wp\/v2\/comments?post=40447"}],"version-history":[{"count":0,"href":"https:\/\/portalnpm.com\/index.php\/wp-json\/wp\/v2\/posts\/40447\/revisions"}],"wp:featuredmedia":[{"embeddable":true,"href":"https:\/\/portalnpm.com\/index.php\/wp-json\/"}],"wp:attachment":[{"href":"https:\/\/portalnpm.com\/index.php\/wp-json\/wp\/v2\/media?parent=40447"}],"wp:term":[{"taxonomy":"category","embeddable":true,"href":"https:\/\/portalnpm.com\/index.php\/wp-json\/wp\/v2\/categories?post=40447"},{"taxonomy":"post_tag","embeddable":true,"href":"https:\/\/portalnpm.com\/index.php\/wp-json\/wp\/v2\/tags?post=40447"}],"curies":[{"name":"wp","href":"https:\/\/api.w.org\/{rel}","templated":true}]}}