{"id":40622,"date":"2022-02-23T05:57:24","date_gmt":"2022-02-23T08:57:24","guid":{"rendered":"https:\/\/backupnpm.codetainer.com.br\/?p=40622"},"modified":"2022-02-23T05:57:24","modified_gmt":"2022-02-23T08:57:24","slug":"psb-oficializa-apoio-a-lula-apos-acordo-em-pernambuco","status":"publish","type":"post","link":"https:\/\/portalnpm.com\/index.php\/2022\/02\/23\/psb-oficializa-apoio-a-lula-apos-acordo-em-pernambuco\/","title":{"rendered":"PSB oficializa apoio a Lula ap\u00f3s acordo em Pernambuco"},"content":{"rendered":"<p style=\"text-align: justify;\"><strong>DCM<\/strong>&#8211; O lan\u00e7amento da pr\u00e9-candidatura do deputado\u00a0Danilo Cabral (PSB) ao governo de Pernambuco, na tarde de ontem, transformou-se num ato de apoio ao ex-presidente Luiz In\u00e1cio Lula da Silva, segundo reportagem de Jo\u00e3o Valadares no\u00a0<strong>Valor Econ\u00f4mico.<\/strong><\/p>\n<p style=\"text-align: justify;\">\n<p style=\"text-align: justify;\">\n<p style=\"text-align: justify;\">Prefeito do Recife, Jo\u00e3o Campos (PSB), resistente \u00e0 ideia de federa\u00e7\u00e3o e uma das vozes mais cr\u00edticas ao PT no partido, deixou claro que o apoio do PSB ao ex-presidente n\u00e3o guarda rela\u00e7\u00e3o com o desenrolar das negocia\u00e7\u00f5es em torno da uni\u00e3o formal entre as siglas.<\/p>\n<p style=\"text-align: justify;\">\u201cPernambuco est\u00e1 absolutamente unido para que juntos possamos ser o primeiro grande partido brasileiro a declarar oficialmente o apoio ao presidente Luiz In\u00e1cio Lula da Silva\u201d, disse Campos.<\/p>\n<p style=\"text-align: justify;\">Presidente nacional do PSB, Carlos Siqueira, adotou o mesmo tom. \u201cEstaremos juntos em todo o pa\u00eds em torno de Lula presidente da Rep\u00fablica. Essa uni\u00e3o aqui n\u00e3o vai apenas mudar Pernambuco. Vai mudar o Brasil. \u00c9 Lula, \u00e9 Danilo\u201d, discursou.<\/p>\n<p style=\"text-align: justify;\"><strong>Humberto Costa, do PT, festejado<\/strong><\/p>\n<p style=\"text-align: justify;\">Senador Humberto Costa, que retirou a pr\u00e9-candidatura ao governo de Pernambuco como estrat\u00e9gia do PT nacional para ter carta na manga na mesa de negocia\u00e7\u00e3o com o PSB em S\u00e3o Paulo e outros Estados, foi bastante festejado.<\/p>\n<p style=\"text-align: justify;\">Na maioria dos discursos, os pessebistas destacaram a \u201clargueza\u201d do gesto de desist\u00eancia em nome da unidade das for\u00e7as de esquerda.<\/p>\n<p style=\"text-align: justify;\">O tom de nacionaliza\u00e7\u00e3o do debate eleitoral adotado no evento do PSB em Pernambuco \u00e9 uma pr\u00e9via do que deve acontecer em outros Estados.<\/p>\n<p style=\"text-align: justify;\">O alinhamento entre PT e PSB est\u00e1 distante de acontecer em locais como Esp\u00edrito Santo, onde o governador Renato Casagrande (PSB) deve enfrentar o petista Fabiano Contarato, cuja candidatura foi lan\u00e7ada neste fim de semana. H\u00e1 ainda obst\u00e1culos a uma alian\u00e7a no Rio Grande do Sul, Acre, e em S\u00e3o Paulo.<\/p>\n<p style=\"text-align: justify;\">Por Valor Econ\u00f4mico<\/p>\n","protected":false},"excerpt":{"rendered":"<p>DCM&#8211; O lan\u00e7amento da pr\u00e9-candidatura do deputado\u00a0Danilo Cabral (PSB) ao governo de Pernambuco, na tarde de ontem, transformou-se num ato de apoio ao ex-presidente Luiz In\u00e1cio Lula da Silva, segundo reportagem de Jo\u00e3o Valadares no\u00a0Valor Econ\u00f4mico. Prefeito do Recife, Jo\u00e3o Campos (PSB), resistente \u00e0 ideia de federa\u00e7\u00e3o e uma das vozes mais cr\u00edticas ao PT &hellip;<\/p>\n","protected":false},"author":2,"featured_media":40623,"comment_status":"open","ping_status":"open","sticky":false,"template":"","format":"standard","meta":{"content-type":"","rop_custom_images_group":[],"rop_custom_messages_group":[],"rop_publish_now":"initial","rop_publish_now_accounts":{"facebook_2648258775420054_1618374048415101":""},"rop_publish_now_history":[],"rop_publish_now_status":"pending","footnotes":"","_jetpack_memberships_contains_paid_content":false},"categories":[113],"tags":[737,708],"yoast_head":"<!-- This site is optimized with the Yoast SEO plugin v22.3 - https:\/\/yoast.com\/wordpress\/plugins\/seo\/ -->\n<title>PSB oficializa apoio a Lula ap\u00f3s acordo em Pernambuco - Portal NPM<\/title>\n<meta name=\"robots\" content=\"index, follow, max-snippet:-1, max-image-preview:large, max-video-preview:-1\" \/>\n<link rel=\"canonical\" href=\"https:\/\/portalnpm.com\/index.php\/2022\/02\/23\/psb-oficializa-apoio-a-lula-apos-acordo-em-pernambuco\/\" \/>\n<meta property=\"og:locale\" content=\"pt_BR\" \/>\n<meta property=\"og:type\" content=\"article\" \/>\n<meta property=\"og:title\" content=\"PSB oficializa apoio a Lula ap\u00f3s acordo em Pernambuco - Portal NPM\" \/>\n<meta property=\"og:description\" content=\"DCM&#8211; O lan\u00e7amento da pr\u00e9-candidatura do deputado\u00a0Danilo Cabral (PSB) ao governo de Pernambuco, na tarde de ontem, transformou-se num ato de apoio ao ex-presidente Luiz In\u00e1cio Lula da Silva, segundo reportagem de Jo\u00e3o Valadares no\u00a0Valor Econ\u00f4mico. Prefeito do Recife, Jo\u00e3o Campos (PSB), resistente \u00e0 ideia de federa\u00e7\u00e3o e uma das vozes mais cr\u00edticas ao PT &hellip;\" \/>\n<meta property=\"og:url\" content=\"https:\/\/portalnpm.com\/index.php\/2022\/02\/23\/psb-oficializa-apoio-a-lula-apos-acordo-em-pernambuco\/\" \/>\n<meta property=\"og:site_name\" content=\"Portal NPM\" \/>\n<meta property=\"article:published_time\" content=\"2022-02-23T08:57:24+00:00\" \/>\n<meta name=\"author\" content=\"Genival Barbosa\" \/>\n<meta name=\"twitter:card\" content=\"summary_large_image\" \/>\n<meta name=\"twitter:label1\" content=\"Escrito por\" \/>\n\t<meta name=\"twitter:data1\" content=\"Genival Barbosa\" \/>\n\t<meta name=\"twitter:label2\" content=\"Est. tempo de leitura\" \/>\n\t<meta name=\"twitter:data2\" content=\"2 minutos\" \/>\n<script type=\"application\/ld+json\" class=\"yoast-schema-graph\">{\"@context\":\"https:\/\/schema.org\",\"@graph\":[{\"@type\":\"WebPage\",\"@id\":\"https:\/\/portalnpm.com\/index.php\/2022\/02\/23\/psb-oficializa-apoio-a-lula-apos-acordo-em-pernambuco\/\",\"url\":\"https:\/\/portalnpm.com\/index.php\/2022\/02\/23\/psb-oficializa-apoio-a-lula-apos-acordo-em-pernambuco\/\",\"name\":\"PSB oficializa apoio a Lula ap\u00f3s acordo em Pernambuco - Portal NPM\",\"isPartOf\":{\"@id\":\"https:\/\/portalnpm.com\/#website\"},\"primaryImageOfPage\":{\"@id\":\"https:\/\/portalnpm.com\/index.php\/2022\/02\/23\/psb-oficializa-apoio-a-lula-apos-acordo-em-pernambuco\/#primaryimage\"},\"image\":{\"@id\":\"https:\/\/portalnpm.com\/index.php\/2022\/02\/23\/psb-oficializa-apoio-a-lula-apos-acordo-em-pernambuco\/#primaryimage\"},\"thumbnailUrl\":\"\",\"datePublished\":\"2022-02-23T08:57:24+00:00\",\"dateModified\":\"2022-02-23T08:57:24+00:00\",\"author\":{\"@id\":\"https:\/\/portalnpm.com\/#\/schema\/person\/49313e563cfdefcc167f1ee4c017c294\"},\"breadcrumb\":{\"@id\":\"https:\/\/portalnpm.com\/index.php\/2022\/02\/23\/psb-oficializa-apoio-a-lula-apos-acordo-em-pernambuco\/#breadcrumb\"},\"inLanguage\":\"pt-BR\",\"potentialAction\":[{\"@type\":\"ReadAction\",\"target\":[\"https:\/\/portalnpm.com\/index.php\/2022\/02\/23\/psb-oficializa-apoio-a-lula-apos-acordo-em-pernambuco\/\"]}]},{\"@type\":\"ImageObject\",\"inLanguage\":\"pt-BR\",\"@id\":\"https:\/\/portalnpm.com\/index.php\/2022\/02\/23\/psb-oficializa-apoio-a-lula-apos-acordo-em-pernambuco\/#primaryimage\",\"url\":\"\",\"contentUrl\":\"\"},{\"@type\":\"BreadcrumbList\",\"@id\":\"https:\/\/portalnpm.com\/index.php\/2022\/02\/23\/psb-oficializa-apoio-a-lula-apos-acordo-em-pernambuco\/#breadcrumb\",\"itemListElement\":[{\"@type\":\"ListItem\",\"position\":1,\"name\":\"In\u00edcio\",\"item\":\"https:\/\/portalnpm.com\/\"},{\"@type\":\"ListItem\",\"position\":2,\"name\":\"PSB oficializa apoio a Lula ap\u00f3s acordo em Pernambuco\"}]},{\"@type\":\"WebSite\",\"@id\":\"https:\/\/portalnpm.com\/#website\",\"url\":\"https:\/\/portalnpm.com\/\",\"name\":\"Portal NPM\",\"description\":\"Not\u00edcias em Primeira M\u00e3o\",\"potentialAction\":[{\"@type\":\"SearchAction\",\"target\":{\"@type\":\"EntryPoint\",\"urlTemplate\":\"https:\/\/portalnpm.com\/?s={search_term_string}\"},\"query-input\":\"required name=search_term_string\"}],\"inLanguage\":\"pt-BR\"},{\"@type\":\"Person\",\"@id\":\"https:\/\/portalnpm.com\/#\/schema\/person\/49313e563cfdefcc167f1ee4c017c294\",\"name\":\"Genival Barbosa\",\"image\":{\"@type\":\"ImageObject\",\"inLanguage\":\"pt-BR\",\"@id\":\"https:\/\/portalnpm.com\/#\/schema\/person\/image\/\",\"url\":\"https:\/\/portalnpm.com\/wp-content\/uploads\/2024\/02\/avatar_user_2_1707743258-96x96.jpeg\",\"contentUrl\":\"https:\/\/portalnpm.com\/wp-content\/uploads\/2024\/02\/avatar_user_2_1707743258-96x96.jpeg\",\"caption\":\"Genival Barbosa\"},\"url\":\"https:\/\/portalnpm.com\/index.php\/author\/genival\/\"}]}<\/script>\n<!-- \/ Yoast SEO plugin. -->","yoast_head_json":{"title":"PSB oficializa apoio a Lula ap\u00f3s acordo em Pernambuco - Portal NPM","robots":{"index":"index","follow":"follow","max-snippet":"max-snippet:-1","max-image-preview":"max-image-preview:large","max-video-preview":"max-video-preview:-1"},"canonical":"https:\/\/portalnpm.com\/index.php\/2022\/02\/23\/psb-oficializa-apoio-a-lula-apos-acordo-em-pernambuco\/","og_locale":"pt_BR","og_type":"article","og_title":"PSB oficializa apoio a Lula ap\u00f3s acordo em Pernambuco - Portal NPM","og_description":"DCM&#8211; O lan\u00e7amento da pr\u00e9-candidatura do deputado\u00a0Danilo Cabral (PSB) ao governo de Pernambuco, na tarde de ontem, transformou-se num ato de apoio ao ex-presidente Luiz In\u00e1cio Lula da Silva, segundo reportagem de Jo\u00e3o Valadares no\u00a0Valor Econ\u00f4mico. Prefeito do Recife, Jo\u00e3o Campos (PSB), resistente \u00e0 ideia de federa\u00e7\u00e3o e uma das vozes mais cr\u00edticas ao PT &hellip;","og_url":"https:\/\/portalnpm.com\/index.php\/2022\/02\/23\/psb-oficializa-apoio-a-lula-apos-acordo-em-pernambuco\/","og_site_name":"Portal NPM","article_published_time":"2022-02-23T08:57:24+00:00","author":"Genival Barbosa","twitter_card":"summary_large_image","twitter_misc":{"Escrito por":"Genival Barbosa","Est. tempo de leitura":"2 minutos"},"schema":{"@context":"https:\/\/schema.org","@graph":[{"@type":"WebPage","@id":"https:\/\/portalnpm.com\/index.php\/2022\/02\/23\/psb-oficializa-apoio-a-lula-apos-acordo-em-pernambuco\/","url":"https:\/\/portalnpm.com\/index.php\/2022\/02\/23\/psb-oficializa-apoio-a-lula-apos-acordo-em-pernambuco\/","name":"PSB oficializa apoio a Lula ap\u00f3s acordo em Pernambuco - Portal NPM","isPartOf":{"@id":"https:\/\/portalnpm.com\/#website"},"primaryImageOfPage":{"@id":"https:\/\/portalnpm.com\/index.php\/2022\/02\/23\/psb-oficializa-apoio-a-lula-apos-acordo-em-pernambuco\/#primaryimage"},"image":{"@id":"https:\/\/portalnpm.com\/index.php\/2022\/02\/23\/psb-oficializa-apoio-a-lula-apos-acordo-em-pernambuco\/#primaryimage"},"thumbnailUrl":"","datePublished":"2022-02-23T08:57:24+00:00","dateModified":"2022-02-23T08:57:24+00:00","author":{"@id":"https:\/\/portalnpm.com\/#\/schema\/person\/49313e563cfdefcc167f1ee4c017c294"},"breadcrumb":{"@id":"https:\/\/portalnpm.com\/index.php\/2022\/02\/23\/psb-oficializa-apoio-a-lula-apos-acordo-em-pernambuco\/#breadcrumb"},"inLanguage":"pt-BR","potentialAction":[{"@type":"ReadAction","target":["https:\/\/portalnpm.com\/index.php\/2022\/02\/23\/psb-oficializa-apoio-a-lula-apos-acordo-em-pernambuco\/"]}]},{"@type":"ImageObject","inLanguage":"pt-BR","@id":"https:\/\/portalnpm.com\/index.php\/2022\/02\/23\/psb-oficializa-apoio-a-lula-apos-acordo-em-pernambuco\/#primaryimage","url":"","contentUrl":""},{"@type":"BreadcrumbList","@id":"https:\/\/portalnpm.com\/index.php\/2022\/02\/23\/psb-oficializa-apoio-a-lula-apos-acordo-em-pernambuco\/#breadcrumb","itemListElement":[{"@type":"ListItem","position":1,"name":"In\u00edcio","item":"https:\/\/portalnpm.com\/"},{"@type":"ListItem","position":2,"name":"PSB oficializa apoio a Lula ap\u00f3s acordo em Pernambuco"}]},{"@type":"WebSite","@id":"https:\/\/portalnpm.com\/#website","url":"https:\/\/portalnpm.com\/","name":"Portal NPM","description":"Not\u00edcias em Primeira M\u00e3o","potentialAction":[{"@type":"SearchAction","target":{"@type":"EntryPoint","urlTemplate":"https:\/\/portalnpm.com\/?s={search_term_string}"},"query-input":"required name=search_term_string"}],"inLanguage":"pt-BR"},{"@type":"Person","@id":"https:\/\/portalnpm.com\/#\/schema\/person\/49313e563cfdefcc167f1ee4c017c294","name":"Genival Barbosa","image":{"@type":"ImageObject","inLanguage":"pt-BR","@id":"https:\/\/portalnpm.com\/#\/schema\/person\/image\/","url":"https:\/\/portalnpm.com\/wp-content\/uploads\/2024\/02\/avatar_user_2_1707743258-96x96.jpeg","contentUrl":"https:\/\/portalnpm.com\/wp-content\/uploads\/2024\/02\/avatar_user_2_1707743258-96x96.jpeg","caption":"Genival Barbosa"},"url":"https:\/\/portalnpm.com\/index.php\/author\/genival\/"}]}},"jetpack_sharing_enabled":true,"jetpack_featured_media_url":"","_links":{"self":[{"href":"https:\/\/portalnpm.com\/index.php\/wp-json\/wp\/v2\/posts\/40622"}],"collection":[{"href":"https:\/\/portalnpm.com\/index.php\/wp-json\/wp\/v2\/posts"}],"about":[{"href":"https:\/\/portalnpm.com\/index.php\/wp-json\/wp\/v2\/types\/post"}],"author":[{"embeddable":true,"href":"https:\/\/portalnpm.com\/index.php\/wp-json\/wp\/v2\/users\/2"}],"replies":[{"embeddable":true,"href":"https:\/\/portalnpm.com\/index.php\/wp-json\/wp\/v2\/comments?post=40622"}],"version-history":[{"count":0,"href":"https:\/\/portalnpm.com\/index.php\/wp-json\/wp\/v2\/posts\/40622\/revisions"}],"wp:featuredmedia":[{"embeddable":true,"href":"https:\/\/portalnpm.com\/index.php\/wp-json\/"}],"wp:attachment":[{"href":"https:\/\/portalnpm.com\/index.php\/wp-json\/wp\/v2\/media?parent=40622"}],"wp:term":[{"taxonomy":"category","embeddable":true,"href":"https:\/\/portalnpm.com\/index.php\/wp-json\/wp\/v2\/categories?post=40622"},{"taxonomy":"post_tag","embeddable":true,"href":"https:\/\/portalnpm.com\/index.php\/wp-json\/wp\/v2\/tags?post=40622"}],"curies":[{"name":"wp","href":"https:\/\/api.w.org\/{rel}","templated":true}]}}