{"id":40701,"date":"2022-03-02T21:48:42","date_gmt":"2022-03-03T00:48:42","guid":{"rendered":"https:\/\/backupnpm.codetainer.com.br\/?p=40701"},"modified":"2022-03-02T21:48:42","modified_gmt":"2022-03-03T00:48:42","slug":"inedito-america-mg-vence-guarani-no-apagar-das-luzes-leva-para-os-penaltis-e-classifica-coelho-na-libertadores","status":"publish","type":"post","link":"https:\/\/portalnpm.com\/index.php\/2022\/03\/02\/inedito-america-mg-vence-guarani-no-apagar-das-luzes-leva-para-os-penaltis-e-classifica-coelho-na-libertadores\/","title":{"rendered":"In\u00e9dito! Am\u00e9rica-MG vence Guaran\u00ed no apagar das luzes, leva para os p\u00eanaltis e classifica Coelho na Libertadores"},"content":{"rendered":"<section class=\"xpa-switch-article\">\n<div class=\"news-paragraph text-1\">\n<p style=\"text-align: justify;\">O Am\u00e9rica-MG venceu, em 3 a 2, com o Guaran\u00ed-PAR, nesta quarta-feira (2). As equipes, que se enfrentaram pela partida da volta da segunda fase da Pr\u00e9-Libertadores. Como os paraguaios j\u00e1 tinham vencido o jogo da ida, em 1 a 0, o Coelho garantiu o 3 a 3 e foi para os p\u00eanaltis. Nas cobran\u00e7as,<\/p>\n<\/div>\n<\/section>\n<section class=\"xpa-switch-article\">\n<div class=\"news-paragraph text-1\">\n<p>Com o resultado, o Coelho enfrentar\u00e1 o vencedor de Universitario ou Barcelona de Guayaquil na terceira fase. A partida ainda n\u00e3o tem data, nem local. Contudo, o jogo definir\u00e1 quem chegar\u00e1 na fase de grupos da Libertadores.<\/p>\n<\/div>\n<\/section>\n<section class=\"xpa-switch-article\">\n<div class=\"news-paragraph text-1\">\n<p><strong>Primeiro tempo<\/strong><\/p>\n<\/div>\n<\/section>\n<section class=\"xpa-switch-article\">\n<div class=\"news-paragraph text-1\">\n<p>O primeiro tempo foi bem fraco para o Am\u00e9rica-MG. O time se mostrou bem lento e com grandes falhas na sa\u00edda de bola, n\u00e3o tendo firla para furar a retranca do Guaran\u00ed. Apesar da maior posse de bola, o time sentiu a press\u00e3o aos 10, quando a arbitragem pegou p\u00eanalti, ap\u00f3s \u00c9der derrubar Ben\u00edtez na \u00e1rea. Fernando Fern\u00e1ndez foi para a bola e mandou para o fundo do gol.<\/p>\n<\/div>\n<\/section>\n<section class=\"xpa-switch-article\">\n<div class=\"news-paragraph text-1\">\n<p>Dois minutos depois, aos 14, o segundo dos paraguaios. C\u00e1ceres aproveitou cobran\u00e7a de escanteio pela esquerda, subiu mais alto e testou no \u00e2ngulo, ampliando a vantagem. O Guaran\u00ed ainda teve boa chance aos 19, com Julio Gonz\u00e1lez, mas o goleiro Ja\u00edlson defendeu. O Coelho s\u00f3 foi ter uma boa chance aos 44, quando Marlon pegou rebote e mandou para a defesa de V\u00e1squez.<\/p>\n<\/div>\n<\/section>\n<section class=\"xpa-switch-article\">\n<div class=\"news-paragraph text-1\">\n<p><strong>Segundo tempo<\/strong><\/p>\n<\/div>\n<\/section>\n<section class=\"xpa-switch-article\">\n<div class=\"news-paragraph text-1\">\n<p>Diferente da primeira etapa, o Am\u00e9rica-MG voltou com tudo. Logo aos 4, Patric teve boa chance, mas tirou apenas tinta da trave do Guaran\u00ed. Aos 13, Wellington Paulista diminuiu. Em cobran\u00e7a de falta pela direita, Kal escorou, Al\u00ea devolveu, e Wellington chegou de carrinho para balan\u00e7ar as redes. O atacante voltou a balan\u00e7ar as redes aos 29. Everaldo cruzou na medida para o matador, que testou no cantinho, deixando tudo igual.<\/p>\n<\/div>\n<\/section>\n<section class=\"xpa-switch-article\">\n<div class=\"news-paragraph text-1\">\n<p>A chance da virada veio na sequ\u00eancia, quando Patric finalizou desajeitado, sem dire\u00e7\u00e3o. Matheusinho, aos 35, mandou \u00e0 esquerda do gol de V\u00e1squez. No final, aos 47, Pedrinho anotou, enfim, o terceiro gol do Coelho. Everaldo apareceu pela direita e cruzou rasteiro. A zaga paraguaia n\u00e3o afastou. Pedrinho finalizou, mas V\u00e1squez defendeu. Na sobra, o atacante finalizou. A bola bateu no travess\u00e3o e nas costas di goleiro, mas entrou.<\/p>\n<\/div>\n<\/section>\n<section class=\"xpa-switch-article\">\n<div class=\"news-paragraph text-1\">\n<p><strong>P\u00eanaltis<\/strong><\/p>\n<\/div>\n<\/section>\n<section class=\"xpa-switch-article\">\n<div class=\"news-paragraph text-1\">\n<p>Ayala come\u00e7ou com as penalidades, de canhota, mandando para o fundo das redes. Wellington Paulista abriu as cobran\u00e7as para o Coelho, com a paradinha. 1 a 1. Ort\u00edz recolocou o Guaran\u00ed na vantagem. Iago Maidana bateu o segundo para o Am\u00e9rica, mandando para o fundo das redes. 2 a 2. Ben\u00edtez caiu pela esquerda e fez o terceiro dos paraguaios.<\/p>\n<\/div>\n<\/section>\n<section class=\"xpa-switch-article\">\n<div class=\"news-paragraph text-1\">\n<p>Henrique Almeida foi o terceiro a bater, mas mandou no travess\u00e3o. 3 a 2. Bareiro foi o quarto a bater. Ja\u00edlson quase defendeu, mas a bola entrou. \u00cdndio Ram\u00edrez marcou pelo Coelho. O goleiro V\u00e1squez tamb\u00e9m bateu, mas errou, mandando na trave. Rodolfo finalizou no canto direita, anotando o 4 a 4.<\/p>\n<\/div>\n<\/section>\n<section class=\"xpa-switch-article\">\n<div class=\"news-paragraph text-1\">\n<p>Nas alternadas, Ferreira mandou para a torcida e desperdi\u00e7ou. Patric tentou o cantinho, mas o goleiro defendeu e perdeu a chance. Roberto Fern\u00e1ndez foi o s\u00e9timo a bater, mas parou na defesa do goleiro Ja\u00edlson. Everaldo foi o \u00faltimo a vencer, garantiu na paradinha e deu a vit\u00f3ria ao Coelho.<\/p>\n<\/div>\n<\/section>\n<section class=\"xpa-switch-article\">\n<div class=\"entity-navigation-grid\" style=\"text-align: justify;\">\n<header class=\"title-6-bold entity-navigation-grid__title\">Futebol Latino\u00a0<\/header>\n<\/div>\n<\/section>\n","protected":false},"excerpt":{"rendered":"<p>O Am\u00e9rica-MG venceu, em 3 a 2, com o Guaran\u00ed-PAR, nesta quarta-feira (2). As equipes, que se enfrentaram pela partida da volta da segunda fase da Pr\u00e9-Libertadores. Como os paraguaios j\u00e1 tinham vencido o jogo da ida, em 1 a 0, o Coelho garantiu o 3 a 3 e foi para os p\u00eanaltis. Nas cobran\u00e7as, &hellip;<\/p>\n","protected":false},"author":2,"featured_media":40702,"comment_status":"open","ping_status":"open","sticky":false,"template":"","format":"standard","meta":{"content-type":"","rop_custom_images_group":[],"rop_custom_messages_group":[],"rop_publish_now":"initial","rop_publish_now_accounts":{"facebook_2648258775420054_1618374048415101":""},"rop_publish_now_history":[],"rop_publish_now_status":"pending","footnotes":"","_jetpack_memberships_contains_paid_content":false},"categories":[108],"tags":[11439,2025,896,140],"yoast_head":"<!-- This site is optimized with the Yoast SEO plugin v22.3 - https:\/\/yoast.com\/wordpress\/plugins\/seo\/ -->\n<title>In\u00e9dito! Am\u00e9rica-MG vence Guaran\u00ed no apagar das luzes, leva para os p\u00eanaltis e classifica Coelho na Libertadores - Portal NPM<\/title>\n<meta name=\"robots\" content=\"index, follow, max-snippet:-1, max-image-preview:large, max-video-preview:-1\" \/>\n<link rel=\"canonical\" href=\"https:\/\/portalnpm.com\/index.php\/2022\/03\/02\/inedito-america-mg-vence-guarani-no-apagar-das-luzes-leva-para-os-penaltis-e-classifica-coelho-na-libertadores\/\" \/>\n<meta property=\"og:locale\" content=\"pt_BR\" \/>\n<meta property=\"og:type\" content=\"article\" \/>\n<meta property=\"og:title\" content=\"In\u00e9dito! Am\u00e9rica-MG vence Guaran\u00ed no apagar das luzes, leva para os p\u00eanaltis e classifica Coelho na Libertadores - Portal NPM\" \/>\n<meta property=\"og:description\" content=\"O Am\u00e9rica-MG venceu, em 3 a 2, com o Guaran\u00ed-PAR, nesta quarta-feira (2). As equipes, que se enfrentaram pela partida da volta da segunda fase da Pr\u00e9-Libertadores. Como os paraguaios j\u00e1 tinham vencido o jogo da ida, em 1 a 0, o Coelho garantiu o 3 a 3 e foi para os p\u00eanaltis. Nas cobran\u00e7as, &hellip;\" \/>\n<meta property=\"og:url\" content=\"https:\/\/portalnpm.com\/index.php\/2022\/03\/02\/inedito-america-mg-vence-guarani-no-apagar-das-luzes-leva-para-os-penaltis-e-classifica-coelho-na-libertadores\/\" \/>\n<meta property=\"og:site_name\" content=\"Portal NPM\" \/>\n<meta property=\"article:published_time\" content=\"2022-03-03T00:48:42+00:00\" \/>\n<meta name=\"author\" content=\"Genival Barbosa\" \/>\n<meta name=\"twitter:card\" content=\"summary_large_image\" \/>\n<meta name=\"twitter:label1\" content=\"Escrito por\" \/>\n\t<meta name=\"twitter:data1\" content=\"Genival Barbosa\" \/>\n\t<meta name=\"twitter:label2\" content=\"Est. tempo de leitura\" \/>\n\t<meta name=\"twitter:data2\" content=\"3 minutos\" \/>\n<script type=\"application\/ld+json\" class=\"yoast-schema-graph\">{\"@context\":\"https:\/\/schema.org\",\"@graph\":[{\"@type\":\"WebPage\",\"@id\":\"https:\/\/portalnpm.com\/index.php\/2022\/03\/02\/inedito-america-mg-vence-guarani-no-apagar-das-luzes-leva-para-os-penaltis-e-classifica-coelho-na-libertadores\/\",\"url\":\"https:\/\/portalnpm.com\/index.php\/2022\/03\/02\/inedito-america-mg-vence-guarani-no-apagar-das-luzes-leva-para-os-penaltis-e-classifica-coelho-na-libertadores\/\",\"name\":\"In\u00e9dito! Am\u00e9rica-MG vence Guaran\u00ed no apagar das luzes, leva para os p\u00eanaltis e classifica Coelho na Libertadores - Portal NPM\",\"isPartOf\":{\"@id\":\"https:\/\/portalnpm.com\/#website\"},\"primaryImageOfPage\":{\"@id\":\"https:\/\/portalnpm.com\/index.php\/2022\/03\/02\/inedito-america-mg-vence-guarani-no-apagar-das-luzes-leva-para-os-penaltis-e-classifica-coelho-na-libertadores\/#primaryimage\"},\"image\":{\"@id\":\"https:\/\/portalnpm.com\/index.php\/2022\/03\/02\/inedito-america-mg-vence-guarani-no-apagar-das-luzes-leva-para-os-penaltis-e-classifica-coelho-na-libertadores\/#primaryimage\"},\"thumbnailUrl\":\"\",\"datePublished\":\"2022-03-03T00:48:42+00:00\",\"dateModified\":\"2022-03-03T00:48:42+00:00\",\"author\":{\"@id\":\"https:\/\/portalnpm.com\/#\/schema\/person\/49313e563cfdefcc167f1ee4c017c294\"},\"breadcrumb\":{\"@id\":\"https:\/\/portalnpm.com\/index.php\/2022\/03\/02\/inedito-america-mg-vence-guarani-no-apagar-das-luzes-leva-para-os-penaltis-e-classifica-coelho-na-libertadores\/#breadcrumb\"},\"inLanguage\":\"pt-BR\",\"potentialAction\":[{\"@type\":\"ReadAction\",\"target\":[\"https:\/\/portalnpm.com\/index.php\/2022\/03\/02\/inedito-america-mg-vence-guarani-no-apagar-das-luzes-leva-para-os-penaltis-e-classifica-coelho-na-libertadores\/\"]}]},{\"@type\":\"ImageObject\",\"inLanguage\":\"pt-BR\",\"@id\":\"https:\/\/portalnpm.com\/index.php\/2022\/03\/02\/inedito-america-mg-vence-guarani-no-apagar-das-luzes-leva-para-os-penaltis-e-classifica-coelho-na-libertadores\/#primaryimage\",\"url\":\"\",\"contentUrl\":\"\"},{\"@type\":\"BreadcrumbList\",\"@id\":\"https:\/\/portalnpm.com\/index.php\/2022\/03\/02\/inedito-america-mg-vence-guarani-no-apagar-das-luzes-leva-para-os-penaltis-e-classifica-coelho-na-libertadores\/#breadcrumb\",\"itemListElement\":[{\"@type\":\"ListItem\",\"position\":1,\"name\":\"In\u00edcio\",\"item\":\"https:\/\/portalnpm.com\/\"},{\"@type\":\"ListItem\",\"position\":2,\"name\":\"In\u00e9dito! Am\u00e9rica-MG vence Guaran\u00ed no apagar das luzes, leva para os p\u00eanaltis e classifica Coelho na Libertadores\"}]},{\"@type\":\"WebSite\",\"@id\":\"https:\/\/portalnpm.com\/#website\",\"url\":\"https:\/\/portalnpm.com\/\",\"name\":\"Portal NPM\",\"description\":\"Not\u00edcias em Primeira M\u00e3o\",\"potentialAction\":[{\"@type\":\"SearchAction\",\"target\":{\"@type\":\"EntryPoint\",\"urlTemplate\":\"https:\/\/portalnpm.com\/?s={search_term_string}\"},\"query-input\":\"required name=search_term_string\"}],\"inLanguage\":\"pt-BR\"},{\"@type\":\"Person\",\"@id\":\"https:\/\/portalnpm.com\/#\/schema\/person\/49313e563cfdefcc167f1ee4c017c294\",\"name\":\"Genival Barbosa\",\"image\":{\"@type\":\"ImageObject\",\"inLanguage\":\"pt-BR\",\"@id\":\"https:\/\/portalnpm.com\/#\/schema\/person\/image\/\",\"url\":\"https:\/\/portalnpm.com\/wp-content\/uploads\/2024\/02\/avatar_user_2_1707743258-96x96.jpeg\",\"contentUrl\":\"https:\/\/portalnpm.com\/wp-content\/uploads\/2024\/02\/avatar_user_2_1707743258-96x96.jpeg\",\"caption\":\"Genival Barbosa\"},\"url\":\"https:\/\/portalnpm.com\/index.php\/author\/genival\/\"}]}<\/script>\n<!-- \/ Yoast SEO plugin. -->","yoast_head_json":{"title":"In\u00e9dito! Am\u00e9rica-MG vence Guaran\u00ed no apagar das luzes, leva para os p\u00eanaltis e classifica Coelho na Libertadores - Portal NPM","robots":{"index":"index","follow":"follow","max-snippet":"max-snippet:-1","max-image-preview":"max-image-preview:large","max-video-preview":"max-video-preview:-1"},"canonical":"https:\/\/portalnpm.com\/index.php\/2022\/03\/02\/inedito-america-mg-vence-guarani-no-apagar-das-luzes-leva-para-os-penaltis-e-classifica-coelho-na-libertadores\/","og_locale":"pt_BR","og_type":"article","og_title":"In\u00e9dito! Am\u00e9rica-MG vence Guaran\u00ed no apagar das luzes, leva para os p\u00eanaltis e classifica Coelho na Libertadores - Portal NPM","og_description":"O Am\u00e9rica-MG venceu, em 3 a 2, com o Guaran\u00ed-PAR, nesta quarta-feira (2). As equipes, que se enfrentaram pela partida da volta da segunda fase da Pr\u00e9-Libertadores. Como os paraguaios j\u00e1 tinham vencido o jogo da ida, em 1 a 0, o Coelho garantiu o 3 a 3 e foi para os p\u00eanaltis. Nas cobran\u00e7as, &hellip;","og_url":"https:\/\/portalnpm.com\/index.php\/2022\/03\/02\/inedito-america-mg-vence-guarani-no-apagar-das-luzes-leva-para-os-penaltis-e-classifica-coelho-na-libertadores\/","og_site_name":"Portal NPM","article_published_time":"2022-03-03T00:48:42+00:00","author":"Genival Barbosa","twitter_card":"summary_large_image","twitter_misc":{"Escrito por":"Genival Barbosa","Est. tempo de leitura":"3 minutos"},"schema":{"@context":"https:\/\/schema.org","@graph":[{"@type":"WebPage","@id":"https:\/\/portalnpm.com\/index.php\/2022\/03\/02\/inedito-america-mg-vence-guarani-no-apagar-das-luzes-leva-para-os-penaltis-e-classifica-coelho-na-libertadores\/","url":"https:\/\/portalnpm.com\/index.php\/2022\/03\/02\/inedito-america-mg-vence-guarani-no-apagar-das-luzes-leva-para-os-penaltis-e-classifica-coelho-na-libertadores\/","name":"In\u00e9dito! Am\u00e9rica-MG vence Guaran\u00ed no apagar das luzes, leva para os p\u00eanaltis e classifica Coelho na Libertadores - Portal NPM","isPartOf":{"@id":"https:\/\/portalnpm.com\/#website"},"primaryImageOfPage":{"@id":"https:\/\/portalnpm.com\/index.php\/2022\/03\/02\/inedito-america-mg-vence-guarani-no-apagar-das-luzes-leva-para-os-penaltis-e-classifica-coelho-na-libertadores\/#primaryimage"},"image":{"@id":"https:\/\/portalnpm.com\/index.php\/2022\/03\/02\/inedito-america-mg-vence-guarani-no-apagar-das-luzes-leva-para-os-penaltis-e-classifica-coelho-na-libertadores\/#primaryimage"},"thumbnailUrl":"","datePublished":"2022-03-03T00:48:42+00:00","dateModified":"2022-03-03T00:48:42+00:00","author":{"@id":"https:\/\/portalnpm.com\/#\/schema\/person\/49313e563cfdefcc167f1ee4c017c294"},"breadcrumb":{"@id":"https:\/\/portalnpm.com\/index.php\/2022\/03\/02\/inedito-america-mg-vence-guarani-no-apagar-das-luzes-leva-para-os-penaltis-e-classifica-coelho-na-libertadores\/#breadcrumb"},"inLanguage":"pt-BR","potentialAction":[{"@type":"ReadAction","target":["https:\/\/portalnpm.com\/index.php\/2022\/03\/02\/inedito-america-mg-vence-guarani-no-apagar-das-luzes-leva-para-os-penaltis-e-classifica-coelho-na-libertadores\/"]}]},{"@type":"ImageObject","inLanguage":"pt-BR","@id":"https:\/\/portalnpm.com\/index.php\/2022\/03\/02\/inedito-america-mg-vence-guarani-no-apagar-das-luzes-leva-para-os-penaltis-e-classifica-coelho-na-libertadores\/#primaryimage","url":"","contentUrl":""},{"@type":"BreadcrumbList","@id":"https:\/\/portalnpm.com\/index.php\/2022\/03\/02\/inedito-america-mg-vence-guarani-no-apagar-das-luzes-leva-para-os-penaltis-e-classifica-coelho-na-libertadores\/#breadcrumb","itemListElement":[{"@type":"ListItem","position":1,"name":"In\u00edcio","item":"https:\/\/portalnpm.com\/"},{"@type":"ListItem","position":2,"name":"In\u00e9dito! Am\u00e9rica-MG vence Guaran\u00ed no apagar das luzes, leva para os p\u00eanaltis e classifica Coelho na Libertadores"}]},{"@type":"WebSite","@id":"https:\/\/portalnpm.com\/#website","url":"https:\/\/portalnpm.com\/","name":"Portal NPM","description":"Not\u00edcias em Primeira M\u00e3o","potentialAction":[{"@type":"SearchAction","target":{"@type":"EntryPoint","urlTemplate":"https:\/\/portalnpm.com\/?s={search_term_string}"},"query-input":"required name=search_term_string"}],"inLanguage":"pt-BR"},{"@type":"Person","@id":"https:\/\/portalnpm.com\/#\/schema\/person\/49313e563cfdefcc167f1ee4c017c294","name":"Genival Barbosa","image":{"@type":"ImageObject","inLanguage":"pt-BR","@id":"https:\/\/portalnpm.com\/#\/schema\/person\/image\/","url":"https:\/\/portalnpm.com\/wp-content\/uploads\/2024\/02\/avatar_user_2_1707743258-96x96.jpeg","contentUrl":"https:\/\/portalnpm.com\/wp-content\/uploads\/2024\/02\/avatar_user_2_1707743258-96x96.jpeg","caption":"Genival Barbosa"},"url":"https:\/\/portalnpm.com\/index.php\/author\/genival\/"}]}},"jetpack_sharing_enabled":true,"jetpack_featured_media_url":"","_links":{"self":[{"href":"https:\/\/portalnpm.com\/index.php\/wp-json\/wp\/v2\/posts\/40701"}],"collection":[{"href":"https:\/\/portalnpm.com\/index.php\/wp-json\/wp\/v2\/posts"}],"about":[{"href":"https:\/\/portalnpm.com\/index.php\/wp-json\/wp\/v2\/types\/post"}],"author":[{"embeddable":true,"href":"https:\/\/portalnpm.com\/index.php\/wp-json\/wp\/v2\/users\/2"}],"replies":[{"embeddable":true,"href":"https:\/\/portalnpm.com\/index.php\/wp-json\/wp\/v2\/comments?post=40701"}],"version-history":[{"count":0,"href":"https:\/\/portalnpm.com\/index.php\/wp-json\/wp\/v2\/posts\/40701\/revisions"}],"wp:featuredmedia":[{"embeddable":true,"href":"https:\/\/portalnpm.com\/index.php\/wp-json\/"}],"wp:attachment":[{"href":"https:\/\/portalnpm.com\/index.php\/wp-json\/wp\/v2\/media?parent=40701"}],"wp:term":[{"taxonomy":"category","embeddable":true,"href":"https:\/\/portalnpm.com\/index.php\/wp-json\/wp\/v2\/categories?post=40701"},{"taxonomy":"post_tag","embeddable":true,"href":"https:\/\/portalnpm.com\/index.php\/wp-json\/wp\/v2\/tags?post=40701"}],"curies":[{"name":"wp","href":"https:\/\/api.w.org\/{rel}","templated":true}]}}