{"id":40891,"date":"2022-03-17T12:29:15","date_gmt":"2022-03-17T15:29:15","guid":{"rendered":"https:\/\/backupnpm.codetainer.com.br\/?p=40891"},"modified":"2022-03-17T12:29:15","modified_gmt":"2022-03-17T15:29:15","slug":"fernando-said-e-nome-cotado-para-assumir-a-direcao-do-psdb-no-piaui","status":"publish","type":"post","link":"https:\/\/portalnpm.com\/index.php\/2022\/03\/17\/fernando-said-e-nome-cotado-para-assumir-a-direcao-do-psdb-no-piaui\/","title":{"rendered":"Fernando Said \u00e9 nome cotado para assumir a dire\u00e7\u00e3o do PSDB no Piau\u00ed"},"content":{"rendered":"<p style=\"text-align: justify;\">Segundo informa\u00e7\u00f5es de bastidores, o ex-secret\u00e1rio de Comunica\u00e7\u00e3o, Fernando Said, pode assumir a presid\u00eancia do PSDB no Piau\u00ed. O convite j\u00e1 foi feito e interessa tamb\u00e9m as lideran\u00e7as do Cidadania no Estado.<\/p>\n<p style=\"text-align: justify;\">\n<p style=\"text-align: justify;\">Nacionalmente, PSDB e Cidadania far\u00e3o parte de uma federa\u00e7\u00e3o partid\u00e1ria.<\/p>\n<p style=\"text-align: justify;\">O ex-prefeito Silvio Mendes se filia ao Uni\u00e3o Brasil no pr\u00f3ximo dia 21 e ser\u00e1 acompanhado pelo presidente estadual do PSDB, ex-deputado Luciano Nunes.<\/p>\n<p style=\"text-align: justify;\">Com a presid\u00eancia vaga, o nome cotado \u00e9 o de Fernando Said, mas ele ainda n\u00e3o deu resposta se assume ou n\u00e3o a presid\u00eancia da sigla.<\/p>\n<p style=\"text-align: justify;\"><strong>Fonte: Cidade Verde<\/strong><\/p>\n","protected":false},"excerpt":{"rendered":"<p>Segundo informa\u00e7\u00f5es de bastidores, o ex-secret\u00e1rio de Comunica\u00e7\u00e3o, Fernando Said, pode assumir a presid\u00eancia do PSDB no Piau\u00ed. O convite j\u00e1 foi feito e interessa tamb\u00e9m as lideran\u00e7as do Cidadania no Estado. Nacionalmente, PSDB e Cidadania far\u00e3o parte de uma federa\u00e7\u00e3o partid\u00e1ria. O ex-prefeito Silvio Mendes se filia ao Uni\u00e3o Brasil no pr\u00f3ximo dia 21 &hellip;<\/p>\n","protected":false},"author":3,"featured_media":40892,"comment_status":"open","ping_status":"open","sticky":false,"template":"","format":"standard","meta":{"content-type":"","rop_custom_images_group":[],"rop_custom_messages_group":[],"rop_publish_now":"initial","rop_publish_now_accounts":{"facebook_2648258775420054_1618374048415101":""},"rop_publish_now_history":[],"rop_publish_now_status":"pending","footnotes":"","_jetpack_memberships_contains_paid_content":false},"categories":[188,130],"tags":[15155,187,1585],"yoast_head":"<!-- This site is optimized with the Yoast SEO plugin v22.3 - https:\/\/yoast.com\/wordpress\/plugins\/seo\/ -->\n<title>Fernando Said \u00e9 nome cotado para assumir a dire\u00e7\u00e3o do PSDB no Piau\u00ed - Portal NPM<\/title>\n<meta name=\"robots\" content=\"index, follow, max-snippet:-1, max-image-preview:large, max-video-preview:-1\" \/>\n<link rel=\"canonical\" href=\"https:\/\/portalnpm.com\/index.php\/2022\/03\/17\/fernando-said-e-nome-cotado-para-assumir-a-direcao-do-psdb-no-piaui\/\" \/>\n<meta property=\"og:locale\" content=\"pt_BR\" \/>\n<meta property=\"og:type\" content=\"article\" \/>\n<meta property=\"og:title\" content=\"Fernando Said \u00e9 nome cotado para assumir a dire\u00e7\u00e3o do PSDB no Piau\u00ed - Portal NPM\" \/>\n<meta property=\"og:description\" content=\"Segundo informa\u00e7\u00f5es de bastidores, o ex-secret\u00e1rio de Comunica\u00e7\u00e3o, Fernando Said, pode assumir a presid\u00eancia do PSDB no Piau\u00ed. O convite j\u00e1 foi feito e interessa tamb\u00e9m as lideran\u00e7as do Cidadania no Estado. Nacionalmente, PSDB e Cidadania far\u00e3o parte de uma federa\u00e7\u00e3o partid\u00e1ria. O ex-prefeito Silvio Mendes se filia ao Uni\u00e3o Brasil no pr\u00f3ximo dia 21 &hellip;\" \/>\n<meta property=\"og:url\" content=\"https:\/\/portalnpm.com\/index.php\/2022\/03\/17\/fernando-said-e-nome-cotado-para-assumir-a-direcao-do-psdb-no-piaui\/\" \/>\n<meta property=\"og:site_name\" content=\"Portal NPM\" \/>\n<meta property=\"article:published_time\" content=\"2022-03-17T15:29:15+00:00\" \/>\n<meta name=\"author\" content=\"Luis Alberto\" \/>\n<meta name=\"twitter:card\" content=\"summary_large_image\" \/>\n<meta name=\"twitter:label1\" content=\"Escrito por\" \/>\n\t<meta name=\"twitter:data1\" content=\"Luis Alberto\" \/>\n\t<meta name=\"twitter:label2\" content=\"Est. tempo de leitura\" \/>\n\t<meta name=\"twitter:data2\" content=\"1 minuto\" \/>\n<script type=\"application\/ld+json\" class=\"yoast-schema-graph\">{\"@context\":\"https:\/\/schema.org\",\"@graph\":[{\"@type\":\"WebPage\",\"@id\":\"https:\/\/portalnpm.com\/index.php\/2022\/03\/17\/fernando-said-e-nome-cotado-para-assumir-a-direcao-do-psdb-no-piaui\/\",\"url\":\"https:\/\/portalnpm.com\/index.php\/2022\/03\/17\/fernando-said-e-nome-cotado-para-assumir-a-direcao-do-psdb-no-piaui\/\",\"name\":\"Fernando Said \u00e9 nome cotado para assumir a dire\u00e7\u00e3o do PSDB no Piau\u00ed - Portal NPM\",\"isPartOf\":{\"@id\":\"https:\/\/portalnpm.com\/#website\"},\"primaryImageOfPage\":{\"@id\":\"https:\/\/portalnpm.com\/index.php\/2022\/03\/17\/fernando-said-e-nome-cotado-para-assumir-a-direcao-do-psdb-no-piaui\/#primaryimage\"},\"image\":{\"@id\":\"https:\/\/portalnpm.com\/index.php\/2022\/03\/17\/fernando-said-e-nome-cotado-para-assumir-a-direcao-do-psdb-no-piaui\/#primaryimage\"},\"thumbnailUrl\":\"\",\"datePublished\":\"2022-03-17T15:29:15+00:00\",\"dateModified\":\"2022-03-17T15:29:15+00:00\",\"author\":{\"@id\":\"https:\/\/portalnpm.com\/#\/schema\/person\/5c8006acdf71774cd4e7a5ab98482152\"},\"breadcrumb\":{\"@id\":\"https:\/\/portalnpm.com\/index.php\/2022\/03\/17\/fernando-said-e-nome-cotado-para-assumir-a-direcao-do-psdb-no-piaui\/#breadcrumb\"},\"inLanguage\":\"pt-BR\",\"potentialAction\":[{\"@type\":\"ReadAction\",\"target\":[\"https:\/\/portalnpm.com\/index.php\/2022\/03\/17\/fernando-said-e-nome-cotado-para-assumir-a-direcao-do-psdb-no-piaui\/\"]}]},{\"@type\":\"ImageObject\",\"inLanguage\":\"pt-BR\",\"@id\":\"https:\/\/portalnpm.com\/index.php\/2022\/03\/17\/fernando-said-e-nome-cotado-para-assumir-a-direcao-do-psdb-no-piaui\/#primaryimage\",\"url\":\"\",\"contentUrl\":\"\"},{\"@type\":\"BreadcrumbList\",\"@id\":\"https:\/\/portalnpm.com\/index.php\/2022\/03\/17\/fernando-said-e-nome-cotado-para-assumir-a-direcao-do-psdb-no-piaui\/#breadcrumb\",\"itemListElement\":[{\"@type\":\"ListItem\",\"position\":1,\"name\":\"In\u00edcio\",\"item\":\"https:\/\/portalnpm.com\/\"},{\"@type\":\"ListItem\",\"position\":2,\"name\":\"Fernando Said \u00e9 nome cotado para assumir a dire\u00e7\u00e3o do PSDB no Piau\u00ed\"}]},{\"@type\":\"WebSite\",\"@id\":\"https:\/\/portalnpm.com\/#website\",\"url\":\"https:\/\/portalnpm.com\/\",\"name\":\"Portal NPM\",\"description\":\"Not\u00edcias em Primeira M\u00e3o\",\"potentialAction\":[{\"@type\":\"SearchAction\",\"target\":{\"@type\":\"EntryPoint\",\"urlTemplate\":\"https:\/\/portalnpm.com\/?s={search_term_string}\"},\"query-input\":\"required name=search_term_string\"}],\"inLanguage\":\"pt-BR\"},{\"@type\":\"Person\",\"@id\":\"https:\/\/portalnpm.com\/#\/schema\/person\/5c8006acdf71774cd4e7a5ab98482152\",\"name\":\"Luis Alberto\",\"image\":{\"@type\":\"ImageObject\",\"inLanguage\":\"pt-BR\",\"@id\":\"https:\/\/portalnpm.com\/#\/schema\/person\/image\/\",\"url\":\"https:\/\/portalnpm.com\/wp-content\/uploads\/2024\/12\/avatar_user_3_1734699769-96x96.jpeg\",\"contentUrl\":\"https:\/\/portalnpm.com\/wp-content\/uploads\/2024\/12\/avatar_user_3_1734699769-96x96.jpeg\",\"caption\":\"Luis Alberto\"},\"description\":\"Editor-geral do Portal NPM, \u00e9 formado como T\u00e9cnico em Seguran\u00e7a do Trabalho pela Escola Metropolitana de Cursos T\u00e9cnicos. Det\u00e9m ainda licenciatura em Educa\u00e7\u00e3o F\u00edsica e bacharelado em Ci\u00eancias Pol\u00edticas, ambos obtidos pela institui\u00e7\u00e3o Anhanguera\/UNOPAR.\",\"url\":\"https:\/\/portalnpm.com\/index.php\/author\/pereira\/\"}]}<\/script>\n<!-- \/ Yoast SEO plugin. -->","yoast_head_json":{"title":"Fernando Said \u00e9 nome cotado para assumir a dire\u00e7\u00e3o do PSDB no Piau\u00ed - Portal NPM","robots":{"index":"index","follow":"follow","max-snippet":"max-snippet:-1","max-image-preview":"max-image-preview:large","max-video-preview":"max-video-preview:-1"},"canonical":"https:\/\/portalnpm.com\/index.php\/2022\/03\/17\/fernando-said-e-nome-cotado-para-assumir-a-direcao-do-psdb-no-piaui\/","og_locale":"pt_BR","og_type":"article","og_title":"Fernando Said \u00e9 nome cotado para assumir a dire\u00e7\u00e3o do PSDB no Piau\u00ed - Portal NPM","og_description":"Segundo informa\u00e7\u00f5es de bastidores, o ex-secret\u00e1rio de Comunica\u00e7\u00e3o, Fernando Said, pode assumir a presid\u00eancia do PSDB no Piau\u00ed. O convite j\u00e1 foi feito e interessa tamb\u00e9m as lideran\u00e7as do Cidadania no Estado. Nacionalmente, PSDB e Cidadania far\u00e3o parte de uma federa\u00e7\u00e3o partid\u00e1ria. O ex-prefeito Silvio Mendes se filia ao Uni\u00e3o Brasil no pr\u00f3ximo dia 21 &hellip;","og_url":"https:\/\/portalnpm.com\/index.php\/2022\/03\/17\/fernando-said-e-nome-cotado-para-assumir-a-direcao-do-psdb-no-piaui\/","og_site_name":"Portal NPM","article_published_time":"2022-03-17T15:29:15+00:00","author":"Luis Alberto","twitter_card":"summary_large_image","twitter_misc":{"Escrito por":"Luis Alberto","Est. tempo de leitura":"1 minuto"},"schema":{"@context":"https:\/\/schema.org","@graph":[{"@type":"WebPage","@id":"https:\/\/portalnpm.com\/index.php\/2022\/03\/17\/fernando-said-e-nome-cotado-para-assumir-a-direcao-do-psdb-no-piaui\/","url":"https:\/\/portalnpm.com\/index.php\/2022\/03\/17\/fernando-said-e-nome-cotado-para-assumir-a-direcao-do-psdb-no-piaui\/","name":"Fernando Said \u00e9 nome cotado para assumir a dire\u00e7\u00e3o do PSDB no Piau\u00ed - Portal NPM","isPartOf":{"@id":"https:\/\/portalnpm.com\/#website"},"primaryImageOfPage":{"@id":"https:\/\/portalnpm.com\/index.php\/2022\/03\/17\/fernando-said-e-nome-cotado-para-assumir-a-direcao-do-psdb-no-piaui\/#primaryimage"},"image":{"@id":"https:\/\/portalnpm.com\/index.php\/2022\/03\/17\/fernando-said-e-nome-cotado-para-assumir-a-direcao-do-psdb-no-piaui\/#primaryimage"},"thumbnailUrl":"","datePublished":"2022-03-17T15:29:15+00:00","dateModified":"2022-03-17T15:29:15+00:00","author":{"@id":"https:\/\/portalnpm.com\/#\/schema\/person\/5c8006acdf71774cd4e7a5ab98482152"},"breadcrumb":{"@id":"https:\/\/portalnpm.com\/index.php\/2022\/03\/17\/fernando-said-e-nome-cotado-para-assumir-a-direcao-do-psdb-no-piaui\/#breadcrumb"},"inLanguage":"pt-BR","potentialAction":[{"@type":"ReadAction","target":["https:\/\/portalnpm.com\/index.php\/2022\/03\/17\/fernando-said-e-nome-cotado-para-assumir-a-direcao-do-psdb-no-piaui\/"]}]},{"@type":"ImageObject","inLanguage":"pt-BR","@id":"https:\/\/portalnpm.com\/index.php\/2022\/03\/17\/fernando-said-e-nome-cotado-para-assumir-a-direcao-do-psdb-no-piaui\/#primaryimage","url":"","contentUrl":""},{"@type":"BreadcrumbList","@id":"https:\/\/portalnpm.com\/index.php\/2022\/03\/17\/fernando-said-e-nome-cotado-para-assumir-a-direcao-do-psdb-no-piaui\/#breadcrumb","itemListElement":[{"@type":"ListItem","position":1,"name":"In\u00edcio","item":"https:\/\/portalnpm.com\/"},{"@type":"ListItem","position":2,"name":"Fernando Said \u00e9 nome cotado para assumir a dire\u00e7\u00e3o do PSDB no Piau\u00ed"}]},{"@type":"WebSite","@id":"https:\/\/portalnpm.com\/#website","url":"https:\/\/portalnpm.com\/","name":"Portal NPM","description":"Not\u00edcias em Primeira M\u00e3o","potentialAction":[{"@type":"SearchAction","target":{"@type":"EntryPoint","urlTemplate":"https:\/\/portalnpm.com\/?s={search_term_string}"},"query-input":"required name=search_term_string"}],"inLanguage":"pt-BR"},{"@type":"Person","@id":"https:\/\/portalnpm.com\/#\/schema\/person\/5c8006acdf71774cd4e7a5ab98482152","name":"Luis Alberto","image":{"@type":"ImageObject","inLanguage":"pt-BR","@id":"https:\/\/portalnpm.com\/#\/schema\/person\/image\/","url":"https:\/\/portalnpm.com\/wp-content\/uploads\/2024\/12\/avatar_user_3_1734699769-96x96.jpeg","contentUrl":"https:\/\/portalnpm.com\/wp-content\/uploads\/2024\/12\/avatar_user_3_1734699769-96x96.jpeg","caption":"Luis Alberto"},"description":"Editor-geral do Portal NPM, \u00e9 formado como T\u00e9cnico em Seguran\u00e7a do Trabalho pela Escola Metropolitana de Cursos T\u00e9cnicos. Det\u00e9m ainda licenciatura em Educa\u00e7\u00e3o F\u00edsica e bacharelado em Ci\u00eancias Pol\u00edticas, ambos obtidos pela institui\u00e7\u00e3o Anhanguera\/UNOPAR.","url":"https:\/\/portalnpm.com\/index.php\/author\/pereira\/"}]}},"jetpack_sharing_enabled":true,"jetpack_featured_media_url":"","_links":{"self":[{"href":"https:\/\/portalnpm.com\/index.php\/wp-json\/wp\/v2\/posts\/40891"}],"collection":[{"href":"https:\/\/portalnpm.com\/index.php\/wp-json\/wp\/v2\/posts"}],"about":[{"href":"https:\/\/portalnpm.com\/index.php\/wp-json\/wp\/v2\/types\/post"}],"author":[{"embeddable":true,"href":"https:\/\/portalnpm.com\/index.php\/wp-json\/wp\/v2\/users\/3"}],"replies":[{"embeddable":true,"href":"https:\/\/portalnpm.com\/index.php\/wp-json\/wp\/v2\/comments?post=40891"}],"version-history":[{"count":0,"href":"https:\/\/portalnpm.com\/index.php\/wp-json\/wp\/v2\/posts\/40891\/revisions"}],"wp:featuredmedia":[{"embeddable":true,"href":"https:\/\/portalnpm.com\/index.php\/wp-json\/"}],"wp:attachment":[{"href":"https:\/\/portalnpm.com\/index.php\/wp-json\/wp\/v2\/media?parent=40891"}],"wp:term":[{"taxonomy":"category","embeddable":true,"href":"https:\/\/portalnpm.com\/index.php\/wp-json\/wp\/v2\/categories?post=40891"},{"taxonomy":"post_tag","embeddable":true,"href":"https:\/\/portalnpm.com\/index.php\/wp-json\/wp\/v2\/tags?post=40891"}],"curies":[{"name":"wp","href":"https:\/\/api.w.org\/{rel}","templated":true}]}}