{"id":40932,"date":"2022-03-23T18:31:01","date_gmt":"2022-03-23T21:31:01","guid":{"rendered":"https:\/\/backupnpm.codetainer.com.br\/?p=40932"},"modified":"2022-03-23T18:31:01","modified_gmt":"2022-03-23T21:31:01","slug":"ex-governador-geraldo-alckmin-se-filia-ao-psb-e-avanca-para-ser-vice-na-chapa-de-lula-senador-de-sc-e-vice-governador-do-ma-assinam-tambem-ficha-de-filiacao","status":"publish","type":"post","link":"https:\/\/portalnpm.com\/index.php\/2022\/03\/23\/ex-governador-geraldo-alckmin-se-filia-ao-psb-e-avanca-para-ser-vice-na-chapa-de-lula-senador-de-sc-e-vice-governador-do-ma-assinam-tambem-ficha-de-filiacao\/","title":{"rendered":"Ex-governador Geraldo Alckmin se filia ao PSB e avan\u00e7a para ser vice na chapa de Lula; senador de SC e vice-governador do MA assinam tamb\u00e9m ficha de filia\u00e7\u00e3o"},"content":{"rendered":"<blockquote><p>Partido tamb\u00e9m oficializa a entrada do senador D\u00e1rio Berger (SC) e do vice-governador do Maranh\u00e3o, Carlos Brand\u00e3o<\/p><\/blockquote>\n<p style=\"text-align: justify;\">O ex-governador de S\u00e3o Paulo,\u00a0<strong>Geraldo Alckmin<\/strong>\u00a0entra oficialmente no\u00a0<strong>PSB<\/strong>\u00a0nesta quarta-feira (23), em mais um passo para se tornar candidato a vice-presidente na prov\u00e1vel chapa com o\u00a0ex-presidente Luiz In\u00e1cio Lula da Silva (PT) nas\u00a0<a href=\"https:\/\/www.cnnbrasil.com.br\/tudo-sobre\/eleicoes-presidenciais\/\" target=\"_top\" rel=\"noopener\"><strong>elei\u00e7\u00f5es<\/strong><\/a>\u00a0deste ano.<\/p>\n<p style=\"text-align: justify;\">O ato de filia\u00e7\u00e3o est\u00e1 marcado para as 10h30 na sede da Funda\u00e7\u00e3o Jo\u00e3o Mangabeira, vinculada ao PSB, em Bras\u00edlia.<\/p>\n<div class=\"amp-hidden\" style=\"text-align: justify;\"><\/div>\n<p style=\"text-align: justify;\"><iframe class=\"i-amphtml-fill-content\" title=\"Advertisement\" src=\"https:\/\/d-27697115431841212690.ampproject.net\/2203101844000\/frame.html\" name=\"{&quot;host&quot;:&quot;d-27697115431841212690.ampproject.net&quot;,&quot;bootstrap&quot;:&quot;https:\/\/3p.ampproject.net\/2203101844000\/vendor\/teads.mjs&quot;,&quot;type&quot;:&quot;teads&quot;,&quot;count&quot;:1,&quot;attributes&quot;:{&quot;pid&quot;:&quot;119844&quot;,&quot;ampSlotIndex&quot;:&quot;0&quot;,&quot;width&quot;:300,&quot;height&quot;:1,&quot;_context&quot;:{&quot;ampcontextVersion&quot;:&quot;2203101844000&quot;,&quot;ampcontextFilepath&quot;:&quot;https:\/\/3p.ampproject.net\/2203101844000\/ampcontext-v0.js&quot;,&quot;sourceUrl&quot;:&quot;https:\/\/www.cnnbrasil.com.br\/politica\/alckmin-se-filia-ao-psb-e-avanca-para-ser-vice-na-chapa-de-lula\/?amp#aoh=16480703995625&amp;amp_ct=1648070437961&amp;referrer=https%3A%2F%2Fwww.google.com&amp;amp_tf=Fonte%3A%20%251%24s&amp;ampshare=https%3A%2F%2Fwww.cnnbrasil.com.br%2Fpolitica%2Falckmin-se-filia-ao-psb-e-avanca-para-ser-vice-na-chapa-de-lula%2F&quot;,&quot;referrer&quot;:&quot;android-app:\/\/com.google.android.googlequicksearchbox\/&quot;,&quot;canonicalUrl&quot;:&quot;https:\/\/www.cnnbrasil.com.br\/politica\/alckmin-se-filia-ao-psb-e-avanca-para-ser-vice-na-chapa-de-lula\/&quot;,&quot;pageViewId&quot;:&quot;6659&quot;,&quot;location&quot;:{&quot;href&quot;:&quot;https:\/\/www-cnnbrasil-com-br.cdn.ampproject.org\/v\/s\/www.cnnbrasil.com.br\/politica\/alckmin-se-filia-ao-psb-e-avanca-para-ser-vice-na-chapa-de-lula\/?amp_js_v=a6&amp;amp_gsa=1&amp;amp&amp;usqp=mq331AQKKAFQArABIIACAw%3D%3D#aoh=16480703995625&amp;amp_ct=1648070437961&amp;referrer=https%3A%2F%2Fwww.google.com&amp;amp_tf=Fonte%3A%20%251%24s&amp;ampshare=https%3A%2F%2Fwww.cnnbrasil.com.br%2Fpolitica%2Falckmin-se-filia-ao-psb-e-avanca-para-ser-vice-na-chapa-de-lula%2F&quot;},&quot;startTime&quot;:1648070761972,&quot;tagName&quot;:&quot;AMP-AD&quot;,&quot;mode&quot;:{&quot;localDev&quot;:false,&quot;development&quot;:false,&quot;esm&quot;:true,&quot;test&quot;:false,&quot;rtvVersion&quot;:&quot;012203101844000&quot;},&quot;canary&quot;:false,&quot;hidden&quot;:false,&quot;initialLayoutRect&quot;:{&quot;left&quot;:16,&quot;top&quot;:1192,&quot;width&quot;:379,&quot;height&quot;:2},&quot;domFingerprint&quot;:&quot;2992099759&quot;,&quot;experimentToggles&quot;:{&quot;canary&quot;:false,&quot;a4aProfilingRate&quot;:false,&quot;doubleclickSraExp&quot;:false,&quot;doubleclickSraReportExcludedBlock&quot;:false,&quot;flexAdSlots&quot;:false,&quot;flexible-bitrate&quot;:false,&quot;ios-fixed-no-transfer&quot;:false,&quot;story-ad-placements&quot;:false,&quot;story-disable-animations-first-page&quot;:true,&quot;story-load-inactive-outside-viewport&quot;:true,&quot;amp-sticky-ad-to-amp-ad-v4&quot;:false,&quot;esm&quot;:true,&quot;amp-story-first-page-max-bitrate&quot;:false,&quot;story-load-first-page-only&quot;:true,&quot;story-ad-page-outlink&quot;:true,&quot;amp-geo-ssr&quot;:true},&quot;sentinel&quot;:&quot;0-6413858631703001873&quot;,&quot;clientId&quot;:null,&quot;container&quot;:null,&quot;initialConsentState&quot;:null,&quot;consentSharedData&quot;:null,&quot;initialConsentValue&quot;:null,&quot;initialConsentMetadata&quot;:null,&quot;pageViewId64&quot;:&quot;px93l7FWgOJlE1YPCtEfCw&quot;,&quot;initialIntersection&quot;:{&quot;time&quot;:1799.0999999940395,&quot;rootBounds&quot;:{&quot;left&quot;:0,&quot;top&quot;:0,&quot;width&quot;:411,&quot;height&quot;:757,&quot;bottom&quot;:757,&quot;right&quot;:411,&quot;x&quot;:0,&quot;y&quot;:0},&quot;boundingClientRect&quot;:{&quot;left&quot;:16,&quot;top&quot;:557.9240112304688,&quot;width&quot;:379,&quot;height&quot;:1,&quot;bottom&quot;:558.9240112304688,&quot;right&quot;:395,&quot;x&quot;:16,&quot;y&quot;:557.9240112304688},&quot;intersectionRect&quot;:{&quot;left&quot;:16,&quot;top&quot;:557.9240112304688,&quot;width&quot;:379,&quot;height&quot;:1,&quot;bottom&quot;:558.9240112304688,&quot;right&quot;:395,&quot;x&quot;:16,&quot;y&quot;:557.9240112304688},&quot;intersectionRatio&quot;:1}},&quot;type&quot;:&quot;teads&quot;}}\" width=\"300\" height=\"1\" scrolling=\"no\" sandbox=\"allow-top-navigation-by-user-activation allow-popups-to-escape-sandbox allow-forms allow-modals allow-pointer-lock allow-popups allow-same-origin allow-scripts\" data-amp-3p-sentinel=\"0-6413858631703001873\" data-mce-fragment=\"1\"><\/iframe><\/p>\n<p style=\"text-align: justify;\">Alckmin deixou o PSDB em 15 de dezembro passado depois de ficar 33 anos no partido. Na \u00faltima sexta-feira (18),\u00a0<a href=\"https:\/\/www.cnnbrasil.com.br\/politica\/geraldo-alckmin-anuncia-filiacao-ao-psb\/\" target=\"_top\" rel=\"noopener\">ele confirmou no Twitter a decis\u00e3o de ingressar no PSB<\/a>.<\/p>\n<p style=\"text-align: justify;\">\u201cO tempo da mudan\u00e7a chegou! Depois de conversar muito e ouvir muito eu decidi caminhar com o Partido Socialista Brasileiro \u2013 PSB. O momento exige grandeza pol\u00edtica, esp\u00edrito p\u00fablico e uni\u00e3o\u201d, afirmou o ex-governador paulista.<\/p>\n<p style=\"text-align: justify;\">\u201cA pol\u00edtica precisa enxergar as pessoas. N\u00e3o vamos deixar ningu\u00e9m para tr\u00e1s. Nosso trabalho para ajudar a construir um pa\u00eds mais justo e pronto para o enfrentamento dos desafios que est\u00e3o postos est\u00e1 s\u00f3 come\u00e7ando\u201d, acrescentou.<\/p>\n<aside class=\"read__too\">\n<div class=\"read__title\">\n<p style=\"text-align: justify;\">Na ocasi\u00e3o, ele ainda citou uma frase de Eduardo Campos, ex-governador de Pernambuco, na elei\u00e7\u00e3o presidencial de 2014: \u201cN\u00e3o vamos desistir do Brasil\u201d. Campos era candidato pelo PSB e morreu na queda de um avi\u00e3o em Santos, no litoral paulista.<\/p>\n<p style=\"text-align: justify;\">Tamb\u00e9m na sexta passada, o presidente do partido, Carlos Siqueira, afirmou em entrevista \u00e0\u00a0<strong>CNN<\/strong>\u00a0que\u00a0<a href=\"https:\/\/www.cnnbrasil.com.br\/politica\/alckmin-pode-exercer-figura-de-conciliador-como-vice-de-lula-diz-presidente-do-psb\/\" target=\"_top\" rel=\"noopener\">Alckmin pode exercer a figura de conciliador em um eventual governo Lula<\/a>.<\/p>\n<p style=\"text-align: justify;\">Segundo o analista pol\u00edtico da\u00a0<strong>CNN<\/strong>\u00a0Gustavo Uribe,\u00a0<a href=\"https:\/\/www.cnnbrasil.com.br\/politica\/lula-e-alckmin-avaliam-lancamento-de-chapa-presidencial-em-9-de-abril\/\" target=\"_top\" rel=\"noopener\">o PT e o PSB avaliam promover o lan\u00e7amento da dobradinha eleitoral\u00a0entre Lula e Alckmin no dia 9 de abril<\/a>.<\/p>\n<p style=\"text-align: justify;\">Entre os tucanos, Alckmin foi vice-governador e governador de S\u00e3o Paulo e duas vezes candidato a presidente.<\/p>\n<p style=\"text-align: justify;\">Nas elei\u00e7\u00f5es de 2006, foi ao segundo turno da disputa presidencial e perdeu justamente para Lula. Em 2018, ficou em quarto lugar e n\u00e3o passou do primeiro turno, com 4,76%.<\/p>\n<h2 style=\"text-align: justify;\">Filia\u00e7\u00f5es de senador e vice-governador<\/h2>\n<p style=\"text-align: justify;\">No ato desta quarta-feira, o PSB tamb\u00e9m vai filiar o\u00a0<strong>senador D\u00e1rio Berger<\/strong>\u00a0(SC), que deixa o MDB, e o vice-governador do Maranh\u00e3o,\u00a0<strong>Carlos Brand\u00e3o<\/strong>, que saiu do PSDB.<\/p>\n<p style=\"text-align: justify;\">Berger tenta articular a pr\u00e9-candidatura ao governo de\u00a0<strong>Santa Catarina<\/strong>. Caso n\u00e3o consiga, pode tentar a reelei\u00e7\u00e3o para o\u00a0<strong>Senado<\/strong>\u00a0\u2013 seu mandato termina no come\u00e7o de 2023.<\/p>\n<p style=\"text-align: justify;\">Brand\u00e3o deve ser pr\u00e9-candidato ao governo do\u00a0<strong>Maranh\u00e3o<\/strong>, com o apoio do atual governador, Fl\u00e1vio Dino, que tamb\u00e9m ingressou no PSB. Dino foi eleito pelo PCdoB e est\u00e1 no \u00faltimo ano do segundo mandato \u2013 n\u00e3o tem direito \u00e0 reelei\u00e7\u00e3o, portanto \u2013 e deve tentar uma vaga no Senado.<\/p>\n<p style=\"text-align: justify;\">Siqueira, Dino e os governadores Paulo C\u00e2mara (Pernambuco), Renato Casagrande (Esp\u00edrito Santo) e Jo\u00e3o Azevedo (Para\u00edba) devem participar do ato de filia\u00e7\u00e3o de Alckmin, Berger e Brand\u00e3o.<\/p>\n<p style=\"text-align: justify;\"><strong>Fonte: CNN<\/strong><\/p>\n<\/div>\n<\/aside>\n","protected":false},"excerpt":{"rendered":"<p>Partido tamb\u00e9m oficializa a entrada do senador D\u00e1rio Berger (SC) e do vice-governador do Maranh\u00e3o, Carlos Brand\u00e3o O ex-governador de S\u00e3o Paulo,\u00a0Geraldo Alckmin\u00a0entra oficialmente no\u00a0PSB\u00a0nesta quarta-feira (23), em mais um passo para se tornar candidato a vice-presidente na prov\u00e1vel chapa com o\u00a0ex-presidente Luiz In\u00e1cio Lula da Silva (PT) nas\u00a0elei\u00e7\u00f5es\u00a0deste ano. O ato de filia\u00e7\u00e3o est\u00e1 &hellip;<\/p>\n","protected":false},"author":3,"featured_media":40933,"comment_status":"open","ping_status":"open","sticky":false,"template":"","format":"standard","meta":{"content-type":"","rop_custom_images_group":[],"rop_custom_messages_group":[],"rop_publish_now":"initial","rop_publish_now_accounts":{"facebook_2648258775420054_1618374048415101":""},"rop_publish_now_history":[],"rop_publish_now_status":"pending","footnotes":"","_jetpack_memberships_contains_paid_content":false},"categories":[113,130],"tags":[1447,186,708],"yoast_head":"<!-- This site is optimized with the Yoast SEO plugin v22.3 - https:\/\/yoast.com\/wordpress\/plugins\/seo\/ -->\n<title>Ex-governador Geraldo Alckmin se filia ao PSB e avan\u00e7a para ser vice na chapa de Lula; senador de SC e vice-governador do MA assinam tamb\u00e9m ficha de filia\u00e7\u00e3o - Portal NPM<\/title>\n<meta name=\"robots\" content=\"index, follow, max-snippet:-1, max-image-preview:large, max-video-preview:-1\" \/>\n<link rel=\"canonical\" href=\"https:\/\/portalnpm.com\/index.php\/2022\/03\/23\/ex-governador-geraldo-alckmin-se-filia-ao-psb-e-avanca-para-ser-vice-na-chapa-de-lula-senador-de-sc-e-vice-governador-do-ma-assinam-tambem-ficha-de-filiacao\/\" \/>\n<meta property=\"og:locale\" content=\"pt_BR\" \/>\n<meta property=\"og:type\" content=\"article\" \/>\n<meta property=\"og:title\" content=\"Ex-governador Geraldo Alckmin se filia ao PSB e avan\u00e7a para ser vice na chapa de Lula; senador de SC e vice-governador do MA assinam tamb\u00e9m ficha de filia\u00e7\u00e3o - Portal NPM\" \/>\n<meta property=\"og:description\" content=\"Partido tamb\u00e9m oficializa a entrada do senador D\u00e1rio Berger (SC) e do vice-governador do Maranh\u00e3o, Carlos Brand\u00e3o O ex-governador de S\u00e3o Paulo,\u00a0Geraldo Alckmin\u00a0entra oficialmente no\u00a0PSB\u00a0nesta quarta-feira (23), em mais um passo para se tornar candidato a vice-presidente na prov\u00e1vel chapa com o\u00a0ex-presidente Luiz In\u00e1cio Lula da Silva (PT) nas\u00a0elei\u00e7\u00f5es\u00a0deste ano. O ato de filia\u00e7\u00e3o est\u00e1 &hellip;\" \/>\n<meta property=\"og:url\" content=\"https:\/\/portalnpm.com\/index.php\/2022\/03\/23\/ex-governador-geraldo-alckmin-se-filia-ao-psb-e-avanca-para-ser-vice-na-chapa-de-lula-senador-de-sc-e-vice-governador-do-ma-assinam-tambem-ficha-de-filiacao\/\" \/>\n<meta property=\"og:site_name\" content=\"Portal NPM\" \/>\n<meta property=\"article:published_time\" content=\"2022-03-23T21:31:01+00:00\" \/>\n<meta name=\"author\" content=\"Luis Alberto\" \/>\n<meta name=\"twitter:card\" content=\"summary_large_image\" \/>\n<meta name=\"twitter:label1\" content=\"Escrito por\" \/>\n\t<meta name=\"twitter:data1\" content=\"Luis Alberto\" \/>\n\t<meta name=\"twitter:label2\" content=\"Est. tempo de leitura\" \/>\n\t<meta name=\"twitter:data2\" content=\"3 minutos\" \/>\n<script type=\"application\/ld+json\" class=\"yoast-schema-graph\">{\"@context\":\"https:\/\/schema.org\",\"@graph\":[{\"@type\":\"WebPage\",\"@id\":\"https:\/\/portalnpm.com\/index.php\/2022\/03\/23\/ex-governador-geraldo-alckmin-se-filia-ao-psb-e-avanca-para-ser-vice-na-chapa-de-lula-senador-de-sc-e-vice-governador-do-ma-assinam-tambem-ficha-de-filiacao\/\",\"url\":\"https:\/\/portalnpm.com\/index.php\/2022\/03\/23\/ex-governador-geraldo-alckmin-se-filia-ao-psb-e-avanca-para-ser-vice-na-chapa-de-lula-senador-de-sc-e-vice-governador-do-ma-assinam-tambem-ficha-de-filiacao\/\",\"name\":\"Ex-governador Geraldo Alckmin se filia ao PSB e avan\u00e7a para ser vice na chapa de Lula; senador de SC e vice-governador do MA assinam tamb\u00e9m ficha de filia\u00e7\u00e3o - Portal NPM\",\"isPartOf\":{\"@id\":\"https:\/\/portalnpm.com\/#website\"},\"primaryImageOfPage\":{\"@id\":\"https:\/\/portalnpm.com\/index.php\/2022\/03\/23\/ex-governador-geraldo-alckmin-se-filia-ao-psb-e-avanca-para-ser-vice-na-chapa-de-lula-senador-de-sc-e-vice-governador-do-ma-assinam-tambem-ficha-de-filiacao\/#primaryimage\"},\"image\":{\"@id\":\"https:\/\/portalnpm.com\/index.php\/2022\/03\/23\/ex-governador-geraldo-alckmin-se-filia-ao-psb-e-avanca-para-ser-vice-na-chapa-de-lula-senador-de-sc-e-vice-governador-do-ma-assinam-tambem-ficha-de-filiacao\/#primaryimage\"},\"thumbnailUrl\":\"\",\"datePublished\":\"2022-03-23T21:31:01+00:00\",\"dateModified\":\"2022-03-23T21:31:01+00:00\",\"author\":{\"@id\":\"https:\/\/portalnpm.com\/#\/schema\/person\/5c8006acdf71774cd4e7a5ab98482152\"},\"breadcrumb\":{\"@id\":\"https:\/\/portalnpm.com\/index.php\/2022\/03\/23\/ex-governador-geraldo-alckmin-se-filia-ao-psb-e-avanca-para-ser-vice-na-chapa-de-lula-senador-de-sc-e-vice-governador-do-ma-assinam-tambem-ficha-de-filiacao\/#breadcrumb\"},\"inLanguage\":\"pt-BR\",\"potentialAction\":[{\"@type\":\"ReadAction\",\"target\":[\"https:\/\/portalnpm.com\/index.php\/2022\/03\/23\/ex-governador-geraldo-alckmin-se-filia-ao-psb-e-avanca-para-ser-vice-na-chapa-de-lula-senador-de-sc-e-vice-governador-do-ma-assinam-tambem-ficha-de-filiacao\/\"]}]},{\"@type\":\"ImageObject\",\"inLanguage\":\"pt-BR\",\"@id\":\"https:\/\/portalnpm.com\/index.php\/2022\/03\/23\/ex-governador-geraldo-alckmin-se-filia-ao-psb-e-avanca-para-ser-vice-na-chapa-de-lula-senador-de-sc-e-vice-governador-do-ma-assinam-tambem-ficha-de-filiacao\/#primaryimage\",\"url\":\"\",\"contentUrl\":\"\"},{\"@type\":\"BreadcrumbList\",\"@id\":\"https:\/\/portalnpm.com\/index.php\/2022\/03\/23\/ex-governador-geraldo-alckmin-se-filia-ao-psb-e-avanca-para-ser-vice-na-chapa-de-lula-senador-de-sc-e-vice-governador-do-ma-assinam-tambem-ficha-de-filiacao\/#breadcrumb\",\"itemListElement\":[{\"@type\":\"ListItem\",\"position\":1,\"name\":\"In\u00edcio\",\"item\":\"https:\/\/portalnpm.com\/\"},{\"@type\":\"ListItem\",\"position\":2,\"name\":\"Ex-governador Geraldo Alckmin se filia ao PSB e avan\u00e7a para ser vice na chapa de Lula; senador de SC e vice-governador do MA assinam tamb\u00e9m ficha de filia\u00e7\u00e3o\"}]},{\"@type\":\"WebSite\",\"@id\":\"https:\/\/portalnpm.com\/#website\",\"url\":\"https:\/\/portalnpm.com\/\",\"name\":\"Portal NPM\",\"description\":\"Not\u00edcias em Primeira M\u00e3o\",\"potentialAction\":[{\"@type\":\"SearchAction\",\"target\":{\"@type\":\"EntryPoint\",\"urlTemplate\":\"https:\/\/portalnpm.com\/?s={search_term_string}\"},\"query-input\":\"required name=search_term_string\"}],\"inLanguage\":\"pt-BR\"},{\"@type\":\"Person\",\"@id\":\"https:\/\/portalnpm.com\/#\/schema\/person\/5c8006acdf71774cd4e7a5ab98482152\",\"name\":\"Luis Alberto\",\"image\":{\"@type\":\"ImageObject\",\"inLanguage\":\"pt-BR\",\"@id\":\"https:\/\/portalnpm.com\/#\/schema\/person\/image\/\",\"url\":\"https:\/\/portalnpm.com\/wp-content\/uploads\/2024\/12\/avatar_user_3_1734699769-96x96.jpeg\",\"contentUrl\":\"https:\/\/portalnpm.com\/wp-content\/uploads\/2024\/12\/avatar_user_3_1734699769-96x96.jpeg\",\"caption\":\"Luis Alberto\"},\"description\":\"Editor-geral do Portal NPM, \u00e9 formado como T\u00e9cnico em Seguran\u00e7a do Trabalho pela Escola Metropolitana de Cursos T\u00e9cnicos. Det\u00e9m ainda licenciatura em Educa\u00e7\u00e3o F\u00edsica e bacharelado em Ci\u00eancias Pol\u00edticas, ambos obtidos pela institui\u00e7\u00e3o Anhanguera\/UNOPAR.\",\"url\":\"https:\/\/portalnpm.com\/index.php\/author\/pereira\/\"}]}<\/script>\n<!-- \/ Yoast SEO plugin. -->","yoast_head_json":{"title":"Ex-governador Geraldo Alckmin se filia ao PSB e avan\u00e7a para ser vice na chapa de Lula; senador de SC e vice-governador do MA assinam tamb\u00e9m ficha de filia\u00e7\u00e3o - Portal NPM","robots":{"index":"index","follow":"follow","max-snippet":"max-snippet:-1","max-image-preview":"max-image-preview:large","max-video-preview":"max-video-preview:-1"},"canonical":"https:\/\/portalnpm.com\/index.php\/2022\/03\/23\/ex-governador-geraldo-alckmin-se-filia-ao-psb-e-avanca-para-ser-vice-na-chapa-de-lula-senador-de-sc-e-vice-governador-do-ma-assinam-tambem-ficha-de-filiacao\/","og_locale":"pt_BR","og_type":"article","og_title":"Ex-governador Geraldo Alckmin se filia ao PSB e avan\u00e7a para ser vice na chapa de Lula; senador de SC e vice-governador do MA assinam tamb\u00e9m ficha de filia\u00e7\u00e3o - Portal NPM","og_description":"Partido tamb\u00e9m oficializa a entrada do senador D\u00e1rio Berger (SC) e do vice-governador do Maranh\u00e3o, Carlos Brand\u00e3o O ex-governador de S\u00e3o Paulo,\u00a0Geraldo Alckmin\u00a0entra oficialmente no\u00a0PSB\u00a0nesta quarta-feira (23), em mais um passo para se tornar candidato a vice-presidente na prov\u00e1vel chapa com o\u00a0ex-presidente Luiz In\u00e1cio Lula da Silva (PT) nas\u00a0elei\u00e7\u00f5es\u00a0deste ano. O ato de filia\u00e7\u00e3o est\u00e1 &hellip;","og_url":"https:\/\/portalnpm.com\/index.php\/2022\/03\/23\/ex-governador-geraldo-alckmin-se-filia-ao-psb-e-avanca-para-ser-vice-na-chapa-de-lula-senador-de-sc-e-vice-governador-do-ma-assinam-tambem-ficha-de-filiacao\/","og_site_name":"Portal NPM","article_published_time":"2022-03-23T21:31:01+00:00","author":"Luis Alberto","twitter_card":"summary_large_image","twitter_misc":{"Escrito por":"Luis Alberto","Est. tempo de leitura":"3 minutos"},"schema":{"@context":"https:\/\/schema.org","@graph":[{"@type":"WebPage","@id":"https:\/\/portalnpm.com\/index.php\/2022\/03\/23\/ex-governador-geraldo-alckmin-se-filia-ao-psb-e-avanca-para-ser-vice-na-chapa-de-lula-senador-de-sc-e-vice-governador-do-ma-assinam-tambem-ficha-de-filiacao\/","url":"https:\/\/portalnpm.com\/index.php\/2022\/03\/23\/ex-governador-geraldo-alckmin-se-filia-ao-psb-e-avanca-para-ser-vice-na-chapa-de-lula-senador-de-sc-e-vice-governador-do-ma-assinam-tambem-ficha-de-filiacao\/","name":"Ex-governador Geraldo Alckmin se filia ao PSB e avan\u00e7a para ser vice na chapa de Lula; senador de SC e vice-governador do MA assinam tamb\u00e9m ficha de filia\u00e7\u00e3o - Portal NPM","isPartOf":{"@id":"https:\/\/portalnpm.com\/#website"},"primaryImageOfPage":{"@id":"https:\/\/portalnpm.com\/index.php\/2022\/03\/23\/ex-governador-geraldo-alckmin-se-filia-ao-psb-e-avanca-para-ser-vice-na-chapa-de-lula-senador-de-sc-e-vice-governador-do-ma-assinam-tambem-ficha-de-filiacao\/#primaryimage"},"image":{"@id":"https:\/\/portalnpm.com\/index.php\/2022\/03\/23\/ex-governador-geraldo-alckmin-se-filia-ao-psb-e-avanca-para-ser-vice-na-chapa-de-lula-senador-de-sc-e-vice-governador-do-ma-assinam-tambem-ficha-de-filiacao\/#primaryimage"},"thumbnailUrl":"","datePublished":"2022-03-23T21:31:01+00:00","dateModified":"2022-03-23T21:31:01+00:00","author":{"@id":"https:\/\/portalnpm.com\/#\/schema\/person\/5c8006acdf71774cd4e7a5ab98482152"},"breadcrumb":{"@id":"https:\/\/portalnpm.com\/index.php\/2022\/03\/23\/ex-governador-geraldo-alckmin-se-filia-ao-psb-e-avanca-para-ser-vice-na-chapa-de-lula-senador-de-sc-e-vice-governador-do-ma-assinam-tambem-ficha-de-filiacao\/#breadcrumb"},"inLanguage":"pt-BR","potentialAction":[{"@type":"ReadAction","target":["https:\/\/portalnpm.com\/index.php\/2022\/03\/23\/ex-governador-geraldo-alckmin-se-filia-ao-psb-e-avanca-para-ser-vice-na-chapa-de-lula-senador-de-sc-e-vice-governador-do-ma-assinam-tambem-ficha-de-filiacao\/"]}]},{"@type":"ImageObject","inLanguage":"pt-BR","@id":"https:\/\/portalnpm.com\/index.php\/2022\/03\/23\/ex-governador-geraldo-alckmin-se-filia-ao-psb-e-avanca-para-ser-vice-na-chapa-de-lula-senador-de-sc-e-vice-governador-do-ma-assinam-tambem-ficha-de-filiacao\/#primaryimage","url":"","contentUrl":""},{"@type":"BreadcrumbList","@id":"https:\/\/portalnpm.com\/index.php\/2022\/03\/23\/ex-governador-geraldo-alckmin-se-filia-ao-psb-e-avanca-para-ser-vice-na-chapa-de-lula-senador-de-sc-e-vice-governador-do-ma-assinam-tambem-ficha-de-filiacao\/#breadcrumb","itemListElement":[{"@type":"ListItem","position":1,"name":"In\u00edcio","item":"https:\/\/portalnpm.com\/"},{"@type":"ListItem","position":2,"name":"Ex-governador Geraldo Alckmin se filia ao PSB e avan\u00e7a para ser vice na chapa de Lula; senador de SC e vice-governador do MA assinam tamb\u00e9m ficha de filia\u00e7\u00e3o"}]},{"@type":"WebSite","@id":"https:\/\/portalnpm.com\/#website","url":"https:\/\/portalnpm.com\/","name":"Portal NPM","description":"Not\u00edcias em Primeira M\u00e3o","potentialAction":[{"@type":"SearchAction","target":{"@type":"EntryPoint","urlTemplate":"https:\/\/portalnpm.com\/?s={search_term_string}"},"query-input":"required name=search_term_string"}],"inLanguage":"pt-BR"},{"@type":"Person","@id":"https:\/\/portalnpm.com\/#\/schema\/person\/5c8006acdf71774cd4e7a5ab98482152","name":"Luis Alberto","image":{"@type":"ImageObject","inLanguage":"pt-BR","@id":"https:\/\/portalnpm.com\/#\/schema\/person\/image\/","url":"https:\/\/portalnpm.com\/wp-content\/uploads\/2024\/12\/avatar_user_3_1734699769-96x96.jpeg","contentUrl":"https:\/\/portalnpm.com\/wp-content\/uploads\/2024\/12\/avatar_user_3_1734699769-96x96.jpeg","caption":"Luis Alberto"},"description":"Editor-geral do Portal NPM, \u00e9 formado como T\u00e9cnico em Seguran\u00e7a do Trabalho pela Escola Metropolitana de Cursos T\u00e9cnicos. Det\u00e9m ainda licenciatura em Educa\u00e7\u00e3o F\u00edsica e bacharelado em Ci\u00eancias Pol\u00edticas, ambos obtidos pela institui\u00e7\u00e3o Anhanguera\/UNOPAR.","url":"https:\/\/portalnpm.com\/index.php\/author\/pereira\/"}]}},"jetpack_sharing_enabled":true,"jetpack_featured_media_url":"","_links":{"self":[{"href":"https:\/\/portalnpm.com\/index.php\/wp-json\/wp\/v2\/posts\/40932"}],"collection":[{"href":"https:\/\/portalnpm.com\/index.php\/wp-json\/wp\/v2\/posts"}],"about":[{"href":"https:\/\/portalnpm.com\/index.php\/wp-json\/wp\/v2\/types\/post"}],"author":[{"embeddable":true,"href":"https:\/\/portalnpm.com\/index.php\/wp-json\/wp\/v2\/users\/3"}],"replies":[{"embeddable":true,"href":"https:\/\/portalnpm.com\/index.php\/wp-json\/wp\/v2\/comments?post=40932"}],"version-history":[{"count":0,"href":"https:\/\/portalnpm.com\/index.php\/wp-json\/wp\/v2\/posts\/40932\/revisions"}],"wp:featuredmedia":[{"embeddable":true,"href":"https:\/\/portalnpm.com\/index.php\/wp-json\/"}],"wp:attachment":[{"href":"https:\/\/portalnpm.com\/index.php\/wp-json\/wp\/v2\/media?parent=40932"}],"wp:term":[{"taxonomy":"category","embeddable":true,"href":"https:\/\/portalnpm.com\/index.php\/wp-json\/wp\/v2\/categories?post=40932"},{"taxonomy":"post_tag","embeddable":true,"href":"https:\/\/portalnpm.com\/index.php\/wp-json\/wp\/v2\/tags?post=40932"}],"curies":[{"name":"wp","href":"https:\/\/api.w.org\/{rel}","templated":true}]}}