{"id":41002,"date":"2022-03-27T09:32:11","date_gmt":"2022-03-27T12:32:11","guid":{"rendered":"https:\/\/backupnpm.codetainer.com.br\/?p=41002"},"modified":"2022-03-27T09:32:11","modified_gmt":"2022-03-27T12:32:11","slug":"flexibilizacao-do-uso-de-mascaras-em-locais-fechados-inicia-na-segunda-em-teresina","status":"publish","type":"post","link":"https:\/\/portalnpm.com\/index.php\/2022\/03\/27\/flexibilizacao-do-uso-de-mascaras-em-locais-fechados-inicia-na-segunda-em-teresina\/","title":{"rendered":"Flexibiliza\u00e7\u00e3o do uso de m\u00e1scaras em locais fechados inicia na segunda em Teresina"},"content":{"rendered":"<p style=\"text-align: justify;\">Inicia nesta segunda-feira (28), a 4\u00aa etapa de flexibiliza\u00e7\u00e3o de medidas sanit\u00e1rias contra a covid-19 em Teresina. A partir desta data ser\u00e1 revogada a obrigatoriedade do uso de m\u00e1scaras em ambientes fechados. O teresinense poder\u00e1 andar sem o acess\u00f3rio de prote\u00e7\u00e3o em escolas e academias, por exemplo.<\/p>\n<p style=\"text-align: justify;\">\n<p style=\"text-align: justify;\">\n<p style=\"text-align: justify;\">Segundo o decreto n\u00b0 22.200, publicado no dia 7 de mar\u00e7o, ser\u00e3o mantidas as recomenda\u00e7\u00f5es de uso de m\u00e1scaras em pessoas sob maior risco de desenvolver formas graves da covid, como idosos, gestantes, pu\u00e9rperas, imunocomprometidos, transplantados e portadores de c\u00e2ncer,\u00a0acidente vascular cerebral, doen\u00e7a renal cr\u00f4nica, doen\u00e7as pulmonares cr\u00f4nicas, cardiopatia grave, hepatopatia cr\u00f4nica, diabetes mellitus n\u00e3o controlado e obesidade), bem como em indiv\u00edduos com indica\u00e7\u00e3o m\u00e9dica de manter o uso ou que, por decis\u00e3o individual, prefira manter o uso.<\/p>\n<p style=\"text-align: justify;\">De acordo com o decreto, ser\u00e1 mantida a obrigatoriedade do uso de m\u00e1scaras por indiv\u00edduos com\u00a0sintomas da doen\u00e7a, que tenha testado positivo ou contato recente com indiv\u00edduo com o a doen\u00e7a.<\/p>\n<p style=\"text-align: justify;\"><strong>M\u00e1scara liberada em locais abertos<\/strong><\/p>\n<p style=\"text-align: justify;\">Desde o dia 14 de mar\u00e7o, Teresina revogou a obrigatoriedade do uso de m\u00e1scaras durante as atividades ao ar livre, incluindo-se as recreativas e esportivas \u2013 exceto naquelas que geram aglomera\u00e7\u00f5es (shows, espet\u00e1culos, arquibancadas).<\/p>\n<p style=\"text-align: justify;\">O decreto diz ainda que &#8220;modifica\u00e7\u00f5es significativas no cen\u00e1rio epidemiol\u00f3gico&#8221; poder\u00e3o implicar na revoga\u00e7\u00e3o das medidas contidas em qualquer das etapas de flexibiliza\u00e7\u00e3o, sob instrumento normativo pr\u00f3prio.<\/p>\n<p style=\"text-align: justify;\"><em>H\u00e9rlon Moraes<br \/>\nherlonmoraes@cidadeverde.com<\/em><\/p>\n","protected":false},"excerpt":{"rendered":"<p>Inicia nesta segunda-feira (28), a 4\u00aa etapa de flexibiliza\u00e7\u00e3o de medidas sanit\u00e1rias contra a covid-19 em Teresina. A partir desta data ser\u00e1 revogada a obrigatoriedade do uso de m\u00e1scaras em ambientes fechados. O teresinense poder\u00e1 andar sem o acess\u00f3rio de prote\u00e7\u00e3o em escolas e academias, por exemplo. Segundo o decreto n\u00b0 22.200, publicado no dia &hellip;<\/p>\n","protected":false},"author":2,"featured_media":41003,"comment_status":"open","ping_status":"open","sticky":false,"template":"","format":"standard","meta":{"content-type":"","rop_custom_images_group":[],"rop_custom_messages_group":[],"rop_publish_now":"initial","rop_publish_now_accounts":{"facebook_2648258775420054_1618374048415101":""},"rop_publish_now_history":[],"rop_publish_now_status":"pending","footnotes":"","_jetpack_memberships_contains_paid_content":false},"categories":[118],"tags":[3847,766,1107],"yoast_head":"<!-- This site is optimized with the Yoast SEO plugin v22.3 - https:\/\/yoast.com\/wordpress\/plugins\/seo\/ -->\n<title>Flexibiliza\u00e7\u00e3o do uso de m\u00e1scaras em locais fechados inicia na segunda em Teresina - Portal NPM<\/title>\n<meta name=\"robots\" content=\"index, follow, max-snippet:-1, max-image-preview:large, max-video-preview:-1\" \/>\n<link rel=\"canonical\" href=\"https:\/\/portalnpm.com\/index.php\/2022\/03\/27\/flexibilizacao-do-uso-de-mascaras-em-locais-fechados-inicia-na-segunda-em-teresina\/\" \/>\n<meta property=\"og:locale\" content=\"pt_BR\" \/>\n<meta property=\"og:type\" content=\"article\" \/>\n<meta property=\"og:title\" content=\"Flexibiliza\u00e7\u00e3o do uso de m\u00e1scaras em locais fechados inicia na segunda em Teresina - Portal NPM\" \/>\n<meta property=\"og:description\" content=\"Inicia nesta segunda-feira (28), a 4\u00aa etapa de flexibiliza\u00e7\u00e3o de medidas sanit\u00e1rias contra a covid-19 em Teresina. A partir desta data ser\u00e1 revogada a obrigatoriedade do uso de m\u00e1scaras em ambientes fechados. O teresinense poder\u00e1 andar sem o acess\u00f3rio de prote\u00e7\u00e3o em escolas e academias, por exemplo. Segundo o decreto n\u00b0 22.200, publicado no dia &hellip;\" \/>\n<meta property=\"og:url\" content=\"https:\/\/portalnpm.com\/index.php\/2022\/03\/27\/flexibilizacao-do-uso-de-mascaras-em-locais-fechados-inicia-na-segunda-em-teresina\/\" \/>\n<meta property=\"og:site_name\" content=\"Portal NPM\" \/>\n<meta property=\"article:published_time\" content=\"2022-03-27T12:32:11+00:00\" \/>\n<meta name=\"author\" content=\"Genival Barbosa\" \/>\n<meta name=\"twitter:card\" content=\"summary_large_image\" \/>\n<meta name=\"twitter:label1\" content=\"Escrito por\" \/>\n\t<meta name=\"twitter:data1\" content=\"Genival Barbosa\" \/>\n\t<meta name=\"twitter:label2\" content=\"Est. tempo de leitura\" \/>\n\t<meta name=\"twitter:data2\" content=\"1 minuto\" \/>\n<script type=\"application\/ld+json\" class=\"yoast-schema-graph\">{\"@context\":\"https:\/\/schema.org\",\"@graph\":[{\"@type\":\"WebPage\",\"@id\":\"https:\/\/portalnpm.com\/index.php\/2022\/03\/27\/flexibilizacao-do-uso-de-mascaras-em-locais-fechados-inicia-na-segunda-em-teresina\/\",\"url\":\"https:\/\/portalnpm.com\/index.php\/2022\/03\/27\/flexibilizacao-do-uso-de-mascaras-em-locais-fechados-inicia-na-segunda-em-teresina\/\",\"name\":\"Flexibiliza\u00e7\u00e3o do uso de m\u00e1scaras em locais fechados inicia na segunda em Teresina - Portal NPM\",\"isPartOf\":{\"@id\":\"https:\/\/portalnpm.com\/#website\"},\"primaryImageOfPage\":{\"@id\":\"https:\/\/portalnpm.com\/index.php\/2022\/03\/27\/flexibilizacao-do-uso-de-mascaras-em-locais-fechados-inicia-na-segunda-em-teresina\/#primaryimage\"},\"image\":{\"@id\":\"https:\/\/portalnpm.com\/index.php\/2022\/03\/27\/flexibilizacao-do-uso-de-mascaras-em-locais-fechados-inicia-na-segunda-em-teresina\/#primaryimage\"},\"thumbnailUrl\":\"\",\"datePublished\":\"2022-03-27T12:32:11+00:00\",\"dateModified\":\"2022-03-27T12:32:11+00:00\",\"author\":{\"@id\":\"https:\/\/portalnpm.com\/#\/schema\/person\/49313e563cfdefcc167f1ee4c017c294\"},\"breadcrumb\":{\"@id\":\"https:\/\/portalnpm.com\/index.php\/2022\/03\/27\/flexibilizacao-do-uso-de-mascaras-em-locais-fechados-inicia-na-segunda-em-teresina\/#breadcrumb\"},\"inLanguage\":\"pt-BR\",\"potentialAction\":[{\"@type\":\"ReadAction\",\"target\":[\"https:\/\/portalnpm.com\/index.php\/2022\/03\/27\/flexibilizacao-do-uso-de-mascaras-em-locais-fechados-inicia-na-segunda-em-teresina\/\"]}]},{\"@type\":\"ImageObject\",\"inLanguage\":\"pt-BR\",\"@id\":\"https:\/\/portalnpm.com\/index.php\/2022\/03\/27\/flexibilizacao-do-uso-de-mascaras-em-locais-fechados-inicia-na-segunda-em-teresina\/#primaryimage\",\"url\":\"\",\"contentUrl\":\"\"},{\"@type\":\"BreadcrumbList\",\"@id\":\"https:\/\/portalnpm.com\/index.php\/2022\/03\/27\/flexibilizacao-do-uso-de-mascaras-em-locais-fechados-inicia-na-segunda-em-teresina\/#breadcrumb\",\"itemListElement\":[{\"@type\":\"ListItem\",\"position\":1,\"name\":\"In\u00edcio\",\"item\":\"https:\/\/portalnpm.com\/\"},{\"@type\":\"ListItem\",\"position\":2,\"name\":\"Flexibiliza\u00e7\u00e3o do uso de m\u00e1scaras em locais fechados inicia na segunda em Teresina\"}]},{\"@type\":\"WebSite\",\"@id\":\"https:\/\/portalnpm.com\/#website\",\"url\":\"https:\/\/portalnpm.com\/\",\"name\":\"Portal NPM\",\"description\":\"Not\u00edcias em Primeira M\u00e3o\",\"potentialAction\":[{\"@type\":\"SearchAction\",\"target\":{\"@type\":\"EntryPoint\",\"urlTemplate\":\"https:\/\/portalnpm.com\/?s={search_term_string}\"},\"query-input\":\"required name=search_term_string\"}],\"inLanguage\":\"pt-BR\"},{\"@type\":\"Person\",\"@id\":\"https:\/\/portalnpm.com\/#\/schema\/person\/49313e563cfdefcc167f1ee4c017c294\",\"name\":\"Genival Barbosa\",\"image\":{\"@type\":\"ImageObject\",\"inLanguage\":\"pt-BR\",\"@id\":\"https:\/\/portalnpm.com\/#\/schema\/person\/image\/\",\"url\":\"https:\/\/portalnpm.com\/wp-content\/uploads\/2024\/02\/avatar_user_2_1707743258-96x96.jpeg\",\"contentUrl\":\"https:\/\/portalnpm.com\/wp-content\/uploads\/2024\/02\/avatar_user_2_1707743258-96x96.jpeg\",\"caption\":\"Genival Barbosa\"},\"url\":\"https:\/\/portalnpm.com\/index.php\/author\/genival\/\"}]}<\/script>\n<!-- \/ Yoast SEO plugin. -->","yoast_head_json":{"title":"Flexibiliza\u00e7\u00e3o do uso de m\u00e1scaras em locais fechados inicia na segunda em Teresina - Portal NPM","robots":{"index":"index","follow":"follow","max-snippet":"max-snippet:-1","max-image-preview":"max-image-preview:large","max-video-preview":"max-video-preview:-1"},"canonical":"https:\/\/portalnpm.com\/index.php\/2022\/03\/27\/flexibilizacao-do-uso-de-mascaras-em-locais-fechados-inicia-na-segunda-em-teresina\/","og_locale":"pt_BR","og_type":"article","og_title":"Flexibiliza\u00e7\u00e3o do uso de m\u00e1scaras em locais fechados inicia na segunda em Teresina - Portal NPM","og_description":"Inicia nesta segunda-feira (28), a 4\u00aa etapa de flexibiliza\u00e7\u00e3o de medidas sanit\u00e1rias contra a covid-19 em Teresina. A partir desta data ser\u00e1 revogada a obrigatoriedade do uso de m\u00e1scaras em ambientes fechados. O teresinense poder\u00e1 andar sem o acess\u00f3rio de prote\u00e7\u00e3o em escolas e academias, por exemplo. Segundo o decreto n\u00b0 22.200, publicado no dia &hellip;","og_url":"https:\/\/portalnpm.com\/index.php\/2022\/03\/27\/flexibilizacao-do-uso-de-mascaras-em-locais-fechados-inicia-na-segunda-em-teresina\/","og_site_name":"Portal NPM","article_published_time":"2022-03-27T12:32:11+00:00","author":"Genival Barbosa","twitter_card":"summary_large_image","twitter_misc":{"Escrito por":"Genival Barbosa","Est. tempo de leitura":"1 minuto"},"schema":{"@context":"https:\/\/schema.org","@graph":[{"@type":"WebPage","@id":"https:\/\/portalnpm.com\/index.php\/2022\/03\/27\/flexibilizacao-do-uso-de-mascaras-em-locais-fechados-inicia-na-segunda-em-teresina\/","url":"https:\/\/portalnpm.com\/index.php\/2022\/03\/27\/flexibilizacao-do-uso-de-mascaras-em-locais-fechados-inicia-na-segunda-em-teresina\/","name":"Flexibiliza\u00e7\u00e3o do uso de m\u00e1scaras em locais fechados inicia na segunda em Teresina - Portal NPM","isPartOf":{"@id":"https:\/\/portalnpm.com\/#website"},"primaryImageOfPage":{"@id":"https:\/\/portalnpm.com\/index.php\/2022\/03\/27\/flexibilizacao-do-uso-de-mascaras-em-locais-fechados-inicia-na-segunda-em-teresina\/#primaryimage"},"image":{"@id":"https:\/\/portalnpm.com\/index.php\/2022\/03\/27\/flexibilizacao-do-uso-de-mascaras-em-locais-fechados-inicia-na-segunda-em-teresina\/#primaryimage"},"thumbnailUrl":"","datePublished":"2022-03-27T12:32:11+00:00","dateModified":"2022-03-27T12:32:11+00:00","author":{"@id":"https:\/\/portalnpm.com\/#\/schema\/person\/49313e563cfdefcc167f1ee4c017c294"},"breadcrumb":{"@id":"https:\/\/portalnpm.com\/index.php\/2022\/03\/27\/flexibilizacao-do-uso-de-mascaras-em-locais-fechados-inicia-na-segunda-em-teresina\/#breadcrumb"},"inLanguage":"pt-BR","potentialAction":[{"@type":"ReadAction","target":["https:\/\/portalnpm.com\/index.php\/2022\/03\/27\/flexibilizacao-do-uso-de-mascaras-em-locais-fechados-inicia-na-segunda-em-teresina\/"]}]},{"@type":"ImageObject","inLanguage":"pt-BR","@id":"https:\/\/portalnpm.com\/index.php\/2022\/03\/27\/flexibilizacao-do-uso-de-mascaras-em-locais-fechados-inicia-na-segunda-em-teresina\/#primaryimage","url":"","contentUrl":""},{"@type":"BreadcrumbList","@id":"https:\/\/portalnpm.com\/index.php\/2022\/03\/27\/flexibilizacao-do-uso-de-mascaras-em-locais-fechados-inicia-na-segunda-em-teresina\/#breadcrumb","itemListElement":[{"@type":"ListItem","position":1,"name":"In\u00edcio","item":"https:\/\/portalnpm.com\/"},{"@type":"ListItem","position":2,"name":"Flexibiliza\u00e7\u00e3o do uso de m\u00e1scaras em locais fechados inicia na segunda em Teresina"}]},{"@type":"WebSite","@id":"https:\/\/portalnpm.com\/#website","url":"https:\/\/portalnpm.com\/","name":"Portal NPM","description":"Not\u00edcias em Primeira M\u00e3o","potentialAction":[{"@type":"SearchAction","target":{"@type":"EntryPoint","urlTemplate":"https:\/\/portalnpm.com\/?s={search_term_string}"},"query-input":"required name=search_term_string"}],"inLanguage":"pt-BR"},{"@type":"Person","@id":"https:\/\/portalnpm.com\/#\/schema\/person\/49313e563cfdefcc167f1ee4c017c294","name":"Genival Barbosa","image":{"@type":"ImageObject","inLanguage":"pt-BR","@id":"https:\/\/portalnpm.com\/#\/schema\/person\/image\/","url":"https:\/\/portalnpm.com\/wp-content\/uploads\/2024\/02\/avatar_user_2_1707743258-96x96.jpeg","contentUrl":"https:\/\/portalnpm.com\/wp-content\/uploads\/2024\/02\/avatar_user_2_1707743258-96x96.jpeg","caption":"Genival Barbosa"},"url":"https:\/\/portalnpm.com\/index.php\/author\/genival\/"}]}},"jetpack_sharing_enabled":true,"jetpack_featured_media_url":"","_links":{"self":[{"href":"https:\/\/portalnpm.com\/index.php\/wp-json\/wp\/v2\/posts\/41002"}],"collection":[{"href":"https:\/\/portalnpm.com\/index.php\/wp-json\/wp\/v2\/posts"}],"about":[{"href":"https:\/\/portalnpm.com\/index.php\/wp-json\/wp\/v2\/types\/post"}],"author":[{"embeddable":true,"href":"https:\/\/portalnpm.com\/index.php\/wp-json\/wp\/v2\/users\/2"}],"replies":[{"embeddable":true,"href":"https:\/\/portalnpm.com\/index.php\/wp-json\/wp\/v2\/comments?post=41002"}],"version-history":[{"count":0,"href":"https:\/\/portalnpm.com\/index.php\/wp-json\/wp\/v2\/posts\/41002\/revisions"}],"wp:featuredmedia":[{"embeddable":true,"href":"https:\/\/portalnpm.com\/index.php\/wp-json\/"}],"wp:attachment":[{"href":"https:\/\/portalnpm.com\/index.php\/wp-json\/wp\/v2\/media?parent=41002"}],"wp:term":[{"taxonomy":"category","embeddable":true,"href":"https:\/\/portalnpm.com\/index.php\/wp-json\/wp\/v2\/categories?post=41002"},{"taxonomy":"post_tag","embeddable":true,"href":"https:\/\/portalnpm.com\/index.php\/wp-json\/wp\/v2\/tags?post=41002"}],"curies":[{"name":"wp","href":"https:\/\/api.w.org\/{rel}","templated":true}]}}