{"id":41104,"date":"2022-04-02T21:37:17","date_gmt":"2022-04-03T00:37:17","guid":{"rendered":"https:\/\/backupnpm.codetainer.com.br\/?p=41104"},"modified":"2022-04-02T21:37:17","modified_gmt":"2022-04-03T00:37:17","slug":"caravana-de-sao-juliao-participa-do-lancamento-das-pre-candidaturas-de-rafael-fonteles-e-wellington-dias-veja","status":"publish","type":"post","link":"https:\/\/portalnpm.com\/index.php\/2022\/04\/02\/caravana-de-sao-juliao-participa-do-lancamento-das-pre-candidaturas-de-rafael-fonteles-e-wellington-dias-veja\/","title":{"rendered":"Caravana de S\u00e3o Juli\u00e3o participa do lan\u00e7amento das pr\u00e9-candidaturas de Rafael Fonteles e Wellington Dias; veja!"},"content":{"rendered":"<p style=\"text-align: justify;\">Aconteceu na tarde deste s\u00e1bado (02), o evento de lan\u00e7amento das pr\u00e9-candidaturas de <strong><em>Rafael<\/em> <em>Fonteles<\/em><\/strong> (PT), a Governador, <strong><em>Themistocles Filho<\/em><\/strong> (MDB), Vice-Governador e <strong><em>Wellington Dias<\/em><\/strong> (PT), Senador, com o slogan<strong><em> &#8220;De novo juntos com o povo&#8221;<\/em><\/strong>.<\/p>\n<p><img fetchpriority=\"high\" decoding=\"async\" class=\"alignnone size-full wp-image-41105\" src=\"https:\/\/backupnpm.codetainer.com.br\/wp-content\/uploads\/2022\/04\/IMG-20220402-WA0337.jpg\" alt=\"\" width=\"1024\" height=\"1280\" \/><\/p>\n<p style=\"text-align: justify;\">A caravana de <strong><em>S\u00e3o Juli\u00e3o<\/em><\/strong> estava composta pelos ex-prefeitos Jos\u00e9 Neci (PT), Francimar Pereira (PP), os vereadores N\u00e9 Rocha (PT), Tico (PT) e Edisaldo Rocha (PSB), o ex-vereador Leureny Sobrinho (PSDB), a lideran\u00e7a pol\u00edtica Bruno Liberato (PT), todos do campo de oposi\u00e7\u00e3o no munic\u00edpio, al\u00e9m de outros l\u00edderes.<\/p>\n<p style=\"text-align: justify;\">Ainda de S\u00e3o Juli\u00e3o, marcou presen\u00e7a o l\u00edder pol\u00edtico Karol Rocha (PSD) e o ex-prefeito Carlos Alberto Bezerra de Alencar, conhecido popularmente como &#8216;Carl\u00e3o&#8217; (PSB), tio do atual prefeito Dr. Samuel Alencar (PP).<\/p>\n<p><img decoding=\"async\" class=\"alignnone size-full wp-image-41106\" src=\"https:\/\/backupnpm.codetainer.com.br\/wp-content\/uploads\/2022\/04\/IMG_20220402_195314.jpg\" alt=\"\" width=\"720\" height=\"963\" \/><img decoding=\"async\" class=\"alignnone size-full wp-image-41107\" src=\"https:\/\/backupnpm.codetainer.com.br\/wp-content\/uploads\/2022\/04\/IMG_20220402_202624.jpg\" alt=\"\" width=\"720\" height=\"777\" \/><\/p>\n<p style=\"text-align: justify;\">O evento da base governista reuniu milhares de pessoas no <strong><em>Atlantic City<\/em><\/strong>, em Teresina, capital do estado, com a presen\u00e7a de dezenas de caravanas, oriundas do interior do Piau\u00ed.<\/p>\n<p><strong>Veja fotos e v\u00eddeos:\u00a0<\/strong><\/p>\n<p><img loading=\"lazy\" decoding=\"async\" class=\"alignnone size-medium wp-image-41108\" src=\"https:\/\/backupnpm.codetainer.com.br\/wp-content\/uploads\/2022\/04\/IMG-20220402-WA0323.jpg\" alt=\"\" width=\"958\" height=\"1280\" \/> <img loading=\"lazy\" decoding=\"async\" class=\"alignnone size-medium wp-image-41109\" src=\"https:\/\/backupnpm.codetainer.com.br\/wp-content\/uploads\/2022\/04\/IMG-20220402-WA0329.jpg\" alt=\"\" width=\"1600\" height=\"1200\" \/> <img loading=\"lazy\" decoding=\"async\" class=\"alignnone size-medium wp-image-41110\" src=\"https:\/\/backupnpm.codetainer.com.br\/wp-content\/uploads\/2022\/04\/IMG-20220402-WA0328.jpg\" alt=\"\" width=\"1600\" height=\"1200\" \/> <img loading=\"lazy\" decoding=\"async\" class=\"alignnone size-medium wp-image-41111\" src=\"https:\/\/backupnpm.codetainer.com.br\/wp-content\/uploads\/2022\/04\/IMG-20220402-WA0327.jpg\" alt=\"\" width=\"1600\" height=\"1200\" \/> <img loading=\"lazy\" decoding=\"async\" class=\"alignnone size-medium wp-image-41112\" src=\"https:\/\/backupnpm.codetainer.com.br\/wp-content\/uploads\/2022\/04\/IMG-20220402-WA0326.jpg\" alt=\"\" width=\"1600\" height=\"1200\" \/> <img loading=\"lazy\" decoding=\"async\" class=\"alignnone size-medium wp-image-41113\" src=\"https:\/\/backupnpm.codetainer.com.br\/wp-content\/uploads\/2022\/04\/IMG-20220402-WA0324.jpg\" alt=\"\" width=\"1600\" height=\"1200\" \/> <img loading=\"lazy\" decoding=\"async\" class=\"alignnone size-medium wp-image-41114\" src=\"https:\/\/backupnpm.codetainer.com.br\/wp-content\/uploads\/2022\/04\/IMG-20220402-WA0277.jpg\" alt=\"\" width=\"540\" height=\"661\" \/><\/p>\n<div style=\"width: 848px;\" class=\"wp-video\"><!--[if lt IE 9]><script>document.createElement('video');<\/script><![endif]-->\n<video class=\"wp-video-shortcode\" id=\"video-41104-1\" width=\"848\" height=\"480\" preload=\"metadata\" controls=\"controls\"><source type=\"video\/mp4\" src=\"https:\/\/backupnpm.codetainer.com.br\/wp-content\/uploads\/2022\/04\/VID-20220402-WA0307.mp4?_=1\" \/><a href=\"https:\/\/backupnpm.codetainer.com.br\/wp-content\/uploads\/2022\/04\/VID-20220402-WA0307.mp4\">https:\/\/backupnpm.codetainer.com.br\/wp-content\/uploads\/2022\/04\/VID-20220402-WA0307.mp4<\/a><\/video><\/div>\n<div style=\"width: 848px;\" class=\"wp-video\"><video class=\"wp-video-shortcode\" id=\"video-41104-2\" width=\"848\" height=\"480\" preload=\"metadata\" controls=\"controls\"><source type=\"video\/mp4\" src=\"https:\/\/backupnpm.codetainer.com.br\/wp-content\/uploads\/2022\/04\/VID-20220402-WA0306.mp4?_=2\" \/><a href=\"https:\/\/backupnpm.codetainer.com.br\/wp-content\/uploads\/2022\/04\/VID-20220402-WA0306.mp4\">https:\/\/backupnpm.codetainer.com.br\/wp-content\/uploads\/2022\/04\/VID-20220402-WA0306.mp4<\/a><\/video><\/div>\n<p><img loading=\"lazy\" decoding=\"async\" class=\"alignnone size-medium wp-image-41117\" src=\"https:\/\/backupnpm.codetainer.com.br\/wp-content\/uploads\/2022\/04\/IMG-20220402-WA0304.jpg\" alt=\"\" width=\"1200\" height=\"1600\" \/><\/p>\n<div style=\"width: 848px;\" class=\"wp-video\"><video class=\"wp-video-shortcode\" id=\"video-41104-3\" width=\"848\" height=\"480\" preload=\"metadata\" controls=\"controls\"><source type=\"video\/mp4\" src=\"https:\/\/backupnpm.codetainer.com.br\/wp-content\/uploads\/2022\/04\/VID-20220402-WA0303.mp4?_=3\" \/><a href=\"https:\/\/backupnpm.codetainer.com.br\/wp-content\/uploads\/2022\/04\/VID-20220402-WA0303.mp4\">https:\/\/backupnpm.codetainer.com.br\/wp-content\/uploads\/2022\/04\/VID-20220402-WA0303.mp4<\/a><\/video><\/div>\n<p><img loading=\"lazy\" decoding=\"async\" class=\"alignnone size-medium wp-image-41119\" src=\"https:\/\/backupnpm.codetainer.com.br\/wp-content\/uploads\/2022\/04\/IMG-20220402-WA0221.jpg\" alt=\"\" width=\"1024\" height=\"769\" \/> <img loading=\"lazy\" decoding=\"async\" class=\"alignnone size-medium wp-image-41120\" src=\"https:\/\/backupnpm.codetainer.com.br\/wp-content\/uploads\/2022\/04\/IMG-20220402-WA0212.jpg\" alt=\"\" width=\"1280\" height=\"720\" \/> <img loading=\"lazy\" decoding=\"async\" class=\"alignnone size-medium wp-image-41121\" src=\"https:\/\/backupnpm.codetainer.com.br\/wp-content\/uploads\/2022\/04\/IMG-20220402-WA0222.jpg\" alt=\"\" width=\"1024\" height=\"769\" \/> <img loading=\"lazy\" decoding=\"async\" class=\"alignnone size-medium wp-image-41122\" src=\"https:\/\/backupnpm.codetainer.com.br\/wp-content\/uploads\/2022\/04\/IMG-20220402-WA0217.jpg\" alt=\"\" width=\"810\" height=\"1080\" \/><\/p>\n<div style=\"width: 480px;\" class=\"wp-video\"><video class=\"wp-video-shortcode\" id=\"video-41104-4\" width=\"480\" height=\"848\" preload=\"metadata\" controls=\"controls\"><source type=\"video\/mp4\" src=\"https:\/\/backupnpm.codetainer.com.br\/wp-content\/uploads\/2022\/04\/VID-20220402-WA0216.mp4?_=4\" \/><a href=\"https:\/\/backupnpm.codetainer.com.br\/wp-content\/uploads\/2022\/04\/VID-20220402-WA0216.mp4\">https:\/\/backupnpm.codetainer.com.br\/wp-content\/uploads\/2022\/04\/VID-20220402-WA0216.mp4<\/a><\/video><\/div>\n<p><img loading=\"lazy\" decoding=\"async\" class=\"alignnone size-medium wp-image-41124\" src=\"https:\/\/backupnpm.codetainer.com.br\/wp-content\/uploads\/2022\/04\/IMG-20220402-WA0215.jpg\" alt=\"\" width=\"1024\" height=\"769\" \/> <img loading=\"lazy\" decoding=\"async\" class=\"alignnone size-medium wp-image-41125\" src=\"https:\/\/backupnpm.codetainer.com.br\/wp-content\/uploads\/2022\/04\/IMG-20220402-WA0213.jpg\" alt=\"\" width=\"1024\" height=\"768\" \/> <img loading=\"lazy\" decoding=\"async\" class=\"alignnone size-medium wp-image-41126\" src=\"https:\/\/backupnpm.codetainer.com.br\/wp-content\/uploads\/2022\/04\/IMG-20220402-WA0211.jpg\" alt=\"\" width=\"1599\" height=\"899\" \/><\/p>\n<p style=\"text-align: justify;\">\n","protected":false},"excerpt":{"rendered":"<p>Aconteceu na tarde deste s\u00e1bado (02), o evento de lan\u00e7amento das pr\u00e9-candidaturas de Rafael Fonteles (PT), a Governador, Themistocles Filho (MDB), Vice-Governador e Wellington Dias (PT), Senador, com o slogan &#8220;De novo juntos com o povo&#8221;. A caravana de S\u00e3o Juli\u00e3o estava composta pelos ex-prefeitos Jos\u00e9 Neci (PT), Francimar Pereira (PP), os vereadores N\u00e9 Rocha &hellip;<\/p>\n","protected":false},"author":3,"featured_media":41127,"comment_status":"open","ping_status":"open","sticky":false,"template":"","format":"standard","meta":{"content-type":"","rop_custom_images_group":[],"rop_custom_messages_group":[],"rop_publish_now":"initial","rop_publish_now_accounts":{"facebook_2648258775420054_1618374048415101":""},"rop_publish_now_history":[],"rop_publish_now_status":"pending","footnotes":"","_jetpack_memberships_contains_paid_content":false},"categories":[113,130,136],"tags":[15148,704,5351,2450,137,407],"yoast_head":"<!-- This site is optimized with the Yoast SEO plugin v22.3 - https:\/\/yoast.com\/wordpress\/plugins\/seo\/ -->\n<title>Caravana de S\u00e3o Juli\u00e3o participa do lan\u00e7amento das pr\u00e9-candidaturas de Rafael Fonteles e Wellington Dias; veja! - Portal NPM<\/title>\n<meta name=\"robots\" content=\"index, follow, max-snippet:-1, max-image-preview:large, max-video-preview:-1\" \/>\n<link rel=\"canonical\" href=\"https:\/\/portalnpm.com\/index.php\/2022\/04\/02\/caravana-de-sao-juliao-participa-do-lancamento-das-pre-candidaturas-de-rafael-fonteles-e-wellington-dias-veja\/\" \/>\n<meta property=\"og:locale\" content=\"pt_BR\" \/>\n<meta property=\"og:type\" content=\"article\" \/>\n<meta property=\"og:title\" content=\"Caravana de S\u00e3o Juli\u00e3o participa do lan\u00e7amento das pr\u00e9-candidaturas de Rafael Fonteles e Wellington Dias; veja! - Portal NPM\" \/>\n<meta property=\"og:description\" content=\"Aconteceu na tarde deste s\u00e1bado (02), o evento de lan\u00e7amento das pr\u00e9-candidaturas de Rafael Fonteles (PT), a Governador, Themistocles Filho (MDB), Vice-Governador e Wellington Dias (PT), Senador, com o slogan &#8220;De novo juntos com o povo&#8221;. A caravana de S\u00e3o Juli\u00e3o estava composta pelos ex-prefeitos Jos\u00e9 Neci (PT), Francimar Pereira (PP), os vereadores N\u00e9 Rocha &hellip;\" \/>\n<meta property=\"og:url\" content=\"https:\/\/portalnpm.com\/index.php\/2022\/04\/02\/caravana-de-sao-juliao-participa-do-lancamento-das-pre-candidaturas-de-rafael-fonteles-e-wellington-dias-veja\/\" \/>\n<meta property=\"og:site_name\" content=\"Portal NPM\" \/>\n<meta property=\"article:published_time\" content=\"2022-04-03T00:37:17+00:00\" \/>\n<meta name=\"author\" content=\"Luis Alberto\" \/>\n<meta name=\"twitter:card\" content=\"summary_large_image\" \/>\n<meta name=\"twitter:label1\" content=\"Escrito por\" \/>\n\t<meta name=\"twitter:data1\" content=\"Luis Alberto\" \/>\n\t<meta name=\"twitter:label2\" content=\"Est. tempo de leitura\" \/>\n\t<meta name=\"twitter:data2\" content=\"5 minutos\" \/>\n<script type=\"application\/ld+json\" class=\"yoast-schema-graph\">{\"@context\":\"https:\/\/schema.org\",\"@graph\":[{\"@type\":\"WebPage\",\"@id\":\"https:\/\/portalnpm.com\/index.php\/2022\/04\/02\/caravana-de-sao-juliao-participa-do-lancamento-das-pre-candidaturas-de-rafael-fonteles-e-wellington-dias-veja\/\",\"url\":\"https:\/\/portalnpm.com\/index.php\/2022\/04\/02\/caravana-de-sao-juliao-participa-do-lancamento-das-pre-candidaturas-de-rafael-fonteles-e-wellington-dias-veja\/\",\"name\":\"Caravana de S\u00e3o Juli\u00e3o participa do lan\u00e7amento das pr\u00e9-candidaturas de Rafael Fonteles e Wellington Dias; veja! - Portal NPM\",\"isPartOf\":{\"@id\":\"https:\/\/portalnpm.com\/#website\"},\"primaryImageOfPage\":{\"@id\":\"https:\/\/portalnpm.com\/index.php\/2022\/04\/02\/caravana-de-sao-juliao-participa-do-lancamento-das-pre-candidaturas-de-rafael-fonteles-e-wellington-dias-veja\/#primaryimage\"},\"image\":{\"@id\":\"https:\/\/portalnpm.com\/index.php\/2022\/04\/02\/caravana-de-sao-juliao-participa-do-lancamento-das-pre-candidaturas-de-rafael-fonteles-e-wellington-dias-veja\/#primaryimage\"},\"thumbnailUrl\":\"\",\"datePublished\":\"2022-04-03T00:37:17+00:00\",\"dateModified\":\"2022-04-03T00:37:17+00:00\",\"author\":{\"@id\":\"https:\/\/portalnpm.com\/#\/schema\/person\/5c8006acdf71774cd4e7a5ab98482152\"},\"breadcrumb\":{\"@id\":\"https:\/\/portalnpm.com\/index.php\/2022\/04\/02\/caravana-de-sao-juliao-participa-do-lancamento-das-pre-candidaturas-de-rafael-fonteles-e-wellington-dias-veja\/#breadcrumb\"},\"inLanguage\":\"pt-BR\",\"potentialAction\":[{\"@type\":\"ReadAction\",\"target\":[\"https:\/\/portalnpm.com\/index.php\/2022\/04\/02\/caravana-de-sao-juliao-participa-do-lancamento-das-pre-candidaturas-de-rafael-fonteles-e-wellington-dias-veja\/\"]}]},{\"@type\":\"ImageObject\",\"inLanguage\":\"pt-BR\",\"@id\":\"https:\/\/portalnpm.com\/index.php\/2022\/04\/02\/caravana-de-sao-juliao-participa-do-lancamento-das-pre-candidaturas-de-rafael-fonteles-e-wellington-dias-veja\/#primaryimage\",\"url\":\"\",\"contentUrl\":\"\"},{\"@type\":\"BreadcrumbList\",\"@id\":\"https:\/\/portalnpm.com\/index.php\/2022\/04\/02\/caravana-de-sao-juliao-participa-do-lancamento-das-pre-candidaturas-de-rafael-fonteles-e-wellington-dias-veja\/#breadcrumb\",\"itemListElement\":[{\"@type\":\"ListItem\",\"position\":1,\"name\":\"In\u00edcio\",\"item\":\"https:\/\/portalnpm.com\/\"},{\"@type\":\"ListItem\",\"position\":2,\"name\":\"Caravana de S\u00e3o Juli\u00e3o participa do lan\u00e7amento das pr\u00e9-candidaturas de Rafael Fonteles e Wellington Dias; veja!\"}]},{\"@type\":\"WebSite\",\"@id\":\"https:\/\/portalnpm.com\/#website\",\"url\":\"https:\/\/portalnpm.com\/\",\"name\":\"Portal NPM\",\"description\":\"Not\u00edcias em Primeira M\u00e3o\",\"potentialAction\":[{\"@type\":\"SearchAction\",\"target\":{\"@type\":\"EntryPoint\",\"urlTemplate\":\"https:\/\/portalnpm.com\/?s={search_term_string}\"},\"query-input\":\"required name=search_term_string\"}],\"inLanguage\":\"pt-BR\"},{\"@type\":\"Person\",\"@id\":\"https:\/\/portalnpm.com\/#\/schema\/person\/5c8006acdf71774cd4e7a5ab98482152\",\"name\":\"Luis Alberto\",\"image\":{\"@type\":\"ImageObject\",\"inLanguage\":\"pt-BR\",\"@id\":\"https:\/\/portalnpm.com\/#\/schema\/person\/image\/\",\"url\":\"https:\/\/portalnpm.com\/wp-content\/uploads\/2024\/12\/avatar_user_3_1734699769-96x96.jpeg\",\"contentUrl\":\"https:\/\/portalnpm.com\/wp-content\/uploads\/2024\/12\/avatar_user_3_1734699769-96x96.jpeg\",\"caption\":\"Luis Alberto\"},\"description\":\"Editor-geral do Portal NPM, \u00e9 formado como T\u00e9cnico em Seguran\u00e7a do Trabalho pela Escola Metropolitana de Cursos T\u00e9cnicos. Det\u00e9m ainda licenciatura em Educa\u00e7\u00e3o F\u00edsica e bacharelado em Ci\u00eancias Pol\u00edticas, ambos obtidos pela institui\u00e7\u00e3o Anhanguera\/UNOPAR.\",\"url\":\"https:\/\/portalnpm.com\/index.php\/author\/pereira\/\"}]}<\/script>\n<!-- \/ Yoast SEO plugin. -->","yoast_head_json":{"title":"Caravana de S\u00e3o Juli\u00e3o participa do lan\u00e7amento das pr\u00e9-candidaturas de Rafael Fonteles e Wellington Dias; veja! - Portal NPM","robots":{"index":"index","follow":"follow","max-snippet":"max-snippet:-1","max-image-preview":"max-image-preview:large","max-video-preview":"max-video-preview:-1"},"canonical":"https:\/\/portalnpm.com\/index.php\/2022\/04\/02\/caravana-de-sao-juliao-participa-do-lancamento-das-pre-candidaturas-de-rafael-fonteles-e-wellington-dias-veja\/","og_locale":"pt_BR","og_type":"article","og_title":"Caravana de S\u00e3o Juli\u00e3o participa do lan\u00e7amento das pr\u00e9-candidaturas de Rafael Fonteles e Wellington Dias; veja! - Portal NPM","og_description":"Aconteceu na tarde deste s\u00e1bado (02), o evento de lan\u00e7amento das pr\u00e9-candidaturas de Rafael Fonteles (PT), a Governador, Themistocles Filho (MDB), Vice-Governador e Wellington Dias (PT), Senador, com o slogan &#8220;De novo juntos com o povo&#8221;. A caravana de S\u00e3o Juli\u00e3o estava composta pelos ex-prefeitos Jos\u00e9 Neci (PT), Francimar Pereira (PP), os vereadores N\u00e9 Rocha &hellip;","og_url":"https:\/\/portalnpm.com\/index.php\/2022\/04\/02\/caravana-de-sao-juliao-participa-do-lancamento-das-pre-candidaturas-de-rafael-fonteles-e-wellington-dias-veja\/","og_site_name":"Portal NPM","article_published_time":"2022-04-03T00:37:17+00:00","author":"Luis Alberto","twitter_card":"summary_large_image","twitter_misc":{"Escrito por":"Luis Alberto","Est. tempo de leitura":"5 minutos"},"schema":{"@context":"https:\/\/schema.org","@graph":[{"@type":"WebPage","@id":"https:\/\/portalnpm.com\/index.php\/2022\/04\/02\/caravana-de-sao-juliao-participa-do-lancamento-das-pre-candidaturas-de-rafael-fonteles-e-wellington-dias-veja\/","url":"https:\/\/portalnpm.com\/index.php\/2022\/04\/02\/caravana-de-sao-juliao-participa-do-lancamento-das-pre-candidaturas-de-rafael-fonteles-e-wellington-dias-veja\/","name":"Caravana de S\u00e3o Juli\u00e3o participa do lan\u00e7amento das pr\u00e9-candidaturas de Rafael Fonteles e Wellington Dias; veja! - Portal NPM","isPartOf":{"@id":"https:\/\/portalnpm.com\/#website"},"primaryImageOfPage":{"@id":"https:\/\/portalnpm.com\/index.php\/2022\/04\/02\/caravana-de-sao-juliao-participa-do-lancamento-das-pre-candidaturas-de-rafael-fonteles-e-wellington-dias-veja\/#primaryimage"},"image":{"@id":"https:\/\/portalnpm.com\/index.php\/2022\/04\/02\/caravana-de-sao-juliao-participa-do-lancamento-das-pre-candidaturas-de-rafael-fonteles-e-wellington-dias-veja\/#primaryimage"},"thumbnailUrl":"","datePublished":"2022-04-03T00:37:17+00:00","dateModified":"2022-04-03T00:37:17+00:00","author":{"@id":"https:\/\/portalnpm.com\/#\/schema\/person\/5c8006acdf71774cd4e7a5ab98482152"},"breadcrumb":{"@id":"https:\/\/portalnpm.com\/index.php\/2022\/04\/02\/caravana-de-sao-juliao-participa-do-lancamento-das-pre-candidaturas-de-rafael-fonteles-e-wellington-dias-veja\/#breadcrumb"},"inLanguage":"pt-BR","potentialAction":[{"@type":"ReadAction","target":["https:\/\/portalnpm.com\/index.php\/2022\/04\/02\/caravana-de-sao-juliao-participa-do-lancamento-das-pre-candidaturas-de-rafael-fonteles-e-wellington-dias-veja\/"]}]},{"@type":"ImageObject","inLanguage":"pt-BR","@id":"https:\/\/portalnpm.com\/index.php\/2022\/04\/02\/caravana-de-sao-juliao-participa-do-lancamento-das-pre-candidaturas-de-rafael-fonteles-e-wellington-dias-veja\/#primaryimage","url":"","contentUrl":""},{"@type":"BreadcrumbList","@id":"https:\/\/portalnpm.com\/index.php\/2022\/04\/02\/caravana-de-sao-juliao-participa-do-lancamento-das-pre-candidaturas-de-rafael-fonteles-e-wellington-dias-veja\/#breadcrumb","itemListElement":[{"@type":"ListItem","position":1,"name":"In\u00edcio","item":"https:\/\/portalnpm.com\/"},{"@type":"ListItem","position":2,"name":"Caravana de S\u00e3o Juli\u00e3o participa do lan\u00e7amento das pr\u00e9-candidaturas de Rafael Fonteles e Wellington Dias; veja!"}]},{"@type":"WebSite","@id":"https:\/\/portalnpm.com\/#website","url":"https:\/\/portalnpm.com\/","name":"Portal NPM","description":"Not\u00edcias em Primeira M\u00e3o","potentialAction":[{"@type":"SearchAction","target":{"@type":"EntryPoint","urlTemplate":"https:\/\/portalnpm.com\/?s={search_term_string}"},"query-input":"required name=search_term_string"}],"inLanguage":"pt-BR"},{"@type":"Person","@id":"https:\/\/portalnpm.com\/#\/schema\/person\/5c8006acdf71774cd4e7a5ab98482152","name":"Luis Alberto","image":{"@type":"ImageObject","inLanguage":"pt-BR","@id":"https:\/\/portalnpm.com\/#\/schema\/person\/image\/","url":"https:\/\/portalnpm.com\/wp-content\/uploads\/2024\/12\/avatar_user_3_1734699769-96x96.jpeg","contentUrl":"https:\/\/portalnpm.com\/wp-content\/uploads\/2024\/12\/avatar_user_3_1734699769-96x96.jpeg","caption":"Luis Alberto"},"description":"Editor-geral do Portal NPM, \u00e9 formado como T\u00e9cnico em Seguran\u00e7a do Trabalho pela Escola Metropolitana de Cursos T\u00e9cnicos. Det\u00e9m ainda licenciatura em Educa\u00e7\u00e3o F\u00edsica e bacharelado em Ci\u00eancias Pol\u00edticas, ambos obtidos pela institui\u00e7\u00e3o Anhanguera\/UNOPAR.","url":"https:\/\/portalnpm.com\/index.php\/author\/pereira\/"}]}},"jetpack_sharing_enabled":true,"jetpack_featured_media_url":"","_links":{"self":[{"href":"https:\/\/portalnpm.com\/index.php\/wp-json\/wp\/v2\/posts\/41104"}],"collection":[{"href":"https:\/\/portalnpm.com\/index.php\/wp-json\/wp\/v2\/posts"}],"about":[{"href":"https:\/\/portalnpm.com\/index.php\/wp-json\/wp\/v2\/types\/post"}],"author":[{"embeddable":true,"href":"https:\/\/portalnpm.com\/index.php\/wp-json\/wp\/v2\/users\/3"}],"replies":[{"embeddable":true,"href":"https:\/\/portalnpm.com\/index.php\/wp-json\/wp\/v2\/comments?post=41104"}],"version-history":[{"count":0,"href":"https:\/\/portalnpm.com\/index.php\/wp-json\/wp\/v2\/posts\/41104\/revisions"}],"wp:featuredmedia":[{"embeddable":true,"href":"https:\/\/portalnpm.com\/index.php\/wp-json\/"}],"wp:attachment":[{"href":"https:\/\/portalnpm.com\/index.php\/wp-json\/wp\/v2\/media?parent=41104"}],"wp:term":[{"taxonomy":"category","embeddable":true,"href":"https:\/\/portalnpm.com\/index.php\/wp-json\/wp\/v2\/categories?post=41104"},{"taxonomy":"post_tag","embeddable":true,"href":"https:\/\/portalnpm.com\/index.php\/wp-json\/wp\/v2\/tags?post=41104"}],"curies":[{"name":"wp","href":"https:\/\/api.w.org\/{rel}","templated":true}]}}