{"id":41291,"date":"2022-04-18T05:50:19","date_gmt":"2022-04-18T08:50:19","guid":{"rendered":"https:\/\/backupnpm.codetainer.com.br\/?p=41291"},"modified":"2022-04-18T05:50:19","modified_gmt":"2022-04-18T08:50:19","slug":"zero-possibilidade-de-apoiar-bolsonaro-diz-paulinho-da-forca","status":"publish","type":"post","link":"https:\/\/portalnpm.com\/index.php\/2022\/04\/18\/zero-possibilidade-de-apoiar-bolsonaro-diz-paulinho-da-forca\/","title":{"rendered":"&#8216;Zero possibilidade de apoiar Bolsonaro&#8217;, diz Paulinho da For\u00e7a"},"content":{"rendered":"<p style=\"text-align: justify;\">O presidente nacional do Solidariedade, Paulinho da For\u00e7a, disse neste s\u00e1bado (16) que n\u00e3o h\u00e1 qualquer possibilidade de ele e seu partido apoiarem a reelei\u00e7\u00e3o do presidente Jair Bolsonaro. &#8220;Zero&#8221;, afirmou o deputado federal, que deve se reunir com a presidente do PT, Gleisi Hoffmann, na pr\u00f3xima semana para rediscutir os termos da alian\u00e7a em torno do nome do ex- presidente Luiz In\u00e1cio Lula da Silva.<\/p>\n<p style=\"text-align: justify;\">\n<p style=\"text-align: justify;\">\n<p style=\"text-align: justify;\">O encontro \u00e9 exig\u00eancia de Paulinho, que quer saber qual papel caber\u00e1 ao Solidariedade na futura alian\u00e7a depois que ele foi vaiado em ato que reuniu militantes e sindicalistas com Lula na quinta-feira, em S\u00e3o Paulo. &#8220;Diante do ocorrido, queremos saber o que pensa o PT. O Solidariedade n\u00e3o quer ser o patinho feio dessa alian\u00e7a, queremos discutir uma alian\u00e7a ampla entre aqueles que est\u00e3o descontentes com o governo Bolsonaro e n\u00e3o apenas entre partidos de esquerda, mas de centro. Ou seja, uma alian\u00e7a muito maior do que pensa talvez uma parte do PT.&#8221;<\/p>\n<p style=\"text-align: justify;\">Depois da vaia, o Solidariedade cancelou a reuni\u00e3o da Executiva do partido, inicialmente marcada para o dia 3 do m\u00eas que vem. A data seria usada justamente para oficializar o apoio a Lula, antes do lan\u00e7amento oficial da pr\u00e9-candidatura petista, planejada para ocorrer no dia 7 de maio. &#8220;Foi s\u00f3 isso que mudou. O Solidariedade quer a alian\u00e7a, mas n\u00e3o s\u00f3 com os partidos centro.&#8221;<\/p>\n<p style=\"text-align: justify;\">A decis\u00e3o de Paulinho de adiar o an\u00fancio do apoio a Lula levou o ministro da Casa Civil, Ciro Nogueira (PP-PI), a tentar atrair o Solidariedade. Em \u00e1udio revelado neste s\u00e1bado pelo O Antagonista, o aliado de Bolsonaro afirma a Paulinho que ele ser\u00e1 muito melhor tratado pelos apoiadores da reelei\u00e7\u00e3o.<\/p>\n<p style=\"text-align: justify;\">&#8220;Vem pra c\u00e1. Aqui voc\u00ea vai ter s\u00f3 festa, alegria, e bons amigos cuidando de voc\u00ea. N\u00f3s estamos prontos para cuidar melhor de voc\u00ea, rapaz. Venha para o lado dos bons, das pessoas que gostam de voc\u00ea. Esse povo l\u00e1 n\u00e3o presta n\u00e3o&#8221;, diz Ciro Nogueira na mensagem a Paulinho, que responde dizendo que estava pensando na proposta. Ao Estad\u00e3o, no entanto, o deputado disse que a fala se deu em tom de brincadeira.<\/p>\n<p style=\"text-align: justify;\">&#8220;Ciro \u00e9 meu amigo, companheiro, independentemente de partido e de posi\u00e7\u00e3o que ele tenha no governo. Foi uma conversa de amigos. Ele me mandou na brincadeira e eu respondi na brincadeira. N\u00e3o tem nenhuma possibilidade de a gente apoiar o Bolsonaro, isso n\u00e3o tem d\u00favida&#8221;, afirmou Paulinho, que disse ter recebido uma liga\u00e7\u00e3o nesta manh\u00e3 da presidente nacional do PT.<\/p>\n<p style=\"text-align: justify;\">&#8220;A Gleisi me ligou hoje para marcar uma reuni\u00e3o para discutirmos essa alian\u00e7a ampla. Perguntou se eu estaria em S\u00e3o Paulo na segunda ou na ter\u00e7a para fazermos uma reuni\u00e3o e discutirmos dentro desses par\u00e2metros de alian\u00e7a, que envolva tamb\u00e9m partidos de centro. \u00c9 isso que queremos.&#8221;<\/p>\n<p style=\"text-align: justify;\">Gleisi afirmou ao Estad\u00e3o\/Broadcast Pol\u00edtico, na sexta-feira, que a vaia sofrida por Paulinho n\u00e3o teve nenhuma rela\u00e7\u00e3o com o PT. &#8220;A vaia foi de um pequeno grupo e n\u00e3o tem nada a ver com o PT. A maioria da nossa milit\u00e2ncia entende como importante o apoio e presen\u00e7a do Solidariedade e dele Paulinho na coliga\u00e7\u00e3o com Lula. Queremos que ele esteja conosco nessa caminhada&#8221;, disse a dirigente partid\u00e1ria.<\/p>\n<p style=\"text-align: justify;\">Paulinho e seu partido indicavam h\u00e1 algum tempo que apoiariam Lula na corrida pela Presid\u00eancia. O dirigente chegou a convidar o Geraldo Alckmin (PSB) a se filiar \u00e0 legenda para compor a chapa com o petista. Nesta semana, o ex-governador paulista teve seu nome aprovado como vice na chapa com Lula \u00e0 corrida presidencial de 2022. O Solidariedade \u00e9 um dos poucos partidos de centro dispostos a apoiar Lula j\u00e1 no primeiro turno da elei\u00e7\u00e3o.<\/p>\n<p style=\"text-align: justify;\">Alguns petistas costumam lembrar que o presidente do Solidariedade votou a favor do impeachment da ex-presidente Dilma Rousseff (PT), em 2016.<\/p>\n<p style=\"text-align: justify;\">\n<p style=\"text-align: justify;\"><em>Fonte: Estad\u00e3o Conte\u00fado\u00a0<\/em><\/p>\n","protected":false},"excerpt":{"rendered":"<p>O presidente nacional do Solidariedade, Paulinho da For\u00e7a, disse neste s\u00e1bado (16) que n\u00e3o h\u00e1 qualquer possibilidade de ele e seu partido apoiarem a reelei\u00e7\u00e3o do presidente Jair Bolsonaro. &#8220;Zero&#8221;, afirmou o deputado federal, que deve se reunir com a presidente do PT, Gleisi Hoffmann, na pr\u00f3xima semana para rediscutir os termos da alian\u00e7a em &hellip;<\/p>\n","protected":false},"author":2,"featured_media":41292,"comment_status":"open","ping_status":"open","sticky":false,"template":"","format":"standard","meta":{"content-type":"","rop_custom_images_group":[],"rop_custom_messages_group":[],"rop_publish_now":"initial","rop_publish_now_accounts":{"facebook_2648258775420054_1618374048415101":""},"rop_publish_now_history":[],"rop_publish_now_status":"pending","footnotes":"","_jetpack_memberships_contains_paid_content":false},"categories":[130],"tags":[576,13095],"yoast_head":"<!-- This site is optimized with the Yoast SEO plugin v22.3 - https:\/\/yoast.com\/wordpress\/plugins\/seo\/ -->\n<title>&#039;Zero possibilidade de apoiar Bolsonaro&#039;, diz Paulinho da For\u00e7a - Portal NPM<\/title>\n<meta name=\"robots\" content=\"index, follow, max-snippet:-1, max-image-preview:large, max-video-preview:-1\" \/>\n<link rel=\"canonical\" href=\"https:\/\/portalnpm.com\/index.php\/2022\/04\/18\/zero-possibilidade-de-apoiar-bolsonaro-diz-paulinho-da-forca\/\" \/>\n<meta property=\"og:locale\" content=\"pt_BR\" \/>\n<meta property=\"og:type\" content=\"article\" \/>\n<meta property=\"og:title\" content=\"&#039;Zero possibilidade de apoiar Bolsonaro&#039;, diz Paulinho da For\u00e7a - Portal NPM\" \/>\n<meta property=\"og:description\" content=\"O presidente nacional do Solidariedade, Paulinho da For\u00e7a, disse neste s\u00e1bado (16) que n\u00e3o h\u00e1 qualquer possibilidade de ele e seu partido apoiarem a reelei\u00e7\u00e3o do presidente Jair Bolsonaro. &#8220;Zero&#8221;, afirmou o deputado federal, que deve se reunir com a presidente do PT, Gleisi Hoffmann, na pr\u00f3xima semana para rediscutir os termos da alian\u00e7a em &hellip;\" \/>\n<meta property=\"og:url\" content=\"https:\/\/portalnpm.com\/index.php\/2022\/04\/18\/zero-possibilidade-de-apoiar-bolsonaro-diz-paulinho-da-forca\/\" \/>\n<meta property=\"og:site_name\" content=\"Portal NPM\" \/>\n<meta property=\"article:published_time\" content=\"2022-04-18T08:50:19+00:00\" \/>\n<meta name=\"author\" content=\"Genival Barbosa\" \/>\n<meta name=\"twitter:card\" content=\"summary_large_image\" \/>\n<meta name=\"twitter:label1\" content=\"Escrito por\" \/>\n\t<meta name=\"twitter:data1\" content=\"Genival Barbosa\" \/>\n\t<meta name=\"twitter:label2\" content=\"Est. tempo de leitura\" \/>\n\t<meta name=\"twitter:data2\" content=\"3 minutos\" \/>\n<script type=\"application\/ld+json\" class=\"yoast-schema-graph\">{\"@context\":\"https:\/\/schema.org\",\"@graph\":[{\"@type\":\"WebPage\",\"@id\":\"https:\/\/portalnpm.com\/index.php\/2022\/04\/18\/zero-possibilidade-de-apoiar-bolsonaro-diz-paulinho-da-forca\/\",\"url\":\"https:\/\/portalnpm.com\/index.php\/2022\/04\/18\/zero-possibilidade-de-apoiar-bolsonaro-diz-paulinho-da-forca\/\",\"name\":\"'Zero possibilidade de apoiar Bolsonaro', diz Paulinho da For\u00e7a - Portal NPM\",\"isPartOf\":{\"@id\":\"https:\/\/portalnpm.com\/#website\"},\"primaryImageOfPage\":{\"@id\":\"https:\/\/portalnpm.com\/index.php\/2022\/04\/18\/zero-possibilidade-de-apoiar-bolsonaro-diz-paulinho-da-forca\/#primaryimage\"},\"image\":{\"@id\":\"https:\/\/portalnpm.com\/index.php\/2022\/04\/18\/zero-possibilidade-de-apoiar-bolsonaro-diz-paulinho-da-forca\/#primaryimage\"},\"thumbnailUrl\":\"\",\"datePublished\":\"2022-04-18T08:50:19+00:00\",\"dateModified\":\"2022-04-18T08:50:19+00:00\",\"author\":{\"@id\":\"https:\/\/portalnpm.com\/#\/schema\/person\/49313e563cfdefcc167f1ee4c017c294\"},\"breadcrumb\":{\"@id\":\"https:\/\/portalnpm.com\/index.php\/2022\/04\/18\/zero-possibilidade-de-apoiar-bolsonaro-diz-paulinho-da-forca\/#breadcrumb\"},\"inLanguage\":\"pt-BR\",\"potentialAction\":[{\"@type\":\"ReadAction\",\"target\":[\"https:\/\/portalnpm.com\/index.php\/2022\/04\/18\/zero-possibilidade-de-apoiar-bolsonaro-diz-paulinho-da-forca\/\"]}]},{\"@type\":\"ImageObject\",\"inLanguage\":\"pt-BR\",\"@id\":\"https:\/\/portalnpm.com\/index.php\/2022\/04\/18\/zero-possibilidade-de-apoiar-bolsonaro-diz-paulinho-da-forca\/#primaryimage\",\"url\":\"\",\"contentUrl\":\"\"},{\"@type\":\"BreadcrumbList\",\"@id\":\"https:\/\/portalnpm.com\/index.php\/2022\/04\/18\/zero-possibilidade-de-apoiar-bolsonaro-diz-paulinho-da-forca\/#breadcrumb\",\"itemListElement\":[{\"@type\":\"ListItem\",\"position\":1,\"name\":\"In\u00edcio\",\"item\":\"https:\/\/portalnpm.com\/\"},{\"@type\":\"ListItem\",\"position\":2,\"name\":\"&#8216;Zero possibilidade de apoiar Bolsonaro&#8217;, diz Paulinho da For\u00e7a\"}]},{\"@type\":\"WebSite\",\"@id\":\"https:\/\/portalnpm.com\/#website\",\"url\":\"https:\/\/portalnpm.com\/\",\"name\":\"Portal NPM\",\"description\":\"Not\u00edcias em Primeira M\u00e3o\",\"potentialAction\":[{\"@type\":\"SearchAction\",\"target\":{\"@type\":\"EntryPoint\",\"urlTemplate\":\"https:\/\/portalnpm.com\/?s={search_term_string}\"},\"query-input\":\"required name=search_term_string\"}],\"inLanguage\":\"pt-BR\"},{\"@type\":\"Person\",\"@id\":\"https:\/\/portalnpm.com\/#\/schema\/person\/49313e563cfdefcc167f1ee4c017c294\",\"name\":\"Genival Barbosa\",\"image\":{\"@type\":\"ImageObject\",\"inLanguage\":\"pt-BR\",\"@id\":\"https:\/\/portalnpm.com\/#\/schema\/person\/image\/\",\"url\":\"https:\/\/portalnpm.com\/wp-content\/uploads\/2024\/02\/avatar_user_2_1707743258-96x96.jpeg\",\"contentUrl\":\"https:\/\/portalnpm.com\/wp-content\/uploads\/2024\/02\/avatar_user_2_1707743258-96x96.jpeg\",\"caption\":\"Genival Barbosa\"},\"url\":\"https:\/\/portalnpm.com\/index.php\/author\/genival\/\"}]}<\/script>\n<!-- \/ Yoast SEO plugin. -->","yoast_head_json":{"title":"'Zero possibilidade de apoiar Bolsonaro', diz Paulinho da For\u00e7a - Portal NPM","robots":{"index":"index","follow":"follow","max-snippet":"max-snippet:-1","max-image-preview":"max-image-preview:large","max-video-preview":"max-video-preview:-1"},"canonical":"https:\/\/portalnpm.com\/index.php\/2022\/04\/18\/zero-possibilidade-de-apoiar-bolsonaro-diz-paulinho-da-forca\/","og_locale":"pt_BR","og_type":"article","og_title":"'Zero possibilidade de apoiar Bolsonaro', diz Paulinho da For\u00e7a - Portal NPM","og_description":"O presidente nacional do Solidariedade, Paulinho da For\u00e7a, disse neste s\u00e1bado (16) que n\u00e3o h\u00e1 qualquer possibilidade de ele e seu partido apoiarem a reelei\u00e7\u00e3o do presidente Jair Bolsonaro. &#8220;Zero&#8221;, afirmou o deputado federal, que deve se reunir com a presidente do PT, Gleisi Hoffmann, na pr\u00f3xima semana para rediscutir os termos da alian\u00e7a em &hellip;","og_url":"https:\/\/portalnpm.com\/index.php\/2022\/04\/18\/zero-possibilidade-de-apoiar-bolsonaro-diz-paulinho-da-forca\/","og_site_name":"Portal NPM","article_published_time":"2022-04-18T08:50:19+00:00","author":"Genival Barbosa","twitter_card":"summary_large_image","twitter_misc":{"Escrito por":"Genival Barbosa","Est. tempo de leitura":"3 minutos"},"schema":{"@context":"https:\/\/schema.org","@graph":[{"@type":"WebPage","@id":"https:\/\/portalnpm.com\/index.php\/2022\/04\/18\/zero-possibilidade-de-apoiar-bolsonaro-diz-paulinho-da-forca\/","url":"https:\/\/portalnpm.com\/index.php\/2022\/04\/18\/zero-possibilidade-de-apoiar-bolsonaro-diz-paulinho-da-forca\/","name":"'Zero possibilidade de apoiar Bolsonaro', diz Paulinho da For\u00e7a - Portal NPM","isPartOf":{"@id":"https:\/\/portalnpm.com\/#website"},"primaryImageOfPage":{"@id":"https:\/\/portalnpm.com\/index.php\/2022\/04\/18\/zero-possibilidade-de-apoiar-bolsonaro-diz-paulinho-da-forca\/#primaryimage"},"image":{"@id":"https:\/\/portalnpm.com\/index.php\/2022\/04\/18\/zero-possibilidade-de-apoiar-bolsonaro-diz-paulinho-da-forca\/#primaryimage"},"thumbnailUrl":"","datePublished":"2022-04-18T08:50:19+00:00","dateModified":"2022-04-18T08:50:19+00:00","author":{"@id":"https:\/\/portalnpm.com\/#\/schema\/person\/49313e563cfdefcc167f1ee4c017c294"},"breadcrumb":{"@id":"https:\/\/portalnpm.com\/index.php\/2022\/04\/18\/zero-possibilidade-de-apoiar-bolsonaro-diz-paulinho-da-forca\/#breadcrumb"},"inLanguage":"pt-BR","potentialAction":[{"@type":"ReadAction","target":["https:\/\/portalnpm.com\/index.php\/2022\/04\/18\/zero-possibilidade-de-apoiar-bolsonaro-diz-paulinho-da-forca\/"]}]},{"@type":"ImageObject","inLanguage":"pt-BR","@id":"https:\/\/portalnpm.com\/index.php\/2022\/04\/18\/zero-possibilidade-de-apoiar-bolsonaro-diz-paulinho-da-forca\/#primaryimage","url":"","contentUrl":""},{"@type":"BreadcrumbList","@id":"https:\/\/portalnpm.com\/index.php\/2022\/04\/18\/zero-possibilidade-de-apoiar-bolsonaro-diz-paulinho-da-forca\/#breadcrumb","itemListElement":[{"@type":"ListItem","position":1,"name":"In\u00edcio","item":"https:\/\/portalnpm.com\/"},{"@type":"ListItem","position":2,"name":"&#8216;Zero possibilidade de apoiar Bolsonaro&#8217;, diz Paulinho da For\u00e7a"}]},{"@type":"WebSite","@id":"https:\/\/portalnpm.com\/#website","url":"https:\/\/portalnpm.com\/","name":"Portal NPM","description":"Not\u00edcias em Primeira M\u00e3o","potentialAction":[{"@type":"SearchAction","target":{"@type":"EntryPoint","urlTemplate":"https:\/\/portalnpm.com\/?s={search_term_string}"},"query-input":"required name=search_term_string"}],"inLanguage":"pt-BR"},{"@type":"Person","@id":"https:\/\/portalnpm.com\/#\/schema\/person\/49313e563cfdefcc167f1ee4c017c294","name":"Genival Barbosa","image":{"@type":"ImageObject","inLanguage":"pt-BR","@id":"https:\/\/portalnpm.com\/#\/schema\/person\/image\/","url":"https:\/\/portalnpm.com\/wp-content\/uploads\/2024\/02\/avatar_user_2_1707743258-96x96.jpeg","contentUrl":"https:\/\/portalnpm.com\/wp-content\/uploads\/2024\/02\/avatar_user_2_1707743258-96x96.jpeg","caption":"Genival Barbosa"},"url":"https:\/\/portalnpm.com\/index.php\/author\/genival\/"}]}},"jetpack_sharing_enabled":true,"jetpack_featured_media_url":"","_links":{"self":[{"href":"https:\/\/portalnpm.com\/index.php\/wp-json\/wp\/v2\/posts\/41291"}],"collection":[{"href":"https:\/\/portalnpm.com\/index.php\/wp-json\/wp\/v2\/posts"}],"about":[{"href":"https:\/\/portalnpm.com\/index.php\/wp-json\/wp\/v2\/types\/post"}],"author":[{"embeddable":true,"href":"https:\/\/portalnpm.com\/index.php\/wp-json\/wp\/v2\/users\/2"}],"replies":[{"embeddable":true,"href":"https:\/\/portalnpm.com\/index.php\/wp-json\/wp\/v2\/comments?post=41291"}],"version-history":[{"count":0,"href":"https:\/\/portalnpm.com\/index.php\/wp-json\/wp\/v2\/posts\/41291\/revisions"}],"wp:featuredmedia":[{"embeddable":true,"href":"https:\/\/portalnpm.com\/index.php\/wp-json\/"}],"wp:attachment":[{"href":"https:\/\/portalnpm.com\/index.php\/wp-json\/wp\/v2\/media?parent=41291"}],"wp:term":[{"taxonomy":"category","embeddable":true,"href":"https:\/\/portalnpm.com\/index.php\/wp-json\/wp\/v2\/categories?post=41291"},{"taxonomy":"post_tag","embeddable":true,"href":"https:\/\/portalnpm.com\/index.php\/wp-json\/wp\/v2\/tags?post=41291"}],"curies":[{"name":"wp","href":"https:\/\/api.w.org\/{rel}","templated":true}]}}