{"id":41402,"date":"2022-04-28T06:00:59","date_gmt":"2022-04-28T09:00:59","guid":{"rendered":"https:\/\/backupnpm.codetainer.com.br\/?p=41402"},"modified":"2022-04-28T06:00:59","modified_gmt":"2022-04-28T09:00:59","slug":"fui-vitima-usada-como-objeto-de-prazer-durante-delirios-e-alucinacoes-diz-mulher-de-personal-sobre-sem-teto","status":"publish","type":"post","link":"https:\/\/portalnpm.com\/index.php\/2022\/04\/28\/fui-vitima-usada-como-objeto-de-prazer-durante-delirios-e-alucinacoes-diz-mulher-de-personal-sobre-sem-teto\/","title":{"rendered":"\u201cFui v\u00edtima\u201d, \u201cusada como objeto de prazer durante del\u00edrios e alucina\u00e7\u00f5es\u201d, diz mulher de personal sobre sem-teto"},"content":{"rendered":"<p style=\"text-align: justify;\">\n<p style=\"text-align: justify;\">Brasil \u2013 Sandra Mara Fernandes, esposa do personal que agrediu o ex-morador de rua Givaldo Souza, ap\u00f3s flagrar ambos em rela\u00e7\u00f5es sexuais dentro de um carro, se pronunciou pela primeira vez ap\u00f3s receber alta hospitalar. Por meio das redes sociais, ela agradeceu o apoio recebido e disse que levou o caso \u00e0 Justi\u00e7a.<\/p>\n<div style=\"text-align: justify;\"><\/div>\n<div style=\"text-align: justify;\"><\/div>\n<div style=\"text-align: justify;\"><\/div>\n<div style=\"text-align: justify;\">\u201cVenho atrav\u00e9s desta postagem agradecer as pessoas que se levantaram para me defender quando eu n\u00e3o tinha condi\u00e7\u00f5es [\u2026] Hoje eu busco na JUSTI\u00c7A os meus DIREITOS, pois nunca faltei com respeito com ningu\u00e9m e n\u00e3o merecia ter sido tratada como uma qualquer, e, principalmente, ter sido usada como OBJETO de prazer durante DEL\u00cdRIOS e ALUCINA\u00c7\u00d5ES que confundiram minha mente e me colocaram num contexto NOJENTO e S\u00d3RDIDO\u201d, escreveu.<\/div>\n<div style=\"text-align: justify;\"><\/div>\n<div style=\"text-align: justify;\">Sandra, de 33 anos, queixou-se de ter sido humilhada, julgada e v\u00edtima de chacotas, sobretudo por outras mulheres.<\/div>\n<div style=\"text-align: justify;\"><\/div>\n<div style=\"text-align: justify;\">\u201cFui V\u00cdTIMA de chacotas, humilha\u00e7\u00f5es em rede nacional. Fui taxada como uma mulher qualquer, uma mulher prom\u00edscua, uma mulher com fetiches, uma traidora. E mais, ofendida ainda por ter sido atacada por outras mulheres que entenderam que eu merecia o pior. Eu sempre soube que vivemos numa sociedade desigual, mas eu N\u00c3O escolhi ter um SURTO, eu N\u00c3O escolhi ter sido HUMILHADA, eu N\u00c3O escolhi ter minha vida EXPOSTA e DEVASTADA!\u201d, desabafou.<\/div>\n<div style=\"text-align: justify;\"><\/div>\n<div style=\"text-align: justify;\">Sandra postou o longo texto junto a uma foto dela e seu marido, o personal Eduardo Alves. \u00c9 a \u00fanica publica\u00e7\u00e3o atualmente em seu perfil no Instagram, que conta com mais de 100 mil seguidores.<\/div>\n<div style=\"text-align: justify;\"><\/div>\n<div style=\"text-align: justify;\"><strong><em>Confira o relato na \u00edntegra:<\/em><\/strong><\/div>\n<div style=\"text-align: justify;\"><\/div>\n<div style=\"text-align: justify;\">Ol\u00e1 me chamo SANDRA MARA FERNANDES, sou a m\u00e3e da Anna Laura e a esposa do @eduardoalvestrainer. Venho atrav\u00e9s desta postagem agradecer as pessoas que se levantaram para me defender quando eu n\u00e3o tinha condi\u00e7\u00f5es.<\/div>\n<div style=\"text-align: justify;\"><\/div>\n<div style=\"text-align: justify;\">Passei por dias muito dif\u00edceis, nunca me imaginei naquela situa\u00e7\u00e3o. Eu me sinto profundamente dilacerada pelo ocorrido. Hoje eu tenho ci\u00eancia de tudo o que foi dito enquanto eu estava internada e sendo cuidada por m\u00e9dicos, psic\u00f3logos, assistentes sociais, enfermeiros e outros profissionais.<\/div>\n<div style=\"text-align: justify;\"><\/div>\n<div style=\"text-align: justify;\">Fui V\u00cdTIMA de chacotas, humilha\u00e7\u00f5es em rede nacional. Fui taxada como uma mulher qualquer, uma mulher prom\u00edscua, uma mulher com fetiches, uma traidora. E mais ofendida ainda por ter sido atacada por outras mulheres que entenderam que eu merecia o pior.<\/div>\n<div style=\"text-align: justify;\"><\/div>\n<div style=\"text-align: justify;\">Eu sempre soube que vivemos numa sociedade desigual, mas eu N\u00c3O escolhi ter um SURTO, eu N\u00c3O escolhi ter sido HUMILHADA, eu N\u00c3O escolhi ter minha vida EXPOSTA e DEVASTADA! Ent\u00e3o, na condi\u00e7\u00e3o onde estive eu sei que tinha leg\u00edtimo DIREITO de ser DEFENDIDA. Agrade\u00e7o ao meu esposo por tudo que ele fez por mim. Ele me defendeu durante e depois do ocorrido, pois sabe que em condi\u00e7\u00f5es normais eu jamais teria permitido passar por aquilo. Agrade\u00e7o tamb\u00e9m ao meu pai, minha madrasta, meus irm\u00e3os e amigos, que me acolheram e ajudaram o Eduardo e a Anna Laura.<\/div>\n<div style=\"text-align: justify;\"><\/div>\n<div style=\"text-align: justify;\">Sou profundamente grata aos profissionais que me ajudaram a compreender o que estava acontecendo quando eu j\u00e1 N\u00c3O TINHA dom\u00ednio da minha pr\u00f3pria vida. Hoje eu busco na JUSTI\u00c7A os meus DIREITOS, pois nunca faltei com respeito com ningu\u00e9m e n\u00e3o merecia ter sido tratada como uma qualquer, e, principalmente, ter sido usada como OBJETO de prazer durante DEL\u00cdRIOS e ALUCINA\u00c7\u00d5ES que confundiram minha mente e me colocaram num contexto NOJENTO e S\u00d3RDIDO. Sigo BATALHANDO, um dia de cada vez, para retomar \u00e0 minha exist\u00eancia e vou conseguir porque DEUS \u00e9 maior e infinitamente bom!<\/div>\n<div style=\"text-align: justify;\"><\/div>\n<div style=\"text-align: justify;\"><\/div>\n<div style=\"text-align: justify;\"><\/div>\n<div style=\"text-align: justify;\"><em>Com informa\u00e7\u00f5es via Pleno News<\/em><\/div>\n","protected":false},"excerpt":{"rendered":"<p>Brasil \u2013 Sandra Mara Fernandes, esposa do personal que agrediu o ex-morador de rua Givaldo Souza, ap\u00f3s flagrar ambos em rela\u00e7\u00f5es sexuais dentro de um carro, se pronunciou pela primeira vez ap\u00f3s receber alta hospitalar. Por meio das redes sociais, ela agradeceu o apoio recebido e disse que levou o caso \u00e0 Justi\u00e7a. \u201cVenho atrav\u00e9s &hellip;<\/p>\n","protected":false},"author":2,"featured_media":41403,"comment_status":"open","ping_status":"open","sticky":false,"template":"","format":"standard","meta":{"content-type":"","rop_custom_images_group":[],"rop_custom_messages_group":[],"rop_publish_now":"initial","rop_publish_now_accounts":{"facebook_2648258775420054_1618374048415101":""},"rop_publish_now_history":[],"rop_publish_now_status":"pending","footnotes":"","_jetpack_memberships_contains_paid_content":false},"categories":[113],"tags":[485,9444],"yoast_head":"<!-- This site is optimized with the Yoast SEO plugin v22.3 - https:\/\/yoast.com\/wordpress\/plugins\/seo\/ -->\n<title>\u201cFui v\u00edtima\u201d, \u201cusada como objeto de prazer durante del\u00edrios e alucina\u00e7\u00f5es\u201d, diz mulher de personal sobre sem-teto - Portal NPM<\/title>\n<meta name=\"robots\" content=\"index, follow, max-snippet:-1, max-image-preview:large, max-video-preview:-1\" \/>\n<link rel=\"canonical\" href=\"https:\/\/portalnpm.com\/index.php\/2022\/04\/28\/fui-vitima-usada-como-objeto-de-prazer-durante-delirios-e-alucinacoes-diz-mulher-de-personal-sobre-sem-teto\/\" \/>\n<meta property=\"og:locale\" content=\"pt_BR\" \/>\n<meta property=\"og:type\" content=\"article\" \/>\n<meta property=\"og:title\" content=\"\u201cFui v\u00edtima\u201d, \u201cusada como objeto de prazer durante del\u00edrios e alucina\u00e7\u00f5es\u201d, diz mulher de personal sobre sem-teto - Portal NPM\" \/>\n<meta property=\"og:description\" content=\"Brasil \u2013 Sandra Mara Fernandes, esposa do personal que agrediu o ex-morador de rua Givaldo Souza, ap\u00f3s flagrar ambos em rela\u00e7\u00f5es sexuais dentro de um carro, se pronunciou pela primeira vez ap\u00f3s receber alta hospitalar. Por meio das redes sociais, ela agradeceu o apoio recebido e disse que levou o caso \u00e0 Justi\u00e7a. \u201cVenho atrav\u00e9s &hellip;\" \/>\n<meta property=\"og:url\" content=\"https:\/\/portalnpm.com\/index.php\/2022\/04\/28\/fui-vitima-usada-como-objeto-de-prazer-durante-delirios-e-alucinacoes-diz-mulher-de-personal-sobre-sem-teto\/\" \/>\n<meta property=\"og:site_name\" content=\"Portal NPM\" \/>\n<meta property=\"article:published_time\" content=\"2022-04-28T09:00:59+00:00\" \/>\n<meta name=\"author\" content=\"Genival Barbosa\" \/>\n<meta name=\"twitter:card\" content=\"summary_large_image\" \/>\n<meta name=\"twitter:label1\" content=\"Escrito por\" \/>\n\t<meta name=\"twitter:data1\" content=\"Genival Barbosa\" \/>\n\t<meta name=\"twitter:label2\" content=\"Est. tempo de leitura\" \/>\n\t<meta name=\"twitter:data2\" content=\"3 minutos\" \/>\n<script type=\"application\/ld+json\" class=\"yoast-schema-graph\">{\"@context\":\"https:\/\/schema.org\",\"@graph\":[{\"@type\":\"WebPage\",\"@id\":\"https:\/\/portalnpm.com\/index.php\/2022\/04\/28\/fui-vitima-usada-como-objeto-de-prazer-durante-delirios-e-alucinacoes-diz-mulher-de-personal-sobre-sem-teto\/\",\"url\":\"https:\/\/portalnpm.com\/index.php\/2022\/04\/28\/fui-vitima-usada-como-objeto-de-prazer-durante-delirios-e-alucinacoes-diz-mulher-de-personal-sobre-sem-teto\/\",\"name\":\"\u201cFui v\u00edtima\u201d, \u201cusada como objeto de prazer durante del\u00edrios e alucina\u00e7\u00f5es\u201d, diz mulher de personal sobre sem-teto - Portal NPM\",\"isPartOf\":{\"@id\":\"https:\/\/portalnpm.com\/#website\"},\"primaryImageOfPage\":{\"@id\":\"https:\/\/portalnpm.com\/index.php\/2022\/04\/28\/fui-vitima-usada-como-objeto-de-prazer-durante-delirios-e-alucinacoes-diz-mulher-de-personal-sobre-sem-teto\/#primaryimage\"},\"image\":{\"@id\":\"https:\/\/portalnpm.com\/index.php\/2022\/04\/28\/fui-vitima-usada-como-objeto-de-prazer-durante-delirios-e-alucinacoes-diz-mulher-de-personal-sobre-sem-teto\/#primaryimage\"},\"thumbnailUrl\":\"\",\"datePublished\":\"2022-04-28T09:00:59+00:00\",\"dateModified\":\"2022-04-28T09:00:59+00:00\",\"author\":{\"@id\":\"https:\/\/portalnpm.com\/#\/schema\/person\/49313e563cfdefcc167f1ee4c017c294\"},\"breadcrumb\":{\"@id\":\"https:\/\/portalnpm.com\/index.php\/2022\/04\/28\/fui-vitima-usada-como-objeto-de-prazer-durante-delirios-e-alucinacoes-diz-mulher-de-personal-sobre-sem-teto\/#breadcrumb\"},\"inLanguage\":\"pt-BR\",\"potentialAction\":[{\"@type\":\"ReadAction\",\"target\":[\"https:\/\/portalnpm.com\/index.php\/2022\/04\/28\/fui-vitima-usada-como-objeto-de-prazer-durante-delirios-e-alucinacoes-diz-mulher-de-personal-sobre-sem-teto\/\"]}]},{\"@type\":\"ImageObject\",\"inLanguage\":\"pt-BR\",\"@id\":\"https:\/\/portalnpm.com\/index.php\/2022\/04\/28\/fui-vitima-usada-como-objeto-de-prazer-durante-delirios-e-alucinacoes-diz-mulher-de-personal-sobre-sem-teto\/#primaryimage\",\"url\":\"\",\"contentUrl\":\"\"},{\"@type\":\"BreadcrumbList\",\"@id\":\"https:\/\/portalnpm.com\/index.php\/2022\/04\/28\/fui-vitima-usada-como-objeto-de-prazer-durante-delirios-e-alucinacoes-diz-mulher-de-personal-sobre-sem-teto\/#breadcrumb\",\"itemListElement\":[{\"@type\":\"ListItem\",\"position\":1,\"name\":\"In\u00edcio\",\"item\":\"https:\/\/portalnpm.com\/\"},{\"@type\":\"ListItem\",\"position\":2,\"name\":\"\u201cFui v\u00edtima\u201d, \u201cusada como objeto de prazer durante del\u00edrios e alucina\u00e7\u00f5es\u201d, diz mulher de personal sobre sem-teto\"}]},{\"@type\":\"WebSite\",\"@id\":\"https:\/\/portalnpm.com\/#website\",\"url\":\"https:\/\/portalnpm.com\/\",\"name\":\"Portal NPM\",\"description\":\"Not\u00edcias em Primeira M\u00e3o\",\"potentialAction\":[{\"@type\":\"SearchAction\",\"target\":{\"@type\":\"EntryPoint\",\"urlTemplate\":\"https:\/\/portalnpm.com\/?s={search_term_string}\"},\"query-input\":\"required name=search_term_string\"}],\"inLanguage\":\"pt-BR\"},{\"@type\":\"Person\",\"@id\":\"https:\/\/portalnpm.com\/#\/schema\/person\/49313e563cfdefcc167f1ee4c017c294\",\"name\":\"Genival Barbosa\",\"image\":{\"@type\":\"ImageObject\",\"inLanguage\":\"pt-BR\",\"@id\":\"https:\/\/portalnpm.com\/#\/schema\/person\/image\/\",\"url\":\"https:\/\/portalnpm.com\/wp-content\/uploads\/2024\/02\/avatar_user_2_1707743258-96x96.jpeg\",\"contentUrl\":\"https:\/\/portalnpm.com\/wp-content\/uploads\/2024\/02\/avatar_user_2_1707743258-96x96.jpeg\",\"caption\":\"Genival Barbosa\"},\"url\":\"https:\/\/portalnpm.com\/index.php\/author\/genival\/\"}]}<\/script>\n<!-- \/ Yoast SEO plugin. -->","yoast_head_json":{"title":"\u201cFui v\u00edtima\u201d, \u201cusada como objeto de prazer durante del\u00edrios e alucina\u00e7\u00f5es\u201d, diz mulher de personal sobre sem-teto - Portal NPM","robots":{"index":"index","follow":"follow","max-snippet":"max-snippet:-1","max-image-preview":"max-image-preview:large","max-video-preview":"max-video-preview:-1"},"canonical":"https:\/\/portalnpm.com\/index.php\/2022\/04\/28\/fui-vitima-usada-como-objeto-de-prazer-durante-delirios-e-alucinacoes-diz-mulher-de-personal-sobre-sem-teto\/","og_locale":"pt_BR","og_type":"article","og_title":"\u201cFui v\u00edtima\u201d, \u201cusada como objeto de prazer durante del\u00edrios e alucina\u00e7\u00f5es\u201d, diz mulher de personal sobre sem-teto - Portal NPM","og_description":"Brasil \u2013 Sandra Mara Fernandes, esposa do personal que agrediu o ex-morador de rua Givaldo Souza, ap\u00f3s flagrar ambos em rela\u00e7\u00f5es sexuais dentro de um carro, se pronunciou pela primeira vez ap\u00f3s receber alta hospitalar. Por meio das redes sociais, ela agradeceu o apoio recebido e disse que levou o caso \u00e0 Justi\u00e7a. \u201cVenho atrav\u00e9s &hellip;","og_url":"https:\/\/portalnpm.com\/index.php\/2022\/04\/28\/fui-vitima-usada-como-objeto-de-prazer-durante-delirios-e-alucinacoes-diz-mulher-de-personal-sobre-sem-teto\/","og_site_name":"Portal NPM","article_published_time":"2022-04-28T09:00:59+00:00","author":"Genival Barbosa","twitter_card":"summary_large_image","twitter_misc":{"Escrito por":"Genival Barbosa","Est. tempo de leitura":"3 minutos"},"schema":{"@context":"https:\/\/schema.org","@graph":[{"@type":"WebPage","@id":"https:\/\/portalnpm.com\/index.php\/2022\/04\/28\/fui-vitima-usada-como-objeto-de-prazer-durante-delirios-e-alucinacoes-diz-mulher-de-personal-sobre-sem-teto\/","url":"https:\/\/portalnpm.com\/index.php\/2022\/04\/28\/fui-vitima-usada-como-objeto-de-prazer-durante-delirios-e-alucinacoes-diz-mulher-de-personal-sobre-sem-teto\/","name":"\u201cFui v\u00edtima\u201d, \u201cusada como objeto de prazer durante del\u00edrios e alucina\u00e7\u00f5es\u201d, diz mulher de personal sobre sem-teto - Portal NPM","isPartOf":{"@id":"https:\/\/portalnpm.com\/#website"},"primaryImageOfPage":{"@id":"https:\/\/portalnpm.com\/index.php\/2022\/04\/28\/fui-vitima-usada-como-objeto-de-prazer-durante-delirios-e-alucinacoes-diz-mulher-de-personal-sobre-sem-teto\/#primaryimage"},"image":{"@id":"https:\/\/portalnpm.com\/index.php\/2022\/04\/28\/fui-vitima-usada-como-objeto-de-prazer-durante-delirios-e-alucinacoes-diz-mulher-de-personal-sobre-sem-teto\/#primaryimage"},"thumbnailUrl":"","datePublished":"2022-04-28T09:00:59+00:00","dateModified":"2022-04-28T09:00:59+00:00","author":{"@id":"https:\/\/portalnpm.com\/#\/schema\/person\/49313e563cfdefcc167f1ee4c017c294"},"breadcrumb":{"@id":"https:\/\/portalnpm.com\/index.php\/2022\/04\/28\/fui-vitima-usada-como-objeto-de-prazer-durante-delirios-e-alucinacoes-diz-mulher-de-personal-sobre-sem-teto\/#breadcrumb"},"inLanguage":"pt-BR","potentialAction":[{"@type":"ReadAction","target":["https:\/\/portalnpm.com\/index.php\/2022\/04\/28\/fui-vitima-usada-como-objeto-de-prazer-durante-delirios-e-alucinacoes-diz-mulher-de-personal-sobre-sem-teto\/"]}]},{"@type":"ImageObject","inLanguage":"pt-BR","@id":"https:\/\/portalnpm.com\/index.php\/2022\/04\/28\/fui-vitima-usada-como-objeto-de-prazer-durante-delirios-e-alucinacoes-diz-mulher-de-personal-sobre-sem-teto\/#primaryimage","url":"","contentUrl":""},{"@type":"BreadcrumbList","@id":"https:\/\/portalnpm.com\/index.php\/2022\/04\/28\/fui-vitima-usada-como-objeto-de-prazer-durante-delirios-e-alucinacoes-diz-mulher-de-personal-sobre-sem-teto\/#breadcrumb","itemListElement":[{"@type":"ListItem","position":1,"name":"In\u00edcio","item":"https:\/\/portalnpm.com\/"},{"@type":"ListItem","position":2,"name":"\u201cFui v\u00edtima\u201d, \u201cusada como objeto de prazer durante del\u00edrios e alucina\u00e7\u00f5es\u201d, diz mulher de personal sobre sem-teto"}]},{"@type":"WebSite","@id":"https:\/\/portalnpm.com\/#website","url":"https:\/\/portalnpm.com\/","name":"Portal NPM","description":"Not\u00edcias em Primeira M\u00e3o","potentialAction":[{"@type":"SearchAction","target":{"@type":"EntryPoint","urlTemplate":"https:\/\/portalnpm.com\/?s={search_term_string}"},"query-input":"required name=search_term_string"}],"inLanguage":"pt-BR"},{"@type":"Person","@id":"https:\/\/portalnpm.com\/#\/schema\/person\/49313e563cfdefcc167f1ee4c017c294","name":"Genival Barbosa","image":{"@type":"ImageObject","inLanguage":"pt-BR","@id":"https:\/\/portalnpm.com\/#\/schema\/person\/image\/","url":"https:\/\/portalnpm.com\/wp-content\/uploads\/2024\/02\/avatar_user_2_1707743258-96x96.jpeg","contentUrl":"https:\/\/portalnpm.com\/wp-content\/uploads\/2024\/02\/avatar_user_2_1707743258-96x96.jpeg","caption":"Genival Barbosa"},"url":"https:\/\/portalnpm.com\/index.php\/author\/genival\/"}]}},"jetpack_sharing_enabled":true,"jetpack_featured_media_url":"","_links":{"self":[{"href":"https:\/\/portalnpm.com\/index.php\/wp-json\/wp\/v2\/posts\/41402"}],"collection":[{"href":"https:\/\/portalnpm.com\/index.php\/wp-json\/wp\/v2\/posts"}],"about":[{"href":"https:\/\/portalnpm.com\/index.php\/wp-json\/wp\/v2\/types\/post"}],"author":[{"embeddable":true,"href":"https:\/\/portalnpm.com\/index.php\/wp-json\/wp\/v2\/users\/2"}],"replies":[{"embeddable":true,"href":"https:\/\/portalnpm.com\/index.php\/wp-json\/wp\/v2\/comments?post=41402"}],"version-history":[{"count":0,"href":"https:\/\/portalnpm.com\/index.php\/wp-json\/wp\/v2\/posts\/41402\/revisions"}],"wp:featuredmedia":[{"embeddable":true,"href":"https:\/\/portalnpm.com\/index.php\/wp-json\/"}],"wp:attachment":[{"href":"https:\/\/portalnpm.com\/index.php\/wp-json\/wp\/v2\/media?parent=41402"}],"wp:term":[{"taxonomy":"category","embeddable":true,"href":"https:\/\/portalnpm.com\/index.php\/wp-json\/wp\/v2\/categories?post=41402"},{"taxonomy":"post_tag","embeddable":true,"href":"https:\/\/portalnpm.com\/index.php\/wp-json\/wp\/v2\/tags?post=41402"}],"curies":[{"name":"wp","href":"https:\/\/api.w.org\/{rel}","templated":true}]}}