{"id":41452,"date":"2022-05-02T20:54:55","date_gmt":"2022-05-02T23:54:55","guid":{"rendered":"https:\/\/backupnpm.codetainer.com.br\/?p=41452"},"modified":"2022-05-02T20:54:55","modified_gmt":"2022-05-02T23:54:55","slug":"era-francisco-dia-altos-anuncia-zagueiro-ramon-baiano-e-meia-valderrama","status":"publish","type":"post","link":"https:\/\/portalnpm.com\/index.php\/2022\/05\/02\/era-francisco-dia-altos-anuncia-zagueiro-ramon-baiano-e-meia-valderrama\/","title":{"rendered":"&#8216;Era Francisco Di\u00e1&#8217;: Altos anuncia zagueiro Ramon Baiano e meia Valderrama"},"content":{"rendered":"<p style=\"text-align: justify;\">O Altos encorpou mais seu extenso elenco e confirmou a chegada de mais dois jogadores. O zagueiro Ramon Baiano, que vem para segunda passagem e o meia Valderrama, ex-Ferriv\u00e1rio (CE). Os dois j\u00e1 est\u00e3o em solo piauiense e realizaram na tarde de hoje (2) seu primeiro treino com a camisa do clube piauiense, porem chegaram ontem e chegaram a acompanhar o desempenho do clube diante o Flamengo, no Albert\u00e3o. Em jogo v\u00e1lido pela 3\u00aa fase da Copa do Brasil e que colocou mais de 25 mil torcedores no est\u00e1dio.<\/p>\n<p style=\"text-align: justify;\">\n<p style=\"text-align: justify;\">\n<p style=\"text-align: justify;\">Diego Silva ou melhor Valderrama, de 27 anos, meia e volante \u00e9 uma das novidades na equipe do Altos. O jogador tem muitas passagens por clubes do Nordeste j\u00e1 chega pela cota de nomes indicados pelo t\u00e9cnico Francisco Di\u00e1 at\u00e9 a equipe do Altos. O atleta esteve no est\u00e1dio Albert\u00e3o, na tarde de ontem (1\u00b0) e assistiu das arquibancadas seu time perder para o Flamengo por 2 a 1, em partida marcada pela forte presen\u00e7a de p\u00fablico.<\/p>\n<p style=\"text-align: justify;\"><em>Foto: Ascom\/Altos<\/em><\/p>\n<p style=\"text-align: justify;\"><img decoding=\"async\" src=\"https:\/\/cidadeverde.com\/assets\/uploads\/noticias\/4c0f88b8d9778479ebaa94b131688437.jpg\" data-cfsrc=\"https:\/\/cidadeverde.com\/assets\/uploads\/noticias\/4c0f88b8d9778479ebaa94b131688437.jpg\" \/><\/p>\n<p style=\"text-align: justify;\">Outro refor\u00e7o \u00e9 para o setor defensivo. O zagueiro Ramon Baiano, de 29 anos, que estava no Pouso Alegre-MG e tamb\u00e9m tem muitas passagens pelo futebol do nordeste e chega para sua segunda passagem com a camisa do Altos, pois defendeu o clube no ano de 2019.<\/p>\n<p style=\"text-align: justify;\">O defensor acumula uma s\u00e9rie de trabalhos com o treinador Di\u00e1 e nos \u00faltimos anos defendeu ABC, Juazeirense, Imperatriz-MA. Recentemente estava no Pouso Alegre onde ajudou Di\u00e1 a livrar o time do rebaixamento.<\/p>\n<p style=\"text-align: justify;\">Com as chegadas dessas duas pe\u00e7as, o Altos chega a um plantel de 41 atletas e a tendencia \u00e9 que aconte\u00e7am desligamentos de jogadores no decorrer da semana. Passada a \u2018euforia\u2019 do jogo diante o Flamengo, em Teresina, o Altos volta suas aten\u00e7\u00f5es novamente a S\u00e9rie C do Brasileiro onde precisa com urg\u00eancia se recuperar na tabela.<\/p>\n<p style=\"text-align: justify;\">Em tr\u00eas jogos s\u00e3o tr\u00eas derrotas. 10 gols sofridos e apenas tr\u00eas marcados. O time enfrenta na quarta-feira (4) o ABC-RN, \u00e0s 19h, no est\u00e1dio Lindolfo Monteiro, em Teresina. O jogo \u00e9 v\u00e1lido pela 4\u00aa rodada do Brasileiro S\u00e9rie C.<\/p>\n<p style=\"text-align: justify;\">\n<p style=\"text-align: justify;\">\n<p style=\"text-align: justify;\">\n<em>P\u00e2mella Maranh\u00e3o<br \/>\nredacao@cidadeverde.com\u00a0<\/em><\/p>\n","protected":false},"excerpt":{"rendered":"<p>O Altos encorpou mais seu extenso elenco e confirmou a chegada de mais dois jogadores. O zagueiro Ramon Baiano, que vem para segunda passagem e o meia Valderrama, ex-Ferriv\u00e1rio (CE). Os dois j\u00e1 est\u00e3o em solo piauiense e realizaram na tarde de hoje (2) seu primeiro treino com a camisa do clube piauiense, porem chegaram &hellip;<\/p>\n","protected":false},"author":2,"featured_media":41453,"comment_status":"open","ping_status":"open","sticky":false,"template":"","format":"standard","meta":{"content-type":"","rop_custom_images_group":[],"rop_custom_messages_group":[],"rop_publish_now":"initial","rop_publish_now_accounts":{"facebook_2648258775420054_1618374048415101":""},"rop_publish_now_history":[],"rop_publish_now_status":"pending","footnotes":"","_jetpack_memberships_contains_paid_content":false},"categories":[108],"tags":[808,4682],"yoast_head":"<!-- This site is optimized with the Yoast SEO plugin v22.3 - https:\/\/yoast.com\/wordpress\/plugins\/seo\/ -->\n<title>&#039;Era Francisco Di\u00e1&#039;: Altos anuncia zagueiro Ramon Baiano e meia Valderrama - Portal NPM<\/title>\n<meta name=\"robots\" content=\"index, follow, max-snippet:-1, max-image-preview:large, max-video-preview:-1\" \/>\n<link rel=\"canonical\" href=\"https:\/\/portalnpm.com\/index.php\/2022\/05\/02\/era-francisco-dia-altos-anuncia-zagueiro-ramon-baiano-e-meia-valderrama\/\" \/>\n<meta property=\"og:locale\" content=\"pt_BR\" \/>\n<meta property=\"og:type\" content=\"article\" \/>\n<meta property=\"og:title\" content=\"&#039;Era Francisco Di\u00e1&#039;: Altos anuncia zagueiro Ramon Baiano e meia Valderrama - Portal NPM\" \/>\n<meta property=\"og:description\" content=\"O Altos encorpou mais seu extenso elenco e confirmou a chegada de mais dois jogadores. O zagueiro Ramon Baiano, que vem para segunda passagem e o meia Valderrama, ex-Ferriv\u00e1rio (CE). Os dois j\u00e1 est\u00e3o em solo piauiense e realizaram na tarde de hoje (2) seu primeiro treino com a camisa do clube piauiense, porem chegaram &hellip;\" \/>\n<meta property=\"og:url\" content=\"https:\/\/portalnpm.com\/index.php\/2022\/05\/02\/era-francisco-dia-altos-anuncia-zagueiro-ramon-baiano-e-meia-valderrama\/\" \/>\n<meta property=\"og:site_name\" content=\"Portal NPM\" \/>\n<meta property=\"article:published_time\" content=\"2022-05-02T23:54:55+00:00\" \/>\n<meta name=\"author\" content=\"Genival Barbosa\" \/>\n<meta name=\"twitter:card\" content=\"summary_large_image\" \/>\n<meta name=\"twitter:label1\" content=\"Escrito por\" \/>\n\t<meta name=\"twitter:data1\" content=\"Genival Barbosa\" \/>\n\t<meta name=\"twitter:label2\" content=\"Est. tempo de leitura\" \/>\n\t<meta name=\"twitter:data2\" content=\"2 minutos\" \/>\n<script type=\"application\/ld+json\" class=\"yoast-schema-graph\">{\"@context\":\"https:\/\/schema.org\",\"@graph\":[{\"@type\":\"WebPage\",\"@id\":\"https:\/\/portalnpm.com\/index.php\/2022\/05\/02\/era-francisco-dia-altos-anuncia-zagueiro-ramon-baiano-e-meia-valderrama\/\",\"url\":\"https:\/\/portalnpm.com\/index.php\/2022\/05\/02\/era-francisco-dia-altos-anuncia-zagueiro-ramon-baiano-e-meia-valderrama\/\",\"name\":\"'Era Francisco Di\u00e1': Altos anuncia zagueiro Ramon Baiano e meia Valderrama - Portal NPM\",\"isPartOf\":{\"@id\":\"https:\/\/portalnpm.com\/#website\"},\"primaryImageOfPage\":{\"@id\":\"https:\/\/portalnpm.com\/index.php\/2022\/05\/02\/era-francisco-dia-altos-anuncia-zagueiro-ramon-baiano-e-meia-valderrama\/#primaryimage\"},\"image\":{\"@id\":\"https:\/\/portalnpm.com\/index.php\/2022\/05\/02\/era-francisco-dia-altos-anuncia-zagueiro-ramon-baiano-e-meia-valderrama\/#primaryimage\"},\"thumbnailUrl\":\"\",\"datePublished\":\"2022-05-02T23:54:55+00:00\",\"dateModified\":\"2022-05-02T23:54:55+00:00\",\"author\":{\"@id\":\"https:\/\/portalnpm.com\/#\/schema\/person\/49313e563cfdefcc167f1ee4c017c294\"},\"breadcrumb\":{\"@id\":\"https:\/\/portalnpm.com\/index.php\/2022\/05\/02\/era-francisco-dia-altos-anuncia-zagueiro-ramon-baiano-e-meia-valderrama\/#breadcrumb\"},\"inLanguage\":\"pt-BR\",\"potentialAction\":[{\"@type\":\"ReadAction\",\"target\":[\"https:\/\/portalnpm.com\/index.php\/2022\/05\/02\/era-francisco-dia-altos-anuncia-zagueiro-ramon-baiano-e-meia-valderrama\/\"]}]},{\"@type\":\"ImageObject\",\"inLanguage\":\"pt-BR\",\"@id\":\"https:\/\/portalnpm.com\/index.php\/2022\/05\/02\/era-francisco-dia-altos-anuncia-zagueiro-ramon-baiano-e-meia-valderrama\/#primaryimage\",\"url\":\"\",\"contentUrl\":\"\"},{\"@type\":\"BreadcrumbList\",\"@id\":\"https:\/\/portalnpm.com\/index.php\/2022\/05\/02\/era-francisco-dia-altos-anuncia-zagueiro-ramon-baiano-e-meia-valderrama\/#breadcrumb\",\"itemListElement\":[{\"@type\":\"ListItem\",\"position\":1,\"name\":\"In\u00edcio\",\"item\":\"https:\/\/portalnpm.com\/\"},{\"@type\":\"ListItem\",\"position\":2,\"name\":\"&#8216;Era Francisco Di\u00e1&#8217;: Altos anuncia zagueiro Ramon Baiano e meia Valderrama\"}]},{\"@type\":\"WebSite\",\"@id\":\"https:\/\/portalnpm.com\/#website\",\"url\":\"https:\/\/portalnpm.com\/\",\"name\":\"Portal NPM\",\"description\":\"Not\u00edcias em Primeira M\u00e3o\",\"potentialAction\":[{\"@type\":\"SearchAction\",\"target\":{\"@type\":\"EntryPoint\",\"urlTemplate\":\"https:\/\/portalnpm.com\/?s={search_term_string}\"},\"query-input\":\"required name=search_term_string\"}],\"inLanguage\":\"pt-BR\"},{\"@type\":\"Person\",\"@id\":\"https:\/\/portalnpm.com\/#\/schema\/person\/49313e563cfdefcc167f1ee4c017c294\",\"name\":\"Genival Barbosa\",\"image\":{\"@type\":\"ImageObject\",\"inLanguage\":\"pt-BR\",\"@id\":\"https:\/\/portalnpm.com\/#\/schema\/person\/image\/\",\"url\":\"https:\/\/portalnpm.com\/wp-content\/uploads\/2024\/02\/avatar_user_2_1707743258-96x96.jpeg\",\"contentUrl\":\"https:\/\/portalnpm.com\/wp-content\/uploads\/2024\/02\/avatar_user_2_1707743258-96x96.jpeg\",\"caption\":\"Genival Barbosa\"},\"url\":\"https:\/\/portalnpm.com\/index.php\/author\/genival\/\"}]}<\/script>\n<!-- \/ Yoast SEO plugin. -->","yoast_head_json":{"title":"'Era Francisco Di\u00e1': Altos anuncia zagueiro Ramon Baiano e meia Valderrama - Portal NPM","robots":{"index":"index","follow":"follow","max-snippet":"max-snippet:-1","max-image-preview":"max-image-preview:large","max-video-preview":"max-video-preview:-1"},"canonical":"https:\/\/portalnpm.com\/index.php\/2022\/05\/02\/era-francisco-dia-altos-anuncia-zagueiro-ramon-baiano-e-meia-valderrama\/","og_locale":"pt_BR","og_type":"article","og_title":"'Era Francisco Di\u00e1': Altos anuncia zagueiro Ramon Baiano e meia Valderrama - Portal NPM","og_description":"O Altos encorpou mais seu extenso elenco e confirmou a chegada de mais dois jogadores. O zagueiro Ramon Baiano, que vem para segunda passagem e o meia Valderrama, ex-Ferriv\u00e1rio (CE). Os dois j\u00e1 est\u00e3o em solo piauiense e realizaram na tarde de hoje (2) seu primeiro treino com a camisa do clube piauiense, porem chegaram &hellip;","og_url":"https:\/\/portalnpm.com\/index.php\/2022\/05\/02\/era-francisco-dia-altos-anuncia-zagueiro-ramon-baiano-e-meia-valderrama\/","og_site_name":"Portal NPM","article_published_time":"2022-05-02T23:54:55+00:00","author":"Genival Barbosa","twitter_card":"summary_large_image","twitter_misc":{"Escrito por":"Genival Barbosa","Est. tempo de leitura":"2 minutos"},"schema":{"@context":"https:\/\/schema.org","@graph":[{"@type":"WebPage","@id":"https:\/\/portalnpm.com\/index.php\/2022\/05\/02\/era-francisco-dia-altos-anuncia-zagueiro-ramon-baiano-e-meia-valderrama\/","url":"https:\/\/portalnpm.com\/index.php\/2022\/05\/02\/era-francisco-dia-altos-anuncia-zagueiro-ramon-baiano-e-meia-valderrama\/","name":"'Era Francisco Di\u00e1': Altos anuncia zagueiro Ramon Baiano e meia Valderrama - Portal NPM","isPartOf":{"@id":"https:\/\/portalnpm.com\/#website"},"primaryImageOfPage":{"@id":"https:\/\/portalnpm.com\/index.php\/2022\/05\/02\/era-francisco-dia-altos-anuncia-zagueiro-ramon-baiano-e-meia-valderrama\/#primaryimage"},"image":{"@id":"https:\/\/portalnpm.com\/index.php\/2022\/05\/02\/era-francisco-dia-altos-anuncia-zagueiro-ramon-baiano-e-meia-valderrama\/#primaryimage"},"thumbnailUrl":"","datePublished":"2022-05-02T23:54:55+00:00","dateModified":"2022-05-02T23:54:55+00:00","author":{"@id":"https:\/\/portalnpm.com\/#\/schema\/person\/49313e563cfdefcc167f1ee4c017c294"},"breadcrumb":{"@id":"https:\/\/portalnpm.com\/index.php\/2022\/05\/02\/era-francisco-dia-altos-anuncia-zagueiro-ramon-baiano-e-meia-valderrama\/#breadcrumb"},"inLanguage":"pt-BR","potentialAction":[{"@type":"ReadAction","target":["https:\/\/portalnpm.com\/index.php\/2022\/05\/02\/era-francisco-dia-altos-anuncia-zagueiro-ramon-baiano-e-meia-valderrama\/"]}]},{"@type":"ImageObject","inLanguage":"pt-BR","@id":"https:\/\/portalnpm.com\/index.php\/2022\/05\/02\/era-francisco-dia-altos-anuncia-zagueiro-ramon-baiano-e-meia-valderrama\/#primaryimage","url":"","contentUrl":""},{"@type":"BreadcrumbList","@id":"https:\/\/portalnpm.com\/index.php\/2022\/05\/02\/era-francisco-dia-altos-anuncia-zagueiro-ramon-baiano-e-meia-valderrama\/#breadcrumb","itemListElement":[{"@type":"ListItem","position":1,"name":"In\u00edcio","item":"https:\/\/portalnpm.com\/"},{"@type":"ListItem","position":2,"name":"&#8216;Era Francisco Di\u00e1&#8217;: Altos anuncia zagueiro Ramon Baiano e meia Valderrama"}]},{"@type":"WebSite","@id":"https:\/\/portalnpm.com\/#website","url":"https:\/\/portalnpm.com\/","name":"Portal NPM","description":"Not\u00edcias em Primeira M\u00e3o","potentialAction":[{"@type":"SearchAction","target":{"@type":"EntryPoint","urlTemplate":"https:\/\/portalnpm.com\/?s={search_term_string}"},"query-input":"required name=search_term_string"}],"inLanguage":"pt-BR"},{"@type":"Person","@id":"https:\/\/portalnpm.com\/#\/schema\/person\/49313e563cfdefcc167f1ee4c017c294","name":"Genival Barbosa","image":{"@type":"ImageObject","inLanguage":"pt-BR","@id":"https:\/\/portalnpm.com\/#\/schema\/person\/image\/","url":"https:\/\/portalnpm.com\/wp-content\/uploads\/2024\/02\/avatar_user_2_1707743258-96x96.jpeg","contentUrl":"https:\/\/portalnpm.com\/wp-content\/uploads\/2024\/02\/avatar_user_2_1707743258-96x96.jpeg","caption":"Genival Barbosa"},"url":"https:\/\/portalnpm.com\/index.php\/author\/genival\/"}]}},"jetpack_sharing_enabled":true,"jetpack_featured_media_url":"","_links":{"self":[{"href":"https:\/\/portalnpm.com\/index.php\/wp-json\/wp\/v2\/posts\/41452"}],"collection":[{"href":"https:\/\/portalnpm.com\/index.php\/wp-json\/wp\/v2\/posts"}],"about":[{"href":"https:\/\/portalnpm.com\/index.php\/wp-json\/wp\/v2\/types\/post"}],"author":[{"embeddable":true,"href":"https:\/\/portalnpm.com\/index.php\/wp-json\/wp\/v2\/users\/2"}],"replies":[{"embeddable":true,"href":"https:\/\/portalnpm.com\/index.php\/wp-json\/wp\/v2\/comments?post=41452"}],"version-history":[{"count":0,"href":"https:\/\/portalnpm.com\/index.php\/wp-json\/wp\/v2\/posts\/41452\/revisions"}],"wp:featuredmedia":[{"embeddable":true,"href":"https:\/\/portalnpm.com\/index.php\/wp-json\/"}],"wp:attachment":[{"href":"https:\/\/portalnpm.com\/index.php\/wp-json\/wp\/v2\/media?parent=41452"}],"wp:term":[{"taxonomy":"category","embeddable":true,"href":"https:\/\/portalnpm.com\/index.php\/wp-json\/wp\/v2\/categories?post=41452"},{"taxonomy":"post_tag","embeddable":true,"href":"https:\/\/portalnpm.com\/index.php\/wp-json\/wp\/v2\/tags?post=41452"}],"curies":[{"name":"wp","href":"https:\/\/api.w.org\/{rel}","templated":true}]}}