{"id":41495,"date":"2022-05-05T06:00:21","date_gmt":"2022-05-05T09:00:21","guid":{"rendered":"https:\/\/backupnpm.codetainer.com.br\/?p=41495"},"modified":"2022-05-05T06:00:21","modified_gmt":"2022-05-05T09:00:21","slug":"nova-cnh-passa-a-valer-em-junho-tire-suas-duvidas","status":"publish","type":"post","link":"https:\/\/portalnpm.com\/index.php\/2022\/05\/05\/nova-cnh-passa-a-valer-em-junho-tire-suas-duvidas\/","title":{"rendered":"Nova CNH passa a valer em junho; tire suas d\u00favidas"},"content":{"rendered":"<section class=\"articlebody  flexarticlebody \" data-id=\"35\" data-m=\"{&quot;i&quot;:35,&quot;p&quot;:34,&quot;n&quot;:&quot;articlebody&quot;,&quot;y&quot;:6,&quot;o&quot;:1}\">\n<p style=\"text-align: justify;\">A nova Carteira Nacional de Habilita\u00e7\u00e3o (CNH) entra em vigor a partir de 1\u00ba de junho de 2022 e substituir\u00e1 a atual carteira.<\/p>\n<p style=\"text-align: justify;\">\n<p style=\"text-align: justify;\">\n<p style=\"text-align: justify;\">Contudo, a troca n\u00e3o ser\u00e1 obrigat\u00f3ria e ocorrer\u00e1 apenas para novas emiss\u00f5es.<\/p>\n<p style=\"text-align: justify;\">A substitui\u00e7\u00e3o ocorrer\u00e1 gradualmente para novas habilita\u00e7\u00f5es e \u00e0 medida em que os condutores forem renovando ou emitindo a segunda via.<\/p>\n<div id=\"outbrain_widget_0\" class=\"OUTBRAIN\" style=\"text-align: justify;\" data-external-id=\"1d82ebc05b874b32a22aeb5b9790e11c\" data-src=\"DROP_PERMALINK_HERE\" data-widget-id=\"MB_1\" data-ob-mark=\"true\" data-browser=\"chrome\" data-os=\"linux armv8l\" data-dynload=\"\" data-idx=\"0\">\n<div class=\"ob-widget ob-grid-layout ob-text-on-image MB_1 ob-cmn-MB_1\" data-dynamic-truncate=\"true\">\n<div class=\"ob-widget-footer\">\n<div class=\"ob-pixels\"><\/div>\n<\/div>\n<\/div>\n<\/div>\n<p style=\"text-align: justify;\"><strong>O que mudou?<\/strong><\/p>\n<p style=\"text-align: justify;\">A CNH ter\u00e1 tabela com os ve\u00edculos que o motorista pode conduzir.<\/p>\n<p style=\"text-align: justify;\">Abaixo da tabela de categorias estar\u00e1 o quadro de observa\u00e7\u00f5es, para informar restri\u00e7\u00f5es m\u00e9dicas e se o condutor exerce atividade remunerada, por exemplo.<\/p>\n<p style=\"text-align: justify;\">O documento pode constar se a CNH \u00e9 tempor\u00e1ria (concedida a novos motoristas) sendo identificada com a letra P no canto superior direito, ou se \u00e9 definitiva, identificada com a letra D.<\/p>\n<p style=\"text-align: justify;\">Outro detalhe \u00e9 que a carteira de motorista brasileira vai se aproximar do padr\u00e3o internacional, com sua identifica\u00e7\u00e3o impressa em portugu\u00eas, ingl\u00eas e franc\u00eas.<\/p>\n<p style=\"text-align: justify;\">A habilita\u00e7\u00e3o conta tamb\u00e9m com padr\u00f5es de seguran\u00e7a contra falsifica\u00e7\u00f5es, como o uso de tinta que brilha no escuro, holograma e impress\u00e3o reativa a luz ultravioleta.<\/p>\n<p style=\"text-align: justify;\">O QR Code impresso no verso do documento permanece. Ele permite ao motorista ter acesso \u00e0 Carteira Digital de Tr\u00e2nsito (CDT), via aplicativo.<\/p>\n<p style=\"text-align: justify;\">A Carteira Nacional de Habilita\u00e7\u00e3o poder\u00e1 ser expedida de forma f\u00edsica ou digital.<\/p>\n<p style=\"text-align: justify;\">\n<div class=\"inline-slideshow nonfullscreen clean \" style=\"text-align: justify;\">\n<div class=\"flex gallery-container fullwidth\" role=\"application\" data-id=\"37\" data-m=\"{&quot;i&quot;:37,&quot;p&quot;:35,&quot;n&quot;:&quot;gallery&quot;,&quot;y&quot;:8,&quot;o&quot;:2}\" data-gallery-id=\"AAWTkKB_1\" data-page-id=\"galleryvnext\" data-page-name=\"gallery_inline\" data-page-parent-id=\"AAWTkKB\" aria-label=\"apresenta\u00e7\u00e3o de slides\">\n<section class=\"gallery\" data-click-behavior=\"GoToFullScreen\">\n<ul class=\"slideshow loaded\" tabindex=\"0\" role=\"list\">\n<li class=\"show\">\n<div class=\"imgcontainer\" data-image-size=\"297,420\" data-id=\"38\" data-m=\"{&quot;i&quot;:38,&quot;p&quot;:37,&quot;n&quot;:&quot;image1&quot;,&quot;y&quot;:14,&quot;o&quot;:1}\"><img decoding=\"async\" class=\"loaded\" title=\"Nova CNH passa a valer em junho; tire suas d\u00favidas - Foto: Divulga\u00e7\u00e3o\" role=\"presentation\" src=\"https:\/\/img-s-msn-com.akamaized.net\/tenant\/amp\/entityid\/AAWTquP.img?h=552&amp;w=750&amp;m=6&amp;q=60&amp;u=t&amp;o=f&amp;l=f\" alt=\"\" data-src=\"{&quot;default&quot;:&quot;\/\/img-s-msn-com.akamaized.net\/tenant\/amp\/entityid\/AAWTquP.img?h=552&amp;w=750&amp;m=6&amp;q=60&amp;u=t&amp;o=f&amp;l=f&quot;}\" \/><\/div>\n<\/li>\n<li>\n<div class=\"imgcontainer\" data-image-size=\"297,420\" data-id=\"39\" data-m=\"{&quot;i&quot;:39,&quot;p&quot;:37,&quot;n&quot;:&quot;image2&quot;,&quot;y&quot;:14,&quot;o&quot;:2}\"><img decoding=\"async\" class=\"loaded\" title=\"Nova CNH passa a valer em junho; tire suas d\u00favidas - Foto: Divulga\u00e7\u00e3o\" role=\"presentation\" src=\"https:\/\/img-s-msn-com.akamaized.net\/tenant\/amp\/entityid\/AAWTC20.img?h=552&amp;w=750&amp;m=6&amp;q=60&amp;u=t&amp;o=f&amp;l=f\" alt=\"\" data-src=\"{&quot;default&quot;:{&quot;load&quot;:&quot;wait&quot;,&quot;src&quot;:&quot;\/\/img-s-msn-com.akamaized.net\/tenant\/amp\/entityid\/AAWTC20.img?h=552&amp;w=750&amp;m=6&amp;q=60&amp;u=t&amp;o=f&amp;l=f&quot;}}\" \/><\/div>\n<\/li>\n<li>\n<div class=\"imgcontainer\" data-image-size=\"308,420\" data-id=\"40\" data-m=\"{&quot;i&quot;:40,&quot;p&quot;:37,&quot;n&quot;:&quot;image3&quot;,&quot;y&quot;:14,&quot;o&quot;:3}\"><img decoding=\"async\" class=\"loaded\" title=\"Nova CNH passa a valer em junho; tire suas d\u00favidas - Foto: Divulga\u00e7\u00e3o\" role=\"presentation\" src=\"https:\/\/img-s-msn-com.akamaized.net\/tenant\/amp\/entityid\/AAWTC21.img?h=552&amp;w=750&amp;m=6&amp;q=60&amp;u=t&amp;o=f&amp;l=f\" alt=\"\" data-src=\"{&quot;default&quot;:{&quot;load&quot;:&quot;wait&quot;,&quot;src&quot;:&quot;\/\/img-s-msn-com.akamaized.net\/tenant\/amp\/entityid\/AAWTC21.img?h=552&amp;w=750&amp;m=6&amp;q=60&amp;u=t&amp;o=f&amp;l=f&quot;}}\" \/><\/div>\n<\/li>\n<li>\n<div class=\"imgcontainer\" data-image-size=\"299,420\" data-id=\"41\" data-m=\"{&quot;i&quot;:41,&quot;p&quot;:37,&quot;n&quot;:&quot;image4&quot;,&quot;y&quot;:14,&quot;o&quot;:4}\"><img decoding=\"async\" class=\"loaded\" title=\"Nova CNH passa a valer em junho; tire suas d\u00favidas - Foto: Divulga\u00e7\u00e3o\" role=\"presentation\" src=\"https:\/\/img-s-msn-com.akamaized.net\/tenant\/amp\/entityid\/AAWTquZ.img?h=552&amp;w=750&amp;m=6&amp;q=60&amp;u=t&amp;o=f&amp;l=f\" alt=\"\" data-src=\"{&quot;default&quot;:{&quot;load&quot;:&quot;wait&quot;,&quot;src&quot;:&quot;\/\/img-s-msn-com.akamaized.net\/tenant\/amp\/entityid\/AAWTquZ.img?h=552&amp;w=750&amp;m=6&amp;q=60&amp;u=t&amp;o=f&amp;l=f&quot;}}\" \/><\/div>\n<\/li>\n<li>\n<div class=\"imgcontainer\" data-image-size=\"768,515\" data-id=\"42\" data-m=\"{&quot;i&quot;:42,&quot;p&quot;:37,&quot;n&quot;:&quot;image5&quot;,&quot;y&quot;:14,&quot;o&quot;:5}\"><img decoding=\"async\" title=\"Nova CNH passa a valer em junho; tire suas d\u00favidas - Foto: Divulga\u00e7\u00e3o\" role=\"presentation\" src=\"https:\/\/static-entertainment-eus-s-msn-com.akamaized.net\/sc\/9b\/e151e5.gif\" alt=\"\" data-src=\"{&quot;default&quot;:{&quot;load&quot;:&quot;wait&quot;,&quot;src&quot;:&quot;\/\/img-s-msn-com.akamaized.net\/tenant\/amp\/entityid\/AAWTb6f.img?h=552&amp;w=750&amp;m=6&amp;q=60&amp;u=t&amp;o=f&amp;l=f&quot;}}\" \/><\/div>\n<\/li>\n<li>\n<div class=\"imgcontainer\" data-image-size=\"696,508\" data-id=\"43\" data-m=\"{&quot;i&quot;:43,&quot;p&quot;:37,&quot;n&quot;:&quot;image6&quot;,&quot;y&quot;:14,&quot;o&quot;:6}\"><img decoding=\"async\" title=\"Nova CNH passa a valer em junho; tire suas d\u00favidas - Foto: Divulga\u00e7\u00e3o\" role=\"presentation\" src=\"https:\/\/static-entertainment-eus-s-msn-com.akamaized.net\/sc\/9b\/e151e5.gif\" alt=\"\" data-src=\"{&quot;default&quot;:{&quot;load&quot;:&quot;wait&quot;,&quot;src&quot;:&quot;\/\/img-s-msn-com.akamaized.net\/tenant\/amp\/entityid\/AAWTqv6.img?h=552&amp;w=750&amp;m=6&amp;q=60&amp;u=t&amp;o=f&amp;l=f&quot;}}\" \/><\/div>\n<\/li>\n<li>\n<div class=\"imgcontainer\" data-image-size=\"768,520\" data-id=\"44\" data-m=\"{&quot;i&quot;:44,&quot;p&quot;:37,&quot;n&quot;:&quot;image7&quot;,&quot;y&quot;:14,&quot;o&quot;:7}\"><img decoding=\"async\" class=\"loaded\" title=\"Nova CNH passa a valer em junho; tire suas d\u00favidas - Foto: Divulga\u00e7\u00e3o\" role=\"presentation\" src=\"https:\/\/img-s-msn-com.akamaized.net\/tenant\/amp\/entityid\/AAWThD5.img?h=552&amp;w=750&amp;m=6&amp;q=60&amp;u=t&amp;o=f&amp;l=f\" alt=\"\" data-src=\"{&quot;default&quot;:{&quot;load&quot;:&quot;wait&quot;,&quot;src&quot;:&quot;\/\/img-s-msn-com.akamaized.net\/tenant\/amp\/entityid\/AAWThD5.img?h=552&amp;w=750&amp;m=6&amp;q=60&amp;u=t&amp;o=f&amp;l=f&quot;}}\" \/><\/div>\n<\/li>\n<\/ul>\n<div aria-live=\"polite\" aria-relevant=\"all\" aria-atomic=\"true\"><\/div>\n<p><button class=\"leftarrow\" tabindex=\"-1\" title=\"Tela Anterior\" aria-label=\"Tela Anterior\" aria-hidden=\"false\" data-m=\"{&quot;n&quot;:&quot;previousSlideArrow&quot;,&quot;y&quot;:12,&quot;i&quot;:105,&quot;p&quot;:37,&quot;o&quot;:9}\" data-id=\"105\">Tela Anterior<\/button><button class=\"rightarrow\" tabindex=\"-1\" title=\"Pr\u00f3xima Tela\" aria-label=\"Pr\u00f3xima Tela\" aria-hidden=\"false\" data-m=\"{&quot;n&quot;:&quot;nextSlideArrow&quot;,&quot;y&quot;:12,&quot;i&quot;:106,&quot;p&quot;:37,&quot;o&quot;:10}\" data-id=\"106\">Pr\u00f3xima Tela<\/button><\/section>\n<div class=\"thumbnail-container\" data-id=\"45\" data-m=\"{&quot;i&quot;:45,&quot;p&quot;:37,&quot;n&quot;:&quot;thumbnails&quot;,&quot;y&quot;:8,&quot;o&quot;:8}\"><a class=\"tofullscreen\" tabindex=\"0\" role=\"button\" target=\"_blank\" aria-label=\"tela cheia\" data-id=\"46\" data-m=\"{&quot;i&quot;:46,&quot;p&quot;:45,&quot;n&quot;:&quot;gallery_full_screen_text&quot;,&quot;y&quot;:14,&quot;o&quot;:1}\" rel=\"noopener\">Tela cheia<\/a><\/p>\n<div class=\"titleicon\"><\/div>\n<\/div>\n<div class=\"gallerydata update\">\n<div class=\"show\">\n<div class=\"slidemetadata-container\">\n<div class=\"slide-metadata\"><span class=\"count\">1 DE 7<\/span>\u00a0<span class=\"attribution\">\u00a9\u00a0Foto: Divulga\u00e7\u00e3o<\/span><\/div>\n<\/div>\n<div class=\"body-text\">\n<div class=\"expand\">\n<figure><figcaption>\n<div class=\"caption\">\n<div class=\"gallery-caption-text\"><\/div>\n<\/div>\n<\/figcaption><\/figure>\n<\/div>\n<\/div>\n<\/div>\n<\/div>\n<\/div>\n<\/div>\n<p style=\"text-align: justify;\"><strong>Exig\u00eancias para tirar a habilita\u00e7\u00e3o<\/strong><\/p>\n<p style=\"text-align: justify;\">As exig\u00eancias para tirar a CNH continuam as mesmas. O interessado deve realizar os testes de aptid\u00e3o f\u00edsica e psicol\u00f3gica e aulas te\u00f3ricas com dura\u00e7\u00e3o de 45 horas\/aula, seguidas de uma prova \u2013 al\u00e9m, claro, da parte pr\u00e1tica.<\/p>\n<p style=\"text-align: justify;\"><strong>Limite de pontos<\/strong><\/p>\n<p style=\"text-align: justify;\">O limite de pontos tamb\u00e9m permanece o mesmo: 40.<\/p>\n<p style=\"text-align: justify;\">No entanto, o total de pontos para perder a carteira temporariamente pode diminuir conforme a quantidade de multas grav\u00edssimas acumuladas pelo condutor nos \u00faltimos 12 meses: 40 pontos para quem n\u00e3o tiver infra\u00e7\u00e3o grav\u00edssima, 30 pontos para quem tiver uma infra\u00e7\u00e3o grav\u00edssima, e 20 pontos para quem tiver duas ou mais infra\u00e7\u00f5es dessa gravidade.<\/p>\n<p style=\"text-align: justify;\">Em rela\u00e7\u00e3o aos motoristas profissionais, a suspens\u00e3o ocorre somente quando atingir o n\u00famero fixo de 40 pontos, independentemente da gravidade da infra\u00e7\u00e3o.<\/p>\n<p style=\"text-align: justify;\">O limite de pontos pode levar \u00e0 suspens\u00e3o da CNH por at\u00e9 um ano, ou em caso de reincid\u00eancia, a restri\u00e7\u00e3o pode chegar a dois anos, al\u00e9m do pagamento de multas. A CNH s\u00f3 \u00e9 devolvida ao motorista ap\u00f3s o t\u00e9rmino da penalidade e do curso de reciclagem, que \u00e9 obrigat\u00f3rio.<\/p>\n<p style=\"text-align: justify;\">Caso o motorista for flagrado pela fiscaliza\u00e7\u00e3o dirigindo um ve\u00edculo com a carteira suspensa, ele ter\u00e1 que pagar multa de aproximadamente R$ 900, ter\u00e1 o ve\u00edculo retido at\u00e9 a chegada de outra pessoa habilitada, al\u00e9m da cassa\u00e7\u00e3o da carteira por dois anos.<\/p>\n<p style=\"text-align: justify;\"><strong>Validade<\/strong><\/p>\n<p style=\"text-align: justify;\">O prazo de validade da CNH \u00e9 de 10 anos para quem tem menos de 50 anos de idade, 5 anos para quem tem entre 50 e 70 anos e 3 anos para pessoas acima de 70 anos.<\/p>\n<\/section>\n<div class=\"readmoremobile\" style=\"text-align: justify;\">Fonte: Motor Show<\/div>\n","protected":false},"excerpt":{"rendered":"<p>A nova Carteira Nacional de Habilita\u00e7\u00e3o (CNH) entra em vigor a partir de 1\u00ba de junho de 2022 e substituir\u00e1 a atual carteira. Contudo, a troca n\u00e3o ser\u00e1 obrigat\u00f3ria e ocorrer\u00e1 apenas para novas emiss\u00f5es. A substitui\u00e7\u00e3o ocorrer\u00e1 gradualmente para novas habilita\u00e7\u00f5es e \u00e0 medida em que os condutores forem renovando ou emitindo a segunda &hellip;<\/p>\n","protected":false},"author":2,"featured_media":41496,"comment_status":"open","ping_status":"open","sticky":false,"template":"","format":"standard","meta":{"content-type":"","rop_custom_images_group":[],"rop_custom_messages_group":[],"rop_publish_now":"initial","rop_publish_now_accounts":{"facebook_2648258775420054_1618374048415101":""},"rop_publish_now_history":[],"rop_publish_now_status":"pending","footnotes":"","_jetpack_memberships_contains_paid_content":false},"categories":[113],"tags":[929,928],"yoast_head":"<!-- This site is optimized with the Yoast SEO plugin v22.3 - https:\/\/yoast.com\/wordpress\/plugins\/seo\/ -->\n<title>Nova CNH passa a valer em junho; tire suas d\u00favidas - Portal NPM<\/title>\n<meta name=\"robots\" content=\"index, follow, max-snippet:-1, max-image-preview:large, max-video-preview:-1\" \/>\n<link rel=\"canonical\" href=\"https:\/\/portalnpm.com\/index.php\/2022\/05\/05\/nova-cnh-passa-a-valer-em-junho-tire-suas-duvidas\/\" \/>\n<meta property=\"og:locale\" content=\"pt_BR\" \/>\n<meta property=\"og:type\" content=\"article\" \/>\n<meta property=\"og:title\" content=\"Nova CNH passa a valer em junho; tire suas d\u00favidas - Portal NPM\" \/>\n<meta property=\"og:description\" content=\"A nova Carteira Nacional de Habilita\u00e7\u00e3o (CNH) entra em vigor a partir de 1\u00ba de junho de 2022 e substituir\u00e1 a atual carteira. Contudo, a troca n\u00e3o ser\u00e1 obrigat\u00f3ria e ocorrer\u00e1 apenas para novas emiss\u00f5es. A substitui\u00e7\u00e3o ocorrer\u00e1 gradualmente para novas habilita\u00e7\u00f5es e \u00e0 medida em que os condutores forem renovando ou emitindo a segunda &hellip;\" \/>\n<meta property=\"og:url\" content=\"https:\/\/portalnpm.com\/index.php\/2022\/05\/05\/nova-cnh-passa-a-valer-em-junho-tire-suas-duvidas\/\" \/>\n<meta property=\"og:site_name\" content=\"Portal NPM\" \/>\n<meta property=\"article:published_time\" content=\"2022-05-05T09:00:21+00:00\" \/>\n<meta name=\"author\" content=\"Genival Barbosa\" \/>\n<meta name=\"twitter:card\" content=\"summary_large_image\" \/>\n<meta name=\"twitter:label1\" content=\"Escrito por\" \/>\n\t<meta name=\"twitter:data1\" content=\"Genival Barbosa\" \/>\n\t<meta name=\"twitter:label2\" content=\"Est. tempo de leitura\" \/>\n\t<meta name=\"twitter:data2\" content=\"4 minutos\" \/>\n<script type=\"application\/ld+json\" class=\"yoast-schema-graph\">{\"@context\":\"https:\/\/schema.org\",\"@graph\":[{\"@type\":\"WebPage\",\"@id\":\"https:\/\/portalnpm.com\/index.php\/2022\/05\/05\/nova-cnh-passa-a-valer-em-junho-tire-suas-duvidas\/\",\"url\":\"https:\/\/portalnpm.com\/index.php\/2022\/05\/05\/nova-cnh-passa-a-valer-em-junho-tire-suas-duvidas\/\",\"name\":\"Nova CNH passa a valer em junho; tire suas d\u00favidas - Portal NPM\",\"isPartOf\":{\"@id\":\"https:\/\/portalnpm.com\/#website\"},\"primaryImageOfPage\":{\"@id\":\"https:\/\/portalnpm.com\/index.php\/2022\/05\/05\/nova-cnh-passa-a-valer-em-junho-tire-suas-duvidas\/#primaryimage\"},\"image\":{\"@id\":\"https:\/\/portalnpm.com\/index.php\/2022\/05\/05\/nova-cnh-passa-a-valer-em-junho-tire-suas-duvidas\/#primaryimage\"},\"thumbnailUrl\":\"\",\"datePublished\":\"2022-05-05T09:00:21+00:00\",\"dateModified\":\"2022-05-05T09:00:21+00:00\",\"author\":{\"@id\":\"https:\/\/portalnpm.com\/#\/schema\/person\/49313e563cfdefcc167f1ee4c017c294\"},\"breadcrumb\":{\"@id\":\"https:\/\/portalnpm.com\/index.php\/2022\/05\/05\/nova-cnh-passa-a-valer-em-junho-tire-suas-duvidas\/#breadcrumb\"},\"inLanguage\":\"pt-BR\",\"potentialAction\":[{\"@type\":\"ReadAction\",\"target\":[\"https:\/\/portalnpm.com\/index.php\/2022\/05\/05\/nova-cnh-passa-a-valer-em-junho-tire-suas-duvidas\/\"]}]},{\"@type\":\"ImageObject\",\"inLanguage\":\"pt-BR\",\"@id\":\"https:\/\/portalnpm.com\/index.php\/2022\/05\/05\/nova-cnh-passa-a-valer-em-junho-tire-suas-duvidas\/#primaryimage\",\"url\":\"\",\"contentUrl\":\"\"},{\"@type\":\"BreadcrumbList\",\"@id\":\"https:\/\/portalnpm.com\/index.php\/2022\/05\/05\/nova-cnh-passa-a-valer-em-junho-tire-suas-duvidas\/#breadcrumb\",\"itemListElement\":[{\"@type\":\"ListItem\",\"position\":1,\"name\":\"In\u00edcio\",\"item\":\"https:\/\/portalnpm.com\/\"},{\"@type\":\"ListItem\",\"position\":2,\"name\":\"Nova CNH passa a valer em junho; tire suas d\u00favidas\"}]},{\"@type\":\"WebSite\",\"@id\":\"https:\/\/portalnpm.com\/#website\",\"url\":\"https:\/\/portalnpm.com\/\",\"name\":\"Portal NPM\",\"description\":\"Not\u00edcias em Primeira M\u00e3o\",\"potentialAction\":[{\"@type\":\"SearchAction\",\"target\":{\"@type\":\"EntryPoint\",\"urlTemplate\":\"https:\/\/portalnpm.com\/?s={search_term_string}\"},\"query-input\":\"required name=search_term_string\"}],\"inLanguage\":\"pt-BR\"},{\"@type\":\"Person\",\"@id\":\"https:\/\/portalnpm.com\/#\/schema\/person\/49313e563cfdefcc167f1ee4c017c294\",\"name\":\"Genival Barbosa\",\"image\":{\"@type\":\"ImageObject\",\"inLanguage\":\"pt-BR\",\"@id\":\"https:\/\/portalnpm.com\/#\/schema\/person\/image\/\",\"url\":\"https:\/\/portalnpm.com\/wp-content\/uploads\/2024\/02\/avatar_user_2_1707743258-96x96.jpeg\",\"contentUrl\":\"https:\/\/portalnpm.com\/wp-content\/uploads\/2024\/02\/avatar_user_2_1707743258-96x96.jpeg\",\"caption\":\"Genival Barbosa\"},\"url\":\"https:\/\/portalnpm.com\/index.php\/author\/genival\/\"}]}<\/script>\n<!-- \/ Yoast SEO plugin. -->","yoast_head_json":{"title":"Nova CNH passa a valer em junho; tire suas d\u00favidas - Portal NPM","robots":{"index":"index","follow":"follow","max-snippet":"max-snippet:-1","max-image-preview":"max-image-preview:large","max-video-preview":"max-video-preview:-1"},"canonical":"https:\/\/portalnpm.com\/index.php\/2022\/05\/05\/nova-cnh-passa-a-valer-em-junho-tire-suas-duvidas\/","og_locale":"pt_BR","og_type":"article","og_title":"Nova CNH passa a valer em junho; tire suas d\u00favidas - Portal NPM","og_description":"A nova Carteira Nacional de Habilita\u00e7\u00e3o (CNH) entra em vigor a partir de 1\u00ba de junho de 2022 e substituir\u00e1 a atual carteira. Contudo, a troca n\u00e3o ser\u00e1 obrigat\u00f3ria e ocorrer\u00e1 apenas para novas emiss\u00f5es. A substitui\u00e7\u00e3o ocorrer\u00e1 gradualmente para novas habilita\u00e7\u00f5es e \u00e0 medida em que os condutores forem renovando ou emitindo a segunda &hellip;","og_url":"https:\/\/portalnpm.com\/index.php\/2022\/05\/05\/nova-cnh-passa-a-valer-em-junho-tire-suas-duvidas\/","og_site_name":"Portal NPM","article_published_time":"2022-05-05T09:00:21+00:00","author":"Genival Barbosa","twitter_card":"summary_large_image","twitter_misc":{"Escrito por":"Genival Barbosa","Est. tempo de leitura":"4 minutos"},"schema":{"@context":"https:\/\/schema.org","@graph":[{"@type":"WebPage","@id":"https:\/\/portalnpm.com\/index.php\/2022\/05\/05\/nova-cnh-passa-a-valer-em-junho-tire-suas-duvidas\/","url":"https:\/\/portalnpm.com\/index.php\/2022\/05\/05\/nova-cnh-passa-a-valer-em-junho-tire-suas-duvidas\/","name":"Nova CNH passa a valer em junho; tire suas d\u00favidas - Portal NPM","isPartOf":{"@id":"https:\/\/portalnpm.com\/#website"},"primaryImageOfPage":{"@id":"https:\/\/portalnpm.com\/index.php\/2022\/05\/05\/nova-cnh-passa-a-valer-em-junho-tire-suas-duvidas\/#primaryimage"},"image":{"@id":"https:\/\/portalnpm.com\/index.php\/2022\/05\/05\/nova-cnh-passa-a-valer-em-junho-tire-suas-duvidas\/#primaryimage"},"thumbnailUrl":"","datePublished":"2022-05-05T09:00:21+00:00","dateModified":"2022-05-05T09:00:21+00:00","author":{"@id":"https:\/\/portalnpm.com\/#\/schema\/person\/49313e563cfdefcc167f1ee4c017c294"},"breadcrumb":{"@id":"https:\/\/portalnpm.com\/index.php\/2022\/05\/05\/nova-cnh-passa-a-valer-em-junho-tire-suas-duvidas\/#breadcrumb"},"inLanguage":"pt-BR","potentialAction":[{"@type":"ReadAction","target":["https:\/\/portalnpm.com\/index.php\/2022\/05\/05\/nova-cnh-passa-a-valer-em-junho-tire-suas-duvidas\/"]}]},{"@type":"ImageObject","inLanguage":"pt-BR","@id":"https:\/\/portalnpm.com\/index.php\/2022\/05\/05\/nova-cnh-passa-a-valer-em-junho-tire-suas-duvidas\/#primaryimage","url":"","contentUrl":""},{"@type":"BreadcrumbList","@id":"https:\/\/portalnpm.com\/index.php\/2022\/05\/05\/nova-cnh-passa-a-valer-em-junho-tire-suas-duvidas\/#breadcrumb","itemListElement":[{"@type":"ListItem","position":1,"name":"In\u00edcio","item":"https:\/\/portalnpm.com\/"},{"@type":"ListItem","position":2,"name":"Nova CNH passa a valer em junho; tire suas d\u00favidas"}]},{"@type":"WebSite","@id":"https:\/\/portalnpm.com\/#website","url":"https:\/\/portalnpm.com\/","name":"Portal NPM","description":"Not\u00edcias em Primeira M\u00e3o","potentialAction":[{"@type":"SearchAction","target":{"@type":"EntryPoint","urlTemplate":"https:\/\/portalnpm.com\/?s={search_term_string}"},"query-input":"required name=search_term_string"}],"inLanguage":"pt-BR"},{"@type":"Person","@id":"https:\/\/portalnpm.com\/#\/schema\/person\/49313e563cfdefcc167f1ee4c017c294","name":"Genival Barbosa","image":{"@type":"ImageObject","inLanguage":"pt-BR","@id":"https:\/\/portalnpm.com\/#\/schema\/person\/image\/","url":"https:\/\/portalnpm.com\/wp-content\/uploads\/2024\/02\/avatar_user_2_1707743258-96x96.jpeg","contentUrl":"https:\/\/portalnpm.com\/wp-content\/uploads\/2024\/02\/avatar_user_2_1707743258-96x96.jpeg","caption":"Genival Barbosa"},"url":"https:\/\/portalnpm.com\/index.php\/author\/genival\/"}]}},"jetpack_sharing_enabled":true,"jetpack_featured_media_url":"","_links":{"self":[{"href":"https:\/\/portalnpm.com\/index.php\/wp-json\/wp\/v2\/posts\/41495"}],"collection":[{"href":"https:\/\/portalnpm.com\/index.php\/wp-json\/wp\/v2\/posts"}],"about":[{"href":"https:\/\/portalnpm.com\/index.php\/wp-json\/wp\/v2\/types\/post"}],"author":[{"embeddable":true,"href":"https:\/\/portalnpm.com\/index.php\/wp-json\/wp\/v2\/users\/2"}],"replies":[{"embeddable":true,"href":"https:\/\/portalnpm.com\/index.php\/wp-json\/wp\/v2\/comments?post=41495"}],"version-history":[{"count":0,"href":"https:\/\/portalnpm.com\/index.php\/wp-json\/wp\/v2\/posts\/41495\/revisions"}],"wp:featuredmedia":[{"embeddable":true,"href":"https:\/\/portalnpm.com\/index.php\/wp-json\/"}],"wp:attachment":[{"href":"https:\/\/portalnpm.com\/index.php\/wp-json\/wp\/v2\/media?parent=41495"}],"wp:term":[{"taxonomy":"category","embeddable":true,"href":"https:\/\/portalnpm.com\/index.php\/wp-json\/wp\/v2\/categories?post=41495"},{"taxonomy":"post_tag","embeddable":true,"href":"https:\/\/portalnpm.com\/index.php\/wp-json\/wp\/v2\/tags?post=41495"}],"curies":[{"name":"wp","href":"https:\/\/api.w.org\/{rel}","templated":true}]}}