{"id":41548,"date":"2022-05-13T10:00:20","date_gmt":"2022-05-13T13:00:20","guid":{"rendered":"https:\/\/backupnpm.codetainer.com.br\/?p=41548"},"modified":"2022-05-13T10:00:20","modified_gmt":"2022-05-13T13:00:20","slug":"fiat-aumenta-preco-de-quase-toda-a-linha-veja-a-tabela-de-maio","status":"publish","type":"post","link":"https:\/\/portalnpm.com\/index.php\/2022\/05\/13\/fiat-aumenta-preco-de-quase-toda-a-linha-veja-a-tabela-de-maio\/","title":{"rendered":"Fiat aumenta pre\u00e7o de quase toda a linha; veja a tabela de maio"},"content":{"rendered":"<section class=\"articlebody  flexarticlebody \" data-id=\"36\" data-m=\"{&quot;i&quot;:36,&quot;p&quot;:35,&quot;n&quot;:&quot;articlebody&quot;,&quot;y&quot;:6,&quot;o&quot;:1}\">\n<h3 style=\"text-align: justify;\">Com IPI reduzido para ve\u00edculos comerciais, Toro flex foi a \u00fanica a ter pre\u00e7o reduzido<\/h3>\n<p style=\"text-align: justify;\">A Fiat divulgou sua nova tabela de pre\u00e7os, que j\u00e1 veio com um aumento para quase toda a sua linha. Quase porque tanto o el\u00e9trico 500e quanto a van Ducato (ambos importados) mantiveram a tabela de abril, enquanto as vers\u00f5es flex da Fiat Toro ficaram mais baratas gra\u00e7as ao IPI reduzido para ve\u00edculos comerciais anunciado no come\u00e7o deste m\u00eas.<\/p>\n<p style=\"text-align: justify;\">Come\u00e7ando pelo carro mais barato do Brasil (por uma diferen\u00e7a de R$ 100 a menos em rela\u00e7\u00e3o ao Renault Kwid), o Fiat\u00a0<a tabindex=\"0\" href=\"https:\/\/motor1.uol.com.br\/features\/583577\/precos-carros-assinatura-mensal-opcoes\/?utm_source=msn.com&amp;utm_medium=referral&amp;utm_campaign=msn-feed\" target=\"_blank\" rel=\"noopener\" data-id=\"43\" data-m=\"{&quot;i&quot;:43,&quot;p&quot;:36,&quot;n&quot;:&quot;partnerLink&quot;,&quot;y&quot;:24,&quot;o&quot;:7}\">Mobi\u00a0<\/a>sofreu um aumento de R$ 700 nas duas vers\u00f5es: a Like passou de R$ 61.990 para R$ 62.690, enquanto a configura\u00e7\u00e3o aventureira Trekking custa agora R$ 65.690, ante os R$ 64.990 cobrados at\u00e9 ent\u00e3o. Passando para o Argo, a vers\u00e3o de entrada sem nome 1.0 custa agora R$ 73.690 com o reajuste de R$ 700, enquanto as demais tiveram um aumento de R$ 800. Com isso, a vers\u00e3o mais cara (Argo Trekking 1.3) chega a R$ 83.790, ante os R$ 82.990 da tabela anterior.<\/p>\n<p><span class=\"storyimage fullwidth inlineimage\" data-aop=\"image\"><span class=\"image\" data-attrib=\"Motor1.com Brasil\" data-caption=\"Fiat Mobi Trekking 2023\" data-id=\"38\" data-m=\"{&quot;i&quot;:38,&quot;p&quot;:36,&quot;n&quot;:&quot;openModal&quot;,&quot;t&quot;:&quot;articleImages&quot;,&quot;o&quot;:2}\"><img decoding=\"async\" class=\"loaded\" src=\"https:\/\/img-s-msn-com.akamaized.net\/tenant\/amp\/entityid\/AAXbJcG.img?h=169&amp;w=300&amp;m=6&amp;q=60&amp;o=f&amp;l=f\" alt=\"Fiat Mobi Trekking 2023\" data-src=\"{&quot;default&quot;:&quot;\/\/img-s-msn-com.akamaized.net\/tenant\/amp\/entityid\/AAXbJcG.img?h=169&amp;w=300&amp;m=6&amp;q=60&amp;o=f&amp;l=f&quot;}\" \/><\/span><span class=\"caption truncate\"><span class=\"attribution\">\u00a9 Motor1.com Brasil<\/span>\u00a0Fiat Mobi Trekking 2023<\/span><\/span><span class=\"storyimage fullwidth inlineimage\" data-aop=\"image\"><span class=\"image\" data-attrib=\"Motor1.com Brasil\" data-caption=\"Fiat Argo Drive 1.0 S-Design 2022\" data-id=\"39\" data-m=\"{&quot;i&quot;:39,&quot;p&quot;:36,&quot;n&quot;:&quot;openModal&quot;,&quot;t&quot;:&quot;articleImages&quot;,&quot;o&quot;:3}\"><img decoding=\"async\" class=\"loaded\" src=\"https:\/\/img-s-msn-com.akamaized.net\/tenant\/amp\/entityid\/AAS7q3t.img?h=169&amp;w=300&amp;m=6&amp;q=60&amp;o=f&amp;l=f\" alt=\"Fiat Argo Drive 1.0 S-Design 2022\" data-src=\"{&quot;default&quot;:&quot;\/\/img-s-msn-com.akamaized.net\/tenant\/amp\/entityid\/AAS7q3t.img?h=169&amp;w=300&amp;m=6&amp;q=60&amp;o=f&amp;l=f&quot;}\" \/><\/span><span class=\"caption truncate\"><span class=\"attribution\">\u00a9 Motor1.com Brasil<\/span>\u00a0Fiat Argo Drive 1.0 S-Design 2022<\/span><\/span><span class=\"storyimage fullwidth inlineimage\" data-aop=\"image\"><span class=\"image\" data-attrib=\"Motor1.com Brasil\" data-caption=\"Fiat Cronos Precision 1.8 AT 2021\" data-id=\"40\" data-m=\"{&quot;i&quot;:40,&quot;p&quot;:36,&quot;n&quot;:&quot;openModal&quot;,&quot;t&quot;:&quot;articleImages&quot;,&quot;o&quot;:4}\"><img decoding=\"async\" class=\"loaded\" src=\"https:\/\/img-s-msn-com.akamaized.net\/tenant\/amp\/entityid\/AAXbVux.img?h=169&amp;w=300&amp;m=6&amp;q=60&amp;o=f&amp;l=f\" alt=\"Fiat Cronos Precision 1.8 AT 2021\" data-src=\"{&quot;default&quot;:&quot;\/\/img-s-msn-com.akamaized.net\/tenant\/amp\/entityid\/AAXbVux.img?h=169&amp;w=300&amp;m=6&amp;q=60&amp;o=f&amp;l=f&quot;}\" \/><\/span><span class=\"caption truncate\"><span class=\"attribution\">\u00a9 Motor1.com Brasil<\/span>\u00a0Fiat Cronos Precision 1.8 AT 2021<\/span><\/span><\/p>\n<p style=\"text-align: justify;\">Pulando para o sed\u00e3 Cronos, a vers\u00e3o de entrada Cronos R$ 1.3 sem nome passa a ser comercializada por R$ 83.790 (R$ 800 mais cara), enquanto o Cronos Drive 1.3 teve R$ reajuste de R$ 900 e agora n\u00e3o sai por menos de R$ 89.490. Indo para o Fiat Pulse, o aumento foi de at\u00e9 R$ 5.000\u00a0<a tabindex=\"0\" href=\"https:\/\/motor1.uol.com.br\/news\/584687\/fiat-pulse-aumento-preco-2022\/?utm_source=msn.com&amp;utm_medium=referral&amp;utm_campaign=msn-feed\" target=\"_blank\" rel=\"noopener\" data-id=\"44\" data-m=\"{&quot;i&quot;:44,&quot;p&quot;:36,&quot;n&quot;:&quot;partnerLink&quot;,&quot;y&quot;:24,&quot;o&quot;:8}\">como antecipamos h\u00e1 tr\u00eas dias<\/a>, com isso o SUV n\u00e3o tem mais vers\u00e3o abaixo de R$ 90 mil e nenhuma op\u00e7\u00e3o com c\u00e2mbio autom\u00e1tico por menos de R$ 100 mil. Assim, o Pulse tem pre\u00e7os entre R$ 94.990 e R$ 126.590.<\/p>\n<div id=\"outbrain_widget_0\" class=\"OUTBRAIN\" style=\"text-align: justify;\" data-external-id=\"e84aad23dcd54800a6c88860e924bec0\" data-src=\"DROP_PERMALINK_HERE\" data-widget-id=\"MB_1\" data-ob-mark=\"true\" data-browser=\"chrome\" data-os=\"linux armv8l\" data-dynload=\"\" data-idx=\"0\">\n<div class=\"ob-widget ob-grid-layout ob-text-on-image MB_1 ob-cmn-MB_1\" data-dynamic-truncate=\"true\">\n<div class=\"ob-widget-items-container\">\n<div class=\"ob-dynamic-rec-container ob-recIdx-0 ob-p\" data-pos=\"0\"><\/div>\n<\/div>\n<div class=\"ob-widget-footer\">\n<div class=\"ob-pixels\"><\/div>\n<\/div>\n<\/div>\n<\/div>\n<p style=\"text-align: justify;\">Carro mais vendido do Brasil, a Fiat Strada teve aumentos que variam entre R$ 600 e R$ 3.100. A mais barata da gama da picapinha, a Strada Endurance Cabine Simples, parte agora de R$ 92.890, enquanto a intermedi\u00e1ria Freedom Cabine Dupla n\u00e3o sai por menos que R$ 105.790 (R$ 1.800 a mais). Vale destacar que as configura\u00e7\u00f5es que mais encareceram foram as equipadas com c\u00e2mbio autom\u00e1tico CVT: a Strada Volcano Cabine Dupla CVT \u00e9 tabelada em R$ 117.490, ante os R$ 114.390 pedidos anteriormente, enquanto a Strada Ranch Cabine Dupla CVT passa dos R$ 120 mil e agora \u00e9 vendida por R$ 122.490 (era 119.390).<\/p>\n<p><span class=\"storyimage fullwidth inlineimage\" data-aop=\"image\"><span class=\"image\" data-attrib=\"Motor1.com Brasil\" data-caption=\"Fiat Toro Volcano 1.3T\" data-id=\"41\" data-m=\"{&quot;i&quot;:41,&quot;p&quot;:36,&quot;n&quot;:&quot;openModal&quot;,&quot;t&quot;:&quot;articleImages&quot;,&quot;o&quot;:5}\"><img decoding=\"async\" src=\"https:\/\/static-entertainment-eus-s-msn-com.akamaized.net\/sc\/9b\/e151e5.gif\" alt=\"Fiat Toro Volcano 1.3T\" data-src=\"{&quot;default&quot;:&quot;\/\/img-s-msn-com.akamaized.net\/tenant\/amp\/entityid\/AAV83YN.img?h=169&amp;w=300&amp;m=6&amp;q=60&amp;o=f&amp;l=f&quot;}\" \/><\/span><br \/>\n<\/span><\/p>\n<div class=\"photo-title\" style=\"text-align: justify;\">Fiat Pulse teve aumento de at\u00e9 R$ 5.000<\/div>\n<p style=\"text-align: justify;\">Por fim a Toro, \u00fanico modelo que acabou ficando mais barato por conta da redu\u00e7\u00e3o do IPI voltada para ve\u00edculos comerciais. No entanto, apenas as vers\u00f5es equipadas com o motor 1.3 turbo flex sofreram redu\u00e7\u00f5es na tabela: A Toro Endurance 1.3 T270 parte de R$ 137.098 (R$ 1.292 mais barata), enquanto a Toro Freedom 1.3 T270 sai agora por R$ 148.319, desconto aqui de R$ 1.371. J\u00e1 a Toro Volcano com motor flex custa R$ 162.270, ou R$ 1.520 a menos que a tabela de abril.<\/p>\n<p style=\"text-align: justify;\">As variantes com motor 2.0 turbodiesel Multijet TD350 da Toro foram na contram\u00e3o e n\u00e3o escaparam do aumento. A vers\u00e3o Endurance TD350 come\u00e7a agora em R$ 189.090, ficando assim R$ 2.000 mais cara, com a intermedi\u00e1ria Volcano saindo por R$ 203.490 (era R$ 201.390), &#8211; acr\u00e9scimo de R$ 2.100. Para fechar, a Toro Ranch e a Toro Ultra sofreram um reajuste de R$ 2.200, com isso passam a serem vendidas por R$ 211.190 e R$ 213.390.<\/p>\n<p style=\"text-align: justify;\">Entre os ve\u00edculos voltado \u00e0 trabalho, a Fiat reajustou a tabela do Fiorino em R$ 1.000, que passa a ser vendido por R$ 106.690. Vale lembrar que o Fiorino vai ganhar em breve uma vers\u00e3o quase igual com o emblema da Peugeot, que ser\u00e1 chamado de Partner Rapid, trazendo apenas mudan\u00e7as de logos e da grade frontal.<\/p>\n<h3 class=\"subheader\" style=\"text-align: justify;\">Mobi e Argo<\/h3>\n<div class=\"table-wrapper\" style=\"text-align: justify;\">\n<table class=\" trinity-skip-it\">\n<tbody>\n<tr>\n<td><strong>VERS\u00c3O<\/strong><\/td>\n<td><strong>PRE\u00c7O ATUAL<\/strong><\/td>\n<td><strong>PRE\u00c7O ANTIGO<\/strong><\/td>\n<td><strong>DIFEREN\u00c7A<\/strong><\/td>\n<\/tr>\n<tr>\n<td>Mobi Like 1.0<\/td>\n<td>R$ 62.690<\/td>\n<td>R$ 61.990<\/td>\n<td>+ R$ 700<\/td>\n<\/tr>\n<tr>\n<td>Mobi Trekking 1.0<\/td>\n<td>R$ 65.690<\/td>\n<td>R$ 64.990<\/td>\n<td>+ R$ 700<\/td>\n<\/tr>\n<tr>\n<td>Argo 1.0<\/td>\n<td>R$ 73.690<\/td>\n<td>R$ 72.990<\/td>\n<td>+ R$ 700<\/td>\n<\/tr>\n<tr>\n<td>Argo Drive 1.0<\/td>\n<td>R$ 77.790<\/td>\n<td>R$ 77.090<\/td>\n<td>+ R$ 800<\/td>\n<\/tr>\n<tr>\n<td>Argo Drive S-Design 1.3<\/td>\n<td>R$ 82.490<\/td>\n<td>R$ 81.690<\/td>\n<td>+ R$ 800<\/td>\n<\/tr>\n<tr>\n<td>Argo Trekking 1.3<\/td>\n<td>R$ 83.790<\/td>\n<td>R$ 82.990<\/td>\n<td>+ R$ 800<\/td>\n<\/tr>\n<\/tbody>\n<\/table>\n<\/div>\n<h3 class=\"subheader\" style=\"text-align: justify;\">Cronos, 500e e Fiorino<\/h3>\n<div class=\"table-wrapper\" style=\"text-align: justify;\">\n<table class=\" trinity-skip-it\">\n<tbody>\n<tr>\n<td><strong>VERS\u00c3O<\/strong><\/td>\n<td><strong>PRE\u00c7O ATUAL<\/strong><\/td>\n<td><strong>PRE\u00c7O ANTIGO<\/strong><\/td>\n<td><strong>DIFEREN\u00c7A<\/strong><\/td>\n<\/tr>\n<tr>\n<td>Cronos 1.3<\/td>\n<td>R$ 83.790<\/td>\n<td>R$ 82.990<\/td>\n<td>+ R$ 800<\/td>\n<\/tr>\n<tr>\n<td>Cronos Drive 1.3<\/td>\n<td>R$ 89.490<\/td>\n<td>R$ 888.590<\/td>\n<td>+ R$ 900<\/td>\n<\/tr>\n<tr>\n<td>500e icon (el\u00e9trico)<\/td>\n<td>R$ 255.990<\/td>\n<td>R$ 255.990<\/td>\n<td>(n\u00e3o mudou)<\/td>\n<\/tr>\n<tr>\n<td>Fiorino Endurance 1.4<\/td>\n<td>R$ 106.690<\/td>\n<td>R$ 105.590<\/td>\n<td>+ R$ 1.100<\/td>\n<\/tr>\n<\/tbody>\n<\/table>\n<\/div>\n<div class=\"table-wrapper\" style=\"text-align: justify;\">\n<h3 class=\"subheader\">Pulse<\/h3>\n<\/div>\n<div class=\"table-wrapper\" style=\"text-align: justify;\">\n<table class=\" trinity-skip-it\">\n<tbody>\n<tr>\n<td><strong>VERS\u00c3O<\/strong><\/td>\n<td><strong>PRE\u00c7O ANTERIOR<\/strong><\/td>\n<td><strong>PRE\u00c7O ATUAL<\/strong><\/td>\n<td><strong>DIFEREN\u00c7A<\/strong><\/td>\n<\/tr>\n<tr>\n<td>Pulse Drive 1.3<\/td>\n<td>R$ 89.990<\/td>\n<td>R$ 94.990<\/td>\n<td>+ R$ 5.000<\/td>\n<\/tr>\n<tr>\n<td>Pulse Drive 1.3 CVT<\/td>\n<td>R$ 98.290<\/td>\n<td>R$ 101.990<\/td>\n<td>+ R$ 3.700<\/td>\n<\/tr>\n<tr>\n<td>Pulse Drive 1.0 Turbo CVT<\/td>\n<td>R$ 107.490<\/td>\n<td>\u00a0R$ 109.990<\/td>\n<td>+ R$ 2.000<\/td>\n<\/tr>\n<tr>\n<td>Pulse Audace 1.0 Turbo CVT<\/td>\n<td>R$ 113.990<\/td>\n<td>R$ 114.990<\/td>\n<td>+ R$ 1.000<\/td>\n<\/tr>\n<tr>\n<td>Pulse Impetus 1.0 Turbo CVT<\/td>\n<td>R$ 125.590<\/td>\n<td>R$ 126.590<\/td>\n<td>+ R$ 1.000<\/td>\n<\/tr>\n<\/tbody>\n<\/table>\n<\/div>\n<div class=\"table-wrapper\" style=\"text-align: justify;\">\n<h3 class=\"subheader\">Strada<\/h3>\n<\/div>\n<div class=\"table-wrapper\" style=\"text-align: justify;\">\n<table class=\" trinity-skip-it\">\n<tbody>\n<tr>\n<td><strong>VERS\u00c3O<\/strong><\/td>\n<td><strong>PRE\u00c7O ATUAL<\/strong><\/td>\n<td><strong>PRE\u00c7O ANTIGO<\/strong><\/td>\n<td><strong>DIFEREN\u00c7A<\/strong><\/td>\n<\/tr>\n<tr>\n<td>Strada Endurance CS 1.4<\/td>\n<td>R$ 92.890<\/td>\n<td>R$ 92.290<\/td>\n<td>+ R$ 600<\/td>\n<\/tr>\n<tr>\n<td>Strada Freedom CS 1.3<\/td>\n<td>R$ 99.790<\/td>\n<td>R$ 98.090<\/td>\n<td>+ R$ 1.700<\/td>\n<\/tr>\n<tr>\n<td>Strada Freedom CD 1.3<\/td>\n<td>R$ 105.790<\/td>\n<td>R$ 103.990<\/td>\n<td>+ R$ 1.800<\/td>\n<\/tr>\n<tr>\n<td>Strada Volcano CD 1.3<\/td>\n<td>R$ 109.590<\/td>\n<td>R$ 103.990<\/td>\n<td>+ R$ 2.300<\/td>\n<\/tr>\n<tr>\n<td>Strada Volcano CD 1.3 CVT<\/td>\n<td>R$ 117.490<\/td>\n<td>R$ 114.390<\/td>\n<td>+ R$ 3.100<\/td>\n<\/tr>\n<tr>\n<td>Strada Ranch CD 1.3 CVT<\/td>\n<td>R$ 122.490<\/td>\n<td>R$ 119.390<\/td>\n<td>+ R$ 3.100<\/td>\n<\/tr>\n<\/tbody>\n<\/table>\n<\/div>\n<h3 class=\"subheader\" style=\"text-align: justify;\">Toro<\/h3>\n<div class=\"table-wrapper\" style=\"text-align: justify;\">\n<table class=\" trinity-skip-it\">\n<tbody>\n<tr>\n<td><strong>VERS\u00c3O<\/strong><\/td>\n<td><strong>PRE\u00c7O ATUAL<\/strong><\/td>\n<td><strong>PRE\u00c7O ANTIGO<\/strong><\/td>\n<td><strong>DIFEREN\u00c7A<\/strong><\/td>\n<\/tr>\n<tr>\n<td>Toro Endurance 1.3T AT6<\/td>\n<td>R$ 137.098<\/td>\n<td>R$ 138.390<\/td>\n<td>&#8211; R$ 1.292<\/td>\n<\/tr>\n<tr>\n<td>Toro Freedom 1.3T AT6<\/td>\n<td>R$ 148.319<\/td>\n<td>R$ 149.690<\/td>\n<td>&#8211; R$ 1.371<\/td>\n<\/tr>\n<tr>\n<td>Toro Volcano 1.3T AT6<\/td>\n<td>R$ 162.270<\/td>\n<td>R$ 163.790<\/td>\n<td>&#8211; R$ 1.521<\/td>\n<\/tr>\n<tr>\n<td>Toro Endurance 2.0T diesel AT9<\/td>\n<td>R$ 189.090<\/td>\n<td>R$ 187.090<\/td>\n<td>+ R$ 2.000<\/td>\n<\/tr>\n<tr>\n<td>Toro Volcano 2.0T diesel AT9<\/td>\n<td>R$ 203.490<\/td>\n<td>R$ 201.390<\/td>\n<td>+ R$ 2.100<\/td>\n<\/tr>\n<tr>\n<td>Toro Ranch 2.0T diesel AT9<\/td>\n<td>R$ 211.190<\/td>\n<td>R$ 208.990<\/td>\n<td>+ R$ 2.200<\/td>\n<\/tr>\n<tr>\n<td>Toro Ultra 2.0T diesel AT9<\/td>\n<td>R$ 213.390<\/td>\n<td>R$ 211.190<\/td>\n<td>+ R$ 2.200<\/td>\n<\/tr>\n<\/tbody>\n<\/table>\n<\/div>\n<p style=\"text-align: justify;\">\n<\/section>\n<div class=\"readmoremobile\" style=\"text-align: justify;\">Fonte: Motor1.com<\/div>\n","protected":false},"excerpt":{"rendered":"<p>Com IPI reduzido para ve\u00edculos comerciais, Toro flex foi a \u00fanica a ter pre\u00e7o reduzido A Fiat divulgou sua nova tabela de pre\u00e7os, que j\u00e1 veio com um aumento para quase toda a sua linha. Quase porque tanto o el\u00e9trico 500e quanto a van Ducato (ambos importados) mantiveram a tabela de abril, enquanto as vers\u00f5es &hellip;<\/p>\n","protected":false},"author":2,"featured_media":41549,"comment_status":"open","ping_status":"open","sticky":false,"template":"","format":"standard","meta":{"content-type":"","rop_custom_images_group":[],"rop_custom_messages_group":[],"rop_publish_now":"initial","rop_publish_now_accounts":{"facebook_2648258775420054_1618374048415101":""},"rop_publish_now_history":[],"rop_publish_now_status":"pending","footnotes":"","_jetpack_memberships_contains_paid_content":false},"categories":[113,414],"tags":[412,897],"yoast_head":"<!-- This site is optimized with the Yoast SEO plugin v22.3 - https:\/\/yoast.com\/wordpress\/plugins\/seo\/ -->\n<title>Fiat aumenta pre\u00e7o de quase toda a linha; veja a tabela de maio - Portal NPM<\/title>\n<meta name=\"robots\" content=\"index, follow, max-snippet:-1, max-image-preview:large, max-video-preview:-1\" \/>\n<link rel=\"canonical\" href=\"https:\/\/portalnpm.com\/index.php\/2022\/05\/13\/fiat-aumenta-preco-de-quase-toda-a-linha-veja-a-tabela-de-maio\/\" \/>\n<meta property=\"og:locale\" content=\"pt_BR\" \/>\n<meta property=\"og:type\" content=\"article\" \/>\n<meta property=\"og:title\" content=\"Fiat aumenta pre\u00e7o de quase toda a linha; veja a tabela de maio - Portal NPM\" \/>\n<meta property=\"og:description\" content=\"Com IPI reduzido para ve\u00edculos comerciais, Toro flex foi a \u00fanica a ter pre\u00e7o reduzido A Fiat divulgou sua nova tabela de pre\u00e7os, que j\u00e1 veio com um aumento para quase toda a sua linha. Quase porque tanto o el\u00e9trico 500e quanto a van Ducato (ambos importados) mantiveram a tabela de abril, enquanto as vers\u00f5es &hellip;\" \/>\n<meta property=\"og:url\" content=\"https:\/\/portalnpm.com\/index.php\/2022\/05\/13\/fiat-aumenta-preco-de-quase-toda-a-linha-veja-a-tabela-de-maio\/\" \/>\n<meta property=\"og:site_name\" content=\"Portal NPM\" \/>\n<meta property=\"article:published_time\" content=\"2022-05-13T13:00:20+00:00\" \/>\n<meta name=\"author\" content=\"Genival Barbosa\" \/>\n<meta name=\"twitter:card\" content=\"summary_large_image\" \/>\n<meta name=\"twitter:label1\" content=\"Escrito por\" \/>\n\t<meta name=\"twitter:data1\" content=\"Genival Barbosa\" \/>\n\t<meta name=\"twitter:label2\" content=\"Est. tempo de leitura\" \/>\n\t<meta name=\"twitter:data2\" content=\"5 minutos\" \/>\n<script type=\"application\/ld+json\" class=\"yoast-schema-graph\">{\"@context\":\"https:\/\/schema.org\",\"@graph\":[{\"@type\":\"WebPage\",\"@id\":\"https:\/\/portalnpm.com\/index.php\/2022\/05\/13\/fiat-aumenta-preco-de-quase-toda-a-linha-veja-a-tabela-de-maio\/\",\"url\":\"https:\/\/portalnpm.com\/index.php\/2022\/05\/13\/fiat-aumenta-preco-de-quase-toda-a-linha-veja-a-tabela-de-maio\/\",\"name\":\"Fiat aumenta pre\u00e7o de quase toda a linha; veja a tabela de maio - Portal NPM\",\"isPartOf\":{\"@id\":\"https:\/\/portalnpm.com\/#website\"},\"primaryImageOfPage\":{\"@id\":\"https:\/\/portalnpm.com\/index.php\/2022\/05\/13\/fiat-aumenta-preco-de-quase-toda-a-linha-veja-a-tabela-de-maio\/#primaryimage\"},\"image\":{\"@id\":\"https:\/\/portalnpm.com\/index.php\/2022\/05\/13\/fiat-aumenta-preco-de-quase-toda-a-linha-veja-a-tabela-de-maio\/#primaryimage\"},\"thumbnailUrl\":\"\",\"datePublished\":\"2022-05-13T13:00:20+00:00\",\"dateModified\":\"2022-05-13T13:00:20+00:00\",\"author\":{\"@id\":\"https:\/\/portalnpm.com\/#\/schema\/person\/49313e563cfdefcc167f1ee4c017c294\"},\"breadcrumb\":{\"@id\":\"https:\/\/portalnpm.com\/index.php\/2022\/05\/13\/fiat-aumenta-preco-de-quase-toda-a-linha-veja-a-tabela-de-maio\/#breadcrumb\"},\"inLanguage\":\"pt-BR\",\"potentialAction\":[{\"@type\":\"ReadAction\",\"target\":[\"https:\/\/portalnpm.com\/index.php\/2022\/05\/13\/fiat-aumenta-preco-de-quase-toda-a-linha-veja-a-tabela-de-maio\/\"]}]},{\"@type\":\"ImageObject\",\"inLanguage\":\"pt-BR\",\"@id\":\"https:\/\/portalnpm.com\/index.php\/2022\/05\/13\/fiat-aumenta-preco-de-quase-toda-a-linha-veja-a-tabela-de-maio\/#primaryimage\",\"url\":\"\",\"contentUrl\":\"\"},{\"@type\":\"BreadcrumbList\",\"@id\":\"https:\/\/portalnpm.com\/index.php\/2022\/05\/13\/fiat-aumenta-preco-de-quase-toda-a-linha-veja-a-tabela-de-maio\/#breadcrumb\",\"itemListElement\":[{\"@type\":\"ListItem\",\"position\":1,\"name\":\"In\u00edcio\",\"item\":\"https:\/\/portalnpm.com\/\"},{\"@type\":\"ListItem\",\"position\":2,\"name\":\"Fiat aumenta pre\u00e7o de quase toda a linha; veja a tabela de maio\"}]},{\"@type\":\"WebSite\",\"@id\":\"https:\/\/portalnpm.com\/#website\",\"url\":\"https:\/\/portalnpm.com\/\",\"name\":\"Portal NPM\",\"description\":\"Not\u00edcias em Primeira M\u00e3o\",\"potentialAction\":[{\"@type\":\"SearchAction\",\"target\":{\"@type\":\"EntryPoint\",\"urlTemplate\":\"https:\/\/portalnpm.com\/?s={search_term_string}\"},\"query-input\":\"required name=search_term_string\"}],\"inLanguage\":\"pt-BR\"},{\"@type\":\"Person\",\"@id\":\"https:\/\/portalnpm.com\/#\/schema\/person\/49313e563cfdefcc167f1ee4c017c294\",\"name\":\"Genival Barbosa\",\"image\":{\"@type\":\"ImageObject\",\"inLanguage\":\"pt-BR\",\"@id\":\"https:\/\/portalnpm.com\/#\/schema\/person\/image\/\",\"url\":\"https:\/\/portalnpm.com\/wp-content\/uploads\/2024\/02\/avatar_user_2_1707743258-96x96.jpeg\",\"contentUrl\":\"https:\/\/portalnpm.com\/wp-content\/uploads\/2024\/02\/avatar_user_2_1707743258-96x96.jpeg\",\"caption\":\"Genival Barbosa\"},\"url\":\"https:\/\/portalnpm.com\/index.php\/author\/genival\/\"}]}<\/script>\n<!-- \/ Yoast SEO plugin. -->","yoast_head_json":{"title":"Fiat aumenta pre\u00e7o de quase toda a linha; veja a tabela de maio - Portal NPM","robots":{"index":"index","follow":"follow","max-snippet":"max-snippet:-1","max-image-preview":"max-image-preview:large","max-video-preview":"max-video-preview:-1"},"canonical":"https:\/\/portalnpm.com\/index.php\/2022\/05\/13\/fiat-aumenta-preco-de-quase-toda-a-linha-veja-a-tabela-de-maio\/","og_locale":"pt_BR","og_type":"article","og_title":"Fiat aumenta pre\u00e7o de quase toda a linha; veja a tabela de maio - Portal NPM","og_description":"Com IPI reduzido para ve\u00edculos comerciais, Toro flex foi a \u00fanica a ter pre\u00e7o reduzido A Fiat divulgou sua nova tabela de pre\u00e7os, que j\u00e1 veio com um aumento para quase toda a sua linha. Quase porque tanto o el\u00e9trico 500e quanto a van Ducato (ambos importados) mantiveram a tabela de abril, enquanto as vers\u00f5es &hellip;","og_url":"https:\/\/portalnpm.com\/index.php\/2022\/05\/13\/fiat-aumenta-preco-de-quase-toda-a-linha-veja-a-tabela-de-maio\/","og_site_name":"Portal NPM","article_published_time":"2022-05-13T13:00:20+00:00","author":"Genival Barbosa","twitter_card":"summary_large_image","twitter_misc":{"Escrito por":"Genival Barbosa","Est. tempo de leitura":"5 minutos"},"schema":{"@context":"https:\/\/schema.org","@graph":[{"@type":"WebPage","@id":"https:\/\/portalnpm.com\/index.php\/2022\/05\/13\/fiat-aumenta-preco-de-quase-toda-a-linha-veja-a-tabela-de-maio\/","url":"https:\/\/portalnpm.com\/index.php\/2022\/05\/13\/fiat-aumenta-preco-de-quase-toda-a-linha-veja-a-tabela-de-maio\/","name":"Fiat aumenta pre\u00e7o de quase toda a linha; veja a tabela de maio - Portal NPM","isPartOf":{"@id":"https:\/\/portalnpm.com\/#website"},"primaryImageOfPage":{"@id":"https:\/\/portalnpm.com\/index.php\/2022\/05\/13\/fiat-aumenta-preco-de-quase-toda-a-linha-veja-a-tabela-de-maio\/#primaryimage"},"image":{"@id":"https:\/\/portalnpm.com\/index.php\/2022\/05\/13\/fiat-aumenta-preco-de-quase-toda-a-linha-veja-a-tabela-de-maio\/#primaryimage"},"thumbnailUrl":"","datePublished":"2022-05-13T13:00:20+00:00","dateModified":"2022-05-13T13:00:20+00:00","author":{"@id":"https:\/\/portalnpm.com\/#\/schema\/person\/49313e563cfdefcc167f1ee4c017c294"},"breadcrumb":{"@id":"https:\/\/portalnpm.com\/index.php\/2022\/05\/13\/fiat-aumenta-preco-de-quase-toda-a-linha-veja-a-tabela-de-maio\/#breadcrumb"},"inLanguage":"pt-BR","potentialAction":[{"@type":"ReadAction","target":["https:\/\/portalnpm.com\/index.php\/2022\/05\/13\/fiat-aumenta-preco-de-quase-toda-a-linha-veja-a-tabela-de-maio\/"]}]},{"@type":"ImageObject","inLanguage":"pt-BR","@id":"https:\/\/portalnpm.com\/index.php\/2022\/05\/13\/fiat-aumenta-preco-de-quase-toda-a-linha-veja-a-tabela-de-maio\/#primaryimage","url":"","contentUrl":""},{"@type":"BreadcrumbList","@id":"https:\/\/portalnpm.com\/index.php\/2022\/05\/13\/fiat-aumenta-preco-de-quase-toda-a-linha-veja-a-tabela-de-maio\/#breadcrumb","itemListElement":[{"@type":"ListItem","position":1,"name":"In\u00edcio","item":"https:\/\/portalnpm.com\/"},{"@type":"ListItem","position":2,"name":"Fiat aumenta pre\u00e7o de quase toda a linha; veja a tabela de maio"}]},{"@type":"WebSite","@id":"https:\/\/portalnpm.com\/#website","url":"https:\/\/portalnpm.com\/","name":"Portal NPM","description":"Not\u00edcias em Primeira M\u00e3o","potentialAction":[{"@type":"SearchAction","target":{"@type":"EntryPoint","urlTemplate":"https:\/\/portalnpm.com\/?s={search_term_string}"},"query-input":"required name=search_term_string"}],"inLanguage":"pt-BR"},{"@type":"Person","@id":"https:\/\/portalnpm.com\/#\/schema\/person\/49313e563cfdefcc167f1ee4c017c294","name":"Genival Barbosa","image":{"@type":"ImageObject","inLanguage":"pt-BR","@id":"https:\/\/portalnpm.com\/#\/schema\/person\/image\/","url":"https:\/\/portalnpm.com\/wp-content\/uploads\/2024\/02\/avatar_user_2_1707743258-96x96.jpeg","contentUrl":"https:\/\/portalnpm.com\/wp-content\/uploads\/2024\/02\/avatar_user_2_1707743258-96x96.jpeg","caption":"Genival Barbosa"},"url":"https:\/\/portalnpm.com\/index.php\/author\/genival\/"}]}},"jetpack_sharing_enabled":true,"jetpack_featured_media_url":"","_links":{"self":[{"href":"https:\/\/portalnpm.com\/index.php\/wp-json\/wp\/v2\/posts\/41548"}],"collection":[{"href":"https:\/\/portalnpm.com\/index.php\/wp-json\/wp\/v2\/posts"}],"about":[{"href":"https:\/\/portalnpm.com\/index.php\/wp-json\/wp\/v2\/types\/post"}],"author":[{"embeddable":true,"href":"https:\/\/portalnpm.com\/index.php\/wp-json\/wp\/v2\/users\/2"}],"replies":[{"embeddable":true,"href":"https:\/\/portalnpm.com\/index.php\/wp-json\/wp\/v2\/comments?post=41548"}],"version-history":[{"count":0,"href":"https:\/\/portalnpm.com\/index.php\/wp-json\/wp\/v2\/posts\/41548\/revisions"}],"wp:featuredmedia":[{"embeddable":true,"href":"https:\/\/portalnpm.com\/index.php\/wp-json\/"}],"wp:attachment":[{"href":"https:\/\/portalnpm.com\/index.php\/wp-json\/wp\/v2\/media?parent=41548"}],"wp:term":[{"taxonomy":"category","embeddable":true,"href":"https:\/\/portalnpm.com\/index.php\/wp-json\/wp\/v2\/categories?post=41548"},{"taxonomy":"post_tag","embeddable":true,"href":"https:\/\/portalnpm.com\/index.php\/wp-json\/wp\/v2\/tags?post=41548"}],"curies":[{"name":"wp","href":"https:\/\/api.w.org\/{rel}","templated":true}]}}