{"id":41596,"date":"2022-05-15T13:45:29","date_gmt":"2022-05-15T16:45:29","guid":{"rendered":"https:\/\/backupnpm.codetainer.com.br\/?p=41596"},"modified":"2022-05-15T13:45:29","modified_gmt":"2022-05-15T16:45:29","slug":"candidatura-de-doria-e-inviavel-e-estou-do-lado-de-lula-diz-ex-senador-aloysio-nunes","status":"publish","type":"post","link":"https:\/\/portalnpm.com\/index.php\/2022\/05\/15\/candidatura-de-doria-e-inviavel-e-estou-do-lado-de-lula-diz-ex-senador-aloysio-nunes\/","title":{"rendered":"Candidatura de Doria \u00e9 invi\u00e1vel e estou do lado de Lula, diz ex-senador Aloysio Nunes"},"content":{"rendered":"<blockquote><p>Ex-senador do PSDB afirma \u00e0 CNN que busca por uma terceira via diante da polariza\u00e7\u00e3o entre Lula e Bolsonaro fracassou<\/p><\/blockquote>\n<p><iframe title=\"Candidatura de Doria \u00e9 invi\u00e1vel e estou do lado de Lula, diz Aloysio Nunes | CNN 360\u00b0\" width=\"500\" height=\"281\" src=\"https:\/\/www.youtube.com\/embed\/BvcUNUxJe88?feature=oembed\" frameborder=\"0\" allow=\"accelerometer; autoplay; clipboard-write; encrypted-media; gyroscope; picture-in-picture; web-share\" allowfullscreen><\/iframe><\/p>\n<p>&nbsp;<\/p>\n<p style=\"text-align: justify;\">O ex-senador e ex-ministro das Rela\u00e7\u00f5es Exteriores Aloysio Nunes Ferreira (PSDB) afirmou em entrevista \u00e0 <strong>CNN<\/strong>\u00a0nesta sexta-feira (13) que as elei\u00e7\u00f5es de 2022 j\u00e1 est\u00e3o definidas entre o presidente\u00a0<a href=\"https:\/\/www.cnnbrasil.com.br\/tudo-sobre\/jair-bolsonaro\/\" target=\"_top\" rel=\"noopener\">Jair Bolsonaro<\/a>\u00a0(PL) e o ex-presidente\u00a0<a href=\"https:\/\/www.cnnbrasil.com.br\/tudo-sobre\/luiz-inacio-lula-da-silva\/\" target=\"_top\" rel=\"noopener\">Luiz In\u00e1cio Lula da Silva<\/a>\u00a0(PT). Membro hist\u00f3rico do\u00a0<a href=\"https:\/\/www.cnnbrasil.com.br\/tudo-sobre\/partido-da-social-democracia-brasileira-psdb\/\" target=\"_top\" rel=\"noopener\">PSDB<\/a>, Nunes declarou apoio ao petista.<\/p>\n<p style=\"text-align: justify;\">\u201cEste \u00e9 o dilema: o Brasil vai ter mais quatro anos de Bolsonaro com tudo isso que representa de tens\u00e3o permanente sobre as institui\u00e7\u00f5es? De negacionismo? De turbul\u00eancia? Ou vamos ter outro caminho, o caminho que se coloca hoje no principal candidato da oposi\u00e7\u00e3o, que \u00e9 o ex-presidente Lula, que j\u00e1 conhecemos?\u201d, questionou.<\/p>\n<p style=\"text-align: justify;\">Segundo Nunes, o petista j\u00e1 foi presidente duas vezes e \u201cjamais amea\u00e7ou a democracia\u201d. \u201cEle tem l\u00e1 o programa que expressou em recente discurso. Eu concordo com muitas coisas, com algumas eu tenho restri\u00e7\u00f5es, mas \u00e9 algu\u00e9m que representa a civiliza\u00e7\u00e3o contra a barb\u00e1rie. Eu n\u00e3o tenho nenhuma hesita\u00e7\u00e3o\u201d, afirmou.<\/p>\n<p style=\"text-align: justify;\">Al\u00e9m de se declarar como eleitor de Lula para a Presid\u00eancia, ele afirmou que ir\u00e1 votar no governador de S\u00e3o Paulo, Rodrigo Garcia (PSDB), candidato \u00e0 reelei\u00e7\u00e3o, e no senador Jos\u00e9 Serra (PSDB) para o cargo de deputado federal.<\/p>\n<p style=\"text-align: justify;\">Sobre uma poss\u00edvel candidatura do PSDB, o ex-senador criticou a proposta que vem sendo discutida por seu partido em reuni\u00f5es com o MDB e o Cidadania para definir uma candidatura \u00fanica com base em pesquisas quantitativas e qualitativas. O ex-governador paulista Jo\u00e3o Doria, pelo PSDB, e a senadora Simone Tebet, do MDB, s\u00e3o atualmente pr\u00e9-candidatos \u00e0 Presid\u00eancia da Rep\u00fablica.<\/p>\n<p style=\"text-align: justify;\">Ele classificou a ideia de \u201cterceirizar a decis\u00e3o nas m\u00e3os de um pesquisador\u201d como uma \u201cfal\u00eancia\u201d da dire\u00e7\u00e3o pol\u00edtica do PSDB. Nunes disse que Doria tem muitas qualidades, mas n\u00e3o o carisma necess\u00e1rio para servir como uma op\u00e7\u00e3o a Lula ou a Bolsonaro.<\/p>\n<p style=\"text-align: justify;\">\u201cPrecisaria de uma tropa pol\u00edtica muito numerosa para levar adiante uma candidatura que tivesse perspectiva de \u00eaxito. Da\u00ed esse movimento de buscar uma conjuga\u00e7\u00e3o de v\u00e1rios partidos: Uni\u00e3o Brasil, MDB, Cidadania e PSDB. Esse movimento n\u00e3o deu certo, fracassou.<br \/>\nDiante disso, considero que a candidatura de Doria n\u00e3o \u00e9 vi\u00e1vel. As pesquisas mostram isso\u201d, disse.<\/p>\n<h2 style=\"text-align: justify;\"><b data-stringify-type=\"bold\">Debate<\/b><\/h2>\n<p style=\"text-align: justify;\">A\u00a0<strong>CNN<\/strong>\u00a0realizar\u00e1 o primeiro debate presidencial de 2022. O confronto entre os candidatos ser\u00e1 transmitido ao vivo em 6 de agosto, pela TV e por nossas plataformas digitais.<\/p>\n<p style=\"text-align: justify;\"><strong>Fonte: CNN<\/strong><\/p>\n","protected":false},"excerpt":{"rendered":"<p>Ex-senador do PSDB afirma \u00e0 CNN que busca por uma terceira via diante da polariza\u00e7\u00e3o entre Lula e Bolsonaro fracassou &nbsp; O ex-senador e ex-ministro das Rela\u00e7\u00f5es Exteriores Aloysio Nunes Ferreira (PSDB) afirmou em entrevista \u00e0 CNN\u00a0nesta sexta-feira (13) que as elei\u00e7\u00f5es de 2022 j\u00e1 est\u00e3o definidas entre o presidente\u00a0Jair Bolsonaro\u00a0(PL) e o ex-presidente\u00a0Luiz In\u00e1cio &hellip;<\/p>\n","protected":false},"author":4,"featured_media":0,"comment_status":"open","ping_status":"open","sticky":false,"template":"","format":"standard","meta":{"content-type":"","rop_custom_images_group":[],"rop_custom_messages_group":[],"rop_publish_now":"initial","rop_publish_now_accounts":{"facebook_2648258775420054_1618374048415101":""},"rop_publish_now_history":[],"rop_publish_now_status":"pending","footnotes":"","_jetpack_memberships_contains_paid_content":false},"categories":[113],"tags":[576,2607,536],"yoast_head":"<!-- This site is optimized with the Yoast SEO plugin v22.3 - https:\/\/yoast.com\/wordpress\/plugins\/seo\/ -->\n<title>Candidatura de Doria \u00e9 invi\u00e1vel e estou do lado de Lula, diz ex-senador Aloysio Nunes - Portal NPM<\/title>\n<meta name=\"robots\" content=\"index, follow, max-snippet:-1, max-image-preview:large, max-video-preview:-1\" \/>\n<link rel=\"canonical\" href=\"https:\/\/portalnpm.com\/index.php\/2022\/05\/15\/candidatura-de-doria-e-inviavel-e-estou-do-lado-de-lula-diz-ex-senador-aloysio-nunes\/\" \/>\n<meta property=\"og:locale\" content=\"pt_BR\" \/>\n<meta property=\"og:type\" content=\"article\" \/>\n<meta property=\"og:title\" content=\"Candidatura de Doria \u00e9 invi\u00e1vel e estou do lado de Lula, diz ex-senador Aloysio Nunes - Portal NPM\" \/>\n<meta property=\"og:description\" content=\"Ex-senador do PSDB afirma \u00e0 CNN que busca por uma terceira via diante da polariza\u00e7\u00e3o entre Lula e Bolsonaro fracassou &nbsp; O ex-senador e ex-ministro das Rela\u00e7\u00f5es Exteriores Aloysio Nunes Ferreira (PSDB) afirmou em entrevista \u00e0 CNN\u00a0nesta sexta-feira (13) que as elei\u00e7\u00f5es de 2022 j\u00e1 est\u00e3o definidas entre o presidente\u00a0Jair Bolsonaro\u00a0(PL) e o ex-presidente\u00a0Luiz In\u00e1cio &hellip;\" \/>\n<meta property=\"og:url\" content=\"https:\/\/portalnpm.com\/index.php\/2022\/05\/15\/candidatura-de-doria-e-inviavel-e-estou-do-lado-de-lula-diz-ex-senador-aloysio-nunes\/\" \/>\n<meta property=\"og:site_name\" content=\"Portal NPM\" \/>\n<meta property=\"article:published_time\" content=\"2022-05-15T16:45:29+00:00\" \/>\n<meta name=\"author\" content=\"Reda\u00e7\u00e3o\" \/>\n<meta name=\"twitter:card\" content=\"summary_large_image\" \/>\n<meta name=\"twitter:label1\" content=\"Escrito por\" \/>\n\t<meta name=\"twitter:data1\" content=\"Reda\u00e7\u00e3o\" \/>\n\t<meta name=\"twitter:label2\" content=\"Est. tempo de leitura\" \/>\n\t<meta name=\"twitter:data2\" content=\"2 minutos\" \/>\n<script type=\"application\/ld+json\" class=\"yoast-schema-graph\">{\"@context\":\"https:\/\/schema.org\",\"@graph\":[{\"@type\":\"WebPage\",\"@id\":\"https:\/\/portalnpm.com\/index.php\/2022\/05\/15\/candidatura-de-doria-e-inviavel-e-estou-do-lado-de-lula-diz-ex-senador-aloysio-nunes\/\",\"url\":\"https:\/\/portalnpm.com\/index.php\/2022\/05\/15\/candidatura-de-doria-e-inviavel-e-estou-do-lado-de-lula-diz-ex-senador-aloysio-nunes\/\",\"name\":\"Candidatura de Doria \u00e9 invi\u00e1vel e estou do lado de Lula, diz ex-senador Aloysio Nunes - Portal NPM\",\"isPartOf\":{\"@id\":\"https:\/\/portalnpm.com\/#website\"},\"datePublished\":\"2022-05-15T16:45:29+00:00\",\"dateModified\":\"2022-05-15T16:45:29+00:00\",\"author\":{\"@id\":\"https:\/\/portalnpm.com\/#\/schema\/person\/0b5f230ec96cee25504fa328e7f2b733\"},\"breadcrumb\":{\"@id\":\"https:\/\/portalnpm.com\/index.php\/2022\/05\/15\/candidatura-de-doria-e-inviavel-e-estou-do-lado-de-lula-diz-ex-senador-aloysio-nunes\/#breadcrumb\"},\"inLanguage\":\"pt-BR\",\"potentialAction\":[{\"@type\":\"ReadAction\",\"target\":[\"https:\/\/portalnpm.com\/index.php\/2022\/05\/15\/candidatura-de-doria-e-inviavel-e-estou-do-lado-de-lula-diz-ex-senador-aloysio-nunes\/\"]}]},{\"@type\":\"BreadcrumbList\",\"@id\":\"https:\/\/portalnpm.com\/index.php\/2022\/05\/15\/candidatura-de-doria-e-inviavel-e-estou-do-lado-de-lula-diz-ex-senador-aloysio-nunes\/#breadcrumb\",\"itemListElement\":[{\"@type\":\"ListItem\",\"position\":1,\"name\":\"In\u00edcio\",\"item\":\"https:\/\/portalnpm.com\/\"},{\"@type\":\"ListItem\",\"position\":2,\"name\":\"Candidatura de Doria \u00e9 invi\u00e1vel e estou do lado de Lula, diz ex-senador Aloysio Nunes\"}]},{\"@type\":\"WebSite\",\"@id\":\"https:\/\/portalnpm.com\/#website\",\"url\":\"https:\/\/portalnpm.com\/\",\"name\":\"Portal NPM\",\"description\":\"Not\u00edcias em Primeira M\u00e3o\",\"potentialAction\":[{\"@type\":\"SearchAction\",\"target\":{\"@type\":\"EntryPoint\",\"urlTemplate\":\"https:\/\/portalnpm.com\/?s={search_term_string}\"},\"query-input\":\"required name=search_term_string\"}],\"inLanguage\":\"pt-BR\"},{\"@type\":\"Person\",\"@id\":\"https:\/\/portalnpm.com\/#\/schema\/person\/0b5f230ec96cee25504fa328e7f2b733\",\"name\":\"Reda\u00e7\u00e3o\",\"image\":{\"@type\":\"ImageObject\",\"inLanguage\":\"pt-BR\",\"@id\":\"https:\/\/portalnpm.com\/#\/schema\/person\/image\/\",\"url\":\"https:\/\/portalnpm.com\/wp-content\/uploads\/2024\/03\/avatar_user_4_1710097212-96x96.png\",\"contentUrl\":\"https:\/\/portalnpm.com\/wp-content\/uploads\/2024\/03\/avatar_user_4_1710097212-96x96.png\",\"caption\":\"Reda\u00e7\u00e3o\"},\"url\":\"https:\/\/portalnpm.com\/index.php\/author\/redacao\/\"}]}<\/script>\n<!-- \/ Yoast SEO plugin. -->","yoast_head_json":{"title":"Candidatura de Doria \u00e9 invi\u00e1vel e estou do lado de Lula, diz ex-senador Aloysio Nunes - Portal NPM","robots":{"index":"index","follow":"follow","max-snippet":"max-snippet:-1","max-image-preview":"max-image-preview:large","max-video-preview":"max-video-preview:-1"},"canonical":"https:\/\/portalnpm.com\/index.php\/2022\/05\/15\/candidatura-de-doria-e-inviavel-e-estou-do-lado-de-lula-diz-ex-senador-aloysio-nunes\/","og_locale":"pt_BR","og_type":"article","og_title":"Candidatura de Doria \u00e9 invi\u00e1vel e estou do lado de Lula, diz ex-senador Aloysio Nunes - Portal NPM","og_description":"Ex-senador do PSDB afirma \u00e0 CNN que busca por uma terceira via diante da polariza\u00e7\u00e3o entre Lula e Bolsonaro fracassou &nbsp; O ex-senador e ex-ministro das Rela\u00e7\u00f5es Exteriores Aloysio Nunes Ferreira (PSDB) afirmou em entrevista \u00e0 CNN\u00a0nesta sexta-feira (13) que as elei\u00e7\u00f5es de 2022 j\u00e1 est\u00e3o definidas entre o presidente\u00a0Jair Bolsonaro\u00a0(PL) e o ex-presidente\u00a0Luiz In\u00e1cio &hellip;","og_url":"https:\/\/portalnpm.com\/index.php\/2022\/05\/15\/candidatura-de-doria-e-inviavel-e-estou-do-lado-de-lula-diz-ex-senador-aloysio-nunes\/","og_site_name":"Portal NPM","article_published_time":"2022-05-15T16:45:29+00:00","author":"Reda\u00e7\u00e3o","twitter_card":"summary_large_image","twitter_misc":{"Escrito por":"Reda\u00e7\u00e3o","Est. tempo de leitura":"2 minutos"},"schema":{"@context":"https:\/\/schema.org","@graph":[{"@type":"WebPage","@id":"https:\/\/portalnpm.com\/index.php\/2022\/05\/15\/candidatura-de-doria-e-inviavel-e-estou-do-lado-de-lula-diz-ex-senador-aloysio-nunes\/","url":"https:\/\/portalnpm.com\/index.php\/2022\/05\/15\/candidatura-de-doria-e-inviavel-e-estou-do-lado-de-lula-diz-ex-senador-aloysio-nunes\/","name":"Candidatura de Doria \u00e9 invi\u00e1vel e estou do lado de Lula, diz ex-senador Aloysio Nunes - Portal NPM","isPartOf":{"@id":"https:\/\/portalnpm.com\/#website"},"datePublished":"2022-05-15T16:45:29+00:00","dateModified":"2022-05-15T16:45:29+00:00","author":{"@id":"https:\/\/portalnpm.com\/#\/schema\/person\/0b5f230ec96cee25504fa328e7f2b733"},"breadcrumb":{"@id":"https:\/\/portalnpm.com\/index.php\/2022\/05\/15\/candidatura-de-doria-e-inviavel-e-estou-do-lado-de-lula-diz-ex-senador-aloysio-nunes\/#breadcrumb"},"inLanguage":"pt-BR","potentialAction":[{"@type":"ReadAction","target":["https:\/\/portalnpm.com\/index.php\/2022\/05\/15\/candidatura-de-doria-e-inviavel-e-estou-do-lado-de-lula-diz-ex-senador-aloysio-nunes\/"]}]},{"@type":"BreadcrumbList","@id":"https:\/\/portalnpm.com\/index.php\/2022\/05\/15\/candidatura-de-doria-e-inviavel-e-estou-do-lado-de-lula-diz-ex-senador-aloysio-nunes\/#breadcrumb","itemListElement":[{"@type":"ListItem","position":1,"name":"In\u00edcio","item":"https:\/\/portalnpm.com\/"},{"@type":"ListItem","position":2,"name":"Candidatura de Doria \u00e9 invi\u00e1vel e estou do lado de Lula, diz ex-senador Aloysio Nunes"}]},{"@type":"WebSite","@id":"https:\/\/portalnpm.com\/#website","url":"https:\/\/portalnpm.com\/","name":"Portal NPM","description":"Not\u00edcias em Primeira M\u00e3o","potentialAction":[{"@type":"SearchAction","target":{"@type":"EntryPoint","urlTemplate":"https:\/\/portalnpm.com\/?s={search_term_string}"},"query-input":"required name=search_term_string"}],"inLanguage":"pt-BR"},{"@type":"Person","@id":"https:\/\/portalnpm.com\/#\/schema\/person\/0b5f230ec96cee25504fa328e7f2b733","name":"Reda\u00e7\u00e3o","image":{"@type":"ImageObject","inLanguage":"pt-BR","@id":"https:\/\/portalnpm.com\/#\/schema\/person\/image\/","url":"https:\/\/portalnpm.com\/wp-content\/uploads\/2024\/03\/avatar_user_4_1710097212-96x96.png","contentUrl":"https:\/\/portalnpm.com\/wp-content\/uploads\/2024\/03\/avatar_user_4_1710097212-96x96.png","caption":"Reda\u00e7\u00e3o"},"url":"https:\/\/portalnpm.com\/index.php\/author\/redacao\/"}]}},"jetpack_sharing_enabled":true,"jetpack_featured_media_url":"","_links":{"self":[{"href":"https:\/\/portalnpm.com\/index.php\/wp-json\/wp\/v2\/posts\/41596"}],"collection":[{"href":"https:\/\/portalnpm.com\/index.php\/wp-json\/wp\/v2\/posts"}],"about":[{"href":"https:\/\/portalnpm.com\/index.php\/wp-json\/wp\/v2\/types\/post"}],"author":[{"embeddable":true,"href":"https:\/\/portalnpm.com\/index.php\/wp-json\/wp\/v2\/users\/4"}],"replies":[{"embeddable":true,"href":"https:\/\/portalnpm.com\/index.php\/wp-json\/wp\/v2\/comments?post=41596"}],"version-history":[{"count":0,"href":"https:\/\/portalnpm.com\/index.php\/wp-json\/wp\/v2\/posts\/41596\/revisions"}],"wp:attachment":[{"href":"https:\/\/portalnpm.com\/index.php\/wp-json\/wp\/v2\/media?parent=41596"}],"wp:term":[{"taxonomy":"category","embeddable":true,"href":"https:\/\/portalnpm.com\/index.php\/wp-json\/wp\/v2\/categories?post=41596"},{"taxonomy":"post_tag","embeddable":true,"href":"https:\/\/portalnpm.com\/index.php\/wp-json\/wp\/v2\/tags?post=41596"}],"curies":[{"name":"wp","href":"https:\/\/api.w.org\/{rel}","templated":true}]}}