{"id":41598,"date":"2022-05-15T13:56:52","date_gmt":"2022-05-15T16:56:52","guid":{"rendered":"https:\/\/backupnpm.codetainer.com.br\/?p=41598"},"modified":"2022-05-15T13:56:52","modified_gmt":"2022-05-15T16:56:52","slug":"camilo-santana-sai-em-defesa-de-izolda-apos-presidente-do-pdt-apoiar-roberto-claudio-candidato","status":"publish","type":"post","link":"https:\/\/portalnpm.com\/index.php\/2022\/05\/15\/camilo-santana-sai-em-defesa-de-izolda-apos-presidente-do-pdt-apoiar-roberto-claudio-candidato\/","title":{"rendered":"Camilo Santana sai em defesa de Izolda ap\u00f3s presidente do PDT apoiar Roberto Cl\u00e1udio candidato"},"content":{"rendered":"<h2 class=\"amp-article-chamada\">Horas ap\u00f3s Carlos Lupi minimizar potencial eleitoral de Izolda, o ex-governador publicou mensagem refor\u00e7ando parceria com a governadora<\/h2>\n<p><img decoding=\"async\" class=\"aligncenter size-full wp-image-41600\" src=\"https:\/\/backupnpm.codetainer.com.br\/wp-content\/uploads\/2022\/05\/IMG-20220515-WA0006.jpg\" alt=\"\" width=\"276\" height=\"174\" \/><\/p>\n<p class=\"texto\" style=\"text-align: justify;\">\u00a0O ex-governador Camilo Santana (PT) publicou neste s\u00e1bado, 14, mensagem nas redes sociais refor\u00e7ando parceria com a sua sucessora no cargo, Izolda Cela (PDT). O texto foi veiculado poucas horas ap\u00f3s a veicula\u00e7\u00e3o de reportagem onde o presidente do PDT, Carlos Lupi, minimiza a for\u00e7a eleitoral da pedetista e defende candidatura de Roberto Cl\u00e1udio (PDT) para o Governo do Cear\u00e1.<\/p>\n<p class=\"texto\" style=\"text-align: justify;\">\u201cMuitas pessoas tem falado do grande trabalho que Izolda tem feito como governadora. Firme e competente. Tinha certeza que seria assim. Izolda ajudou a construir nosso governo. Enfrentou todas as crises comigo. Teve papel determinante nos avan\u00e7os. \u00c9 merecidamente nossa governadora\u201d, publicou Camilo no Twitter.<\/p>\n<p dir=\"ltr\" lang=\"pt\" style=\"text-align: justify;\">Muitas pessoas tem falado do grande trabalho que Izolda tem feito como governadora. Firme e competente. Tinha certeza que seria assim. Izolda ajudou a construir nosso governo. Enfrentou todas as crises comigo. Teve papel determinante nos avan\u00e7os. \u00c9 merecidamente NOSSA GOVERNADORA\u00a0<a href=\"https:\/\/t.co\/iBOUhwjds6\" target=\"_top\" rel=\"noopener\">pic.twitter.com\/iBOUhwjds6<\/a><\/p>\n<p style=\"text-align: justify;\">\u2014 Camilo Santana (@CamiloSantanaCE)\u00a0<a href=\"https:\/\/twitter.com\/CamiloSantanaCE\/status\/1525507300567416835?ref_src=twsrc%5Etfw\" target=\"_top\" rel=\"noopener\">May 14, 2022<\/a><\/p>\n<p class=\"texto\" style=\"text-align: justify;\">\n<p class=\"texto\" style=\"text-align: justify;\">Neste s\u00e1bado, 14, o jornal O Globo publicou reportagem onde Carlos Lupi externa prefer\u00eancia pela escolha de Roberto Cl\u00e1udio (PDT) como candidato do partido para a sucess\u00e3o de Camilono Cear\u00e1. Na entrevista, Lupi fez elogios \u00e0 governadora Izolda Cela, mas destaca maior taxa de conhecimento de RC entre o eleitorado.<\/p>\n<p class=\"texto\" style=\"text-align: justify;\">\u201cO Roberto Cl\u00e1udio \u00e9 o mais forte para evitar o Capit\u00e3o Wagner (candidato de Bolsonaro). Ele \u00e9 o mais conhecido, foi prefeito de Fortaleza durante dois mandatos\u201d, disse Lupi. \u201cA minha amiga Izolda \u00e9 preparada, mas n\u00e3o \u00e9 muito conhecida. Em 3 meses vai se tornar favorita? Acho pouco prov\u00e1vel\u201d, continua o pedetista.<\/p>\n<p class=\"texto\" style=\"text-align: justify;\">Carlos Lupi tamb\u00e9m minimiza resist\u00eancias do PT \u00e0 candidatura de Roberto Cl\u00e1udio. \u201cQual \u00e9 o problema com Roberto Cl\u00e1udio? Porque nas elei\u00e7\u00f5es que ele ganhou, o advers\u00e1rio era do PT, era a Luizianne Lins. Ela lidera a corrente do PT que n\u00e3o quer, n\u00e3o o apoio ao PDT, mas o apoio ao Roberto Cl\u00e1udio. E a\u00ed come\u00e7a essa quest\u00e3o\u201d, afirma. \u201cN\u00f3s vamos fazer uma alian\u00e7a, voc\u00eas v\u00e3o escolher o nosso candidato? \u00c9 a\u00ed o problema\u201d, conclui.<\/p>\n<p style=\"text-align: justify;\"><strong>Fonte: O Povo\u00a0<\/strong><\/p>\n","protected":false},"excerpt":{"rendered":"<p>Horas ap\u00f3s Carlos Lupi minimizar potencial eleitoral de Izolda, o ex-governador publicou mensagem refor\u00e7ando parceria com a governadora \u00a0O ex-governador Camilo Santana (PT) publicou neste s\u00e1bado, 14, mensagem nas redes sociais refor\u00e7ando parceria com a sua sucessora no cargo, Izolda Cela (PDT). O texto foi veiculado poucas horas ap\u00f3s a veicula\u00e7\u00e3o de reportagem onde o &hellip;<\/p>\n","protected":false},"author":4,"featured_media":41600,"comment_status":"open","ping_status":"open","sticky":false,"template":"","format":"standard","meta":{"content-type":"","rop_custom_images_group":[],"rop_custom_messages_group":[],"rop_publish_now":"initial","rop_publish_now_accounts":{"facebook_2648258775420054_1618374048415101":""},"rop_publish_now_history":[],"rop_publish_now_status":"pending","footnotes":"","_jetpack_memberships_contains_paid_content":false},"categories":[113,130],"tags":[],"yoast_head":"<!-- This site is optimized with the Yoast SEO plugin v22.3 - https:\/\/yoast.com\/wordpress\/plugins\/seo\/ -->\n<title>Camilo Santana sai em defesa de Izolda ap\u00f3s presidente do PDT apoiar Roberto Cl\u00e1udio candidato - Portal NPM<\/title>\n<meta name=\"robots\" content=\"index, follow, max-snippet:-1, max-image-preview:large, max-video-preview:-1\" \/>\n<link rel=\"canonical\" href=\"https:\/\/portalnpm.com\/index.php\/2022\/05\/15\/camilo-santana-sai-em-defesa-de-izolda-apos-presidente-do-pdt-apoiar-roberto-claudio-candidato\/\" \/>\n<meta property=\"og:locale\" content=\"pt_BR\" \/>\n<meta property=\"og:type\" content=\"article\" \/>\n<meta property=\"og:title\" content=\"Camilo Santana sai em defesa de Izolda ap\u00f3s presidente do PDT apoiar Roberto Cl\u00e1udio candidato - Portal NPM\" \/>\n<meta property=\"og:description\" content=\"Horas ap\u00f3s Carlos Lupi minimizar potencial eleitoral de Izolda, o ex-governador publicou mensagem refor\u00e7ando parceria com a governadora \u00a0O ex-governador Camilo Santana (PT) publicou neste s\u00e1bado, 14, mensagem nas redes sociais refor\u00e7ando parceria com a sua sucessora no cargo, Izolda Cela (PDT). O texto foi veiculado poucas horas ap\u00f3s a veicula\u00e7\u00e3o de reportagem onde o &hellip;\" \/>\n<meta property=\"og:url\" content=\"https:\/\/portalnpm.com\/index.php\/2022\/05\/15\/camilo-santana-sai-em-defesa-de-izolda-apos-presidente-do-pdt-apoiar-roberto-claudio-candidato\/\" \/>\n<meta property=\"og:site_name\" content=\"Portal NPM\" \/>\n<meta property=\"article:published_time\" content=\"2022-05-15T16:56:52+00:00\" \/>\n<meta name=\"author\" content=\"Reda\u00e7\u00e3o\" \/>\n<meta name=\"twitter:card\" content=\"summary_large_image\" \/>\n<meta name=\"twitter:label1\" content=\"Escrito por\" \/>\n\t<meta name=\"twitter:data1\" content=\"Reda\u00e7\u00e3o\" \/>\n\t<meta name=\"twitter:label2\" content=\"Est. tempo de leitura\" \/>\n\t<meta name=\"twitter:data2\" content=\"2 minutos\" \/>\n<script type=\"application\/ld+json\" class=\"yoast-schema-graph\">{\"@context\":\"https:\/\/schema.org\",\"@graph\":[{\"@type\":\"WebPage\",\"@id\":\"https:\/\/portalnpm.com\/index.php\/2022\/05\/15\/camilo-santana-sai-em-defesa-de-izolda-apos-presidente-do-pdt-apoiar-roberto-claudio-candidato\/\",\"url\":\"https:\/\/portalnpm.com\/index.php\/2022\/05\/15\/camilo-santana-sai-em-defesa-de-izolda-apos-presidente-do-pdt-apoiar-roberto-claudio-candidato\/\",\"name\":\"Camilo Santana sai em defesa de Izolda ap\u00f3s presidente do PDT apoiar Roberto Cl\u00e1udio candidato - Portal NPM\",\"isPartOf\":{\"@id\":\"https:\/\/portalnpm.com\/#website\"},\"primaryImageOfPage\":{\"@id\":\"https:\/\/portalnpm.com\/index.php\/2022\/05\/15\/camilo-santana-sai-em-defesa-de-izolda-apos-presidente-do-pdt-apoiar-roberto-claudio-candidato\/#primaryimage\"},\"image\":{\"@id\":\"https:\/\/portalnpm.com\/index.php\/2022\/05\/15\/camilo-santana-sai-em-defesa-de-izolda-apos-presidente-do-pdt-apoiar-roberto-claudio-candidato\/#primaryimage\"},\"thumbnailUrl\":\"\",\"datePublished\":\"2022-05-15T16:56:52+00:00\",\"dateModified\":\"2022-05-15T16:56:52+00:00\",\"author\":{\"@id\":\"https:\/\/portalnpm.com\/#\/schema\/person\/0b5f230ec96cee25504fa328e7f2b733\"},\"breadcrumb\":{\"@id\":\"https:\/\/portalnpm.com\/index.php\/2022\/05\/15\/camilo-santana-sai-em-defesa-de-izolda-apos-presidente-do-pdt-apoiar-roberto-claudio-candidato\/#breadcrumb\"},\"inLanguage\":\"pt-BR\",\"potentialAction\":[{\"@type\":\"ReadAction\",\"target\":[\"https:\/\/portalnpm.com\/index.php\/2022\/05\/15\/camilo-santana-sai-em-defesa-de-izolda-apos-presidente-do-pdt-apoiar-roberto-claudio-candidato\/\"]}]},{\"@type\":\"ImageObject\",\"inLanguage\":\"pt-BR\",\"@id\":\"https:\/\/portalnpm.com\/index.php\/2022\/05\/15\/camilo-santana-sai-em-defesa-de-izolda-apos-presidente-do-pdt-apoiar-roberto-claudio-candidato\/#primaryimage\",\"url\":\"\",\"contentUrl\":\"\"},{\"@type\":\"BreadcrumbList\",\"@id\":\"https:\/\/portalnpm.com\/index.php\/2022\/05\/15\/camilo-santana-sai-em-defesa-de-izolda-apos-presidente-do-pdt-apoiar-roberto-claudio-candidato\/#breadcrumb\",\"itemListElement\":[{\"@type\":\"ListItem\",\"position\":1,\"name\":\"In\u00edcio\",\"item\":\"https:\/\/portalnpm.com\/\"},{\"@type\":\"ListItem\",\"position\":2,\"name\":\"Camilo Santana sai em defesa de Izolda ap\u00f3s presidente do PDT apoiar Roberto Cl\u00e1udio candidato\"}]},{\"@type\":\"WebSite\",\"@id\":\"https:\/\/portalnpm.com\/#website\",\"url\":\"https:\/\/portalnpm.com\/\",\"name\":\"Portal NPM\",\"description\":\"Not\u00edcias em Primeira M\u00e3o\",\"potentialAction\":[{\"@type\":\"SearchAction\",\"target\":{\"@type\":\"EntryPoint\",\"urlTemplate\":\"https:\/\/portalnpm.com\/?s={search_term_string}\"},\"query-input\":\"required name=search_term_string\"}],\"inLanguage\":\"pt-BR\"},{\"@type\":\"Person\",\"@id\":\"https:\/\/portalnpm.com\/#\/schema\/person\/0b5f230ec96cee25504fa328e7f2b733\",\"name\":\"Reda\u00e7\u00e3o\",\"image\":{\"@type\":\"ImageObject\",\"inLanguage\":\"pt-BR\",\"@id\":\"https:\/\/portalnpm.com\/#\/schema\/person\/image\/\",\"url\":\"https:\/\/portalnpm.com\/wp-content\/uploads\/2024\/03\/avatar_user_4_1710097212-96x96.png\",\"contentUrl\":\"https:\/\/portalnpm.com\/wp-content\/uploads\/2024\/03\/avatar_user_4_1710097212-96x96.png\",\"caption\":\"Reda\u00e7\u00e3o\"},\"url\":\"https:\/\/portalnpm.com\/index.php\/author\/redacao\/\"}]}<\/script>\n<!-- \/ Yoast SEO plugin. -->","yoast_head_json":{"title":"Camilo Santana sai em defesa de Izolda ap\u00f3s presidente do PDT apoiar Roberto Cl\u00e1udio candidato - Portal NPM","robots":{"index":"index","follow":"follow","max-snippet":"max-snippet:-1","max-image-preview":"max-image-preview:large","max-video-preview":"max-video-preview:-1"},"canonical":"https:\/\/portalnpm.com\/index.php\/2022\/05\/15\/camilo-santana-sai-em-defesa-de-izolda-apos-presidente-do-pdt-apoiar-roberto-claudio-candidato\/","og_locale":"pt_BR","og_type":"article","og_title":"Camilo Santana sai em defesa de Izolda ap\u00f3s presidente do PDT apoiar Roberto Cl\u00e1udio candidato - Portal NPM","og_description":"Horas ap\u00f3s Carlos Lupi minimizar potencial eleitoral de Izolda, o ex-governador publicou mensagem refor\u00e7ando parceria com a governadora \u00a0O ex-governador Camilo Santana (PT) publicou neste s\u00e1bado, 14, mensagem nas redes sociais refor\u00e7ando parceria com a sua sucessora no cargo, Izolda Cela (PDT). O texto foi veiculado poucas horas ap\u00f3s a veicula\u00e7\u00e3o de reportagem onde o &hellip;","og_url":"https:\/\/portalnpm.com\/index.php\/2022\/05\/15\/camilo-santana-sai-em-defesa-de-izolda-apos-presidente-do-pdt-apoiar-roberto-claudio-candidato\/","og_site_name":"Portal NPM","article_published_time":"2022-05-15T16:56:52+00:00","author":"Reda\u00e7\u00e3o","twitter_card":"summary_large_image","twitter_misc":{"Escrito por":"Reda\u00e7\u00e3o","Est. tempo de leitura":"2 minutos"},"schema":{"@context":"https:\/\/schema.org","@graph":[{"@type":"WebPage","@id":"https:\/\/portalnpm.com\/index.php\/2022\/05\/15\/camilo-santana-sai-em-defesa-de-izolda-apos-presidente-do-pdt-apoiar-roberto-claudio-candidato\/","url":"https:\/\/portalnpm.com\/index.php\/2022\/05\/15\/camilo-santana-sai-em-defesa-de-izolda-apos-presidente-do-pdt-apoiar-roberto-claudio-candidato\/","name":"Camilo Santana sai em defesa de Izolda ap\u00f3s presidente do PDT apoiar Roberto Cl\u00e1udio candidato - Portal NPM","isPartOf":{"@id":"https:\/\/portalnpm.com\/#website"},"primaryImageOfPage":{"@id":"https:\/\/portalnpm.com\/index.php\/2022\/05\/15\/camilo-santana-sai-em-defesa-de-izolda-apos-presidente-do-pdt-apoiar-roberto-claudio-candidato\/#primaryimage"},"image":{"@id":"https:\/\/portalnpm.com\/index.php\/2022\/05\/15\/camilo-santana-sai-em-defesa-de-izolda-apos-presidente-do-pdt-apoiar-roberto-claudio-candidato\/#primaryimage"},"thumbnailUrl":"","datePublished":"2022-05-15T16:56:52+00:00","dateModified":"2022-05-15T16:56:52+00:00","author":{"@id":"https:\/\/portalnpm.com\/#\/schema\/person\/0b5f230ec96cee25504fa328e7f2b733"},"breadcrumb":{"@id":"https:\/\/portalnpm.com\/index.php\/2022\/05\/15\/camilo-santana-sai-em-defesa-de-izolda-apos-presidente-do-pdt-apoiar-roberto-claudio-candidato\/#breadcrumb"},"inLanguage":"pt-BR","potentialAction":[{"@type":"ReadAction","target":["https:\/\/portalnpm.com\/index.php\/2022\/05\/15\/camilo-santana-sai-em-defesa-de-izolda-apos-presidente-do-pdt-apoiar-roberto-claudio-candidato\/"]}]},{"@type":"ImageObject","inLanguage":"pt-BR","@id":"https:\/\/portalnpm.com\/index.php\/2022\/05\/15\/camilo-santana-sai-em-defesa-de-izolda-apos-presidente-do-pdt-apoiar-roberto-claudio-candidato\/#primaryimage","url":"","contentUrl":""},{"@type":"BreadcrumbList","@id":"https:\/\/portalnpm.com\/index.php\/2022\/05\/15\/camilo-santana-sai-em-defesa-de-izolda-apos-presidente-do-pdt-apoiar-roberto-claudio-candidato\/#breadcrumb","itemListElement":[{"@type":"ListItem","position":1,"name":"In\u00edcio","item":"https:\/\/portalnpm.com\/"},{"@type":"ListItem","position":2,"name":"Camilo Santana sai em defesa de Izolda ap\u00f3s presidente do PDT apoiar Roberto Cl\u00e1udio candidato"}]},{"@type":"WebSite","@id":"https:\/\/portalnpm.com\/#website","url":"https:\/\/portalnpm.com\/","name":"Portal NPM","description":"Not\u00edcias em Primeira M\u00e3o","potentialAction":[{"@type":"SearchAction","target":{"@type":"EntryPoint","urlTemplate":"https:\/\/portalnpm.com\/?s={search_term_string}"},"query-input":"required name=search_term_string"}],"inLanguage":"pt-BR"},{"@type":"Person","@id":"https:\/\/portalnpm.com\/#\/schema\/person\/0b5f230ec96cee25504fa328e7f2b733","name":"Reda\u00e7\u00e3o","image":{"@type":"ImageObject","inLanguage":"pt-BR","@id":"https:\/\/portalnpm.com\/#\/schema\/person\/image\/","url":"https:\/\/portalnpm.com\/wp-content\/uploads\/2024\/03\/avatar_user_4_1710097212-96x96.png","contentUrl":"https:\/\/portalnpm.com\/wp-content\/uploads\/2024\/03\/avatar_user_4_1710097212-96x96.png","caption":"Reda\u00e7\u00e3o"},"url":"https:\/\/portalnpm.com\/index.php\/author\/redacao\/"}]}},"jetpack_sharing_enabled":true,"jetpack_featured_media_url":"","_links":{"self":[{"href":"https:\/\/portalnpm.com\/index.php\/wp-json\/wp\/v2\/posts\/41598"}],"collection":[{"href":"https:\/\/portalnpm.com\/index.php\/wp-json\/wp\/v2\/posts"}],"about":[{"href":"https:\/\/portalnpm.com\/index.php\/wp-json\/wp\/v2\/types\/post"}],"author":[{"embeddable":true,"href":"https:\/\/portalnpm.com\/index.php\/wp-json\/wp\/v2\/users\/4"}],"replies":[{"embeddable":true,"href":"https:\/\/portalnpm.com\/index.php\/wp-json\/wp\/v2\/comments?post=41598"}],"version-history":[{"count":0,"href":"https:\/\/portalnpm.com\/index.php\/wp-json\/wp\/v2\/posts\/41598\/revisions"}],"wp:featuredmedia":[{"embeddable":true,"href":"https:\/\/portalnpm.com\/index.php\/wp-json\/"}],"wp:attachment":[{"href":"https:\/\/portalnpm.com\/index.php\/wp-json\/wp\/v2\/media?parent=41598"}],"wp:term":[{"taxonomy":"category","embeddable":true,"href":"https:\/\/portalnpm.com\/index.php\/wp-json\/wp\/v2\/categories?post=41598"},{"taxonomy":"post_tag","embeddable":true,"href":"https:\/\/portalnpm.com\/index.php\/wp-json\/wp\/v2\/tags?post=41598"}],"curies":[{"name":"wp","href":"https:\/\/api.w.org\/{rel}","templated":true}]}}