{"id":41602,"date":"2022-05-15T14:03:02","date_gmt":"2022-05-15T17:03:02","guid":{"rendered":"https:\/\/backupnpm.codetainer.com.br\/?p=41602"},"modified":"2022-05-15T14:03:02","modified_gmt":"2022-05-15T17:03:02","slug":"lula-queria-perder-e-nao-me-deixou-ganhar-diz-ciro-sobre-a-eleicao-de-2018","status":"publish","type":"post","link":"https:\/\/portalnpm.com\/index.php\/2022\/05\/15\/lula-queria-perder-e-nao-me-deixou-ganhar-diz-ciro-sobre-a-eleicao-de-2018\/","title":{"rendered":"Lula queria perder e n\u00e3o me deixou ganhar, diz Ciro sobre a elei\u00e7\u00e3o de 2018"},"content":{"rendered":"<h2 class=\"eltdf-post-excerpt\">&#8216;Por que eles n\u00e3o votaram em mim em 2018?&#8217;, questionou o presidenci\u00e1vel do PDT<\/h2>\n<p style=\"text-align: justify;\">O pr\u00e9-candidato do PDT \u00e0 Presid\u00eancia,\u00a0<a href=\"https:\/\/www.cartacapital.com.br\/tag\/ciro-gomes\" target=\"_top\" rel=\"noopener\">Ciro Gomes<\/a>, voltou a criticar as decis\u00f5es do PT nas elei\u00e7\u00f5es de 2018. Na ocasi\u00e3o, ap\u00f3s a candidatura de\u00a0<a href=\"https:\/\/www.cartacapital.com.br\/tag\/lula\/\" target=\"_top\" rel=\"noopener\">Lula<\/a>\u00a0ao Pal\u00e1cio do Planalto ser indeferida pela Justi\u00e7a Eleitoral, os petistas lan\u00e7aram o ex-prefeito de S\u00e3o Paulo Fernando Haddad. O movimento, alega o pedetista, indica que Lula \u201cqueria perder\u201d e, por isso, n\u00e3o poderia deix\u00e1-lo ganhar.<\/p>\n<p style=\"text-align: justify;\">Em entrevista \u00e0\u00a0<em>CNN Brasil<\/em>\u00a0nesta sexta-feira 13, Ciro questionou \u201cpor que eles [do PT] n\u00e3o votaram\u201d nele e disse que as pesquisas o apontavam como o \u00fanico candidato capaz de derrotar Jair Bolsonaro.<\/p>\n<p style=\"text-align: justify;\">&#8220;O Lula mentiu para o povo que era candidato de dentro da cadeia. Depois, faltando pouco mais de 20 dias para as elei\u00e7\u00f5es, lan\u00e7ou um candidato que tinha acabado de perder as elei\u00e7\u00f5es em S\u00e3o Paulo no cargo de prefeito. N\u00e3o perder de forma normal: ele tirou 16%. Perdeu para nulos e brancos\u201d, disse Ciro, em refer\u00eancia a Haddad.<\/p>\n<p style=\"text-align: justify;\">\u201cLula estava passando o recibo de que queria que o povo brasileiro pagasse muito caro por n\u00e3o ter feito aquilo que ele imaginava que devia ter sido feito.\u00a0<strong>Ele queria perder as elei\u00e7\u00f5es, portanto, n\u00e3o podia deixar que eu ganhasse.<\/strong>\u00a0Amor ao Brasil, amor \u00e0 democracia? Eu conhe\u00e7o essa gente. S\u00f3 quem n\u00e3o conhece \u00e9 que pode comprar esse p\u00e3o amanhecido.\u201d<\/p>\n<p style=\"text-align: justify;\">No primeiro turno do pleito presidencial de 2018, Bolsonaro teve 46,03% dos votos, ante 29,28% de Haddad e 12,47% de Ciro.<\/p>\n<p style=\"text-align: justify;\">Neste ano, as pesquisas de inten\u00e7\u00e3o de voto tamb\u00e9m indicam que Ciro ocupa a terceira posi\u00e7\u00e3o.\u00a0<a href=\"https:\/\/www.cartacapital.com.br\/politica\/ipespe-lula-tem-44-no-primeiro-turno-e-venceria-qualquer-adversario-no-segundo\/\" target=\"_top\" rel=\"noopener\">Um levantamento Ipespe<\/a>\u00a0divulgado nesta sexta mostra que Lula segue consolidado na lideran\u00e7a com\u00a044%, ante 32% de Bolsonaro e 8% de Ciro.<\/p>\n<p style=\"text-align: justify;\"><strong>Fonte: Carta Capital\u00a0<\/strong><\/p>\n","protected":false},"excerpt":{"rendered":"<p>&#8216;Por que eles n\u00e3o votaram em mim em 2018?&#8217;, questionou o presidenci\u00e1vel do PDT O pr\u00e9-candidato do PDT \u00e0 Presid\u00eancia,\u00a0Ciro Gomes, voltou a criticar as decis\u00f5es do PT nas elei\u00e7\u00f5es de 2018. Na ocasi\u00e3o, ap\u00f3s a candidatura de\u00a0Lula\u00a0ao Pal\u00e1cio do Planalto ser indeferida pela Justi\u00e7a Eleitoral, os petistas lan\u00e7aram o ex-prefeito de S\u00e3o Paulo Fernando &hellip;<\/p>\n","protected":false},"author":4,"featured_media":41603,"comment_status":"open","ping_status":"open","sticky":false,"template":"","format":"standard","meta":{"content-type":"","rop_custom_images_group":[],"rop_custom_messages_group":[],"rop_publish_now":"initial","rop_publish_now_accounts":{"facebook_2648258775420054_1618374048415101":""},"rop_publish_now_history":[],"rop_publish_now_status":"pending","footnotes":"","_jetpack_memberships_contains_paid_content":false},"categories":[113,130],"tags":[],"yoast_head":"<!-- This site is optimized with the Yoast SEO plugin v22.3 - https:\/\/yoast.com\/wordpress\/plugins\/seo\/ -->\n<title>Lula queria perder e n\u00e3o me deixou ganhar, diz Ciro sobre a elei\u00e7\u00e3o de 2018 - Portal NPM<\/title>\n<meta name=\"robots\" content=\"index, follow, max-snippet:-1, max-image-preview:large, max-video-preview:-1\" \/>\n<link rel=\"canonical\" href=\"https:\/\/portalnpm.com\/index.php\/2022\/05\/15\/lula-queria-perder-e-nao-me-deixou-ganhar-diz-ciro-sobre-a-eleicao-de-2018\/\" \/>\n<meta property=\"og:locale\" content=\"pt_BR\" \/>\n<meta property=\"og:type\" content=\"article\" \/>\n<meta property=\"og:title\" content=\"Lula queria perder e n\u00e3o me deixou ganhar, diz Ciro sobre a elei\u00e7\u00e3o de 2018 - Portal NPM\" \/>\n<meta property=\"og:description\" content=\"&#8216;Por que eles n\u00e3o votaram em mim em 2018?&#8217;, questionou o presidenci\u00e1vel do PDT O pr\u00e9-candidato do PDT \u00e0 Presid\u00eancia,\u00a0Ciro Gomes, voltou a criticar as decis\u00f5es do PT nas elei\u00e7\u00f5es de 2018. Na ocasi\u00e3o, ap\u00f3s a candidatura de\u00a0Lula\u00a0ao Pal\u00e1cio do Planalto ser indeferida pela Justi\u00e7a Eleitoral, os petistas lan\u00e7aram o ex-prefeito de S\u00e3o Paulo Fernando &hellip;\" \/>\n<meta property=\"og:url\" content=\"https:\/\/portalnpm.com\/index.php\/2022\/05\/15\/lula-queria-perder-e-nao-me-deixou-ganhar-diz-ciro-sobre-a-eleicao-de-2018\/\" \/>\n<meta property=\"og:site_name\" content=\"Portal NPM\" \/>\n<meta property=\"article:published_time\" content=\"2022-05-15T17:03:02+00:00\" \/>\n<meta name=\"author\" content=\"Reda\u00e7\u00e3o\" \/>\n<meta name=\"twitter:card\" content=\"summary_large_image\" \/>\n<meta name=\"twitter:label1\" content=\"Escrito por\" \/>\n\t<meta name=\"twitter:data1\" content=\"Reda\u00e7\u00e3o\" \/>\n\t<meta name=\"twitter:label2\" content=\"Est. tempo de leitura\" \/>\n\t<meta name=\"twitter:data2\" content=\"2 minutos\" \/>\n<script type=\"application\/ld+json\" class=\"yoast-schema-graph\">{\"@context\":\"https:\/\/schema.org\",\"@graph\":[{\"@type\":\"WebPage\",\"@id\":\"https:\/\/portalnpm.com\/index.php\/2022\/05\/15\/lula-queria-perder-e-nao-me-deixou-ganhar-diz-ciro-sobre-a-eleicao-de-2018\/\",\"url\":\"https:\/\/portalnpm.com\/index.php\/2022\/05\/15\/lula-queria-perder-e-nao-me-deixou-ganhar-diz-ciro-sobre-a-eleicao-de-2018\/\",\"name\":\"Lula queria perder e n\u00e3o me deixou ganhar, diz Ciro sobre a elei\u00e7\u00e3o de 2018 - Portal NPM\",\"isPartOf\":{\"@id\":\"https:\/\/portalnpm.com\/#website\"},\"primaryImageOfPage\":{\"@id\":\"https:\/\/portalnpm.com\/index.php\/2022\/05\/15\/lula-queria-perder-e-nao-me-deixou-ganhar-diz-ciro-sobre-a-eleicao-de-2018\/#primaryimage\"},\"image\":{\"@id\":\"https:\/\/portalnpm.com\/index.php\/2022\/05\/15\/lula-queria-perder-e-nao-me-deixou-ganhar-diz-ciro-sobre-a-eleicao-de-2018\/#primaryimage\"},\"thumbnailUrl\":\"\",\"datePublished\":\"2022-05-15T17:03:02+00:00\",\"dateModified\":\"2022-05-15T17:03:02+00:00\",\"author\":{\"@id\":\"https:\/\/portalnpm.com\/#\/schema\/person\/0b5f230ec96cee25504fa328e7f2b733\"},\"breadcrumb\":{\"@id\":\"https:\/\/portalnpm.com\/index.php\/2022\/05\/15\/lula-queria-perder-e-nao-me-deixou-ganhar-diz-ciro-sobre-a-eleicao-de-2018\/#breadcrumb\"},\"inLanguage\":\"pt-BR\",\"potentialAction\":[{\"@type\":\"ReadAction\",\"target\":[\"https:\/\/portalnpm.com\/index.php\/2022\/05\/15\/lula-queria-perder-e-nao-me-deixou-ganhar-diz-ciro-sobre-a-eleicao-de-2018\/\"]}]},{\"@type\":\"ImageObject\",\"inLanguage\":\"pt-BR\",\"@id\":\"https:\/\/portalnpm.com\/index.php\/2022\/05\/15\/lula-queria-perder-e-nao-me-deixou-ganhar-diz-ciro-sobre-a-eleicao-de-2018\/#primaryimage\",\"url\":\"\",\"contentUrl\":\"\"},{\"@type\":\"BreadcrumbList\",\"@id\":\"https:\/\/portalnpm.com\/index.php\/2022\/05\/15\/lula-queria-perder-e-nao-me-deixou-ganhar-diz-ciro-sobre-a-eleicao-de-2018\/#breadcrumb\",\"itemListElement\":[{\"@type\":\"ListItem\",\"position\":1,\"name\":\"In\u00edcio\",\"item\":\"https:\/\/portalnpm.com\/\"},{\"@type\":\"ListItem\",\"position\":2,\"name\":\"Lula queria perder e n\u00e3o me deixou ganhar, diz Ciro sobre a elei\u00e7\u00e3o de 2018\"}]},{\"@type\":\"WebSite\",\"@id\":\"https:\/\/portalnpm.com\/#website\",\"url\":\"https:\/\/portalnpm.com\/\",\"name\":\"Portal NPM\",\"description\":\"Not\u00edcias em Primeira M\u00e3o\",\"potentialAction\":[{\"@type\":\"SearchAction\",\"target\":{\"@type\":\"EntryPoint\",\"urlTemplate\":\"https:\/\/portalnpm.com\/?s={search_term_string}\"},\"query-input\":\"required name=search_term_string\"}],\"inLanguage\":\"pt-BR\"},{\"@type\":\"Person\",\"@id\":\"https:\/\/portalnpm.com\/#\/schema\/person\/0b5f230ec96cee25504fa328e7f2b733\",\"name\":\"Reda\u00e7\u00e3o\",\"image\":{\"@type\":\"ImageObject\",\"inLanguage\":\"pt-BR\",\"@id\":\"https:\/\/portalnpm.com\/#\/schema\/person\/image\/\",\"url\":\"https:\/\/portalnpm.com\/wp-content\/uploads\/2024\/03\/avatar_user_4_1710097212-96x96.png\",\"contentUrl\":\"https:\/\/portalnpm.com\/wp-content\/uploads\/2024\/03\/avatar_user_4_1710097212-96x96.png\",\"caption\":\"Reda\u00e7\u00e3o\"},\"url\":\"https:\/\/portalnpm.com\/index.php\/author\/redacao\/\"}]}<\/script>\n<!-- \/ Yoast SEO plugin. -->","yoast_head_json":{"title":"Lula queria perder e n\u00e3o me deixou ganhar, diz Ciro sobre a elei\u00e7\u00e3o de 2018 - Portal NPM","robots":{"index":"index","follow":"follow","max-snippet":"max-snippet:-1","max-image-preview":"max-image-preview:large","max-video-preview":"max-video-preview:-1"},"canonical":"https:\/\/portalnpm.com\/index.php\/2022\/05\/15\/lula-queria-perder-e-nao-me-deixou-ganhar-diz-ciro-sobre-a-eleicao-de-2018\/","og_locale":"pt_BR","og_type":"article","og_title":"Lula queria perder e n\u00e3o me deixou ganhar, diz Ciro sobre a elei\u00e7\u00e3o de 2018 - Portal NPM","og_description":"&#8216;Por que eles n\u00e3o votaram em mim em 2018?&#8217;, questionou o presidenci\u00e1vel do PDT O pr\u00e9-candidato do PDT \u00e0 Presid\u00eancia,\u00a0Ciro Gomes, voltou a criticar as decis\u00f5es do PT nas elei\u00e7\u00f5es de 2018. Na ocasi\u00e3o, ap\u00f3s a candidatura de\u00a0Lula\u00a0ao Pal\u00e1cio do Planalto ser indeferida pela Justi\u00e7a Eleitoral, os petistas lan\u00e7aram o ex-prefeito de S\u00e3o Paulo Fernando &hellip;","og_url":"https:\/\/portalnpm.com\/index.php\/2022\/05\/15\/lula-queria-perder-e-nao-me-deixou-ganhar-diz-ciro-sobre-a-eleicao-de-2018\/","og_site_name":"Portal NPM","article_published_time":"2022-05-15T17:03:02+00:00","author":"Reda\u00e7\u00e3o","twitter_card":"summary_large_image","twitter_misc":{"Escrito por":"Reda\u00e7\u00e3o","Est. tempo de leitura":"2 minutos"},"schema":{"@context":"https:\/\/schema.org","@graph":[{"@type":"WebPage","@id":"https:\/\/portalnpm.com\/index.php\/2022\/05\/15\/lula-queria-perder-e-nao-me-deixou-ganhar-diz-ciro-sobre-a-eleicao-de-2018\/","url":"https:\/\/portalnpm.com\/index.php\/2022\/05\/15\/lula-queria-perder-e-nao-me-deixou-ganhar-diz-ciro-sobre-a-eleicao-de-2018\/","name":"Lula queria perder e n\u00e3o me deixou ganhar, diz Ciro sobre a elei\u00e7\u00e3o de 2018 - Portal NPM","isPartOf":{"@id":"https:\/\/portalnpm.com\/#website"},"primaryImageOfPage":{"@id":"https:\/\/portalnpm.com\/index.php\/2022\/05\/15\/lula-queria-perder-e-nao-me-deixou-ganhar-diz-ciro-sobre-a-eleicao-de-2018\/#primaryimage"},"image":{"@id":"https:\/\/portalnpm.com\/index.php\/2022\/05\/15\/lula-queria-perder-e-nao-me-deixou-ganhar-diz-ciro-sobre-a-eleicao-de-2018\/#primaryimage"},"thumbnailUrl":"","datePublished":"2022-05-15T17:03:02+00:00","dateModified":"2022-05-15T17:03:02+00:00","author":{"@id":"https:\/\/portalnpm.com\/#\/schema\/person\/0b5f230ec96cee25504fa328e7f2b733"},"breadcrumb":{"@id":"https:\/\/portalnpm.com\/index.php\/2022\/05\/15\/lula-queria-perder-e-nao-me-deixou-ganhar-diz-ciro-sobre-a-eleicao-de-2018\/#breadcrumb"},"inLanguage":"pt-BR","potentialAction":[{"@type":"ReadAction","target":["https:\/\/portalnpm.com\/index.php\/2022\/05\/15\/lula-queria-perder-e-nao-me-deixou-ganhar-diz-ciro-sobre-a-eleicao-de-2018\/"]}]},{"@type":"ImageObject","inLanguage":"pt-BR","@id":"https:\/\/portalnpm.com\/index.php\/2022\/05\/15\/lula-queria-perder-e-nao-me-deixou-ganhar-diz-ciro-sobre-a-eleicao-de-2018\/#primaryimage","url":"","contentUrl":""},{"@type":"BreadcrumbList","@id":"https:\/\/portalnpm.com\/index.php\/2022\/05\/15\/lula-queria-perder-e-nao-me-deixou-ganhar-diz-ciro-sobre-a-eleicao-de-2018\/#breadcrumb","itemListElement":[{"@type":"ListItem","position":1,"name":"In\u00edcio","item":"https:\/\/portalnpm.com\/"},{"@type":"ListItem","position":2,"name":"Lula queria perder e n\u00e3o me deixou ganhar, diz Ciro sobre a elei\u00e7\u00e3o de 2018"}]},{"@type":"WebSite","@id":"https:\/\/portalnpm.com\/#website","url":"https:\/\/portalnpm.com\/","name":"Portal NPM","description":"Not\u00edcias em Primeira M\u00e3o","potentialAction":[{"@type":"SearchAction","target":{"@type":"EntryPoint","urlTemplate":"https:\/\/portalnpm.com\/?s={search_term_string}"},"query-input":"required name=search_term_string"}],"inLanguage":"pt-BR"},{"@type":"Person","@id":"https:\/\/portalnpm.com\/#\/schema\/person\/0b5f230ec96cee25504fa328e7f2b733","name":"Reda\u00e7\u00e3o","image":{"@type":"ImageObject","inLanguage":"pt-BR","@id":"https:\/\/portalnpm.com\/#\/schema\/person\/image\/","url":"https:\/\/portalnpm.com\/wp-content\/uploads\/2024\/03\/avatar_user_4_1710097212-96x96.png","contentUrl":"https:\/\/portalnpm.com\/wp-content\/uploads\/2024\/03\/avatar_user_4_1710097212-96x96.png","caption":"Reda\u00e7\u00e3o"},"url":"https:\/\/portalnpm.com\/index.php\/author\/redacao\/"}]}},"jetpack_sharing_enabled":true,"jetpack_featured_media_url":"","_links":{"self":[{"href":"https:\/\/portalnpm.com\/index.php\/wp-json\/wp\/v2\/posts\/41602"}],"collection":[{"href":"https:\/\/portalnpm.com\/index.php\/wp-json\/wp\/v2\/posts"}],"about":[{"href":"https:\/\/portalnpm.com\/index.php\/wp-json\/wp\/v2\/types\/post"}],"author":[{"embeddable":true,"href":"https:\/\/portalnpm.com\/index.php\/wp-json\/wp\/v2\/users\/4"}],"replies":[{"embeddable":true,"href":"https:\/\/portalnpm.com\/index.php\/wp-json\/wp\/v2\/comments?post=41602"}],"version-history":[{"count":0,"href":"https:\/\/portalnpm.com\/index.php\/wp-json\/wp\/v2\/posts\/41602\/revisions"}],"wp:featuredmedia":[{"embeddable":true,"href":"https:\/\/portalnpm.com\/index.php\/wp-json\/"}],"wp:attachment":[{"href":"https:\/\/portalnpm.com\/index.php\/wp-json\/wp\/v2\/media?parent=41602"}],"wp:term":[{"taxonomy":"category","embeddable":true,"href":"https:\/\/portalnpm.com\/index.php\/wp-json\/wp\/v2\/categories?post=41602"},{"taxonomy":"post_tag","embeddable":true,"href":"https:\/\/portalnpm.com\/index.php\/wp-json\/wp\/v2\/tags?post=41602"}],"curies":[{"name":"wp","href":"https:\/\/api.w.org\/{rel}","templated":true}]}}