{"id":41605,"date":"2022-05-15T14:13:42","date_gmt":"2022-05-15T17:13:42","guid":{"rendered":"https:\/\/backupnpm.codetainer.com.br\/?p=41605"},"modified":"2022-05-15T14:13:42","modified_gmt":"2022-05-15T17:13:42","slug":"pt-tensiona-alianca-de-lula-com-kalil-ao-reafirmar-candidatura-ao-senado-em-mg","status":"publish","type":"post","link":"https:\/\/portalnpm.com\/index.php\/2022\/05\/15\/pt-tensiona-alianca-de-lula-com-kalil-ao-reafirmar-candidatura-ao-senado-em-mg\/","title":{"rendered":"PT tensiona alian\u00e7a de Lula com Kalil ao reafirmar candidatura ao Senado em MG"},"content":{"rendered":"<h2 class=\"c-content-head__subtitle\">Ap\u00f3s viagem de ex-presidente ao estado, partido mant\u00e9m plano e repreende &#8216;projetos e interesses individuais&#8217;<\/h2>\n<p style=\"text-align: justify;\">Na semana em que foi anfitri\u00e3o de eventos com o ex-presidente\u00a0<a href=\"https:\/\/www1.folha.uol.com.br\/folha-topicos\/lula\/\" target=\"_top\" rel=\"noopener\">Luiz In\u00e1cio Lula da Silva (PT)<\/a>\u00a0no estado, o PT decidiu reafirmar a pr\u00e9-candidatura do deputado federal Reginaldo Lopes ao Senado em Minas Gerais e repreender &#8220;projetos e interesses individuais&#8221;.<\/p>\n<p style=\"text-align: justify;\">O movimento tensiona as negocia\u00e7\u00f5es para uma poss\u00edvel alian\u00e7a formal entre PT e PSD no estado, parceria que uniria Lula ao ex-prefeito de Belo Horizonte Alexandre Kalil (PSD), pr\u00e9-candidato ao governo mineiro.<\/p>\n<p style=\"text-align: justify;\">A alian\u00e7a \u00e9 vista como importante para ambos. De um lado, Kalil ancoraria sua candidatura no pr\u00e9-candidato que lidera as pesquisas para a Presid\u00eancia. De outro, Lula ganharia um palanque forte no segundo maior col\u00e9gio eleitoral do pa\u00eds, com cerca de 15 milh\u00f5es de eleitores.<\/p>\n<p style=\"text-align: justify;\">A candidatura de Lopes ao Senado, contudo, contraria os interesses do PSD, que trabalha pela reelei\u00e7\u00e3o do senador Alexandre Silveira (PSD). Ele assumiu o mandato no Senado em fevereiro ap\u00f3s a\u00a0<a href=\"https:\/\/www1.folha.uol.com.br\/poder\/2021\/12\/senado-aprova-anastasia-para-vaga-no-tcu-em-vitoria-de-pacheco.shtml\" target=\"_top\" rel=\"noopener\">ren\u00fancia do ent\u00e3o senador Antonio Anastasia<\/a>, que foi para o\u00a0<a href=\"https:\/\/www1.folha.uol.com.br\/folha-topicos\/tcu\" target=\"_top\" rel=\"noopener\">TCU (Tribunal de Contas da Uni\u00e3o)<\/a>.<\/p>\n<p style=\"text-align: justify;\">Silveira se aproximou do presidente Jair Bolsonaro (PL) e passou a ser cotado para ocupar o posto de l\u00edder de governo no Senado.<\/p>\n<p style=\"text-align: justify;\">A decis\u00e3o do PT de reafirmar a candidatura de Reginaldo Lopes foi tomada nesta sexta-feira (13) em reuni\u00e3o da Dire\u00e7\u00e3o Executiva do PT, quando a legenda ressaltou que &#8220;nenhum filiado est\u00e1 autorizado a apoiar outra candidatura ao Senado ou negociar apoio em nome do partido&#8221;.<\/p>\n<p style=\"text-align: justify;\">O partido ainda afirmou em nota que a prioridade para 2022 em Minas Gerais \u00e9 eleger Lula presidente, Reginaldo Lopes senador, derrotar o governador Romeu Zema para o governo e eleger uma bancada forte de deputados.<\/p>\n<p style=\"text-align: justify;\">&#8220;\u00c9 uma constru\u00e7\u00e3o coletiva que visa o melhor para o pa\u00eds, sem espa\u00e7o para projetos e interesses individuais&#8221;, informou o partido em nota.<\/p>\n<p style=\"text-align: justify;\">Dentro do PT, h\u00e1 uma movimenta\u00e7\u00e3o para que, caso Silveira mantenha sua candidatura ao Senado, a chapa de Kalil tenha dois candidatos a senador mesmo com apenas uma vaga em disputa.<\/p>\n<p style=\"text-align: justify;\">Essa brecha jur\u00eddica est\u00e1 sob an\u00e1lise do TSE (Tribunal Superior Eleitoral) ap\u00f3s uma consulta feita pelo deputado federal Delegado Waldir (Uni\u00e3o Brasil-GO).<\/p>\n<p style=\"text-align: justify;\">Lopes admite concorrer contra Silveira e destaca a brecha legal: &#8220;Se h\u00e1 essa possibilidade, n\u00e3o vejo problema em ter duas candidaturas&#8221;, afirmou \u00e0\u00a0<b>Folha<\/b>. A estrat\u00e9gia, contudo, \u00e9 recha\u00e7ada por Alexandre Silveira, que trabalha para ser o \u00fanico candidato a senador da chapa de Kalil.<\/p>\n<p style=\"text-align: justify;\">O imbr\u00f3glio deve perdurar nos pr\u00f3ximos meses e o desfecho deve envolver as dire\u00e7\u00f5es nacionais dos dois partidos.<\/p>\n<p style=\"text-align: justify;\">Em\u00a0<a href=\"https:\/\/www1.folha.uol.com.br\/poder\/2022\/05\/kalil-cobra-alianca-formal-com-lula-e-diz-que-zema-governa-para-empresarios.shtml\" target=\"_top\" rel=\"noopener\">sabatina da\u00a0<strong>Folha\u00a0<\/strong>e do UOL nesta quarta-feira (11)<\/a>, Kalil afirmou que quer uma alian\u00e7a formal com o PT e descartou a possibilidade de seu partido apoiar a reelei\u00e7\u00e3o do<a href=\"https:\/\/www1.folha.uol.com.br\/folha-topicos\/jair-bolsonaro\" target=\"_top\" rel=\"noopener\">\u00a0presidente Jair Bolsonaro (PL)<\/a>\u00a0nas elei\u00e7\u00f5es de outubro.<\/p>\n<p style=\"text-align: justify;\">&#8220;O que o candidato Alexandre Kalil quer \u00e9 uma alian\u00e7a formal com o presidente Lula. Isso eu quero deixar muito claro. N\u00e3o tenho problema nenhum em andar com o presidente Lula. J\u00e1 disse que considera o presidente Lula um grande l\u00edder. N\u00e3o tenho esse problema. O que n\u00e3o quero \u00e9 ir sem m\u00e3o dada, sem alian\u00e7a. Porque isso tecnicamente prejudica uma campanha&#8221;, disse.<\/p>\n<p style=\"text-align: justify;\">Dias antes, contudo, Kalil n\u00e3o compareceu ao evento de lan\u00e7amento da pr\u00e9-candidatura de Lula \u00e0 Presid\u00eancia em S\u00e3o Paulo nem das agendas do petista em Minas Gerais.<\/p>\n<p style=\"text-align: justify;\">Em Belo Horizonte, o petista fez um discurso inflamado, voltado para a milit\u00e2ncia e, por causa do impasse com o PSD, n\u00e3o se aprofundou no fechamento de alian\u00e7as locais.<\/p>\n<p style=\"text-align: justify;\">Lula tamb\u00e9m n\u00e3o fez men\u00e7\u00e3o ao\u00a0<a href=\"https:\/\/www1.folha.uol.com.br\/folha-topicos\/romeu-zema\/\" target=\"_top\" rel=\"noopener\">governador do estado, Romeu Zema (Novo<\/a>). Ferrenhos rivais no plano estadual, o PT e o Novo veem o avan\u00e7o de voto casado no governador e no ex-presidente,\u00a0<a href=\"https:\/\/www1.folha.uol.com.br\/poder\/2022\/05\/movimento-de-voto-lula-zema-surge-com-impasse-entre-pt-e-psd-de-kalil.shtml\" target=\"_top\" rel=\"noopener\">movimento que ganhou o nome de Lulema<\/a>.<\/p>\n<p style=\"text-align: justify;\">Dirigentes de PT e Novo afirmam n\u00e3o estimular qualquer articula\u00e7\u00e3o nesse sentido. Mas tamb\u00e9m n\u00e3o v\u00e3o desencorajar essa tend\u00eancia que, captada em pesquisas, poderia produzir fen\u00f4meno similar ao Lul\u00e9cio de 20 anos atr\u00e1s.<\/p>\n<p style=\"text-align: justify;\">Em 2002, eleitores de A\u00e9cio Neves (PSDB) preteriram o tucano Jos\u00e9 Serra em favor de Lula para a Presid\u00eancia. Quatro anos depois, o Lul\u00e9cio se repetiu.<\/p>\n<p style=\"text-align: justify;\"><strong>Fonte: Folha de S\u00e3o Paulo<\/strong><\/p>\n","protected":false},"excerpt":{"rendered":"<p>Ap\u00f3s viagem de ex-presidente ao estado, partido mant\u00e9m plano e repreende &#8216;projetos e interesses individuais&#8217; Na semana em que foi anfitri\u00e3o de eventos com o ex-presidente\u00a0Luiz In\u00e1cio Lula da Silva (PT)\u00a0no estado, o PT decidiu reafirmar a pr\u00e9-candidatura do deputado federal Reginaldo Lopes ao Senado em Minas Gerais e repreender &#8220;projetos e interesses individuais&#8221;. O &hellip;<\/p>\n","protected":false},"author":4,"featured_media":41606,"comment_status":"open","ping_status":"open","sticky":false,"template":"","format":"standard","meta":{"content-type":"","rop_custom_images_group":[],"rop_custom_messages_group":[],"rop_publish_now":"initial","rop_publish_now_accounts":{"facebook_2648258775420054_1618374048415101":""},"rop_publish_now_history":[],"rop_publish_now_status":"pending","footnotes":"","_jetpack_memberships_contains_paid_content":false},"categories":[130],"tags":[],"yoast_head":"<!-- This site is optimized with the Yoast SEO plugin v22.3 - https:\/\/yoast.com\/wordpress\/plugins\/seo\/ -->\n<title>PT tensiona alian\u00e7a de Lula com Kalil ao reafirmar candidatura ao Senado em MG - Portal NPM<\/title>\n<meta name=\"robots\" content=\"index, follow, max-snippet:-1, max-image-preview:large, max-video-preview:-1\" \/>\n<link rel=\"canonical\" href=\"https:\/\/portalnpm.com\/index.php\/2022\/05\/15\/pt-tensiona-alianca-de-lula-com-kalil-ao-reafirmar-candidatura-ao-senado-em-mg\/\" \/>\n<meta property=\"og:locale\" content=\"pt_BR\" \/>\n<meta property=\"og:type\" content=\"article\" \/>\n<meta property=\"og:title\" content=\"PT tensiona alian\u00e7a de Lula com Kalil ao reafirmar candidatura ao Senado em MG - Portal NPM\" \/>\n<meta property=\"og:description\" content=\"Ap\u00f3s viagem de ex-presidente ao estado, partido mant\u00e9m plano e repreende &#8216;projetos e interesses individuais&#8217; Na semana em que foi anfitri\u00e3o de eventos com o ex-presidente\u00a0Luiz In\u00e1cio Lula da Silva (PT)\u00a0no estado, o PT decidiu reafirmar a pr\u00e9-candidatura do deputado federal Reginaldo Lopes ao Senado em Minas Gerais e repreender &#8220;projetos e interesses individuais&#8221;. O &hellip;\" \/>\n<meta property=\"og:url\" content=\"https:\/\/portalnpm.com\/index.php\/2022\/05\/15\/pt-tensiona-alianca-de-lula-com-kalil-ao-reafirmar-candidatura-ao-senado-em-mg\/\" \/>\n<meta property=\"og:site_name\" content=\"Portal NPM\" \/>\n<meta property=\"article:published_time\" content=\"2022-05-15T17:13:42+00:00\" \/>\n<meta name=\"author\" content=\"Reda\u00e7\u00e3o\" \/>\n<meta name=\"twitter:card\" content=\"summary_large_image\" \/>\n<meta name=\"twitter:label1\" content=\"Escrito por\" \/>\n\t<meta name=\"twitter:data1\" content=\"Reda\u00e7\u00e3o\" \/>\n\t<meta name=\"twitter:label2\" content=\"Est. tempo de leitura\" \/>\n\t<meta name=\"twitter:data2\" content=\"4 minutos\" \/>\n<script type=\"application\/ld+json\" class=\"yoast-schema-graph\">{\"@context\":\"https:\/\/schema.org\",\"@graph\":[{\"@type\":\"WebPage\",\"@id\":\"https:\/\/portalnpm.com\/index.php\/2022\/05\/15\/pt-tensiona-alianca-de-lula-com-kalil-ao-reafirmar-candidatura-ao-senado-em-mg\/\",\"url\":\"https:\/\/portalnpm.com\/index.php\/2022\/05\/15\/pt-tensiona-alianca-de-lula-com-kalil-ao-reafirmar-candidatura-ao-senado-em-mg\/\",\"name\":\"PT tensiona alian\u00e7a de Lula com Kalil ao reafirmar candidatura ao Senado em MG - Portal NPM\",\"isPartOf\":{\"@id\":\"https:\/\/portalnpm.com\/#website\"},\"primaryImageOfPage\":{\"@id\":\"https:\/\/portalnpm.com\/index.php\/2022\/05\/15\/pt-tensiona-alianca-de-lula-com-kalil-ao-reafirmar-candidatura-ao-senado-em-mg\/#primaryimage\"},\"image\":{\"@id\":\"https:\/\/portalnpm.com\/index.php\/2022\/05\/15\/pt-tensiona-alianca-de-lula-com-kalil-ao-reafirmar-candidatura-ao-senado-em-mg\/#primaryimage\"},\"thumbnailUrl\":\"\",\"datePublished\":\"2022-05-15T17:13:42+00:00\",\"dateModified\":\"2022-05-15T17:13:42+00:00\",\"author\":{\"@id\":\"https:\/\/portalnpm.com\/#\/schema\/person\/0b5f230ec96cee25504fa328e7f2b733\"},\"breadcrumb\":{\"@id\":\"https:\/\/portalnpm.com\/index.php\/2022\/05\/15\/pt-tensiona-alianca-de-lula-com-kalil-ao-reafirmar-candidatura-ao-senado-em-mg\/#breadcrumb\"},\"inLanguage\":\"pt-BR\",\"potentialAction\":[{\"@type\":\"ReadAction\",\"target\":[\"https:\/\/portalnpm.com\/index.php\/2022\/05\/15\/pt-tensiona-alianca-de-lula-com-kalil-ao-reafirmar-candidatura-ao-senado-em-mg\/\"]}]},{\"@type\":\"ImageObject\",\"inLanguage\":\"pt-BR\",\"@id\":\"https:\/\/portalnpm.com\/index.php\/2022\/05\/15\/pt-tensiona-alianca-de-lula-com-kalil-ao-reafirmar-candidatura-ao-senado-em-mg\/#primaryimage\",\"url\":\"\",\"contentUrl\":\"\"},{\"@type\":\"BreadcrumbList\",\"@id\":\"https:\/\/portalnpm.com\/index.php\/2022\/05\/15\/pt-tensiona-alianca-de-lula-com-kalil-ao-reafirmar-candidatura-ao-senado-em-mg\/#breadcrumb\",\"itemListElement\":[{\"@type\":\"ListItem\",\"position\":1,\"name\":\"In\u00edcio\",\"item\":\"https:\/\/portalnpm.com\/\"},{\"@type\":\"ListItem\",\"position\":2,\"name\":\"PT tensiona alian\u00e7a de Lula com Kalil ao reafirmar candidatura ao Senado em MG\"}]},{\"@type\":\"WebSite\",\"@id\":\"https:\/\/portalnpm.com\/#website\",\"url\":\"https:\/\/portalnpm.com\/\",\"name\":\"Portal NPM\",\"description\":\"Not\u00edcias em Primeira M\u00e3o\",\"potentialAction\":[{\"@type\":\"SearchAction\",\"target\":{\"@type\":\"EntryPoint\",\"urlTemplate\":\"https:\/\/portalnpm.com\/?s={search_term_string}\"},\"query-input\":\"required name=search_term_string\"}],\"inLanguage\":\"pt-BR\"},{\"@type\":\"Person\",\"@id\":\"https:\/\/portalnpm.com\/#\/schema\/person\/0b5f230ec96cee25504fa328e7f2b733\",\"name\":\"Reda\u00e7\u00e3o\",\"image\":{\"@type\":\"ImageObject\",\"inLanguage\":\"pt-BR\",\"@id\":\"https:\/\/portalnpm.com\/#\/schema\/person\/image\/\",\"url\":\"https:\/\/portalnpm.com\/wp-content\/uploads\/2024\/03\/avatar_user_4_1710097212-96x96.png\",\"contentUrl\":\"https:\/\/portalnpm.com\/wp-content\/uploads\/2024\/03\/avatar_user_4_1710097212-96x96.png\",\"caption\":\"Reda\u00e7\u00e3o\"},\"url\":\"https:\/\/portalnpm.com\/index.php\/author\/redacao\/\"}]}<\/script>\n<!-- \/ Yoast SEO plugin. -->","yoast_head_json":{"title":"PT tensiona alian\u00e7a de Lula com Kalil ao reafirmar candidatura ao Senado em MG - Portal NPM","robots":{"index":"index","follow":"follow","max-snippet":"max-snippet:-1","max-image-preview":"max-image-preview:large","max-video-preview":"max-video-preview:-1"},"canonical":"https:\/\/portalnpm.com\/index.php\/2022\/05\/15\/pt-tensiona-alianca-de-lula-com-kalil-ao-reafirmar-candidatura-ao-senado-em-mg\/","og_locale":"pt_BR","og_type":"article","og_title":"PT tensiona alian\u00e7a de Lula com Kalil ao reafirmar candidatura ao Senado em MG - Portal NPM","og_description":"Ap\u00f3s viagem de ex-presidente ao estado, partido mant\u00e9m plano e repreende &#8216;projetos e interesses individuais&#8217; Na semana em que foi anfitri\u00e3o de eventos com o ex-presidente\u00a0Luiz In\u00e1cio Lula da Silva (PT)\u00a0no estado, o PT decidiu reafirmar a pr\u00e9-candidatura do deputado federal Reginaldo Lopes ao Senado em Minas Gerais e repreender &#8220;projetos e interesses individuais&#8221;. O &hellip;","og_url":"https:\/\/portalnpm.com\/index.php\/2022\/05\/15\/pt-tensiona-alianca-de-lula-com-kalil-ao-reafirmar-candidatura-ao-senado-em-mg\/","og_site_name":"Portal NPM","article_published_time":"2022-05-15T17:13:42+00:00","author":"Reda\u00e7\u00e3o","twitter_card":"summary_large_image","twitter_misc":{"Escrito por":"Reda\u00e7\u00e3o","Est. tempo de leitura":"4 minutos"},"schema":{"@context":"https:\/\/schema.org","@graph":[{"@type":"WebPage","@id":"https:\/\/portalnpm.com\/index.php\/2022\/05\/15\/pt-tensiona-alianca-de-lula-com-kalil-ao-reafirmar-candidatura-ao-senado-em-mg\/","url":"https:\/\/portalnpm.com\/index.php\/2022\/05\/15\/pt-tensiona-alianca-de-lula-com-kalil-ao-reafirmar-candidatura-ao-senado-em-mg\/","name":"PT tensiona alian\u00e7a de Lula com Kalil ao reafirmar candidatura ao Senado em MG - Portal NPM","isPartOf":{"@id":"https:\/\/portalnpm.com\/#website"},"primaryImageOfPage":{"@id":"https:\/\/portalnpm.com\/index.php\/2022\/05\/15\/pt-tensiona-alianca-de-lula-com-kalil-ao-reafirmar-candidatura-ao-senado-em-mg\/#primaryimage"},"image":{"@id":"https:\/\/portalnpm.com\/index.php\/2022\/05\/15\/pt-tensiona-alianca-de-lula-com-kalil-ao-reafirmar-candidatura-ao-senado-em-mg\/#primaryimage"},"thumbnailUrl":"","datePublished":"2022-05-15T17:13:42+00:00","dateModified":"2022-05-15T17:13:42+00:00","author":{"@id":"https:\/\/portalnpm.com\/#\/schema\/person\/0b5f230ec96cee25504fa328e7f2b733"},"breadcrumb":{"@id":"https:\/\/portalnpm.com\/index.php\/2022\/05\/15\/pt-tensiona-alianca-de-lula-com-kalil-ao-reafirmar-candidatura-ao-senado-em-mg\/#breadcrumb"},"inLanguage":"pt-BR","potentialAction":[{"@type":"ReadAction","target":["https:\/\/portalnpm.com\/index.php\/2022\/05\/15\/pt-tensiona-alianca-de-lula-com-kalil-ao-reafirmar-candidatura-ao-senado-em-mg\/"]}]},{"@type":"ImageObject","inLanguage":"pt-BR","@id":"https:\/\/portalnpm.com\/index.php\/2022\/05\/15\/pt-tensiona-alianca-de-lula-com-kalil-ao-reafirmar-candidatura-ao-senado-em-mg\/#primaryimage","url":"","contentUrl":""},{"@type":"BreadcrumbList","@id":"https:\/\/portalnpm.com\/index.php\/2022\/05\/15\/pt-tensiona-alianca-de-lula-com-kalil-ao-reafirmar-candidatura-ao-senado-em-mg\/#breadcrumb","itemListElement":[{"@type":"ListItem","position":1,"name":"In\u00edcio","item":"https:\/\/portalnpm.com\/"},{"@type":"ListItem","position":2,"name":"PT tensiona alian\u00e7a de Lula com Kalil ao reafirmar candidatura ao Senado em MG"}]},{"@type":"WebSite","@id":"https:\/\/portalnpm.com\/#website","url":"https:\/\/portalnpm.com\/","name":"Portal NPM","description":"Not\u00edcias em Primeira M\u00e3o","potentialAction":[{"@type":"SearchAction","target":{"@type":"EntryPoint","urlTemplate":"https:\/\/portalnpm.com\/?s={search_term_string}"},"query-input":"required name=search_term_string"}],"inLanguage":"pt-BR"},{"@type":"Person","@id":"https:\/\/portalnpm.com\/#\/schema\/person\/0b5f230ec96cee25504fa328e7f2b733","name":"Reda\u00e7\u00e3o","image":{"@type":"ImageObject","inLanguage":"pt-BR","@id":"https:\/\/portalnpm.com\/#\/schema\/person\/image\/","url":"https:\/\/portalnpm.com\/wp-content\/uploads\/2024\/03\/avatar_user_4_1710097212-96x96.png","contentUrl":"https:\/\/portalnpm.com\/wp-content\/uploads\/2024\/03\/avatar_user_4_1710097212-96x96.png","caption":"Reda\u00e7\u00e3o"},"url":"https:\/\/portalnpm.com\/index.php\/author\/redacao\/"}]}},"jetpack_sharing_enabled":true,"jetpack_featured_media_url":"","_links":{"self":[{"href":"https:\/\/portalnpm.com\/index.php\/wp-json\/wp\/v2\/posts\/41605"}],"collection":[{"href":"https:\/\/portalnpm.com\/index.php\/wp-json\/wp\/v2\/posts"}],"about":[{"href":"https:\/\/portalnpm.com\/index.php\/wp-json\/wp\/v2\/types\/post"}],"author":[{"embeddable":true,"href":"https:\/\/portalnpm.com\/index.php\/wp-json\/wp\/v2\/users\/4"}],"replies":[{"embeddable":true,"href":"https:\/\/portalnpm.com\/index.php\/wp-json\/wp\/v2\/comments?post=41605"}],"version-history":[{"count":0,"href":"https:\/\/portalnpm.com\/index.php\/wp-json\/wp\/v2\/posts\/41605\/revisions"}],"wp:featuredmedia":[{"embeddable":true,"href":"https:\/\/portalnpm.com\/index.php\/wp-json\/"}],"wp:attachment":[{"href":"https:\/\/portalnpm.com\/index.php\/wp-json\/wp\/v2\/media?parent=41605"}],"wp:term":[{"taxonomy":"category","embeddable":true,"href":"https:\/\/portalnpm.com\/index.php\/wp-json\/wp\/v2\/categories?post=41605"},{"taxonomy":"post_tag","embeddable":true,"href":"https:\/\/portalnpm.com\/index.php\/wp-json\/wp\/v2\/tags?post=41605"}],"curies":[{"name":"wp","href":"https:\/\/api.w.org\/{rel}","templated":true}]}}