{"id":41608,"date":"2022-05-15T14:24:22","date_gmt":"2022-05-15T17:24:22","guid":{"rendered":"https:\/\/backupnpm.codetainer.com.br\/?p=41608"},"modified":"2022-05-15T14:24:22","modified_gmt":"2022-05-15T17:24:22","slug":"silvio-mendes-recebe-adesoes-de-tres-prefeitos-do-mdb","status":"publish","type":"post","link":"https:\/\/portalnpm.com\/index.php\/2022\/05\/15\/silvio-mendes-recebe-adesoes-de-tres-prefeitos-do-mdb\/","title":{"rendered":"S\u00edlvio Mendes recebe ades\u00f5es de tr\u00eas prefeitos do MDB"},"content":{"rendered":"<p style=\"text-align: justify;\">O pr\u00e9-candidato a governador S\u00edlvio Mendes (Uni\u00e3o Brasil) confirmou neste final de semana as ades\u00f5es de tr\u00eas prefeitos do MDB.\u00a0<strong>S\u00e3o eles: Maxwell da Mariinha, de Altos; Mauro J\u00fanior, de Lagoa do Piau\u00ed; Zitim, de Socorro do Piau\u00ed.<\/strong><\/p>\n<p style=\"text-align: justify;\"><strong>O ministro Ciro Nogueira, da Casa Civil, comentou a ades\u00e3o do prefeito Zitim.<\/strong>\u00a0\u201c\u00c9 com muita alegria que recebemos o apoio do prefeito de Socorro do Piau\u00ed Zitim Coelho, que \u00e9 filiado a um partido base do Governo, mas que declara ser apoiador da pr\u00e9-candidatura a governador de Silvio Mendes\u201d, disse Ciro.<\/p>\n<p style=\"text-align: justify;\">\u201cE assim, cada vez mais temos percebido, nas ruas, percorrendo pelo Piau\u00ed, de Norte a Sul: h\u00e1 um forte sentimento de mudan\u00e7a dos piauienses, sejam eles prefeitos, vice-prefeitos, vereadores, lideran\u00e7as e, \u00e9 claro, gente do povo. \u00c9 s\u00f3 o come\u00e7o\u2026 vamos que vamos!\u201d, postou no Instagram.<\/p>\n<p style=\"text-align: justify;\"><strong>Fonte: PI 24 Horas\u00a0<\/strong><\/p>\n","protected":false},"excerpt":{"rendered":"<p>O pr\u00e9-candidato a governador S\u00edlvio Mendes (Uni\u00e3o Brasil) confirmou neste final de semana as ades\u00f5es de tr\u00eas prefeitos do MDB.\u00a0S\u00e3o eles: Maxwell da Mariinha, de Altos; Mauro J\u00fanior, de Lagoa do Piau\u00ed; Zitim, de Socorro do Piau\u00ed. O ministro Ciro Nogueira, da Casa Civil, comentou a ades\u00e3o do prefeito Zitim.\u00a0\u201c\u00c9 com muita alegria que recebemos &hellip;<\/p>\n","protected":false},"author":4,"featured_media":33388,"comment_status":"open","ping_status":"open","sticky":false,"template":"","format":"standard","meta":{"content-type":"","rop_custom_images_group":[],"rop_custom_messages_group":[],"rop_publish_now":"initial","rop_publish_now_accounts":{"facebook_2648258775420054_1618374048415101":""},"rop_publish_now_history":[],"rop_publish_now_status":"pending","footnotes":"","_jetpack_memberships_contains_paid_content":false},"categories":[113,188,130],"tags":[576,187,743],"yoast_head":"<!-- This site is optimized with the Yoast SEO plugin v22.3 - https:\/\/yoast.com\/wordpress\/plugins\/seo\/ -->\n<title>S\u00edlvio Mendes recebe ades\u00f5es de tr\u00eas prefeitos do MDB - Portal NPM<\/title>\n<meta name=\"robots\" content=\"index, follow, max-snippet:-1, max-image-preview:large, max-video-preview:-1\" \/>\n<link rel=\"canonical\" href=\"https:\/\/portalnpm.com\/index.php\/2022\/05\/15\/silvio-mendes-recebe-adesoes-de-tres-prefeitos-do-mdb\/\" \/>\n<meta property=\"og:locale\" content=\"pt_BR\" \/>\n<meta property=\"og:type\" content=\"article\" \/>\n<meta property=\"og:title\" content=\"S\u00edlvio Mendes recebe ades\u00f5es de tr\u00eas prefeitos do MDB - Portal NPM\" \/>\n<meta property=\"og:description\" content=\"O pr\u00e9-candidato a governador S\u00edlvio Mendes (Uni\u00e3o Brasil) confirmou neste final de semana as ades\u00f5es de tr\u00eas prefeitos do MDB.\u00a0S\u00e3o eles: Maxwell da Mariinha, de Altos; Mauro J\u00fanior, de Lagoa do Piau\u00ed; Zitim, de Socorro do Piau\u00ed. O ministro Ciro Nogueira, da Casa Civil, comentou a ades\u00e3o do prefeito Zitim.\u00a0\u201c\u00c9 com muita alegria que recebemos &hellip;\" \/>\n<meta property=\"og:url\" content=\"https:\/\/portalnpm.com\/index.php\/2022\/05\/15\/silvio-mendes-recebe-adesoes-de-tres-prefeitos-do-mdb\/\" \/>\n<meta property=\"og:site_name\" content=\"Portal NPM\" \/>\n<meta property=\"article:published_time\" content=\"2022-05-15T17:24:22+00:00\" \/>\n<meta name=\"author\" content=\"Reda\u00e7\u00e3o\" \/>\n<meta name=\"twitter:card\" content=\"summary_large_image\" \/>\n<meta name=\"twitter:label1\" content=\"Escrito por\" \/>\n\t<meta name=\"twitter:data1\" content=\"Reda\u00e7\u00e3o\" \/>\n\t<meta name=\"twitter:label2\" content=\"Est. tempo de leitura\" \/>\n\t<meta name=\"twitter:data2\" content=\"1 minuto\" \/>\n<script type=\"application\/ld+json\" class=\"yoast-schema-graph\">{\"@context\":\"https:\/\/schema.org\",\"@graph\":[{\"@type\":\"WebPage\",\"@id\":\"https:\/\/portalnpm.com\/index.php\/2022\/05\/15\/silvio-mendes-recebe-adesoes-de-tres-prefeitos-do-mdb\/\",\"url\":\"https:\/\/portalnpm.com\/index.php\/2022\/05\/15\/silvio-mendes-recebe-adesoes-de-tres-prefeitos-do-mdb\/\",\"name\":\"S\u00edlvio Mendes recebe ades\u00f5es de tr\u00eas prefeitos do MDB - Portal NPM\",\"isPartOf\":{\"@id\":\"https:\/\/portalnpm.com\/#website\"},\"primaryImageOfPage\":{\"@id\":\"https:\/\/portalnpm.com\/index.php\/2022\/05\/15\/silvio-mendes-recebe-adesoes-de-tres-prefeitos-do-mdb\/#primaryimage\"},\"image\":{\"@id\":\"https:\/\/portalnpm.com\/index.php\/2022\/05\/15\/silvio-mendes-recebe-adesoes-de-tres-prefeitos-do-mdb\/#primaryimage\"},\"thumbnailUrl\":\"\",\"datePublished\":\"2022-05-15T17:24:22+00:00\",\"dateModified\":\"2022-05-15T17:24:22+00:00\",\"author\":{\"@id\":\"https:\/\/portalnpm.com\/#\/schema\/person\/0b5f230ec96cee25504fa328e7f2b733\"},\"breadcrumb\":{\"@id\":\"https:\/\/portalnpm.com\/index.php\/2022\/05\/15\/silvio-mendes-recebe-adesoes-de-tres-prefeitos-do-mdb\/#breadcrumb\"},\"inLanguage\":\"pt-BR\",\"potentialAction\":[{\"@type\":\"ReadAction\",\"target\":[\"https:\/\/portalnpm.com\/index.php\/2022\/05\/15\/silvio-mendes-recebe-adesoes-de-tres-prefeitos-do-mdb\/\"]}]},{\"@type\":\"ImageObject\",\"inLanguage\":\"pt-BR\",\"@id\":\"https:\/\/portalnpm.com\/index.php\/2022\/05\/15\/silvio-mendes-recebe-adesoes-de-tres-prefeitos-do-mdb\/#primaryimage\",\"url\":\"\",\"contentUrl\":\"\"},{\"@type\":\"BreadcrumbList\",\"@id\":\"https:\/\/portalnpm.com\/index.php\/2022\/05\/15\/silvio-mendes-recebe-adesoes-de-tres-prefeitos-do-mdb\/#breadcrumb\",\"itemListElement\":[{\"@type\":\"ListItem\",\"position\":1,\"name\":\"In\u00edcio\",\"item\":\"https:\/\/portalnpm.com\/\"},{\"@type\":\"ListItem\",\"position\":2,\"name\":\"S\u00edlvio Mendes recebe ades\u00f5es de tr\u00eas prefeitos do MDB\"}]},{\"@type\":\"WebSite\",\"@id\":\"https:\/\/portalnpm.com\/#website\",\"url\":\"https:\/\/portalnpm.com\/\",\"name\":\"Portal NPM\",\"description\":\"Not\u00edcias em Primeira M\u00e3o\",\"potentialAction\":[{\"@type\":\"SearchAction\",\"target\":{\"@type\":\"EntryPoint\",\"urlTemplate\":\"https:\/\/portalnpm.com\/?s={search_term_string}\"},\"query-input\":\"required name=search_term_string\"}],\"inLanguage\":\"pt-BR\"},{\"@type\":\"Person\",\"@id\":\"https:\/\/portalnpm.com\/#\/schema\/person\/0b5f230ec96cee25504fa328e7f2b733\",\"name\":\"Reda\u00e7\u00e3o\",\"image\":{\"@type\":\"ImageObject\",\"inLanguage\":\"pt-BR\",\"@id\":\"https:\/\/portalnpm.com\/#\/schema\/person\/image\/\",\"url\":\"https:\/\/portalnpm.com\/wp-content\/uploads\/2024\/03\/avatar_user_4_1710097212-96x96.png\",\"contentUrl\":\"https:\/\/portalnpm.com\/wp-content\/uploads\/2024\/03\/avatar_user_4_1710097212-96x96.png\",\"caption\":\"Reda\u00e7\u00e3o\"},\"url\":\"https:\/\/portalnpm.com\/index.php\/author\/redacao\/\"}]}<\/script>\n<!-- \/ Yoast SEO plugin. -->","yoast_head_json":{"title":"S\u00edlvio Mendes recebe ades\u00f5es de tr\u00eas prefeitos do MDB - Portal NPM","robots":{"index":"index","follow":"follow","max-snippet":"max-snippet:-1","max-image-preview":"max-image-preview:large","max-video-preview":"max-video-preview:-1"},"canonical":"https:\/\/portalnpm.com\/index.php\/2022\/05\/15\/silvio-mendes-recebe-adesoes-de-tres-prefeitos-do-mdb\/","og_locale":"pt_BR","og_type":"article","og_title":"S\u00edlvio Mendes recebe ades\u00f5es de tr\u00eas prefeitos do MDB - Portal NPM","og_description":"O pr\u00e9-candidato a governador S\u00edlvio Mendes (Uni\u00e3o Brasil) confirmou neste final de semana as ades\u00f5es de tr\u00eas prefeitos do MDB.\u00a0S\u00e3o eles: Maxwell da Mariinha, de Altos; Mauro J\u00fanior, de Lagoa do Piau\u00ed; Zitim, de Socorro do Piau\u00ed. O ministro Ciro Nogueira, da Casa Civil, comentou a ades\u00e3o do prefeito Zitim.\u00a0\u201c\u00c9 com muita alegria que recebemos &hellip;","og_url":"https:\/\/portalnpm.com\/index.php\/2022\/05\/15\/silvio-mendes-recebe-adesoes-de-tres-prefeitos-do-mdb\/","og_site_name":"Portal NPM","article_published_time":"2022-05-15T17:24:22+00:00","author":"Reda\u00e7\u00e3o","twitter_card":"summary_large_image","twitter_misc":{"Escrito por":"Reda\u00e7\u00e3o","Est. tempo de leitura":"1 minuto"},"schema":{"@context":"https:\/\/schema.org","@graph":[{"@type":"WebPage","@id":"https:\/\/portalnpm.com\/index.php\/2022\/05\/15\/silvio-mendes-recebe-adesoes-de-tres-prefeitos-do-mdb\/","url":"https:\/\/portalnpm.com\/index.php\/2022\/05\/15\/silvio-mendes-recebe-adesoes-de-tres-prefeitos-do-mdb\/","name":"S\u00edlvio Mendes recebe ades\u00f5es de tr\u00eas prefeitos do MDB - Portal NPM","isPartOf":{"@id":"https:\/\/portalnpm.com\/#website"},"primaryImageOfPage":{"@id":"https:\/\/portalnpm.com\/index.php\/2022\/05\/15\/silvio-mendes-recebe-adesoes-de-tres-prefeitos-do-mdb\/#primaryimage"},"image":{"@id":"https:\/\/portalnpm.com\/index.php\/2022\/05\/15\/silvio-mendes-recebe-adesoes-de-tres-prefeitos-do-mdb\/#primaryimage"},"thumbnailUrl":"","datePublished":"2022-05-15T17:24:22+00:00","dateModified":"2022-05-15T17:24:22+00:00","author":{"@id":"https:\/\/portalnpm.com\/#\/schema\/person\/0b5f230ec96cee25504fa328e7f2b733"},"breadcrumb":{"@id":"https:\/\/portalnpm.com\/index.php\/2022\/05\/15\/silvio-mendes-recebe-adesoes-de-tres-prefeitos-do-mdb\/#breadcrumb"},"inLanguage":"pt-BR","potentialAction":[{"@type":"ReadAction","target":["https:\/\/portalnpm.com\/index.php\/2022\/05\/15\/silvio-mendes-recebe-adesoes-de-tres-prefeitos-do-mdb\/"]}]},{"@type":"ImageObject","inLanguage":"pt-BR","@id":"https:\/\/portalnpm.com\/index.php\/2022\/05\/15\/silvio-mendes-recebe-adesoes-de-tres-prefeitos-do-mdb\/#primaryimage","url":"","contentUrl":""},{"@type":"BreadcrumbList","@id":"https:\/\/portalnpm.com\/index.php\/2022\/05\/15\/silvio-mendes-recebe-adesoes-de-tres-prefeitos-do-mdb\/#breadcrumb","itemListElement":[{"@type":"ListItem","position":1,"name":"In\u00edcio","item":"https:\/\/portalnpm.com\/"},{"@type":"ListItem","position":2,"name":"S\u00edlvio Mendes recebe ades\u00f5es de tr\u00eas prefeitos do MDB"}]},{"@type":"WebSite","@id":"https:\/\/portalnpm.com\/#website","url":"https:\/\/portalnpm.com\/","name":"Portal NPM","description":"Not\u00edcias em Primeira M\u00e3o","potentialAction":[{"@type":"SearchAction","target":{"@type":"EntryPoint","urlTemplate":"https:\/\/portalnpm.com\/?s={search_term_string}"},"query-input":"required name=search_term_string"}],"inLanguage":"pt-BR"},{"@type":"Person","@id":"https:\/\/portalnpm.com\/#\/schema\/person\/0b5f230ec96cee25504fa328e7f2b733","name":"Reda\u00e7\u00e3o","image":{"@type":"ImageObject","inLanguage":"pt-BR","@id":"https:\/\/portalnpm.com\/#\/schema\/person\/image\/","url":"https:\/\/portalnpm.com\/wp-content\/uploads\/2024\/03\/avatar_user_4_1710097212-96x96.png","contentUrl":"https:\/\/portalnpm.com\/wp-content\/uploads\/2024\/03\/avatar_user_4_1710097212-96x96.png","caption":"Reda\u00e7\u00e3o"},"url":"https:\/\/portalnpm.com\/index.php\/author\/redacao\/"}]}},"jetpack_sharing_enabled":true,"jetpack_featured_media_url":"","_links":{"self":[{"href":"https:\/\/portalnpm.com\/index.php\/wp-json\/wp\/v2\/posts\/41608"}],"collection":[{"href":"https:\/\/portalnpm.com\/index.php\/wp-json\/wp\/v2\/posts"}],"about":[{"href":"https:\/\/portalnpm.com\/index.php\/wp-json\/wp\/v2\/types\/post"}],"author":[{"embeddable":true,"href":"https:\/\/portalnpm.com\/index.php\/wp-json\/wp\/v2\/users\/4"}],"replies":[{"embeddable":true,"href":"https:\/\/portalnpm.com\/index.php\/wp-json\/wp\/v2\/comments?post=41608"}],"version-history":[{"count":0,"href":"https:\/\/portalnpm.com\/index.php\/wp-json\/wp\/v2\/posts\/41608\/revisions"}],"wp:featuredmedia":[{"embeddable":true,"href":"https:\/\/portalnpm.com\/index.php\/wp-json\/"}],"wp:attachment":[{"href":"https:\/\/portalnpm.com\/index.php\/wp-json\/wp\/v2\/media?parent=41608"}],"wp:term":[{"taxonomy":"category","embeddable":true,"href":"https:\/\/portalnpm.com\/index.php\/wp-json\/wp\/v2\/categories?post=41608"},{"taxonomy":"post_tag","embeddable":true,"href":"https:\/\/portalnpm.com\/index.php\/wp-json\/wp\/v2\/tags?post=41608"}],"curies":[{"name":"wp","href":"https:\/\/api.w.org\/{rel}","templated":true}]}}