{"id":41621,"date":"2022-05-18T00:05:10","date_gmt":"2022-05-18T03:05:10","guid":{"rendered":"https:\/\/backupnpm.codetainer.com.br\/?p=41621"},"modified":"2022-05-18T00:05:10","modified_gmt":"2022-05-18T03:05:10","slug":"enem-pessoas-com-tdah-e-dislexia-terao-atendimento-especial-no-piaui","status":"publish","type":"post","link":"https:\/\/portalnpm.com\/index.php\/2022\/05\/18\/enem-pessoas-com-tdah-e-dislexia-terao-atendimento-especial-no-piaui\/","title":{"rendered":"Enem: Pessoas com TDAH e dislexia ter\u00e3o atendimento especial no Piau\u00ed"},"content":{"rendered":"<p><em>A Lei N\u00ba 7.607\/2021, de autoria do deputado estadual Franz\u00e9 Silva (PT), assegura o direito de atendimento especializado a essas pessoas<\/em><\/p>\n<p><img fetchpriority=\"high\" decoding=\"async\" class=\"aligncenter size-full wp-image-41623\" src=\"https:\/\/backupnpm.codetainer.com.br\/wp-content\/uploads\/2022\/05\/IMG_20220517_230101.jpg\" alt=\"\" width=\"1080\" height=\"702\" \/><\/p>\n<p style=\"text-align: justify;\">Come\u00e7aram na \u00faltima ter\u00e7a-feira (10) e seguem at\u00e9 o dia 21 de maio as inscri\u00e7\u00f5es para Exame Nacional do Ensino M\u00e9dio (Enem) 2022, vers\u00f5es impressa e digital. No Piau\u00ed, a Lei N\u00ba 7.607\/2021, do deputado estadual Franz\u00e9 Silva (PT), assegura que pessoas com Transtorno do D\u00e9ficit de Aten\u00e7\u00e3o e Hiperatividade (TDAH) e dislexia tenham atendimento especializado durante vestibulares, como o Exame.<\/p>\n<p style=\"text-align: justify;\">Essa Lei \u2013 que se estende tamb\u00e9m a concursos p\u00fablicos \u2013 garante a esse p\u00fablico direito a tempo adicional de uma hora e meia para realizarem suas provas; acompanhamento de profissionais para auxiliarem na leitura das provas e para ajudarem na transcri\u00e7\u00e3o da parte escrita e preenchimento do cart\u00e3o-resposta; e os candidatos poder\u00e3o realizar a prova em sala diferenciada.<\/p>\n<p style=\"text-align: justify;\">A norma assegura, ainda, que a prova escrita e a reda\u00e7\u00e3o sejam corrigidas e avaliadas a partir de matriz de corre\u00e7\u00e3o espec\u00edfica para participantes disl\u00e9xicos e por uma banca especializada. Franz\u00e9 Silva observa que a Lei \u00e9 um avan\u00e7o na garantia da igualdade substancial, ao garantir oportunidade para que pessoas mais vulner\u00e1veis possam concorrer com equidade, na medida de suas necessidades.<\/p>\n<p style=\"text-align: justify;\">\u201cO que buscamos \u00e9 que essas pessoas possam concorrer em igualdade de condi\u00e7\u00f5es com os demais, em igualdade substancial, conforme o mandamento constitucional, tendo em vista suas limita\u00e7\u00f5es e sua maior vulnerabilidade social. \u00c9 preciso que o Estado e a sociedade olhem para essas pessoas e proporcionem meios que as incluam concreta e eficazmente, com justi\u00e7a e inclus\u00e3o social\u201d, assinala Franz\u00e9.<\/p>\n<p><sub><img decoding=\"async\" class=\"aligncenter size-full wp-image-41624\" src=\"https:\/\/backupnpm.codetainer.com.br\/wp-content\/uploads\/2022\/05\/IMG_20220517_230047.jpg\" alt=\"\" width=\"1080\" height=\"698\" \/><\/sub><strong style=\"text-align: justify;\">Como solicitar o atendimento especializado<\/strong><\/p>\n<p style=\"text-align: justify;\">O candidato que precisar do atendimento especializado deve fazer a solicita\u00e7\u00e3o no momento da inscri\u00e7\u00e3o e anexar a documenta\u00e7\u00e3o que comprove a necessidade do atendimento, na P\u00e1gina do Participante, a documenta\u00e7\u00e3o que comprove a necessidade de acessibilidade, conforme listado no edital do Exame.<\/p>\n<p>Fonte: Assessoria do deputado Franz\u00e9 Silva<\/p>\n","protected":false},"excerpt":{"rendered":"<p>A Lei N\u00ba 7.607\/2021, de autoria do deputado estadual Franz\u00e9 Silva (PT), assegura o direito de atendimento especializado a essas pessoas Come\u00e7aram na \u00faltima ter\u00e7a-feira (10) e seguem at\u00e9 o dia 21 de maio as inscri\u00e7\u00f5es para Exame Nacional do Ensino M\u00e9dio (Enem) 2022, vers\u00f5es impressa e digital. No Piau\u00ed, a Lei N\u00ba 7.607\/2021, do &hellip;<\/p>\n","protected":false},"author":4,"featured_media":41622,"comment_status":"open","ping_status":"open","sticky":false,"template":"","format":"standard","meta":{"content-type":"","rop_custom_images_group":[],"rop_custom_messages_group":[],"rop_publish_now":"initial","rop_publish_now_accounts":{"facebook_2648258775420054_1618374048415101":""},"rop_publish_now_history":[],"rop_publish_now_status":"pending","footnotes":"","_jetpack_memberships_contains_paid_content":false},"categories":[113,188],"tags":[],"yoast_head":"<!-- This site is optimized with the Yoast SEO plugin v22.3 - https:\/\/yoast.com\/wordpress\/plugins\/seo\/ -->\n<title>Enem: Pessoas com TDAH e dislexia ter\u00e3o atendimento especial no Piau\u00ed - Portal NPM<\/title>\n<meta name=\"robots\" content=\"index, follow, max-snippet:-1, max-image-preview:large, max-video-preview:-1\" \/>\n<link rel=\"canonical\" href=\"https:\/\/portalnpm.com\/index.php\/2022\/05\/18\/enem-pessoas-com-tdah-e-dislexia-terao-atendimento-especial-no-piaui\/\" \/>\n<meta property=\"og:locale\" content=\"pt_BR\" \/>\n<meta property=\"og:type\" content=\"article\" \/>\n<meta property=\"og:title\" content=\"Enem: Pessoas com TDAH e dislexia ter\u00e3o atendimento especial no Piau\u00ed - Portal NPM\" \/>\n<meta property=\"og:description\" content=\"A Lei N\u00ba 7.607\/2021, de autoria do deputado estadual Franz\u00e9 Silva (PT), assegura o direito de atendimento especializado a essas pessoas Come\u00e7aram na \u00faltima ter\u00e7a-feira (10) e seguem at\u00e9 o dia 21 de maio as inscri\u00e7\u00f5es para Exame Nacional do Ensino M\u00e9dio (Enem) 2022, vers\u00f5es impressa e digital. No Piau\u00ed, a Lei N\u00ba 7.607\/2021, do &hellip;\" \/>\n<meta property=\"og:url\" content=\"https:\/\/portalnpm.com\/index.php\/2022\/05\/18\/enem-pessoas-com-tdah-e-dislexia-terao-atendimento-especial-no-piaui\/\" \/>\n<meta property=\"og:site_name\" content=\"Portal NPM\" \/>\n<meta property=\"article:published_time\" content=\"2022-05-18T03:05:10+00:00\" \/>\n<meta name=\"author\" content=\"Reda\u00e7\u00e3o\" \/>\n<meta name=\"twitter:card\" content=\"summary_large_image\" \/>\n<meta name=\"twitter:label1\" content=\"Escrito por\" \/>\n\t<meta name=\"twitter:data1\" content=\"Reda\u00e7\u00e3o\" \/>\n\t<meta name=\"twitter:label2\" content=\"Est. tempo de leitura\" \/>\n\t<meta name=\"twitter:data2\" content=\"2 minutos\" \/>\n<script type=\"application\/ld+json\" class=\"yoast-schema-graph\">{\"@context\":\"https:\/\/schema.org\",\"@graph\":[{\"@type\":\"WebPage\",\"@id\":\"https:\/\/portalnpm.com\/index.php\/2022\/05\/18\/enem-pessoas-com-tdah-e-dislexia-terao-atendimento-especial-no-piaui\/\",\"url\":\"https:\/\/portalnpm.com\/index.php\/2022\/05\/18\/enem-pessoas-com-tdah-e-dislexia-terao-atendimento-especial-no-piaui\/\",\"name\":\"Enem: Pessoas com TDAH e dislexia ter\u00e3o atendimento especial no Piau\u00ed - Portal NPM\",\"isPartOf\":{\"@id\":\"https:\/\/portalnpm.com\/#website\"},\"primaryImageOfPage\":{\"@id\":\"https:\/\/portalnpm.com\/index.php\/2022\/05\/18\/enem-pessoas-com-tdah-e-dislexia-terao-atendimento-especial-no-piaui\/#primaryimage\"},\"image\":{\"@id\":\"https:\/\/portalnpm.com\/index.php\/2022\/05\/18\/enem-pessoas-com-tdah-e-dislexia-terao-atendimento-especial-no-piaui\/#primaryimage\"},\"thumbnailUrl\":\"\",\"datePublished\":\"2022-05-18T03:05:10+00:00\",\"dateModified\":\"2022-05-18T03:05:10+00:00\",\"author\":{\"@id\":\"https:\/\/portalnpm.com\/#\/schema\/person\/0b5f230ec96cee25504fa328e7f2b733\"},\"breadcrumb\":{\"@id\":\"https:\/\/portalnpm.com\/index.php\/2022\/05\/18\/enem-pessoas-com-tdah-e-dislexia-terao-atendimento-especial-no-piaui\/#breadcrumb\"},\"inLanguage\":\"pt-BR\",\"potentialAction\":[{\"@type\":\"ReadAction\",\"target\":[\"https:\/\/portalnpm.com\/index.php\/2022\/05\/18\/enem-pessoas-com-tdah-e-dislexia-terao-atendimento-especial-no-piaui\/\"]}]},{\"@type\":\"ImageObject\",\"inLanguage\":\"pt-BR\",\"@id\":\"https:\/\/portalnpm.com\/index.php\/2022\/05\/18\/enem-pessoas-com-tdah-e-dislexia-terao-atendimento-especial-no-piaui\/#primaryimage\",\"url\":\"\",\"contentUrl\":\"\"},{\"@type\":\"BreadcrumbList\",\"@id\":\"https:\/\/portalnpm.com\/index.php\/2022\/05\/18\/enem-pessoas-com-tdah-e-dislexia-terao-atendimento-especial-no-piaui\/#breadcrumb\",\"itemListElement\":[{\"@type\":\"ListItem\",\"position\":1,\"name\":\"In\u00edcio\",\"item\":\"https:\/\/portalnpm.com\/\"},{\"@type\":\"ListItem\",\"position\":2,\"name\":\"Enem: Pessoas com TDAH e dislexia ter\u00e3o atendimento especial no Piau\u00ed\"}]},{\"@type\":\"WebSite\",\"@id\":\"https:\/\/portalnpm.com\/#website\",\"url\":\"https:\/\/portalnpm.com\/\",\"name\":\"Portal NPM\",\"description\":\"Not\u00edcias em Primeira M\u00e3o\",\"potentialAction\":[{\"@type\":\"SearchAction\",\"target\":{\"@type\":\"EntryPoint\",\"urlTemplate\":\"https:\/\/portalnpm.com\/?s={search_term_string}\"},\"query-input\":\"required name=search_term_string\"}],\"inLanguage\":\"pt-BR\"},{\"@type\":\"Person\",\"@id\":\"https:\/\/portalnpm.com\/#\/schema\/person\/0b5f230ec96cee25504fa328e7f2b733\",\"name\":\"Reda\u00e7\u00e3o\",\"image\":{\"@type\":\"ImageObject\",\"inLanguage\":\"pt-BR\",\"@id\":\"https:\/\/portalnpm.com\/#\/schema\/person\/image\/\",\"url\":\"https:\/\/portalnpm.com\/wp-content\/uploads\/2024\/03\/avatar_user_4_1710097212-96x96.png\",\"contentUrl\":\"https:\/\/portalnpm.com\/wp-content\/uploads\/2024\/03\/avatar_user_4_1710097212-96x96.png\",\"caption\":\"Reda\u00e7\u00e3o\"},\"url\":\"https:\/\/portalnpm.com\/index.php\/author\/redacao\/\"}]}<\/script>\n<!-- \/ Yoast SEO plugin. -->","yoast_head_json":{"title":"Enem: Pessoas com TDAH e dislexia ter\u00e3o atendimento especial no Piau\u00ed - Portal NPM","robots":{"index":"index","follow":"follow","max-snippet":"max-snippet:-1","max-image-preview":"max-image-preview:large","max-video-preview":"max-video-preview:-1"},"canonical":"https:\/\/portalnpm.com\/index.php\/2022\/05\/18\/enem-pessoas-com-tdah-e-dislexia-terao-atendimento-especial-no-piaui\/","og_locale":"pt_BR","og_type":"article","og_title":"Enem: Pessoas com TDAH e dislexia ter\u00e3o atendimento especial no Piau\u00ed - Portal NPM","og_description":"A Lei N\u00ba 7.607\/2021, de autoria do deputado estadual Franz\u00e9 Silva (PT), assegura o direito de atendimento especializado a essas pessoas Come\u00e7aram na \u00faltima ter\u00e7a-feira (10) e seguem at\u00e9 o dia 21 de maio as inscri\u00e7\u00f5es para Exame Nacional do Ensino M\u00e9dio (Enem) 2022, vers\u00f5es impressa e digital. No Piau\u00ed, a Lei N\u00ba 7.607\/2021, do &hellip;","og_url":"https:\/\/portalnpm.com\/index.php\/2022\/05\/18\/enem-pessoas-com-tdah-e-dislexia-terao-atendimento-especial-no-piaui\/","og_site_name":"Portal NPM","article_published_time":"2022-05-18T03:05:10+00:00","author":"Reda\u00e7\u00e3o","twitter_card":"summary_large_image","twitter_misc":{"Escrito por":"Reda\u00e7\u00e3o","Est. tempo de leitura":"2 minutos"},"schema":{"@context":"https:\/\/schema.org","@graph":[{"@type":"WebPage","@id":"https:\/\/portalnpm.com\/index.php\/2022\/05\/18\/enem-pessoas-com-tdah-e-dislexia-terao-atendimento-especial-no-piaui\/","url":"https:\/\/portalnpm.com\/index.php\/2022\/05\/18\/enem-pessoas-com-tdah-e-dislexia-terao-atendimento-especial-no-piaui\/","name":"Enem: Pessoas com TDAH e dislexia ter\u00e3o atendimento especial no Piau\u00ed - Portal NPM","isPartOf":{"@id":"https:\/\/portalnpm.com\/#website"},"primaryImageOfPage":{"@id":"https:\/\/portalnpm.com\/index.php\/2022\/05\/18\/enem-pessoas-com-tdah-e-dislexia-terao-atendimento-especial-no-piaui\/#primaryimage"},"image":{"@id":"https:\/\/portalnpm.com\/index.php\/2022\/05\/18\/enem-pessoas-com-tdah-e-dislexia-terao-atendimento-especial-no-piaui\/#primaryimage"},"thumbnailUrl":"","datePublished":"2022-05-18T03:05:10+00:00","dateModified":"2022-05-18T03:05:10+00:00","author":{"@id":"https:\/\/portalnpm.com\/#\/schema\/person\/0b5f230ec96cee25504fa328e7f2b733"},"breadcrumb":{"@id":"https:\/\/portalnpm.com\/index.php\/2022\/05\/18\/enem-pessoas-com-tdah-e-dislexia-terao-atendimento-especial-no-piaui\/#breadcrumb"},"inLanguage":"pt-BR","potentialAction":[{"@type":"ReadAction","target":["https:\/\/portalnpm.com\/index.php\/2022\/05\/18\/enem-pessoas-com-tdah-e-dislexia-terao-atendimento-especial-no-piaui\/"]}]},{"@type":"ImageObject","inLanguage":"pt-BR","@id":"https:\/\/portalnpm.com\/index.php\/2022\/05\/18\/enem-pessoas-com-tdah-e-dislexia-terao-atendimento-especial-no-piaui\/#primaryimage","url":"","contentUrl":""},{"@type":"BreadcrumbList","@id":"https:\/\/portalnpm.com\/index.php\/2022\/05\/18\/enem-pessoas-com-tdah-e-dislexia-terao-atendimento-especial-no-piaui\/#breadcrumb","itemListElement":[{"@type":"ListItem","position":1,"name":"In\u00edcio","item":"https:\/\/portalnpm.com\/"},{"@type":"ListItem","position":2,"name":"Enem: Pessoas com TDAH e dislexia ter\u00e3o atendimento especial no Piau\u00ed"}]},{"@type":"WebSite","@id":"https:\/\/portalnpm.com\/#website","url":"https:\/\/portalnpm.com\/","name":"Portal NPM","description":"Not\u00edcias em Primeira M\u00e3o","potentialAction":[{"@type":"SearchAction","target":{"@type":"EntryPoint","urlTemplate":"https:\/\/portalnpm.com\/?s={search_term_string}"},"query-input":"required name=search_term_string"}],"inLanguage":"pt-BR"},{"@type":"Person","@id":"https:\/\/portalnpm.com\/#\/schema\/person\/0b5f230ec96cee25504fa328e7f2b733","name":"Reda\u00e7\u00e3o","image":{"@type":"ImageObject","inLanguage":"pt-BR","@id":"https:\/\/portalnpm.com\/#\/schema\/person\/image\/","url":"https:\/\/portalnpm.com\/wp-content\/uploads\/2024\/03\/avatar_user_4_1710097212-96x96.png","contentUrl":"https:\/\/portalnpm.com\/wp-content\/uploads\/2024\/03\/avatar_user_4_1710097212-96x96.png","caption":"Reda\u00e7\u00e3o"},"url":"https:\/\/portalnpm.com\/index.php\/author\/redacao\/"}]}},"jetpack_sharing_enabled":true,"jetpack_featured_media_url":"","_links":{"self":[{"href":"https:\/\/portalnpm.com\/index.php\/wp-json\/wp\/v2\/posts\/41621"}],"collection":[{"href":"https:\/\/portalnpm.com\/index.php\/wp-json\/wp\/v2\/posts"}],"about":[{"href":"https:\/\/portalnpm.com\/index.php\/wp-json\/wp\/v2\/types\/post"}],"author":[{"embeddable":true,"href":"https:\/\/portalnpm.com\/index.php\/wp-json\/wp\/v2\/users\/4"}],"replies":[{"embeddable":true,"href":"https:\/\/portalnpm.com\/index.php\/wp-json\/wp\/v2\/comments?post=41621"}],"version-history":[{"count":0,"href":"https:\/\/portalnpm.com\/index.php\/wp-json\/wp\/v2\/posts\/41621\/revisions"}],"wp:featuredmedia":[{"embeddable":true,"href":"https:\/\/portalnpm.com\/index.php\/wp-json\/"}],"wp:attachment":[{"href":"https:\/\/portalnpm.com\/index.php\/wp-json\/wp\/v2\/media?parent=41621"}],"wp:term":[{"taxonomy":"category","embeddable":true,"href":"https:\/\/portalnpm.com\/index.php\/wp-json\/wp\/v2\/categories?post=41621"},{"taxonomy":"post_tag","embeddable":true,"href":"https:\/\/portalnpm.com\/index.php\/wp-json\/wp\/v2\/tags?post=41621"}],"curies":[{"name":"wp","href":"https:\/\/api.w.org\/{rel}","templated":true}]}}