{"id":41653,"date":"2022-05-18T09:48:27","date_gmt":"2022-05-18T12:48:27","guid":{"rendered":"https:\/\/backupnpm.codetainer.com.br\/?p=41653"},"modified":"2022-05-18T09:48:27","modified_gmt":"2022-05-18T12:48:27","slug":"dar-resposta-positiva-diz-tecnico-tonet-sobre-retorno-ao-altos-e-serie-c-do-brasileiro","status":"publish","type":"post","link":"https:\/\/portalnpm.com\/index.php\/2022\/05\/18\/dar-resposta-positiva-diz-tecnico-tonet-sobre-retorno-ao-altos-e-serie-c-do-brasileiro\/","title":{"rendered":"\u201cDar resposta positiva\u201d, diz t\u00e9cnico Tonet sobre retorno ao Altos e S\u00e9rie C do Brasileiro"},"content":{"rendered":"<p style=\"text-align: justify;\">Fernando Tonet comandou na tarde desta ter\u00e7a-feira (17) seu primeiro treino de retorno ao Altos. A atividade foi realizada no est\u00e1dio Albert\u00e3o, em Teresina e o t\u00e9cnico teve oportunidade de ter contato com atletas que trabalhou no pr\u00f3prio Jacar\u00e9 recentemente e tamb\u00e9m conhecer as novas pe\u00e7as do elenco. O Altos tem compromisso pela S\u00e9rie C do Brasileiro no pr\u00f3ximo domingo (22), \u00e0s 11h da manh\u00e3 quando enfrenta o Mirassol-SP, no interior de S\u00e3o Paulo. O jogo ser\u00e1 v\u00e1lido pela 7\u00aa rodada do Brasileiro S\u00e9rie C.<\/p>\n<p style=\"text-align: justify;\">\n<p style=\"text-align: justify;\">\n<p style=\"text-align: justify;\">O Jacar\u00e9 teve nova troca de comando oficializado nesta segunda-feira (16) com a sa\u00edda de Francisco Di\u00e1 e o retorno de Fernando Tonet. Al\u00e9m do treinador, aconteceu o retorno tamb\u00e9m do preparador f\u00edsico Andr\u00e9 Otaviano.<\/p>\n<blockquote><p><strong><em>\u201cAgora eu estou de volta para tentar melhorar essa situa\u00e7\u00e3o do Altos dentro da S\u00e9rie C do Brasileiro. O primeiro ponto e que \u00e9 o principal \u00e9 voltar a vencer e a inten\u00e7\u00e3o \u00e9 que a equipe volte a vencer o mais r\u00e1pido poss\u00edvel e assim a gente saia dessa situa\u00e7\u00e3o. Sempre feliz e grato pela lembran\u00e7a e o torcedor pode acreditar que vamos dar uma resposta positiva\u201d, afirmou o t\u00e9cnico Fernando Tonet.<\/em>\u00a0<\/strong><\/p><\/blockquote>\n<p style=\"text-align: justify;\"><img decoding=\"async\" src=\"https:\/\/cidadeverde.com\/assets\/uploads\/noticias\/597771c2780700bdfa90de0f0bf53aca.jpg\" data-cfsrc=\"https:\/\/cidadeverde.com\/assets\/uploads\/noticias\/597771c2780700bdfa90de0f0bf53aca.jpg\" \/><\/p>\n<p style=\"text-align: justify;\">O Altos vive um p\u00e9ssimo momento dentro da competi\u00e7\u00e3o e atualmente \u00e9 19\u00b0 colocado entre os 20 clubes e com apenas tr\u00eas pontos somados em seis jogos. S\u00e3o cinco derrotas e uma vit\u00f3ria. O time tamb\u00e9m tem passado por uma troca constante de treinadores na temporada e com a chegada de Tonet \u00e9 o quinto nome.<\/p>\n<p style=\"text-align: justify;\">Na noite de ontem (16) a CBF confirmou algumas altera\u00e7\u00f5es na tabela e o Altos ir\u00e1 fazer pelo menos mais dois jogos pela S\u00e9rie C do Brasileiro no hor\u00e1rio de 15h, no Lindolfo Monteiro, em Teresina.<\/p>\n<p style=\"text-align: justify;\">O pr\u00f3ximo do Jacar\u00e9 ser\u00e1 fora de casa, quando o time enfrenta o Mirassol, na cidade do interior de S\u00e3o Paulo, no domingo (22), \u00e0s 11h, no est\u00e1dio Jos\u00e9 Maria de Campos Maia. O jogo \u00e9 v\u00e1lido pela 7\u00aa rodada, mas as partidas contra Ypiranga-SC e Ferrovi\u00e1rio que ser\u00e3o equivalentes as rodadas 8\u00aa e 10\u00aa rodadas ir\u00e3o acontecer \u00e0s 15h na capital Teresina.<\/p>\n<p style=\"text-align: justify;\">\n<p style=\"text-align: justify;\">\n<p style=\"text-align: justify;\"><em>Via Cidade Verde\u00a0<\/em><\/p>\n","protected":false},"excerpt":{"rendered":"<p>Fernando Tonet comandou na tarde desta ter\u00e7a-feira (17) seu primeiro treino de retorno ao Altos. A atividade foi realizada no est\u00e1dio Albert\u00e3o, em Teresina e o t\u00e9cnico teve oportunidade de ter contato com atletas que trabalhou no pr\u00f3prio Jacar\u00e9 recentemente e tamb\u00e9m conhecer as novas pe\u00e7as do elenco. O Altos tem compromisso pela S\u00e9rie C &hellip;<\/p>\n","protected":false},"author":2,"featured_media":41654,"comment_status":"open","ping_status":"open","sticky":false,"template":"","format":"standard","meta":{"content-type":"","rop_custom_images_group":[],"rop_custom_messages_group":[],"rop_publish_now":"initial","rop_publish_now_accounts":{"facebook_2648258775420054_1618374048415101":""},"rop_publish_now_history":[],"rop_publish_now_status":"pending","footnotes":"","_jetpack_memberships_contains_paid_content":false},"categories":[108],"tags":[808,1105,1076],"yoast_head":"<!-- This site is optimized with the Yoast SEO plugin v22.3 - https:\/\/yoast.com\/wordpress\/plugins\/seo\/ -->\n<title>\u201cDar resposta positiva\u201d, diz t\u00e9cnico Tonet sobre retorno ao Altos e S\u00e9rie C do Brasileiro - Portal NPM<\/title>\n<meta name=\"robots\" content=\"index, follow, max-snippet:-1, max-image-preview:large, max-video-preview:-1\" \/>\n<link rel=\"canonical\" href=\"https:\/\/portalnpm.com\/index.php\/2022\/05\/18\/dar-resposta-positiva-diz-tecnico-tonet-sobre-retorno-ao-altos-e-serie-c-do-brasileiro\/\" \/>\n<meta property=\"og:locale\" content=\"pt_BR\" \/>\n<meta property=\"og:type\" content=\"article\" \/>\n<meta property=\"og:title\" content=\"\u201cDar resposta positiva\u201d, diz t\u00e9cnico Tonet sobre retorno ao Altos e S\u00e9rie C do Brasileiro - Portal NPM\" \/>\n<meta property=\"og:description\" content=\"Fernando Tonet comandou na tarde desta ter\u00e7a-feira (17) seu primeiro treino de retorno ao Altos. A atividade foi realizada no est\u00e1dio Albert\u00e3o, em Teresina e o t\u00e9cnico teve oportunidade de ter contato com atletas que trabalhou no pr\u00f3prio Jacar\u00e9 recentemente e tamb\u00e9m conhecer as novas pe\u00e7as do elenco. O Altos tem compromisso pela S\u00e9rie C &hellip;\" \/>\n<meta property=\"og:url\" content=\"https:\/\/portalnpm.com\/index.php\/2022\/05\/18\/dar-resposta-positiva-diz-tecnico-tonet-sobre-retorno-ao-altos-e-serie-c-do-brasileiro\/\" \/>\n<meta property=\"og:site_name\" content=\"Portal NPM\" \/>\n<meta property=\"article:published_time\" content=\"2022-05-18T12:48:27+00:00\" \/>\n<meta name=\"author\" content=\"Genival Barbosa\" \/>\n<meta name=\"twitter:card\" content=\"summary_large_image\" \/>\n<meta name=\"twitter:label1\" content=\"Escrito por\" \/>\n\t<meta name=\"twitter:data1\" content=\"Genival Barbosa\" \/>\n\t<meta name=\"twitter:label2\" content=\"Est. tempo de leitura\" \/>\n\t<meta name=\"twitter:data2\" content=\"2 minutos\" \/>\n<script type=\"application\/ld+json\" class=\"yoast-schema-graph\">{\"@context\":\"https:\/\/schema.org\",\"@graph\":[{\"@type\":\"WebPage\",\"@id\":\"https:\/\/portalnpm.com\/index.php\/2022\/05\/18\/dar-resposta-positiva-diz-tecnico-tonet-sobre-retorno-ao-altos-e-serie-c-do-brasileiro\/\",\"url\":\"https:\/\/portalnpm.com\/index.php\/2022\/05\/18\/dar-resposta-positiva-diz-tecnico-tonet-sobre-retorno-ao-altos-e-serie-c-do-brasileiro\/\",\"name\":\"\u201cDar resposta positiva\u201d, diz t\u00e9cnico Tonet sobre retorno ao Altos e S\u00e9rie C do Brasileiro - Portal NPM\",\"isPartOf\":{\"@id\":\"https:\/\/portalnpm.com\/#website\"},\"primaryImageOfPage\":{\"@id\":\"https:\/\/portalnpm.com\/index.php\/2022\/05\/18\/dar-resposta-positiva-diz-tecnico-tonet-sobre-retorno-ao-altos-e-serie-c-do-brasileiro\/#primaryimage\"},\"image\":{\"@id\":\"https:\/\/portalnpm.com\/index.php\/2022\/05\/18\/dar-resposta-positiva-diz-tecnico-tonet-sobre-retorno-ao-altos-e-serie-c-do-brasileiro\/#primaryimage\"},\"thumbnailUrl\":\"\",\"datePublished\":\"2022-05-18T12:48:27+00:00\",\"dateModified\":\"2022-05-18T12:48:27+00:00\",\"author\":{\"@id\":\"https:\/\/portalnpm.com\/#\/schema\/person\/49313e563cfdefcc167f1ee4c017c294\"},\"breadcrumb\":{\"@id\":\"https:\/\/portalnpm.com\/index.php\/2022\/05\/18\/dar-resposta-positiva-diz-tecnico-tonet-sobre-retorno-ao-altos-e-serie-c-do-brasileiro\/#breadcrumb\"},\"inLanguage\":\"pt-BR\",\"potentialAction\":[{\"@type\":\"ReadAction\",\"target\":[\"https:\/\/portalnpm.com\/index.php\/2022\/05\/18\/dar-resposta-positiva-diz-tecnico-tonet-sobre-retorno-ao-altos-e-serie-c-do-brasileiro\/\"]}]},{\"@type\":\"ImageObject\",\"inLanguage\":\"pt-BR\",\"@id\":\"https:\/\/portalnpm.com\/index.php\/2022\/05\/18\/dar-resposta-positiva-diz-tecnico-tonet-sobre-retorno-ao-altos-e-serie-c-do-brasileiro\/#primaryimage\",\"url\":\"\",\"contentUrl\":\"\"},{\"@type\":\"BreadcrumbList\",\"@id\":\"https:\/\/portalnpm.com\/index.php\/2022\/05\/18\/dar-resposta-positiva-diz-tecnico-tonet-sobre-retorno-ao-altos-e-serie-c-do-brasileiro\/#breadcrumb\",\"itemListElement\":[{\"@type\":\"ListItem\",\"position\":1,\"name\":\"In\u00edcio\",\"item\":\"https:\/\/portalnpm.com\/\"},{\"@type\":\"ListItem\",\"position\":2,\"name\":\"\u201cDar resposta positiva\u201d, diz t\u00e9cnico Tonet sobre retorno ao Altos e S\u00e9rie C do Brasileiro\"}]},{\"@type\":\"WebSite\",\"@id\":\"https:\/\/portalnpm.com\/#website\",\"url\":\"https:\/\/portalnpm.com\/\",\"name\":\"Portal NPM\",\"description\":\"Not\u00edcias em Primeira M\u00e3o\",\"potentialAction\":[{\"@type\":\"SearchAction\",\"target\":{\"@type\":\"EntryPoint\",\"urlTemplate\":\"https:\/\/portalnpm.com\/?s={search_term_string}\"},\"query-input\":\"required name=search_term_string\"}],\"inLanguage\":\"pt-BR\"},{\"@type\":\"Person\",\"@id\":\"https:\/\/portalnpm.com\/#\/schema\/person\/49313e563cfdefcc167f1ee4c017c294\",\"name\":\"Genival Barbosa\",\"image\":{\"@type\":\"ImageObject\",\"inLanguage\":\"pt-BR\",\"@id\":\"https:\/\/portalnpm.com\/#\/schema\/person\/image\/\",\"url\":\"https:\/\/portalnpm.com\/wp-content\/uploads\/2024\/02\/avatar_user_2_1707743258-96x96.jpeg\",\"contentUrl\":\"https:\/\/portalnpm.com\/wp-content\/uploads\/2024\/02\/avatar_user_2_1707743258-96x96.jpeg\",\"caption\":\"Genival Barbosa\"},\"url\":\"https:\/\/portalnpm.com\/index.php\/author\/genival\/\"}]}<\/script>\n<!-- \/ Yoast SEO plugin. -->","yoast_head_json":{"title":"\u201cDar resposta positiva\u201d, diz t\u00e9cnico Tonet sobre retorno ao Altos e S\u00e9rie C do Brasileiro - Portal NPM","robots":{"index":"index","follow":"follow","max-snippet":"max-snippet:-1","max-image-preview":"max-image-preview:large","max-video-preview":"max-video-preview:-1"},"canonical":"https:\/\/portalnpm.com\/index.php\/2022\/05\/18\/dar-resposta-positiva-diz-tecnico-tonet-sobre-retorno-ao-altos-e-serie-c-do-brasileiro\/","og_locale":"pt_BR","og_type":"article","og_title":"\u201cDar resposta positiva\u201d, diz t\u00e9cnico Tonet sobre retorno ao Altos e S\u00e9rie C do Brasileiro - Portal NPM","og_description":"Fernando Tonet comandou na tarde desta ter\u00e7a-feira (17) seu primeiro treino de retorno ao Altos. A atividade foi realizada no est\u00e1dio Albert\u00e3o, em Teresina e o t\u00e9cnico teve oportunidade de ter contato com atletas que trabalhou no pr\u00f3prio Jacar\u00e9 recentemente e tamb\u00e9m conhecer as novas pe\u00e7as do elenco. O Altos tem compromisso pela S\u00e9rie C &hellip;","og_url":"https:\/\/portalnpm.com\/index.php\/2022\/05\/18\/dar-resposta-positiva-diz-tecnico-tonet-sobre-retorno-ao-altos-e-serie-c-do-brasileiro\/","og_site_name":"Portal NPM","article_published_time":"2022-05-18T12:48:27+00:00","author":"Genival Barbosa","twitter_card":"summary_large_image","twitter_misc":{"Escrito por":"Genival Barbosa","Est. tempo de leitura":"2 minutos"},"schema":{"@context":"https:\/\/schema.org","@graph":[{"@type":"WebPage","@id":"https:\/\/portalnpm.com\/index.php\/2022\/05\/18\/dar-resposta-positiva-diz-tecnico-tonet-sobre-retorno-ao-altos-e-serie-c-do-brasileiro\/","url":"https:\/\/portalnpm.com\/index.php\/2022\/05\/18\/dar-resposta-positiva-diz-tecnico-tonet-sobre-retorno-ao-altos-e-serie-c-do-brasileiro\/","name":"\u201cDar resposta positiva\u201d, diz t\u00e9cnico Tonet sobre retorno ao Altos e S\u00e9rie C do Brasileiro - Portal NPM","isPartOf":{"@id":"https:\/\/portalnpm.com\/#website"},"primaryImageOfPage":{"@id":"https:\/\/portalnpm.com\/index.php\/2022\/05\/18\/dar-resposta-positiva-diz-tecnico-tonet-sobre-retorno-ao-altos-e-serie-c-do-brasileiro\/#primaryimage"},"image":{"@id":"https:\/\/portalnpm.com\/index.php\/2022\/05\/18\/dar-resposta-positiva-diz-tecnico-tonet-sobre-retorno-ao-altos-e-serie-c-do-brasileiro\/#primaryimage"},"thumbnailUrl":"","datePublished":"2022-05-18T12:48:27+00:00","dateModified":"2022-05-18T12:48:27+00:00","author":{"@id":"https:\/\/portalnpm.com\/#\/schema\/person\/49313e563cfdefcc167f1ee4c017c294"},"breadcrumb":{"@id":"https:\/\/portalnpm.com\/index.php\/2022\/05\/18\/dar-resposta-positiva-diz-tecnico-tonet-sobre-retorno-ao-altos-e-serie-c-do-brasileiro\/#breadcrumb"},"inLanguage":"pt-BR","potentialAction":[{"@type":"ReadAction","target":["https:\/\/portalnpm.com\/index.php\/2022\/05\/18\/dar-resposta-positiva-diz-tecnico-tonet-sobre-retorno-ao-altos-e-serie-c-do-brasileiro\/"]}]},{"@type":"ImageObject","inLanguage":"pt-BR","@id":"https:\/\/portalnpm.com\/index.php\/2022\/05\/18\/dar-resposta-positiva-diz-tecnico-tonet-sobre-retorno-ao-altos-e-serie-c-do-brasileiro\/#primaryimage","url":"","contentUrl":""},{"@type":"BreadcrumbList","@id":"https:\/\/portalnpm.com\/index.php\/2022\/05\/18\/dar-resposta-positiva-diz-tecnico-tonet-sobre-retorno-ao-altos-e-serie-c-do-brasileiro\/#breadcrumb","itemListElement":[{"@type":"ListItem","position":1,"name":"In\u00edcio","item":"https:\/\/portalnpm.com\/"},{"@type":"ListItem","position":2,"name":"\u201cDar resposta positiva\u201d, diz t\u00e9cnico Tonet sobre retorno ao Altos e S\u00e9rie C do Brasileiro"}]},{"@type":"WebSite","@id":"https:\/\/portalnpm.com\/#website","url":"https:\/\/portalnpm.com\/","name":"Portal NPM","description":"Not\u00edcias em Primeira M\u00e3o","potentialAction":[{"@type":"SearchAction","target":{"@type":"EntryPoint","urlTemplate":"https:\/\/portalnpm.com\/?s={search_term_string}"},"query-input":"required name=search_term_string"}],"inLanguage":"pt-BR"},{"@type":"Person","@id":"https:\/\/portalnpm.com\/#\/schema\/person\/49313e563cfdefcc167f1ee4c017c294","name":"Genival Barbosa","image":{"@type":"ImageObject","inLanguage":"pt-BR","@id":"https:\/\/portalnpm.com\/#\/schema\/person\/image\/","url":"https:\/\/portalnpm.com\/wp-content\/uploads\/2024\/02\/avatar_user_2_1707743258-96x96.jpeg","contentUrl":"https:\/\/portalnpm.com\/wp-content\/uploads\/2024\/02\/avatar_user_2_1707743258-96x96.jpeg","caption":"Genival Barbosa"},"url":"https:\/\/portalnpm.com\/index.php\/author\/genival\/"}]}},"jetpack_sharing_enabled":true,"jetpack_featured_media_url":"","_links":{"self":[{"href":"https:\/\/portalnpm.com\/index.php\/wp-json\/wp\/v2\/posts\/41653"}],"collection":[{"href":"https:\/\/portalnpm.com\/index.php\/wp-json\/wp\/v2\/posts"}],"about":[{"href":"https:\/\/portalnpm.com\/index.php\/wp-json\/wp\/v2\/types\/post"}],"author":[{"embeddable":true,"href":"https:\/\/portalnpm.com\/index.php\/wp-json\/wp\/v2\/users\/2"}],"replies":[{"embeddable":true,"href":"https:\/\/portalnpm.com\/index.php\/wp-json\/wp\/v2\/comments?post=41653"}],"version-history":[{"count":0,"href":"https:\/\/portalnpm.com\/index.php\/wp-json\/wp\/v2\/posts\/41653\/revisions"}],"wp:featuredmedia":[{"embeddable":true,"href":"https:\/\/portalnpm.com\/index.php\/wp-json\/"}],"wp:attachment":[{"href":"https:\/\/portalnpm.com\/index.php\/wp-json\/wp\/v2\/media?parent=41653"}],"wp:term":[{"taxonomy":"category","embeddable":true,"href":"https:\/\/portalnpm.com\/index.php\/wp-json\/wp\/v2\/categories?post=41653"},{"taxonomy":"post_tag","embeddable":true,"href":"https:\/\/portalnpm.com\/index.php\/wp-json\/wp\/v2\/tags?post=41653"}],"curies":[{"name":"wp","href":"https:\/\/api.w.org\/{rel}","templated":true}]}}