{"id":41723,"date":"2022-05-23T16:29:36","date_gmt":"2022-05-23T19:29:36","guid":{"rendered":"https:\/\/backupnpm.codetainer.com.br\/?p=41723"},"modified":"2022-05-23T16:29:36","modified_gmt":"2022-05-23T19:29:36","slug":"ciro-nogueira-defende-proposta-que-fixa-aliquota-do-icms-e-cobra-os-governadores","status":"publish","type":"post","link":"https:\/\/portalnpm.com\/index.php\/2022\/05\/23\/ciro-nogueira-defende-proposta-que-fixa-aliquota-do-icms-e-cobra-os-governadores\/","title":{"rendered":"Ciro Nogueira defende proposta que fixa al\u00edquota do ICMS e cobra os governadores"},"content":{"rendered":"<p style=\"text-align: justify;\">O ministro-chefe da Casa Civil, Ciro Nogueira (Progressistas), afirmou nesta segunda-feira (23) que os estados est\u00e3o com super\u00e1vit financeiro e que chegou o momento de darem a parte de contribui\u00e7\u00e3o para o pa\u00eds, neste momento, que ele considerou como sendo de \u201csacrif\u00edcio\u201d.<\/p>\n<p style=\"text-align: justify;\">\n<p style=\"text-align: justify;\">\n<p style=\"text-align: justify;\">Na ter\u00e7a-feira (24) ser\u00e1 votado na C\u00e2mara Federal o projeto que limita a 17% a al\u00edquota do Imposto sobre Circula\u00e7\u00e3o de Mercadorias e Servi\u00e7os (ICMS), que \u00e9 um tributo estadual, sobre combust\u00edveis, energia, telecomunica\u00e7\u00f5es e transportes coletivos.<\/p>\n<p style=\"text-align: justify;\">Apesar de governadores j\u00e1 terem se posicionado contra a mat\u00e9ria, o ministro considerou como justo o percentual proposto que fixa valor para a cobran\u00e7a sob o ICMS. Ciro Nogueira relembrou que existe uma guerra na regi\u00e3o da R\u00fassia e Ucr\u00e2nia, o que tem elevado os pre\u00e7os em todo o mundo. Ele tamb\u00e9m acrescentou que os estados j\u00e1 colocaram a ideia de limitar a al\u00edquota do imposto em pr\u00e1tica e n\u00e3o perderam em arrecada\u00e7\u00e3o.<\/p>\n<p style=\"text-align: justify;\">\u201cOs estados est\u00e3o com super\u00e1vit financeiro, o que permite essa justi\u00e7a na hora de cobrar. Temos estados como o Piau\u00ed que cobra mais de 30% do ICMS. Isso \u00e9 um absurdo. Eu acho que um percentual de 17% \u00e9 mais do que razo\u00e1vel, j\u00e1 h\u00e1 alguns estados que est\u00e3o praticando e mesmo assim aumentaram a arrecada\u00e7\u00e3o. Nesse momento de guerra, de sacrif\u00edcio, chegou a hora dos estados tamb\u00e9m. A uni\u00e3o j\u00e1 zerou todos os impostos\u201d, destacou.<\/p>\n<p style=\"text-align: justify;\">O ministro ainda avaliou que existe entre a popula\u00e7\u00e3o um clima no qual j\u00e1 n\u00e3o ser\u00e1 aceito que se mantenha o valor elevado de produtos e servi\u00e7os, como g\u00e1s de cozinha, alergia e combust\u00edveis. Ele ainda criticou governos estaduais, pontuando que estes aumentaram arrecada\u00e7\u00f5es, enquanto a popula\u00e7\u00e3o enfrenta dificuldades devido ao aumento no pre\u00e7o de diversas coisas.<\/p>\n<p style=\"text-align: justify;\">\u201cExiste um sentimento no pa\u00eds que n\u00e3o pode mais ter esse custo absurdo e abusivo da cobran\u00e7a do ICMS. Os estados aumentaram no meio de uma pandemia, no meio de um estado de guerra, mais de 40% de sua arrecada\u00e7\u00e3o enquanto a sua popula\u00e7\u00e3o est\u00e1 sofrendo, tendo que pagar o g\u00e1s de cozinha, o combust\u00edvel aut\u00edssimo\u201d, disse.<\/p>\n<p style=\"text-align: justify;\"><strong>Urnas\u00a0<\/strong><\/p>\n<p style=\"text-align: justify;\">O ministro ainda falou sobre o processo eleitoral que ocorrer\u00e1 neste ano. Ciro Nogueira pontuou confiar no processo. Por\u00e9m, n\u00e3o descartou acreditar na possibilidade de uma eventual fraude nas urnas eletr\u00f4nicas. O senador licenciado cobrou uma maior fiscaliza\u00e7\u00e3o por parte dos \u00f3rg\u00e3os respons\u00e1veis.<\/p>\n<p style=\"text-align: justify;\">\u201cEu tenho confian\u00e7a no processo eleitoral, nas urnas, mas isso n\u00e3o significa que n\u00e3o possa ter fraude, um dia. Temos que fiscalizar, o pr\u00f3prio TSE est\u00e1 buscando sempre mecanismos para aprimorar e temos que enfrentar isso com toda a transpar\u00eancia\u201d, destacou.<\/p>\n<p style=\"text-align: justify;\">As declara\u00e7\u00f5es de Ciro Nogueira foram dadas em entrevista \u00e0 imprensa na Assembleia Legislativa do Piau\u00ed (Alepi). O ministro esteve no local para uma solenidade de entrega de t\u00edtulos de cidadania para empres\u00e1rios do ramo do agroneg\u00f3cio.<\/p>\n<p style=\"text-align: justify;\"><strong>Marcelo Castro alerta para or\u00e7amento dos estados\u00a0<\/strong><\/p>\n<p style=\"text-align: justify;\">O senador Marcelo Castro (MDB), que \u00e9 relator-geral do Or\u00e7amento da Uni\u00e3o de 2023, tamb\u00e9m marcou presen\u00e7a na solenidade na Assembleia Legislativa. Em entrevista \u00e0 imprensa, fez um contraponto em rela\u00e7\u00e3o \u00e0 proposta de fixa\u00e7\u00e3o da al\u00edquota do ICMS nos estados.<\/p>\n<p style=\"text-align: justify;\">Marcelo Castro relembrou que os governadores j\u00e1 fizeram o or\u00e7amento deste ano baseando receitas na arrecada\u00e7\u00e3o que \u00e9 atualmente feita com ICMS fixado em cada estado. Para ele, \u00e9 preciso levar em conta a realidade em cada regi\u00e3o, de forma que a mudan\u00e7a n\u00e3o obrigue governadores a desonrarem compromissos preestabelecidos.<\/p>\n<p style=\"text-align: justify;\">\u201cModificar essa al\u00edquota no meio do caminho, no meio do jogo, n\u00e3o sei como ficaria o or\u00e7amento para os compromissos que foram assumidos. Acredito que os governadores e pessoas de bom senso v\u00e3o se articular para fazer o melhor poss\u00edvel para o consumidor. \u00c9 \u00f3bvio que precisamos levar em conta as receitas estaduais, pois o imposto mais essencial \u00e9 importante para os estados \u00e9 o ICMS e precisamos fazer de uma maneira que melhore para o consumidor, mas que n\u00e3o venha a inviabilizar as receitas dos estados brasileiros\u201d, avaliou.<\/p>\n<p style=\"text-align: justify;\">Em resposta \u00e0 declara\u00e7\u00e3o de Ciro Nogueira, Marcelo Castro concordou que todos os entes federados t\u00eam a sua cota de contribui\u00e7\u00e3o frente ao desafio econ\u00f4mico pelo qual o pa\u00eds vem passando. Mas, ponderou que essa participa\u00e7\u00e3o deve ocorrer dentro de um equil\u00edbrio, conforme cada um pode ofertar.<\/p>\n<p style=\"text-align: justify;\">\u201cTodos n\u00f3s precisamos dar nossa cota de contribui\u00e7\u00e3o. Mas, qual essa cota? Uma cota razo\u00e1vel, uma cota dentro da l\u00f3gica, dentro de uma pondera\u00e7\u00e3o, de um equil\u00edbrio que possa melhorar para todos sem prejudicar ningu\u00e9m\u201d, frisou.<\/p>\n<p style=\"text-align: justify;\">\n<p style=\"text-align: justify;\"><em>Flash Paula Sampaio<br \/>\nredacao@cidadeverde.com\u00a0<\/em><\/p>\n","protected":false},"excerpt":{"rendered":"<p>O ministro-chefe da Casa Civil, Ciro Nogueira (Progressistas), afirmou nesta segunda-feira (23) que os estados est\u00e3o com super\u00e1vit financeiro e que chegou o momento de darem a parte de contribui\u00e7\u00e3o para o pa\u00eds, neste momento, que ele considerou como sendo de \u201csacrif\u00edcio\u201d. Na ter\u00e7a-feira (24) ser\u00e1 votado na C\u00e2mara Federal o projeto que limita a &hellip;<\/p>\n","protected":false},"author":2,"featured_media":41724,"comment_status":"open","ping_status":"open","sticky":false,"template":"","format":"standard","meta":{"content-type":"","rop_custom_images_group":[],"rop_custom_messages_group":[],"rop_publish_now":"initial","rop_publish_now_accounts":{"facebook_2648258775420054_1618374048415101":""},"rop_publish_now_history":[],"rop_publish_now_status":"pending","footnotes":"","_jetpack_memberships_contains_paid_content":false},"categories":[113,414],"tags":[535,3586],"yoast_head":"<!-- This site is optimized with the Yoast SEO plugin v22.3 - https:\/\/yoast.com\/wordpress\/plugins\/seo\/ -->\n<title>Ciro Nogueira defende proposta que fixa al\u00edquota do ICMS e cobra os governadores - Portal NPM<\/title>\n<meta name=\"robots\" content=\"index, follow, max-snippet:-1, max-image-preview:large, max-video-preview:-1\" \/>\n<link rel=\"canonical\" href=\"https:\/\/portalnpm.com\/index.php\/2022\/05\/23\/ciro-nogueira-defende-proposta-que-fixa-aliquota-do-icms-e-cobra-os-governadores\/\" \/>\n<meta property=\"og:locale\" content=\"pt_BR\" \/>\n<meta property=\"og:type\" content=\"article\" \/>\n<meta property=\"og:title\" content=\"Ciro Nogueira defende proposta que fixa al\u00edquota do ICMS e cobra os governadores - Portal NPM\" \/>\n<meta property=\"og:description\" content=\"O ministro-chefe da Casa Civil, Ciro Nogueira (Progressistas), afirmou nesta segunda-feira (23) que os estados est\u00e3o com super\u00e1vit financeiro e que chegou o momento de darem a parte de contribui\u00e7\u00e3o para o pa\u00eds, neste momento, que ele considerou como sendo de \u201csacrif\u00edcio\u201d. Na ter\u00e7a-feira (24) ser\u00e1 votado na C\u00e2mara Federal o projeto que limita a &hellip;\" \/>\n<meta property=\"og:url\" content=\"https:\/\/portalnpm.com\/index.php\/2022\/05\/23\/ciro-nogueira-defende-proposta-que-fixa-aliquota-do-icms-e-cobra-os-governadores\/\" \/>\n<meta property=\"og:site_name\" content=\"Portal NPM\" \/>\n<meta property=\"article:published_time\" content=\"2022-05-23T19:29:36+00:00\" \/>\n<meta name=\"author\" content=\"Genival Barbosa\" \/>\n<meta name=\"twitter:card\" content=\"summary_large_image\" \/>\n<meta name=\"twitter:label1\" content=\"Escrito por\" \/>\n\t<meta name=\"twitter:data1\" content=\"Genival Barbosa\" \/>\n\t<meta name=\"twitter:label2\" content=\"Est. tempo de leitura\" \/>\n\t<meta name=\"twitter:data2\" content=\"4 minutos\" \/>\n<script type=\"application\/ld+json\" class=\"yoast-schema-graph\">{\"@context\":\"https:\/\/schema.org\",\"@graph\":[{\"@type\":\"WebPage\",\"@id\":\"https:\/\/portalnpm.com\/index.php\/2022\/05\/23\/ciro-nogueira-defende-proposta-que-fixa-aliquota-do-icms-e-cobra-os-governadores\/\",\"url\":\"https:\/\/portalnpm.com\/index.php\/2022\/05\/23\/ciro-nogueira-defende-proposta-que-fixa-aliquota-do-icms-e-cobra-os-governadores\/\",\"name\":\"Ciro Nogueira defende proposta que fixa al\u00edquota do ICMS e cobra os governadores - Portal NPM\",\"isPartOf\":{\"@id\":\"https:\/\/portalnpm.com\/#website\"},\"primaryImageOfPage\":{\"@id\":\"https:\/\/portalnpm.com\/index.php\/2022\/05\/23\/ciro-nogueira-defende-proposta-que-fixa-aliquota-do-icms-e-cobra-os-governadores\/#primaryimage\"},\"image\":{\"@id\":\"https:\/\/portalnpm.com\/index.php\/2022\/05\/23\/ciro-nogueira-defende-proposta-que-fixa-aliquota-do-icms-e-cobra-os-governadores\/#primaryimage\"},\"thumbnailUrl\":\"\",\"datePublished\":\"2022-05-23T19:29:36+00:00\",\"dateModified\":\"2022-05-23T19:29:36+00:00\",\"author\":{\"@id\":\"https:\/\/portalnpm.com\/#\/schema\/person\/49313e563cfdefcc167f1ee4c017c294\"},\"breadcrumb\":{\"@id\":\"https:\/\/portalnpm.com\/index.php\/2022\/05\/23\/ciro-nogueira-defende-proposta-que-fixa-aliquota-do-icms-e-cobra-os-governadores\/#breadcrumb\"},\"inLanguage\":\"pt-BR\",\"potentialAction\":[{\"@type\":\"ReadAction\",\"target\":[\"https:\/\/portalnpm.com\/index.php\/2022\/05\/23\/ciro-nogueira-defende-proposta-que-fixa-aliquota-do-icms-e-cobra-os-governadores\/\"]}]},{\"@type\":\"ImageObject\",\"inLanguage\":\"pt-BR\",\"@id\":\"https:\/\/portalnpm.com\/index.php\/2022\/05\/23\/ciro-nogueira-defende-proposta-que-fixa-aliquota-do-icms-e-cobra-os-governadores\/#primaryimage\",\"url\":\"\",\"contentUrl\":\"\"},{\"@type\":\"BreadcrumbList\",\"@id\":\"https:\/\/portalnpm.com\/index.php\/2022\/05\/23\/ciro-nogueira-defende-proposta-que-fixa-aliquota-do-icms-e-cobra-os-governadores\/#breadcrumb\",\"itemListElement\":[{\"@type\":\"ListItem\",\"position\":1,\"name\":\"In\u00edcio\",\"item\":\"https:\/\/portalnpm.com\/\"},{\"@type\":\"ListItem\",\"position\":2,\"name\":\"Ciro Nogueira defende proposta que fixa al\u00edquota do ICMS e cobra os governadores\"}]},{\"@type\":\"WebSite\",\"@id\":\"https:\/\/portalnpm.com\/#website\",\"url\":\"https:\/\/portalnpm.com\/\",\"name\":\"Portal NPM\",\"description\":\"Not\u00edcias em Primeira M\u00e3o\",\"potentialAction\":[{\"@type\":\"SearchAction\",\"target\":{\"@type\":\"EntryPoint\",\"urlTemplate\":\"https:\/\/portalnpm.com\/?s={search_term_string}\"},\"query-input\":\"required name=search_term_string\"}],\"inLanguage\":\"pt-BR\"},{\"@type\":\"Person\",\"@id\":\"https:\/\/portalnpm.com\/#\/schema\/person\/49313e563cfdefcc167f1ee4c017c294\",\"name\":\"Genival Barbosa\",\"image\":{\"@type\":\"ImageObject\",\"inLanguage\":\"pt-BR\",\"@id\":\"https:\/\/portalnpm.com\/#\/schema\/person\/image\/\",\"url\":\"https:\/\/portalnpm.com\/wp-content\/uploads\/2024\/02\/avatar_user_2_1707743258-96x96.jpeg\",\"contentUrl\":\"https:\/\/portalnpm.com\/wp-content\/uploads\/2024\/02\/avatar_user_2_1707743258-96x96.jpeg\",\"caption\":\"Genival Barbosa\"},\"url\":\"https:\/\/portalnpm.com\/index.php\/author\/genival\/\"}]}<\/script>\n<!-- \/ Yoast SEO plugin. -->","yoast_head_json":{"title":"Ciro Nogueira defende proposta que fixa al\u00edquota do ICMS e cobra os governadores - Portal NPM","robots":{"index":"index","follow":"follow","max-snippet":"max-snippet:-1","max-image-preview":"max-image-preview:large","max-video-preview":"max-video-preview:-1"},"canonical":"https:\/\/portalnpm.com\/index.php\/2022\/05\/23\/ciro-nogueira-defende-proposta-que-fixa-aliquota-do-icms-e-cobra-os-governadores\/","og_locale":"pt_BR","og_type":"article","og_title":"Ciro Nogueira defende proposta que fixa al\u00edquota do ICMS e cobra os governadores - Portal NPM","og_description":"O ministro-chefe da Casa Civil, Ciro Nogueira (Progressistas), afirmou nesta segunda-feira (23) que os estados est\u00e3o com super\u00e1vit financeiro e que chegou o momento de darem a parte de contribui\u00e7\u00e3o para o pa\u00eds, neste momento, que ele considerou como sendo de \u201csacrif\u00edcio\u201d. Na ter\u00e7a-feira (24) ser\u00e1 votado na C\u00e2mara Federal o projeto que limita a &hellip;","og_url":"https:\/\/portalnpm.com\/index.php\/2022\/05\/23\/ciro-nogueira-defende-proposta-que-fixa-aliquota-do-icms-e-cobra-os-governadores\/","og_site_name":"Portal NPM","article_published_time":"2022-05-23T19:29:36+00:00","author":"Genival Barbosa","twitter_card":"summary_large_image","twitter_misc":{"Escrito por":"Genival Barbosa","Est. tempo de leitura":"4 minutos"},"schema":{"@context":"https:\/\/schema.org","@graph":[{"@type":"WebPage","@id":"https:\/\/portalnpm.com\/index.php\/2022\/05\/23\/ciro-nogueira-defende-proposta-que-fixa-aliquota-do-icms-e-cobra-os-governadores\/","url":"https:\/\/portalnpm.com\/index.php\/2022\/05\/23\/ciro-nogueira-defende-proposta-que-fixa-aliquota-do-icms-e-cobra-os-governadores\/","name":"Ciro Nogueira defende proposta que fixa al\u00edquota do ICMS e cobra os governadores - Portal NPM","isPartOf":{"@id":"https:\/\/portalnpm.com\/#website"},"primaryImageOfPage":{"@id":"https:\/\/portalnpm.com\/index.php\/2022\/05\/23\/ciro-nogueira-defende-proposta-que-fixa-aliquota-do-icms-e-cobra-os-governadores\/#primaryimage"},"image":{"@id":"https:\/\/portalnpm.com\/index.php\/2022\/05\/23\/ciro-nogueira-defende-proposta-que-fixa-aliquota-do-icms-e-cobra-os-governadores\/#primaryimage"},"thumbnailUrl":"","datePublished":"2022-05-23T19:29:36+00:00","dateModified":"2022-05-23T19:29:36+00:00","author":{"@id":"https:\/\/portalnpm.com\/#\/schema\/person\/49313e563cfdefcc167f1ee4c017c294"},"breadcrumb":{"@id":"https:\/\/portalnpm.com\/index.php\/2022\/05\/23\/ciro-nogueira-defende-proposta-que-fixa-aliquota-do-icms-e-cobra-os-governadores\/#breadcrumb"},"inLanguage":"pt-BR","potentialAction":[{"@type":"ReadAction","target":["https:\/\/portalnpm.com\/index.php\/2022\/05\/23\/ciro-nogueira-defende-proposta-que-fixa-aliquota-do-icms-e-cobra-os-governadores\/"]}]},{"@type":"ImageObject","inLanguage":"pt-BR","@id":"https:\/\/portalnpm.com\/index.php\/2022\/05\/23\/ciro-nogueira-defende-proposta-que-fixa-aliquota-do-icms-e-cobra-os-governadores\/#primaryimage","url":"","contentUrl":""},{"@type":"BreadcrumbList","@id":"https:\/\/portalnpm.com\/index.php\/2022\/05\/23\/ciro-nogueira-defende-proposta-que-fixa-aliquota-do-icms-e-cobra-os-governadores\/#breadcrumb","itemListElement":[{"@type":"ListItem","position":1,"name":"In\u00edcio","item":"https:\/\/portalnpm.com\/"},{"@type":"ListItem","position":2,"name":"Ciro Nogueira defende proposta que fixa al\u00edquota do ICMS e cobra os governadores"}]},{"@type":"WebSite","@id":"https:\/\/portalnpm.com\/#website","url":"https:\/\/portalnpm.com\/","name":"Portal NPM","description":"Not\u00edcias em Primeira M\u00e3o","potentialAction":[{"@type":"SearchAction","target":{"@type":"EntryPoint","urlTemplate":"https:\/\/portalnpm.com\/?s={search_term_string}"},"query-input":"required name=search_term_string"}],"inLanguage":"pt-BR"},{"@type":"Person","@id":"https:\/\/portalnpm.com\/#\/schema\/person\/49313e563cfdefcc167f1ee4c017c294","name":"Genival Barbosa","image":{"@type":"ImageObject","inLanguage":"pt-BR","@id":"https:\/\/portalnpm.com\/#\/schema\/person\/image\/","url":"https:\/\/portalnpm.com\/wp-content\/uploads\/2024\/02\/avatar_user_2_1707743258-96x96.jpeg","contentUrl":"https:\/\/portalnpm.com\/wp-content\/uploads\/2024\/02\/avatar_user_2_1707743258-96x96.jpeg","caption":"Genival Barbosa"},"url":"https:\/\/portalnpm.com\/index.php\/author\/genival\/"}]}},"jetpack_sharing_enabled":true,"jetpack_featured_media_url":"","_links":{"self":[{"href":"https:\/\/portalnpm.com\/index.php\/wp-json\/wp\/v2\/posts\/41723"}],"collection":[{"href":"https:\/\/portalnpm.com\/index.php\/wp-json\/wp\/v2\/posts"}],"about":[{"href":"https:\/\/portalnpm.com\/index.php\/wp-json\/wp\/v2\/types\/post"}],"author":[{"embeddable":true,"href":"https:\/\/portalnpm.com\/index.php\/wp-json\/wp\/v2\/users\/2"}],"replies":[{"embeddable":true,"href":"https:\/\/portalnpm.com\/index.php\/wp-json\/wp\/v2\/comments?post=41723"}],"version-history":[{"count":0,"href":"https:\/\/portalnpm.com\/index.php\/wp-json\/wp\/v2\/posts\/41723\/revisions"}],"wp:featuredmedia":[{"embeddable":true,"href":"https:\/\/portalnpm.com\/index.php\/wp-json\/"}],"wp:attachment":[{"href":"https:\/\/portalnpm.com\/index.php\/wp-json\/wp\/v2\/media?parent=41723"}],"wp:term":[{"taxonomy":"category","embeddable":true,"href":"https:\/\/portalnpm.com\/index.php\/wp-json\/wp\/v2\/categories?post=41723"},{"taxonomy":"post_tag","embeddable":true,"href":"https:\/\/portalnpm.com\/index.php\/wp-json\/wp\/v2\/tags?post=41723"}],"curies":[{"name":"wp","href":"https:\/\/api.w.org\/{rel}","templated":true}]}}