{"id":41738,"date":"2022-05-26T18:13:13","date_gmt":"2022-05-26T21:13:13","guid":{"rendered":"https:\/\/backupnpm.codetainer.com.br\/?p=41738"},"modified":"2022-05-26T18:13:13","modified_gmt":"2022-05-26T21:13:13","slug":"em-almoco-simone-tebet-sinaliza-desejo-de-que-tasso-jereissati-seja-vice-em-sua-chapa-presidencial","status":"publish","type":"post","link":"https:\/\/portalnpm.com\/index.php\/2022\/05\/26\/em-almoco-simone-tebet-sinaliza-desejo-de-que-tasso-jereissati-seja-vice-em-sua-chapa-presidencial\/","title":{"rendered":"Em almo\u00e7o, Simone Tebet sinaliza desejo de que Tasso Jereissati seja vice em sua chapa presidencial"},"content":{"rendered":"<p style=\"text-align: justify;\">No in\u00edcio da tarde desta quarta-feira (25), assim que acabou\u00a0<a href=\"https:\/\/g1.globo.com\/politica\/eleicoes\/2022\/noticia\/2022\/05\/25\/simone-tebet-entrevista-coletiva-brasilia-mdb.ghtml\" target=\"_top\" rel=\"noopener\">sua fala para imprensa<\/a>, a senadora\u00a0<a href=\"https:\/\/g1.globo.com\/politica\/politico\/simone-tebet\/\" target=\"_top\" rel=\"noopener\">Simone Tebet<\/a>\u00a0(MDB) seguiu discretamente para o gabinete do senador tucano\u00a0<a href=\"https:\/\/g1.globo.com\/politica\/politico\/tasso-jereissati\/\" target=\"_top\" rel=\"noopener\">Tasso Jereissati<\/a>\u00a0para um longo almo\u00e7o.<\/p>\n<p>&nbsp;<\/p>\n<p style=\"text-align: justify;\">Com o apoio formalizado do MDB e do Cidadania,\u00a0<a href=\"https:\/\/g1.globo.com\/politica\/politico\/simone-tebet\/\" target=\"_top\" rel=\"noopener\">Simone Tebet<\/a>\u00a0sinalizou de forma clara o seu desejo de que Tasso seja o vice em sua chapa na disputa presidencial.<\/p>\n<p style=\"text-align: justify;\">O\u00a0<strong>blog<\/strong> apurou que os dois pol\u00edticos avaliaram que finalmente aconteceu a t\u00e3o aguardada decanta\u00e7\u00e3o da terceira via, com a retirada de v\u00e1rias candidatura ao longo dos \u00faltimos meses.<\/p>\n<ul class=\"content-unordered-list\" style=\"text-align: justify;\">\n<li><a href=\"https:\/\/g1.globo.com\/politica\/eleicoes\/2022\/noticia\/2022\/05\/23\/cinco-nomes-ja-sairam-da-disputa-pela-presidencia-veja-lista.ghtml\" target=\"_top\" rel=\"noopener\">Cinco nomes j\u00e1 sa\u00edram da disputa pela Presid\u00eancia; veja lista<\/a>;<\/li>\n<\/ul>\n<p style=\"text-align: justify;\">A chapa Tebet-Tasso j\u00e1 est\u00e1 sendo defendida por um grupo influente de empres\u00e1rios e economistas. O senador \u00e9 apontado como o vice ideal por trazer o Nordeste, ter experi\u00eancia administrativa e ter bom tr\u00e2nsito com o mercado financeiro e o empresariado brasileiro.<\/p>\n<p style=\"text-align: justify;\">A percep\u00e7\u00e3o desse grupo \u00e9 que ser\u00e1 preciso ter uma candidatura de terceira via respeitada para sair da polariza\u00e7\u00e3o entre o ex-presidente\u00a0<a href=\"https:\/\/g1.globo.com\/tudo-sobre\/luiz-inacio-lula-da-silva\/\" target=\"_top\" rel=\"noopener\">Luiz In\u00e1cio Lula da Silva<\/a>\u00a0(PT) e o presidente Jair Bolsonaro (PL) no primeiro turno.<\/p>\n<p style=\"text-align: justify;\">Fonte: G1<\/p>\n","protected":false},"excerpt":{"rendered":"<p>No in\u00edcio da tarde desta quarta-feira (25), assim que acabou\u00a0sua fala para imprensa, a senadora\u00a0Simone Tebet\u00a0(MDB) seguiu discretamente para o gabinete do senador tucano\u00a0Tasso Jereissati\u00a0para um longo almo\u00e7o. &nbsp; Com o apoio formalizado do MDB e do Cidadania,\u00a0Simone Tebet\u00a0sinalizou de forma clara o seu desejo de que Tasso seja o vice em sua chapa na &hellip;<\/p>\n","protected":false},"author":4,"featured_media":41739,"comment_status":"open","ping_status":"open","sticky":false,"template":"","format":"standard","meta":{"content-type":"","rop_custom_images_group":[],"rop_custom_messages_group":[],"rop_publish_now":"initial","rop_publish_now_accounts":{"facebook_2648258775420054_1618374048415101":""},"rop_publish_now_history":[],"rop_publish_now_status":"pending","footnotes":"","_jetpack_memberships_contains_paid_content":false},"categories":[130],"tags":[3737,1265,14032],"yoast_head":"<!-- This site is optimized with the Yoast SEO plugin v22.3 - https:\/\/yoast.com\/wordpress\/plugins\/seo\/ -->\n<title>Em almo\u00e7o, Simone Tebet sinaliza desejo de que Tasso Jereissati seja vice em sua chapa presidencial - Portal NPM<\/title>\n<meta name=\"robots\" content=\"index, follow, max-snippet:-1, max-image-preview:large, max-video-preview:-1\" \/>\n<link rel=\"canonical\" href=\"https:\/\/portalnpm.com\/index.php\/2022\/05\/26\/em-almoco-simone-tebet-sinaliza-desejo-de-que-tasso-jereissati-seja-vice-em-sua-chapa-presidencial\/\" \/>\n<meta property=\"og:locale\" content=\"pt_BR\" \/>\n<meta property=\"og:type\" content=\"article\" \/>\n<meta property=\"og:title\" content=\"Em almo\u00e7o, Simone Tebet sinaliza desejo de que Tasso Jereissati seja vice em sua chapa presidencial - Portal NPM\" \/>\n<meta property=\"og:description\" content=\"No in\u00edcio da tarde desta quarta-feira (25), assim que acabou\u00a0sua fala para imprensa, a senadora\u00a0Simone Tebet\u00a0(MDB) seguiu discretamente para o gabinete do senador tucano\u00a0Tasso Jereissati\u00a0para um longo almo\u00e7o. &nbsp; Com o apoio formalizado do MDB e do Cidadania,\u00a0Simone Tebet\u00a0sinalizou de forma clara o seu desejo de que Tasso seja o vice em sua chapa na &hellip;\" \/>\n<meta property=\"og:url\" content=\"https:\/\/portalnpm.com\/index.php\/2022\/05\/26\/em-almoco-simone-tebet-sinaliza-desejo-de-que-tasso-jereissati-seja-vice-em-sua-chapa-presidencial\/\" \/>\n<meta property=\"og:site_name\" content=\"Portal NPM\" \/>\n<meta property=\"article:published_time\" content=\"2022-05-26T21:13:13+00:00\" \/>\n<meta name=\"author\" content=\"Reda\u00e7\u00e3o\" \/>\n<meta name=\"twitter:card\" content=\"summary_large_image\" \/>\n<meta name=\"twitter:label1\" content=\"Escrito por\" \/>\n\t<meta name=\"twitter:data1\" content=\"Reda\u00e7\u00e3o\" \/>\n\t<meta name=\"twitter:label2\" content=\"Est. tempo de leitura\" \/>\n\t<meta name=\"twitter:data2\" content=\"1 minuto\" \/>\n<script type=\"application\/ld+json\" class=\"yoast-schema-graph\">{\"@context\":\"https:\/\/schema.org\",\"@graph\":[{\"@type\":\"WebPage\",\"@id\":\"https:\/\/portalnpm.com\/index.php\/2022\/05\/26\/em-almoco-simone-tebet-sinaliza-desejo-de-que-tasso-jereissati-seja-vice-em-sua-chapa-presidencial\/\",\"url\":\"https:\/\/portalnpm.com\/index.php\/2022\/05\/26\/em-almoco-simone-tebet-sinaliza-desejo-de-que-tasso-jereissati-seja-vice-em-sua-chapa-presidencial\/\",\"name\":\"Em almo\u00e7o, Simone Tebet sinaliza desejo de que Tasso Jereissati seja vice em sua chapa presidencial - Portal NPM\",\"isPartOf\":{\"@id\":\"https:\/\/portalnpm.com\/#website\"},\"primaryImageOfPage\":{\"@id\":\"https:\/\/portalnpm.com\/index.php\/2022\/05\/26\/em-almoco-simone-tebet-sinaliza-desejo-de-que-tasso-jereissati-seja-vice-em-sua-chapa-presidencial\/#primaryimage\"},\"image\":{\"@id\":\"https:\/\/portalnpm.com\/index.php\/2022\/05\/26\/em-almoco-simone-tebet-sinaliza-desejo-de-que-tasso-jereissati-seja-vice-em-sua-chapa-presidencial\/#primaryimage\"},\"thumbnailUrl\":\"\",\"datePublished\":\"2022-05-26T21:13:13+00:00\",\"dateModified\":\"2022-05-26T21:13:13+00:00\",\"author\":{\"@id\":\"https:\/\/portalnpm.com\/#\/schema\/person\/0b5f230ec96cee25504fa328e7f2b733\"},\"breadcrumb\":{\"@id\":\"https:\/\/portalnpm.com\/index.php\/2022\/05\/26\/em-almoco-simone-tebet-sinaliza-desejo-de-que-tasso-jereissati-seja-vice-em-sua-chapa-presidencial\/#breadcrumb\"},\"inLanguage\":\"pt-BR\",\"potentialAction\":[{\"@type\":\"ReadAction\",\"target\":[\"https:\/\/portalnpm.com\/index.php\/2022\/05\/26\/em-almoco-simone-tebet-sinaliza-desejo-de-que-tasso-jereissati-seja-vice-em-sua-chapa-presidencial\/\"]}]},{\"@type\":\"ImageObject\",\"inLanguage\":\"pt-BR\",\"@id\":\"https:\/\/portalnpm.com\/index.php\/2022\/05\/26\/em-almoco-simone-tebet-sinaliza-desejo-de-que-tasso-jereissati-seja-vice-em-sua-chapa-presidencial\/#primaryimage\",\"url\":\"\",\"contentUrl\":\"\"},{\"@type\":\"BreadcrumbList\",\"@id\":\"https:\/\/portalnpm.com\/index.php\/2022\/05\/26\/em-almoco-simone-tebet-sinaliza-desejo-de-que-tasso-jereissati-seja-vice-em-sua-chapa-presidencial\/#breadcrumb\",\"itemListElement\":[{\"@type\":\"ListItem\",\"position\":1,\"name\":\"In\u00edcio\",\"item\":\"https:\/\/portalnpm.com\/\"},{\"@type\":\"ListItem\",\"position\":2,\"name\":\"Em almo\u00e7o, Simone Tebet sinaliza desejo de que Tasso Jereissati seja vice em sua chapa presidencial\"}]},{\"@type\":\"WebSite\",\"@id\":\"https:\/\/portalnpm.com\/#website\",\"url\":\"https:\/\/portalnpm.com\/\",\"name\":\"Portal NPM\",\"description\":\"Not\u00edcias em Primeira M\u00e3o\",\"potentialAction\":[{\"@type\":\"SearchAction\",\"target\":{\"@type\":\"EntryPoint\",\"urlTemplate\":\"https:\/\/portalnpm.com\/?s={search_term_string}\"},\"query-input\":\"required name=search_term_string\"}],\"inLanguage\":\"pt-BR\"},{\"@type\":\"Person\",\"@id\":\"https:\/\/portalnpm.com\/#\/schema\/person\/0b5f230ec96cee25504fa328e7f2b733\",\"name\":\"Reda\u00e7\u00e3o\",\"image\":{\"@type\":\"ImageObject\",\"inLanguage\":\"pt-BR\",\"@id\":\"https:\/\/portalnpm.com\/#\/schema\/person\/image\/\",\"url\":\"https:\/\/portalnpm.com\/wp-content\/uploads\/2024\/03\/avatar_user_4_1710097212-96x96.png\",\"contentUrl\":\"https:\/\/portalnpm.com\/wp-content\/uploads\/2024\/03\/avatar_user_4_1710097212-96x96.png\",\"caption\":\"Reda\u00e7\u00e3o\"},\"url\":\"https:\/\/portalnpm.com\/index.php\/author\/redacao\/\"}]}<\/script>\n<!-- \/ Yoast SEO plugin. -->","yoast_head_json":{"title":"Em almo\u00e7o, Simone Tebet sinaliza desejo de que Tasso Jereissati seja vice em sua chapa presidencial - Portal NPM","robots":{"index":"index","follow":"follow","max-snippet":"max-snippet:-1","max-image-preview":"max-image-preview:large","max-video-preview":"max-video-preview:-1"},"canonical":"https:\/\/portalnpm.com\/index.php\/2022\/05\/26\/em-almoco-simone-tebet-sinaliza-desejo-de-que-tasso-jereissati-seja-vice-em-sua-chapa-presidencial\/","og_locale":"pt_BR","og_type":"article","og_title":"Em almo\u00e7o, Simone Tebet sinaliza desejo de que Tasso Jereissati seja vice em sua chapa presidencial - Portal NPM","og_description":"No in\u00edcio da tarde desta quarta-feira (25), assim que acabou\u00a0sua fala para imprensa, a senadora\u00a0Simone Tebet\u00a0(MDB) seguiu discretamente para o gabinete do senador tucano\u00a0Tasso Jereissati\u00a0para um longo almo\u00e7o. &nbsp; Com o apoio formalizado do MDB e do Cidadania,\u00a0Simone Tebet\u00a0sinalizou de forma clara o seu desejo de que Tasso seja o vice em sua chapa na &hellip;","og_url":"https:\/\/portalnpm.com\/index.php\/2022\/05\/26\/em-almoco-simone-tebet-sinaliza-desejo-de-que-tasso-jereissati-seja-vice-em-sua-chapa-presidencial\/","og_site_name":"Portal NPM","article_published_time":"2022-05-26T21:13:13+00:00","author":"Reda\u00e7\u00e3o","twitter_card":"summary_large_image","twitter_misc":{"Escrito por":"Reda\u00e7\u00e3o","Est. tempo de leitura":"1 minuto"},"schema":{"@context":"https:\/\/schema.org","@graph":[{"@type":"WebPage","@id":"https:\/\/portalnpm.com\/index.php\/2022\/05\/26\/em-almoco-simone-tebet-sinaliza-desejo-de-que-tasso-jereissati-seja-vice-em-sua-chapa-presidencial\/","url":"https:\/\/portalnpm.com\/index.php\/2022\/05\/26\/em-almoco-simone-tebet-sinaliza-desejo-de-que-tasso-jereissati-seja-vice-em-sua-chapa-presidencial\/","name":"Em almo\u00e7o, Simone Tebet sinaliza desejo de que Tasso Jereissati seja vice em sua chapa presidencial - Portal NPM","isPartOf":{"@id":"https:\/\/portalnpm.com\/#website"},"primaryImageOfPage":{"@id":"https:\/\/portalnpm.com\/index.php\/2022\/05\/26\/em-almoco-simone-tebet-sinaliza-desejo-de-que-tasso-jereissati-seja-vice-em-sua-chapa-presidencial\/#primaryimage"},"image":{"@id":"https:\/\/portalnpm.com\/index.php\/2022\/05\/26\/em-almoco-simone-tebet-sinaliza-desejo-de-que-tasso-jereissati-seja-vice-em-sua-chapa-presidencial\/#primaryimage"},"thumbnailUrl":"","datePublished":"2022-05-26T21:13:13+00:00","dateModified":"2022-05-26T21:13:13+00:00","author":{"@id":"https:\/\/portalnpm.com\/#\/schema\/person\/0b5f230ec96cee25504fa328e7f2b733"},"breadcrumb":{"@id":"https:\/\/portalnpm.com\/index.php\/2022\/05\/26\/em-almoco-simone-tebet-sinaliza-desejo-de-que-tasso-jereissati-seja-vice-em-sua-chapa-presidencial\/#breadcrumb"},"inLanguage":"pt-BR","potentialAction":[{"@type":"ReadAction","target":["https:\/\/portalnpm.com\/index.php\/2022\/05\/26\/em-almoco-simone-tebet-sinaliza-desejo-de-que-tasso-jereissati-seja-vice-em-sua-chapa-presidencial\/"]}]},{"@type":"ImageObject","inLanguage":"pt-BR","@id":"https:\/\/portalnpm.com\/index.php\/2022\/05\/26\/em-almoco-simone-tebet-sinaliza-desejo-de-que-tasso-jereissati-seja-vice-em-sua-chapa-presidencial\/#primaryimage","url":"","contentUrl":""},{"@type":"BreadcrumbList","@id":"https:\/\/portalnpm.com\/index.php\/2022\/05\/26\/em-almoco-simone-tebet-sinaliza-desejo-de-que-tasso-jereissati-seja-vice-em-sua-chapa-presidencial\/#breadcrumb","itemListElement":[{"@type":"ListItem","position":1,"name":"In\u00edcio","item":"https:\/\/portalnpm.com\/"},{"@type":"ListItem","position":2,"name":"Em almo\u00e7o, Simone Tebet sinaliza desejo de que Tasso Jereissati seja vice em sua chapa presidencial"}]},{"@type":"WebSite","@id":"https:\/\/portalnpm.com\/#website","url":"https:\/\/portalnpm.com\/","name":"Portal NPM","description":"Not\u00edcias em Primeira M\u00e3o","potentialAction":[{"@type":"SearchAction","target":{"@type":"EntryPoint","urlTemplate":"https:\/\/portalnpm.com\/?s={search_term_string}"},"query-input":"required name=search_term_string"}],"inLanguage":"pt-BR"},{"@type":"Person","@id":"https:\/\/portalnpm.com\/#\/schema\/person\/0b5f230ec96cee25504fa328e7f2b733","name":"Reda\u00e7\u00e3o","image":{"@type":"ImageObject","inLanguage":"pt-BR","@id":"https:\/\/portalnpm.com\/#\/schema\/person\/image\/","url":"https:\/\/portalnpm.com\/wp-content\/uploads\/2024\/03\/avatar_user_4_1710097212-96x96.png","contentUrl":"https:\/\/portalnpm.com\/wp-content\/uploads\/2024\/03\/avatar_user_4_1710097212-96x96.png","caption":"Reda\u00e7\u00e3o"},"url":"https:\/\/portalnpm.com\/index.php\/author\/redacao\/"}]}},"jetpack_sharing_enabled":true,"jetpack_featured_media_url":"","_links":{"self":[{"href":"https:\/\/portalnpm.com\/index.php\/wp-json\/wp\/v2\/posts\/41738"}],"collection":[{"href":"https:\/\/portalnpm.com\/index.php\/wp-json\/wp\/v2\/posts"}],"about":[{"href":"https:\/\/portalnpm.com\/index.php\/wp-json\/wp\/v2\/types\/post"}],"author":[{"embeddable":true,"href":"https:\/\/portalnpm.com\/index.php\/wp-json\/wp\/v2\/users\/4"}],"replies":[{"embeddable":true,"href":"https:\/\/portalnpm.com\/index.php\/wp-json\/wp\/v2\/comments?post=41738"}],"version-history":[{"count":0,"href":"https:\/\/portalnpm.com\/index.php\/wp-json\/wp\/v2\/posts\/41738\/revisions"}],"wp:featuredmedia":[{"embeddable":true,"href":"https:\/\/portalnpm.com\/index.php\/wp-json\/"}],"wp:attachment":[{"href":"https:\/\/portalnpm.com\/index.php\/wp-json\/wp\/v2\/media?parent=41738"}],"wp:term":[{"taxonomy":"category","embeddable":true,"href":"https:\/\/portalnpm.com\/index.php\/wp-json\/wp\/v2\/categories?post=41738"},{"taxonomy":"post_tag","embeddable":true,"href":"https:\/\/portalnpm.com\/index.php\/wp-json\/wp\/v2\/tags?post=41738"}],"curies":[{"name":"wp","href":"https:\/\/api.w.org\/{rel}","templated":true}]}}