{"id":41741,"date":"2022-05-26T18:22:02","date_gmt":"2022-05-26T21:22:02","guid":{"rendered":"https:\/\/backupnpm.codetainer.com.br\/?p=41741"},"modified":"2022-05-26T18:22:02","modified_gmt":"2022-05-26T21:22:02","slug":"pdt-negocia-com-aecio-palanque-para-ciro-gomes-em-minas-gerais","status":"publish","type":"post","link":"https:\/\/portalnpm.com\/index.php\/2022\/05\/26\/pdt-negocia-com-aecio-palanque-para-ciro-gomes-em-minas-gerais\/","title":{"rendered":"PDT negocia com A\u00e9cio palanque para Ciro Gomes em Minas Gerais"},"content":{"rendered":"<p style=\"text-align: justify;\">O PDT abriu negocia\u00e7\u00e3o com o PSDB de\u00a0<a href=\"https:\/\/www.metropoles.com\/tag\/aecio-neves?amp\" target=\"_blank\" rel=\"amphtml noopener\">A\u00e9cio Neves<\/a>\u00a0em busca de um palanque para seu presidenci\u00e1vel\u00a0<a href=\"https:\/\/www.metropoles.com\/tag\/ciro-gomes?amp\" target=\"_blank\" rel=\"amphtml noopener\">Ciro Gomes<\/a>\u00a0em Minas Gerais, terceiro maior col\u00e9gio eleitoral do Brasil.<\/p>\n<p style=\"text-align: justify;\">A poss\u00edvel alian\u00e7a foi discutida durante um almo\u00e7o nessa quarta-feira (25\/5) entre A\u00e9cio e o presidente do PDT,\u00a0<a href=\"https:\/\/www.metropoles.com\/tag\/carlos-lupi?amp\" target=\"_blank\" rel=\"amphtml noopener\">Carlos Lupi<\/a>. O encontro aconteceu na casa do deputado M\u00e1rio Hering (PDT-MG), em Bras\u00edlia.<\/p>\n<p style=\"text-align: justify;\">Pela negocia\u00e7\u00e3o, o PDT apoiaria o ex-deputado Marcus Pestana (PSDB) na disputa pelo governo mineiro. Em troca, al\u00e9m do palanque para Ciro em Minas, os pedetistas poderiam o indicar o candidato a vice-governador.<\/p>\n<p style=\"text-align: justify;\">A negocia\u00e7\u00e3o entre PDT e PSDB em Minas foi aberta ap\u00f3s o ex-prefeito de Belo Horizonte\u00a0<a href=\"https:\/\/www.metropoles.com\/tag\/alexandre-kalil?amp\" target=\"_blank\" rel=\"amphtml noopener\">Alexandre Kalil<\/a>\u00a0(PSD)\u00a0<a href=\"https:\/\/www.metropoles.com\/colunas\/igor-gadelha\/as-tres-reunioes-que-selaram-a-alianca-entre-lula-e-kalil-em-minas?amp\" target=\"_blank\" rel=\"amphtml noopener\">fechar alian\u00e7a com o PT no estado<\/a>. Kalil ser\u00e1 candidato a governador e dar\u00e1 palanque ao ex-presidente Lula.<\/p>\n<div class=\"m-banner-wrap m-banner-rectangle m-publicity-content-middle\">\n<div id=\"MTP_PUB_CAT_PAI_DFP-quadrado-2\" class=\"ad-quadrado\"><\/div>\n<div id=\"clever-quadrado-1\" class=\"clever-core-ads\"><\/div>\n<\/div>\n<p><iframe class=\"i-amphtml-fill-content\" title=\"Advertisement\" src=\"https:\/\/d-869249526598615661.ampproject.net\/2205120110001\/frame.html\" name=\"{&quot;host&quot;:&quot;d-869249526598615661.ampproject.net&quot;,&quot;bootstrap&quot;:&quot;https:\/\/3p.ampproject.net\/2205120110001\/vendor\/teads.mjs&quot;,&quot;type&quot;:&quot;teads&quot;,&quot;count&quot;:2,&quot;attributes&quot;:{&quot;pid&quot;:&quot;136098&quot;,&quot;ampSlotIndex&quot;:&quot;5&quot;,&quot;width&quot;:300,&quot;height&quot;:1,&quot;_context&quot;:{&quot;ampcontextVersion&quot;:&quot;2205120110001&quot;,&quot;ampcontextFilepath&quot;:&quot;https:\/\/3p.ampproject.net\/2205120110001\/ampcontext-v0.js&quot;,&quot;sourceUrl&quot;:&quot;https:\/\/www.metropoles.com\/colunas\/igor-gadelha\/sem-kalil-pdt-negocia-com-aecio-palanque-para-ciro-gomes-em-minas?amp#aoh=16535986966241&amp;csi=0&amp;referrer=https%3A%2F%2Fwww.google.com&amp;amp_tf=Fonte%3A%20%251%24s&amp;ampshare=https%3A%2F%2Fwww.metropoles.com%2Fcolunas%2Figor-gadelha%2Fsem-kalil-pdt-negocia-com-aecio-palanque-para-ciro-gomes-em-minas&quot;,&quot;referrer&quot;:&quot;android-app:\/\/com.google.android.googlequicksearchbox\/&quot;,&quot;canonicalUrl&quot;:&quot;https:\/\/www.metropoles.com\/colunas\/igor-gadelha\/sem-kalil-pdt-negocia-com-aecio-palanque-para-ciro-gomes-em-minas&quot;,&quot;pageViewId&quot;:&quot;2146&quot;,&quot;location&quot;:{&quot;href&quot;:&quot;https:\/\/www-metropoles-com.cdn.ampproject.org\/v\/s\/www.metropoles.com\/colunas\/igor-gadelha\/sem-kalil-pdt-negocia-com-aecio-palanque-para-ciro-gomes-em-minas?amp_js_v=a6&amp;amp_gsa=1&amp;amp&amp;usqp=mq331AQIKAGwASCAAgM%3D#aoh=16535986966241&amp;csi=0&amp;referrer=https%3A%2F%2Fwww.google.com&amp;amp_tf=Fonte%3A%20%251%24s&amp;ampshare=https%3A%2F%2Fwww.metropoles.com%2Fcolunas%2Figor-gadelha%2Fsem-kalil-pdt-negocia-com-aecio-palanque-para-ciro-gomes-em-minas&quot;},&quot;startTime&quot;:1653599842148,&quot;tagName&quot;:&quot;AMP-AD&quot;,&quot;mode&quot;:{&quot;localDev&quot;:false,&quot;development&quot;:false,&quot;esm&quot;:true,&quot;test&quot;:false,&quot;rtvVersion&quot;:&quot;012205120110001&quot;},&quot;canary&quot;:false,&quot;hidden&quot;:false,&quot;initialLayoutRect&quot;:{&quot;left&quot;:15,&quot;top&quot;:3014,&quot;width&quot;:381,&quot;height&quot;:1},&quot;domFingerprint&quot;:&quot;2490685963&quot;,&quot;experimentToggles&quot;:{&quot;canary&quot;:false,&quot;a4aProfilingRate&quot;:false,&quot;doubleclickSraExp&quot;:true,&quot;doubleclickSraReportExcludedBlock&quot;:false,&quot;flexAdSlots&quot;:false,&quot;flexible-bitrate&quot;:false,&quot;ios-fixed-no-transfer&quot;:false,&quot;story-ad-placements&quot;:false,&quot;story-disable-animations-first-page&quot;:true,&quot;story-load-inactive-outside-viewport&quot;:true,&quot;amp-sticky-ad-to-amp-ad-v4&quot;:false,&quot;esm&quot;:true,&quot;amp-story-first-page-max-bitrate&quot;:false,&quot;story-load-first-page-only&quot;:true,&quot;story-ad-page-outlink&quot;:false,&quot;amp-geo-ssr&quot;:true,&quot;story-remote-localization&quot;:false},&quot;sentinel&quot;:&quot;0-471373429819679207&quot;,&quot;clientId&quot;:null,&quot;container&quot;:null,&quot;initialConsentState&quot;:null,&quot;consentSharedData&quot;:null,&quot;initialConsentValue&quot;:null,&quot;initialConsentMetadata&quot;:null,&quot;pageViewId64&quot;:&quot;evPOXxdQGkXzrzvyRlW8mQ&quot;,&quot;initialIntersection&quot;:{&quot;time&quot;:10820.599999904633,&quot;rootBounds&quot;:{&quot;left&quot;:0,&quot;top&quot;:0,&quot;width&quot;:411,&quot;height&quot;:757,&quot;bottom&quot;:757,&quot;right&quot;:411,&quot;x&quot;:0,&quot;y&quot;:0},&quot;boundingClientRect&quot;:{&quot;left&quot;:15,&quot;top&quot;:3014,&quot;width&quot;:381,&quot;height&quot;:1,&quot;bottom&quot;:3015,&quot;right&quot;:396,&quot;x&quot;:15,&quot;y&quot;:3014},&quot;intersectionRect&quot;:{&quot;left&quot;:0,&quot;top&quot;:0,&quot;width&quot;:0,&quot;height&quot;:0,&quot;bottom&quot;:0,&quot;right&quot;:0,&quot;x&quot;:0,&quot;y&quot;:0},&quot;intersectionRatio&quot;:0}},&quot;type&quot;:&quot;teads&quot;}}\" width=\"300\" height=\"1\" scrolling=\"no\" sandbox=\"allow-top-navigation-by-user-activation allow-popups-to-escape-sandbox allow-forms allow-modals allow-pointer-lock allow-popups allow-same-origin allow-scripts\" data-amp-3p-sentinel=\"0-471373429819679207\" data-mce-fragment=\"1\"><\/iframe><\/p>\n<p style=\"text-align: justify;\">O acordo entre Kalil e Lula frustrou os planos de Ciro Gomes, que atuava para ter o ex-prefeito da capital mineira como seu aliado na disputa ao Pal\u00e1cio do Planalto deste ano em Minas.<\/p>\n<p style=\"text-align: justify;\">Segundo fontes do PDT, a alian\u00e7a com os tucanos mineiros ainda n\u00e3o foi fechada. Se concretizada, por\u00e9m, Ciro ter\u00e1 em seu palanque no estado figuras que j\u00e1 criticou no passado, como o pr\u00f3prio A\u00e9cio.<\/p>\n<p><strong>Fonte: Metr\u00f3poles<\/strong><\/p>\n","protected":false},"excerpt":{"rendered":"<p>O PDT abriu negocia\u00e7\u00e3o com o PSDB de\u00a0A\u00e9cio Neves\u00a0em busca de um palanque para seu presidenci\u00e1vel\u00a0Ciro Gomes\u00a0em Minas Gerais, terceiro maior col\u00e9gio eleitoral do Brasil. A poss\u00edvel alian\u00e7a foi discutida durante um almo\u00e7o nessa quarta-feira (25\/5) entre A\u00e9cio e o presidente do PDT,\u00a0Carlos Lupi. O encontro aconteceu na casa do deputado M\u00e1rio Hering (PDT-MG), em &hellip;<\/p>\n","protected":false},"author":4,"featured_media":1166,"comment_status":"open","ping_status":"open","sticky":false,"template":"","format":"standard","meta":{"content-type":"","rop_custom_images_group":[],"rop_custom_messages_group":[],"rop_publish_now":"initial","rop_publish_now_accounts":{"facebook_2648258775420054_1618374048415101":""},"rop_publish_now_history":[],"rop_publish_now_status":"pending","footnotes":"","_jetpack_memberships_contains_paid_content":false},"categories":[113,130],"tags":[13493,2861,475],"yoast_head":"<!-- This site is optimized with the Yoast SEO plugin v22.3 - https:\/\/yoast.com\/wordpress\/plugins\/seo\/ -->\n<title>PDT negocia com A\u00e9cio palanque para Ciro Gomes em Minas Gerais - Portal NPM<\/title>\n<meta name=\"robots\" content=\"index, follow, max-snippet:-1, max-image-preview:large, max-video-preview:-1\" \/>\n<link rel=\"canonical\" href=\"https:\/\/portalnpm.com\/index.php\/2022\/05\/26\/pdt-negocia-com-aecio-palanque-para-ciro-gomes-em-minas-gerais\/\" \/>\n<meta property=\"og:locale\" content=\"pt_BR\" \/>\n<meta property=\"og:type\" content=\"article\" \/>\n<meta property=\"og:title\" content=\"PDT negocia com A\u00e9cio palanque para Ciro Gomes em Minas Gerais - Portal NPM\" \/>\n<meta property=\"og:description\" content=\"O PDT abriu negocia\u00e7\u00e3o com o PSDB de\u00a0A\u00e9cio Neves\u00a0em busca de um palanque para seu presidenci\u00e1vel\u00a0Ciro Gomes\u00a0em Minas Gerais, terceiro maior col\u00e9gio eleitoral do Brasil. A poss\u00edvel alian\u00e7a foi discutida durante um almo\u00e7o nessa quarta-feira (25\/5) entre A\u00e9cio e o presidente do PDT,\u00a0Carlos Lupi. O encontro aconteceu na casa do deputado M\u00e1rio Hering (PDT-MG), em &hellip;\" \/>\n<meta property=\"og:url\" content=\"https:\/\/portalnpm.com\/index.php\/2022\/05\/26\/pdt-negocia-com-aecio-palanque-para-ciro-gomes-em-minas-gerais\/\" \/>\n<meta property=\"og:site_name\" content=\"Portal NPM\" \/>\n<meta property=\"article:published_time\" content=\"2022-05-26T21:22:02+00:00\" \/>\n<meta name=\"author\" content=\"Reda\u00e7\u00e3o\" \/>\n<meta name=\"twitter:card\" content=\"summary_large_image\" \/>\n<meta name=\"twitter:label1\" content=\"Escrito por\" \/>\n\t<meta name=\"twitter:data1\" content=\"Reda\u00e7\u00e3o\" \/>\n\t<meta name=\"twitter:label2\" content=\"Est. tempo de leitura\" \/>\n\t<meta name=\"twitter:data2\" content=\"1 minuto\" \/>\n<script type=\"application\/ld+json\" class=\"yoast-schema-graph\">{\"@context\":\"https:\/\/schema.org\",\"@graph\":[{\"@type\":\"WebPage\",\"@id\":\"https:\/\/portalnpm.com\/index.php\/2022\/05\/26\/pdt-negocia-com-aecio-palanque-para-ciro-gomes-em-minas-gerais\/\",\"url\":\"https:\/\/portalnpm.com\/index.php\/2022\/05\/26\/pdt-negocia-com-aecio-palanque-para-ciro-gomes-em-minas-gerais\/\",\"name\":\"PDT negocia com A\u00e9cio palanque para Ciro Gomes em Minas Gerais - Portal NPM\",\"isPartOf\":{\"@id\":\"https:\/\/portalnpm.com\/#website\"},\"primaryImageOfPage\":{\"@id\":\"https:\/\/portalnpm.com\/index.php\/2022\/05\/26\/pdt-negocia-com-aecio-palanque-para-ciro-gomes-em-minas-gerais\/#primaryimage\"},\"image\":{\"@id\":\"https:\/\/portalnpm.com\/index.php\/2022\/05\/26\/pdt-negocia-com-aecio-palanque-para-ciro-gomes-em-minas-gerais\/#primaryimage\"},\"thumbnailUrl\":\"\",\"datePublished\":\"2022-05-26T21:22:02+00:00\",\"dateModified\":\"2022-05-26T21:22:02+00:00\",\"author\":{\"@id\":\"https:\/\/portalnpm.com\/#\/schema\/person\/0b5f230ec96cee25504fa328e7f2b733\"},\"breadcrumb\":{\"@id\":\"https:\/\/portalnpm.com\/index.php\/2022\/05\/26\/pdt-negocia-com-aecio-palanque-para-ciro-gomes-em-minas-gerais\/#breadcrumb\"},\"inLanguage\":\"pt-BR\",\"potentialAction\":[{\"@type\":\"ReadAction\",\"target\":[\"https:\/\/portalnpm.com\/index.php\/2022\/05\/26\/pdt-negocia-com-aecio-palanque-para-ciro-gomes-em-minas-gerais\/\"]}]},{\"@type\":\"ImageObject\",\"inLanguage\":\"pt-BR\",\"@id\":\"https:\/\/portalnpm.com\/index.php\/2022\/05\/26\/pdt-negocia-com-aecio-palanque-para-ciro-gomes-em-minas-gerais\/#primaryimage\",\"url\":\"\",\"contentUrl\":\"\"},{\"@type\":\"BreadcrumbList\",\"@id\":\"https:\/\/portalnpm.com\/index.php\/2022\/05\/26\/pdt-negocia-com-aecio-palanque-para-ciro-gomes-em-minas-gerais\/#breadcrumb\",\"itemListElement\":[{\"@type\":\"ListItem\",\"position\":1,\"name\":\"In\u00edcio\",\"item\":\"https:\/\/portalnpm.com\/\"},{\"@type\":\"ListItem\",\"position\":2,\"name\":\"PDT negocia com A\u00e9cio palanque para Ciro Gomes em Minas Gerais\"}]},{\"@type\":\"WebSite\",\"@id\":\"https:\/\/portalnpm.com\/#website\",\"url\":\"https:\/\/portalnpm.com\/\",\"name\":\"Portal NPM\",\"description\":\"Not\u00edcias em Primeira M\u00e3o\",\"potentialAction\":[{\"@type\":\"SearchAction\",\"target\":{\"@type\":\"EntryPoint\",\"urlTemplate\":\"https:\/\/portalnpm.com\/?s={search_term_string}\"},\"query-input\":\"required name=search_term_string\"}],\"inLanguage\":\"pt-BR\"},{\"@type\":\"Person\",\"@id\":\"https:\/\/portalnpm.com\/#\/schema\/person\/0b5f230ec96cee25504fa328e7f2b733\",\"name\":\"Reda\u00e7\u00e3o\",\"image\":{\"@type\":\"ImageObject\",\"inLanguage\":\"pt-BR\",\"@id\":\"https:\/\/portalnpm.com\/#\/schema\/person\/image\/\",\"url\":\"https:\/\/portalnpm.com\/wp-content\/uploads\/2024\/03\/avatar_user_4_1710097212-96x96.png\",\"contentUrl\":\"https:\/\/portalnpm.com\/wp-content\/uploads\/2024\/03\/avatar_user_4_1710097212-96x96.png\",\"caption\":\"Reda\u00e7\u00e3o\"},\"url\":\"https:\/\/portalnpm.com\/index.php\/author\/redacao\/\"}]}<\/script>\n<!-- \/ Yoast SEO plugin. -->","yoast_head_json":{"title":"PDT negocia com A\u00e9cio palanque para Ciro Gomes em Minas Gerais - Portal NPM","robots":{"index":"index","follow":"follow","max-snippet":"max-snippet:-1","max-image-preview":"max-image-preview:large","max-video-preview":"max-video-preview:-1"},"canonical":"https:\/\/portalnpm.com\/index.php\/2022\/05\/26\/pdt-negocia-com-aecio-palanque-para-ciro-gomes-em-minas-gerais\/","og_locale":"pt_BR","og_type":"article","og_title":"PDT negocia com A\u00e9cio palanque para Ciro Gomes em Minas Gerais - Portal NPM","og_description":"O PDT abriu negocia\u00e7\u00e3o com o PSDB de\u00a0A\u00e9cio Neves\u00a0em busca de um palanque para seu presidenci\u00e1vel\u00a0Ciro Gomes\u00a0em Minas Gerais, terceiro maior col\u00e9gio eleitoral do Brasil. A poss\u00edvel alian\u00e7a foi discutida durante um almo\u00e7o nessa quarta-feira (25\/5) entre A\u00e9cio e o presidente do PDT,\u00a0Carlos Lupi. O encontro aconteceu na casa do deputado M\u00e1rio Hering (PDT-MG), em &hellip;","og_url":"https:\/\/portalnpm.com\/index.php\/2022\/05\/26\/pdt-negocia-com-aecio-palanque-para-ciro-gomes-em-minas-gerais\/","og_site_name":"Portal NPM","article_published_time":"2022-05-26T21:22:02+00:00","author":"Reda\u00e7\u00e3o","twitter_card":"summary_large_image","twitter_misc":{"Escrito por":"Reda\u00e7\u00e3o","Est. tempo de leitura":"1 minuto"},"schema":{"@context":"https:\/\/schema.org","@graph":[{"@type":"WebPage","@id":"https:\/\/portalnpm.com\/index.php\/2022\/05\/26\/pdt-negocia-com-aecio-palanque-para-ciro-gomes-em-minas-gerais\/","url":"https:\/\/portalnpm.com\/index.php\/2022\/05\/26\/pdt-negocia-com-aecio-palanque-para-ciro-gomes-em-minas-gerais\/","name":"PDT negocia com A\u00e9cio palanque para Ciro Gomes em Minas Gerais - Portal NPM","isPartOf":{"@id":"https:\/\/portalnpm.com\/#website"},"primaryImageOfPage":{"@id":"https:\/\/portalnpm.com\/index.php\/2022\/05\/26\/pdt-negocia-com-aecio-palanque-para-ciro-gomes-em-minas-gerais\/#primaryimage"},"image":{"@id":"https:\/\/portalnpm.com\/index.php\/2022\/05\/26\/pdt-negocia-com-aecio-palanque-para-ciro-gomes-em-minas-gerais\/#primaryimage"},"thumbnailUrl":"","datePublished":"2022-05-26T21:22:02+00:00","dateModified":"2022-05-26T21:22:02+00:00","author":{"@id":"https:\/\/portalnpm.com\/#\/schema\/person\/0b5f230ec96cee25504fa328e7f2b733"},"breadcrumb":{"@id":"https:\/\/portalnpm.com\/index.php\/2022\/05\/26\/pdt-negocia-com-aecio-palanque-para-ciro-gomes-em-minas-gerais\/#breadcrumb"},"inLanguage":"pt-BR","potentialAction":[{"@type":"ReadAction","target":["https:\/\/portalnpm.com\/index.php\/2022\/05\/26\/pdt-negocia-com-aecio-palanque-para-ciro-gomes-em-minas-gerais\/"]}]},{"@type":"ImageObject","inLanguage":"pt-BR","@id":"https:\/\/portalnpm.com\/index.php\/2022\/05\/26\/pdt-negocia-com-aecio-palanque-para-ciro-gomes-em-minas-gerais\/#primaryimage","url":"","contentUrl":""},{"@type":"BreadcrumbList","@id":"https:\/\/portalnpm.com\/index.php\/2022\/05\/26\/pdt-negocia-com-aecio-palanque-para-ciro-gomes-em-minas-gerais\/#breadcrumb","itemListElement":[{"@type":"ListItem","position":1,"name":"In\u00edcio","item":"https:\/\/portalnpm.com\/"},{"@type":"ListItem","position":2,"name":"PDT negocia com A\u00e9cio palanque para Ciro Gomes em Minas Gerais"}]},{"@type":"WebSite","@id":"https:\/\/portalnpm.com\/#website","url":"https:\/\/portalnpm.com\/","name":"Portal NPM","description":"Not\u00edcias em Primeira M\u00e3o","potentialAction":[{"@type":"SearchAction","target":{"@type":"EntryPoint","urlTemplate":"https:\/\/portalnpm.com\/?s={search_term_string}"},"query-input":"required name=search_term_string"}],"inLanguage":"pt-BR"},{"@type":"Person","@id":"https:\/\/portalnpm.com\/#\/schema\/person\/0b5f230ec96cee25504fa328e7f2b733","name":"Reda\u00e7\u00e3o","image":{"@type":"ImageObject","inLanguage":"pt-BR","@id":"https:\/\/portalnpm.com\/#\/schema\/person\/image\/","url":"https:\/\/portalnpm.com\/wp-content\/uploads\/2024\/03\/avatar_user_4_1710097212-96x96.png","contentUrl":"https:\/\/portalnpm.com\/wp-content\/uploads\/2024\/03\/avatar_user_4_1710097212-96x96.png","caption":"Reda\u00e7\u00e3o"},"url":"https:\/\/portalnpm.com\/index.php\/author\/redacao\/"}]}},"jetpack_sharing_enabled":true,"jetpack_featured_media_url":"","_links":{"self":[{"href":"https:\/\/portalnpm.com\/index.php\/wp-json\/wp\/v2\/posts\/41741"}],"collection":[{"href":"https:\/\/portalnpm.com\/index.php\/wp-json\/wp\/v2\/posts"}],"about":[{"href":"https:\/\/portalnpm.com\/index.php\/wp-json\/wp\/v2\/types\/post"}],"author":[{"embeddable":true,"href":"https:\/\/portalnpm.com\/index.php\/wp-json\/wp\/v2\/users\/4"}],"replies":[{"embeddable":true,"href":"https:\/\/portalnpm.com\/index.php\/wp-json\/wp\/v2\/comments?post=41741"}],"version-history":[{"count":0,"href":"https:\/\/portalnpm.com\/index.php\/wp-json\/wp\/v2\/posts\/41741\/revisions"}],"wp:featuredmedia":[{"embeddable":true,"href":"https:\/\/portalnpm.com\/index.php\/wp-json\/"}],"wp:attachment":[{"href":"https:\/\/portalnpm.com\/index.php\/wp-json\/wp\/v2\/media?parent=41741"}],"wp:term":[{"taxonomy":"category","embeddable":true,"href":"https:\/\/portalnpm.com\/index.php\/wp-json\/wp\/v2\/categories?post=41741"},{"taxonomy":"post_tag","embeddable":true,"href":"https:\/\/portalnpm.com\/index.php\/wp-json\/wp\/v2\/tags?post=41741"}],"curies":[{"name":"wp","href":"https:\/\/api.w.org\/{rel}","templated":true}]}}