{"id":41743,"date":"2022-05-26T18:31:09","date_gmt":"2022-05-26T21:31:09","guid":{"rendered":"https:\/\/backupnpm.codetainer.com.br\/?p=41743"},"modified":"2022-05-26T18:31:09","modified_gmt":"2022-05-26T21:31:09","slug":"nao-tenho-a-obrigacao-de-dar-palanque-a-ninguem-diz-acm-neto-politico-faz-ainda-elogios-a-ciro-gomes","status":"publish","type":"post","link":"https:\/\/portalnpm.com\/index.php\/2022\/05\/26\/nao-tenho-a-obrigacao-de-dar-palanque-a-ninguem-diz-acm-neto-politico-faz-ainda-elogios-a-ciro-gomes\/","title":{"rendered":"&#8220;N\u00e3o tenho a obriga\u00e7\u00e3o&#8221; de dar palanque a ningu\u00e9m, diz ACM Neto; pol\u00edtico faz ainda elogios a Ciro Gomes"},"content":{"rendered":"<h2>Em sabatina nesta quarta-feira (25\/5), o ex-prefeito de Salvador disse ainda que est\u00e1 com &#8220;o palanque aberto&#8221; e defendeu que Ciro Gomes precisa ser ouvido pela terceira via<\/h2>\n<p style=\"text-align: justify;\">O pr\u00e9-candidato ao governo da Bahia\u00a0<a href=\"https:\/\/www.correiobraziliense.com.br\/politica\/2022\/05\/5005274-acm-neto-nao-cre-em-consenso-entre-partidos-da-terceira-via-ate-o-dia-18.html\" target=\"_blank\" rel=\"noopener noreferrer\">ACM Neto (Uni\u00e3o Brasil)<\/a>\u00a0afirmou nesta quarta-feira (25\/5) que n\u00e3o est\u00e1 &#8220;nacionalizando&#8221; a disputa ao\u00a0<a href=\"https:\/\/www.correiobraziliense.com.br\/politica\/2022\/03\/4993550-na-bahia-queiroga-diz-que-governo-bolsonaro-e-vacinado-contra-a-corrupcao.html\" target=\"_blank\" rel=\"noopener noreferrer\">governo baiano<\/a>\u00a0e que &#8220;n\u00e3o tem a obriga\u00e7\u00e3o&#8221; de dar palanque a nenhum dos candidatos \u00e0 Presid\u00eancia da Rep\u00fablica. O ex-prefeito de Salvador participou hoje de uma sabatina organizada pelo portal\u00a0<em>UOL<\/em>\u00a0e pelo jornal\u00a0<em>Folha de S. Paulo<\/em>.<\/p>\n<p style=\"text-align: justify;\">&#8220;Tenho um arco de alian\u00e7as com diversos partidos. Estarei preparado para governar a Bahia seja qual for o presidente. \u00c9 o que tenho dito aos baianos&#8221;, disse ACM Neto.\u00a0&#8220;Estamos com palanque aberto, n\u00e3o estou nacionalizando a campanha, n\u00e3o enxergo candidatos a presidente como meus advers\u00e1rios, tenho que debater a Bahia&#8221;, acrescentou.<\/p>\n<p class=\"texto\" style=\"text-align: justify;\">O ex-prefeito alfinetou ainda seus principais advers\u00e1rios, Jer\u00f4nimo Rodrigues (PT) e Jo\u00e3o Roma (PT), que colam suas imagens ao ex-presidente Luiz In\u00e1cio Lula da Silva (PT) e ao atual presidente Jair Bolsonaro (PL), respectivamente. ACM sofre ataques dos dois lados: o PT o acusa de estar ligado a Bolsonaro, enquanto o PL afirma que o ex-prefeito se aproxima de Lula.<\/p>\n<p class=\"texto\" style=\"text-align: justify;\">&#8220;Ambos est\u00e3o errados, assumimos uma posi\u00e7\u00e3o muito clara de focar no futuro da Bahia, \u00e9 o que importa de fato aos baianos. Alguns pr\u00e9-candidatos falam mais de seus padrinhos pol\u00edticos do que de si pr\u00f3prio, meu padrinho \u00e9 o povo da Bahia&#8221;, disse Neto.<\/p>\n<h3 style=\"text-align: justify;\"><strong>Ciro Gomes deve ser ouvido pela terceira via<\/strong><\/h3>\n<p class=\"texto\" style=\"text-align: justify;\">O pr\u00e9-candidato ao governo baiano avalia que a terceira via ainda n\u00e3o \u00e9 competitiva, e defende que os partidos que buscam se opor aos l\u00edderes das pesquisas considerem Ciro Gomes (PDT) em suas conversas. Ciro, no momento, n\u00e3o tem dialogado com o MDB, PSDB e Cidadania, que\u00a0<a href=\"https:\/\/www.correiobraziliense.com.br\/politica\/2022\/05\/5010336-cupula-do-mdb-reafirma-o-nome-de-tebet-como-pre-candidata-ao-planalto.html\" target=\"_blank\" rel=\"noopener noreferrer\">aprovaram, nesta semana, o nome da senadora Simone Tebet (MDB) como cabe\u00e7a da chapa \u00fanica<\/a>.<\/p>\n<p class=\"texto\" style=\"text-align: justify;\">&#8220;Se uma terceira via no Brasil quer ser vi\u00e1vel, quer ter chances, n\u00e3o pode deixar de considerar o peso pol\u00edtico de Ciro e deixar de cham\u00e1-lo para dialogar&#8221;, afirmou Neto, que tamb\u00e9m acenou ao presidenci\u00e1vel. &#8220;Eu tenho uma rela\u00e7\u00e3o hist\u00f3rica com ele, eu sempre disse da minha admira\u00e7\u00e3o e carinho. Ciro \u00e9 uma pessoa que tem elevado o esp\u00edrito p\u00fablico, j\u00e1 deu importantes contribui\u00e7\u00f5es ao pa\u00eds, ajuda no debate eleitoral, movimenta a cena pol\u00edtica&#8221;.<\/p>\n<p><strong>Fonte: Correio Brazilense<\/strong><\/p>\n","protected":false},"excerpt":{"rendered":"<p>Em sabatina nesta quarta-feira (25\/5), o ex-prefeito de Salvador disse ainda que est\u00e1 com &#8220;o palanque aberto&#8221; e defendeu que Ciro Gomes precisa ser ouvido pela terceira via O pr\u00e9-candidato ao governo da Bahia\u00a0ACM Neto (Uni\u00e3o Brasil)\u00a0afirmou nesta quarta-feira (25\/5) que n\u00e3o est\u00e1 &#8220;nacionalizando&#8221; a disputa ao\u00a0governo baiano\u00a0e que &#8220;n\u00e3o tem a obriga\u00e7\u00e3o&#8221; de dar &hellip;<\/p>\n","protected":false},"author":4,"featured_media":41744,"comment_status":"open","ping_status":"open","sticky":false,"template":"","format":"standard","meta":{"content-type":"","rop_custom_images_group":[],"rop_custom_messages_group":[],"rop_publish_now":"initial","rop_publish_now_accounts":{"facebook_2648258775420054_1618374048415101":""},"rop_publish_now_history":[],"rop_publish_now_status":"pending","footnotes":"","_jetpack_memberships_contains_paid_content":false},"categories":[130],"tags":[2797,473,682],"yoast_head":"<!-- This site is optimized with the Yoast SEO plugin v22.3 - https:\/\/yoast.com\/wordpress\/plugins\/seo\/ -->\n<title>&quot;N\u00e3o tenho a obriga\u00e7\u00e3o&quot; de dar palanque a ningu\u00e9m, diz ACM Neto; pol\u00edtico faz ainda elogios a Ciro Gomes - Portal NPM<\/title>\n<meta name=\"robots\" content=\"index, follow, max-snippet:-1, max-image-preview:large, max-video-preview:-1\" \/>\n<link rel=\"canonical\" href=\"https:\/\/portalnpm.com\/index.php\/2022\/05\/26\/nao-tenho-a-obrigacao-de-dar-palanque-a-ninguem-diz-acm-neto-politico-faz-ainda-elogios-a-ciro-gomes\/\" \/>\n<meta property=\"og:locale\" content=\"pt_BR\" \/>\n<meta property=\"og:type\" content=\"article\" \/>\n<meta property=\"og:title\" content=\"&quot;N\u00e3o tenho a obriga\u00e7\u00e3o&quot; de dar palanque a ningu\u00e9m, diz ACM Neto; pol\u00edtico faz ainda elogios a Ciro Gomes - Portal NPM\" \/>\n<meta property=\"og:description\" content=\"Em sabatina nesta quarta-feira (25\/5), o ex-prefeito de Salvador disse ainda que est\u00e1 com &#8220;o palanque aberto&#8221; e defendeu que Ciro Gomes precisa ser ouvido pela terceira via O pr\u00e9-candidato ao governo da Bahia\u00a0ACM Neto (Uni\u00e3o Brasil)\u00a0afirmou nesta quarta-feira (25\/5) que n\u00e3o est\u00e1 &#8220;nacionalizando&#8221; a disputa ao\u00a0governo baiano\u00a0e que &#8220;n\u00e3o tem a obriga\u00e7\u00e3o&#8221; de dar &hellip;\" \/>\n<meta property=\"og:url\" content=\"https:\/\/portalnpm.com\/index.php\/2022\/05\/26\/nao-tenho-a-obrigacao-de-dar-palanque-a-ninguem-diz-acm-neto-politico-faz-ainda-elogios-a-ciro-gomes\/\" \/>\n<meta property=\"og:site_name\" content=\"Portal NPM\" \/>\n<meta property=\"article:published_time\" content=\"2022-05-26T21:31:09+00:00\" \/>\n<meta name=\"author\" content=\"Reda\u00e7\u00e3o\" \/>\n<meta name=\"twitter:card\" content=\"summary_large_image\" \/>\n<meta name=\"twitter:label1\" content=\"Escrito por\" \/>\n\t<meta name=\"twitter:data1\" content=\"Reda\u00e7\u00e3o\" \/>\n\t<meta name=\"twitter:label2\" content=\"Est. tempo de leitura\" \/>\n\t<meta name=\"twitter:data2\" content=\"2 minutos\" \/>\n<script type=\"application\/ld+json\" class=\"yoast-schema-graph\">{\"@context\":\"https:\/\/schema.org\",\"@graph\":[{\"@type\":\"WebPage\",\"@id\":\"https:\/\/portalnpm.com\/index.php\/2022\/05\/26\/nao-tenho-a-obrigacao-de-dar-palanque-a-ninguem-diz-acm-neto-politico-faz-ainda-elogios-a-ciro-gomes\/\",\"url\":\"https:\/\/portalnpm.com\/index.php\/2022\/05\/26\/nao-tenho-a-obrigacao-de-dar-palanque-a-ninguem-diz-acm-neto-politico-faz-ainda-elogios-a-ciro-gomes\/\",\"name\":\"\\\"N\u00e3o tenho a obriga\u00e7\u00e3o\\\" de dar palanque a ningu\u00e9m, diz ACM Neto; pol\u00edtico faz ainda elogios a Ciro Gomes - Portal NPM\",\"isPartOf\":{\"@id\":\"https:\/\/portalnpm.com\/#website\"},\"primaryImageOfPage\":{\"@id\":\"https:\/\/portalnpm.com\/index.php\/2022\/05\/26\/nao-tenho-a-obrigacao-de-dar-palanque-a-ninguem-diz-acm-neto-politico-faz-ainda-elogios-a-ciro-gomes\/#primaryimage\"},\"image\":{\"@id\":\"https:\/\/portalnpm.com\/index.php\/2022\/05\/26\/nao-tenho-a-obrigacao-de-dar-palanque-a-ninguem-diz-acm-neto-politico-faz-ainda-elogios-a-ciro-gomes\/#primaryimage\"},\"thumbnailUrl\":\"\",\"datePublished\":\"2022-05-26T21:31:09+00:00\",\"dateModified\":\"2022-05-26T21:31:09+00:00\",\"author\":{\"@id\":\"https:\/\/portalnpm.com\/#\/schema\/person\/0b5f230ec96cee25504fa328e7f2b733\"},\"breadcrumb\":{\"@id\":\"https:\/\/portalnpm.com\/index.php\/2022\/05\/26\/nao-tenho-a-obrigacao-de-dar-palanque-a-ninguem-diz-acm-neto-politico-faz-ainda-elogios-a-ciro-gomes\/#breadcrumb\"},\"inLanguage\":\"pt-BR\",\"potentialAction\":[{\"@type\":\"ReadAction\",\"target\":[\"https:\/\/portalnpm.com\/index.php\/2022\/05\/26\/nao-tenho-a-obrigacao-de-dar-palanque-a-ninguem-diz-acm-neto-politico-faz-ainda-elogios-a-ciro-gomes\/\"]}]},{\"@type\":\"ImageObject\",\"inLanguage\":\"pt-BR\",\"@id\":\"https:\/\/portalnpm.com\/index.php\/2022\/05\/26\/nao-tenho-a-obrigacao-de-dar-palanque-a-ninguem-diz-acm-neto-politico-faz-ainda-elogios-a-ciro-gomes\/#primaryimage\",\"url\":\"\",\"contentUrl\":\"\"},{\"@type\":\"BreadcrumbList\",\"@id\":\"https:\/\/portalnpm.com\/index.php\/2022\/05\/26\/nao-tenho-a-obrigacao-de-dar-palanque-a-ninguem-diz-acm-neto-politico-faz-ainda-elogios-a-ciro-gomes\/#breadcrumb\",\"itemListElement\":[{\"@type\":\"ListItem\",\"position\":1,\"name\":\"In\u00edcio\",\"item\":\"https:\/\/portalnpm.com\/\"},{\"@type\":\"ListItem\",\"position\":2,\"name\":\"&#8220;N\u00e3o tenho a obriga\u00e7\u00e3o&#8221; de dar palanque a ningu\u00e9m, diz ACM Neto; pol\u00edtico faz ainda elogios a Ciro Gomes\"}]},{\"@type\":\"WebSite\",\"@id\":\"https:\/\/portalnpm.com\/#website\",\"url\":\"https:\/\/portalnpm.com\/\",\"name\":\"Portal NPM\",\"description\":\"Not\u00edcias em Primeira M\u00e3o\",\"potentialAction\":[{\"@type\":\"SearchAction\",\"target\":{\"@type\":\"EntryPoint\",\"urlTemplate\":\"https:\/\/portalnpm.com\/?s={search_term_string}\"},\"query-input\":\"required name=search_term_string\"}],\"inLanguage\":\"pt-BR\"},{\"@type\":\"Person\",\"@id\":\"https:\/\/portalnpm.com\/#\/schema\/person\/0b5f230ec96cee25504fa328e7f2b733\",\"name\":\"Reda\u00e7\u00e3o\",\"image\":{\"@type\":\"ImageObject\",\"inLanguage\":\"pt-BR\",\"@id\":\"https:\/\/portalnpm.com\/#\/schema\/person\/image\/\",\"url\":\"https:\/\/portalnpm.com\/wp-content\/uploads\/2024\/03\/avatar_user_4_1710097212-96x96.png\",\"contentUrl\":\"https:\/\/portalnpm.com\/wp-content\/uploads\/2024\/03\/avatar_user_4_1710097212-96x96.png\",\"caption\":\"Reda\u00e7\u00e3o\"},\"url\":\"https:\/\/portalnpm.com\/index.php\/author\/redacao\/\"}]}<\/script>\n<!-- \/ Yoast SEO plugin. -->","yoast_head_json":{"title":"\"N\u00e3o tenho a obriga\u00e7\u00e3o\" de dar palanque a ningu\u00e9m, diz ACM Neto; pol\u00edtico faz ainda elogios a Ciro Gomes - Portal NPM","robots":{"index":"index","follow":"follow","max-snippet":"max-snippet:-1","max-image-preview":"max-image-preview:large","max-video-preview":"max-video-preview:-1"},"canonical":"https:\/\/portalnpm.com\/index.php\/2022\/05\/26\/nao-tenho-a-obrigacao-de-dar-palanque-a-ninguem-diz-acm-neto-politico-faz-ainda-elogios-a-ciro-gomes\/","og_locale":"pt_BR","og_type":"article","og_title":"\"N\u00e3o tenho a obriga\u00e7\u00e3o\" de dar palanque a ningu\u00e9m, diz ACM Neto; pol\u00edtico faz ainda elogios a Ciro Gomes - Portal NPM","og_description":"Em sabatina nesta quarta-feira (25\/5), o ex-prefeito de Salvador disse ainda que est\u00e1 com &#8220;o palanque aberto&#8221; e defendeu que Ciro Gomes precisa ser ouvido pela terceira via O pr\u00e9-candidato ao governo da Bahia\u00a0ACM Neto (Uni\u00e3o Brasil)\u00a0afirmou nesta quarta-feira (25\/5) que n\u00e3o est\u00e1 &#8220;nacionalizando&#8221; a disputa ao\u00a0governo baiano\u00a0e que &#8220;n\u00e3o tem a obriga\u00e7\u00e3o&#8221; de dar &hellip;","og_url":"https:\/\/portalnpm.com\/index.php\/2022\/05\/26\/nao-tenho-a-obrigacao-de-dar-palanque-a-ninguem-diz-acm-neto-politico-faz-ainda-elogios-a-ciro-gomes\/","og_site_name":"Portal NPM","article_published_time":"2022-05-26T21:31:09+00:00","author":"Reda\u00e7\u00e3o","twitter_card":"summary_large_image","twitter_misc":{"Escrito por":"Reda\u00e7\u00e3o","Est. tempo de leitura":"2 minutos"},"schema":{"@context":"https:\/\/schema.org","@graph":[{"@type":"WebPage","@id":"https:\/\/portalnpm.com\/index.php\/2022\/05\/26\/nao-tenho-a-obrigacao-de-dar-palanque-a-ninguem-diz-acm-neto-politico-faz-ainda-elogios-a-ciro-gomes\/","url":"https:\/\/portalnpm.com\/index.php\/2022\/05\/26\/nao-tenho-a-obrigacao-de-dar-palanque-a-ninguem-diz-acm-neto-politico-faz-ainda-elogios-a-ciro-gomes\/","name":"\"N\u00e3o tenho a obriga\u00e7\u00e3o\" de dar palanque a ningu\u00e9m, diz ACM Neto; pol\u00edtico faz ainda elogios a Ciro Gomes - Portal NPM","isPartOf":{"@id":"https:\/\/portalnpm.com\/#website"},"primaryImageOfPage":{"@id":"https:\/\/portalnpm.com\/index.php\/2022\/05\/26\/nao-tenho-a-obrigacao-de-dar-palanque-a-ninguem-diz-acm-neto-politico-faz-ainda-elogios-a-ciro-gomes\/#primaryimage"},"image":{"@id":"https:\/\/portalnpm.com\/index.php\/2022\/05\/26\/nao-tenho-a-obrigacao-de-dar-palanque-a-ninguem-diz-acm-neto-politico-faz-ainda-elogios-a-ciro-gomes\/#primaryimage"},"thumbnailUrl":"","datePublished":"2022-05-26T21:31:09+00:00","dateModified":"2022-05-26T21:31:09+00:00","author":{"@id":"https:\/\/portalnpm.com\/#\/schema\/person\/0b5f230ec96cee25504fa328e7f2b733"},"breadcrumb":{"@id":"https:\/\/portalnpm.com\/index.php\/2022\/05\/26\/nao-tenho-a-obrigacao-de-dar-palanque-a-ninguem-diz-acm-neto-politico-faz-ainda-elogios-a-ciro-gomes\/#breadcrumb"},"inLanguage":"pt-BR","potentialAction":[{"@type":"ReadAction","target":["https:\/\/portalnpm.com\/index.php\/2022\/05\/26\/nao-tenho-a-obrigacao-de-dar-palanque-a-ninguem-diz-acm-neto-politico-faz-ainda-elogios-a-ciro-gomes\/"]}]},{"@type":"ImageObject","inLanguage":"pt-BR","@id":"https:\/\/portalnpm.com\/index.php\/2022\/05\/26\/nao-tenho-a-obrigacao-de-dar-palanque-a-ninguem-diz-acm-neto-politico-faz-ainda-elogios-a-ciro-gomes\/#primaryimage","url":"","contentUrl":""},{"@type":"BreadcrumbList","@id":"https:\/\/portalnpm.com\/index.php\/2022\/05\/26\/nao-tenho-a-obrigacao-de-dar-palanque-a-ninguem-diz-acm-neto-politico-faz-ainda-elogios-a-ciro-gomes\/#breadcrumb","itemListElement":[{"@type":"ListItem","position":1,"name":"In\u00edcio","item":"https:\/\/portalnpm.com\/"},{"@type":"ListItem","position":2,"name":"&#8220;N\u00e3o tenho a obriga\u00e7\u00e3o&#8221; de dar palanque a ningu\u00e9m, diz ACM Neto; pol\u00edtico faz ainda elogios a Ciro Gomes"}]},{"@type":"WebSite","@id":"https:\/\/portalnpm.com\/#website","url":"https:\/\/portalnpm.com\/","name":"Portal NPM","description":"Not\u00edcias em Primeira M\u00e3o","potentialAction":[{"@type":"SearchAction","target":{"@type":"EntryPoint","urlTemplate":"https:\/\/portalnpm.com\/?s={search_term_string}"},"query-input":"required name=search_term_string"}],"inLanguage":"pt-BR"},{"@type":"Person","@id":"https:\/\/portalnpm.com\/#\/schema\/person\/0b5f230ec96cee25504fa328e7f2b733","name":"Reda\u00e7\u00e3o","image":{"@type":"ImageObject","inLanguage":"pt-BR","@id":"https:\/\/portalnpm.com\/#\/schema\/person\/image\/","url":"https:\/\/portalnpm.com\/wp-content\/uploads\/2024\/03\/avatar_user_4_1710097212-96x96.png","contentUrl":"https:\/\/portalnpm.com\/wp-content\/uploads\/2024\/03\/avatar_user_4_1710097212-96x96.png","caption":"Reda\u00e7\u00e3o"},"url":"https:\/\/portalnpm.com\/index.php\/author\/redacao\/"}]}},"jetpack_sharing_enabled":true,"jetpack_featured_media_url":"","_links":{"self":[{"href":"https:\/\/portalnpm.com\/index.php\/wp-json\/wp\/v2\/posts\/41743"}],"collection":[{"href":"https:\/\/portalnpm.com\/index.php\/wp-json\/wp\/v2\/posts"}],"about":[{"href":"https:\/\/portalnpm.com\/index.php\/wp-json\/wp\/v2\/types\/post"}],"author":[{"embeddable":true,"href":"https:\/\/portalnpm.com\/index.php\/wp-json\/wp\/v2\/users\/4"}],"replies":[{"embeddable":true,"href":"https:\/\/portalnpm.com\/index.php\/wp-json\/wp\/v2\/comments?post=41743"}],"version-history":[{"count":0,"href":"https:\/\/portalnpm.com\/index.php\/wp-json\/wp\/v2\/posts\/41743\/revisions"}],"wp:featuredmedia":[{"embeddable":true,"href":"https:\/\/portalnpm.com\/index.php\/wp-json\/"}],"wp:attachment":[{"href":"https:\/\/portalnpm.com\/index.php\/wp-json\/wp\/v2\/media?parent=41743"}],"wp:term":[{"taxonomy":"category","embeddable":true,"href":"https:\/\/portalnpm.com\/index.php\/wp-json\/wp\/v2\/categories?post=41743"},{"taxonomy":"post_tag","embeddable":true,"href":"https:\/\/portalnpm.com\/index.php\/wp-json\/wp\/v2\/tags?post=41743"}],"curies":[{"name":"wp","href":"https:\/\/api.w.org\/{rel}","templated":true}]}}