{"id":41753,"date":"2022-05-29T17:31:17","date_gmt":"2022-05-29T20:31:17","guid":{"rendered":"https:\/\/backupnpm.codetainer.com.br\/?p=41753"},"modified":"2022-05-29T17:31:17","modified_gmt":"2022-05-29T20:31:17","slug":"dr-pessoa-e-diagnosticado-com-covid-19-pela-segunda-vez","status":"publish","type":"post","link":"https:\/\/portalnpm.com\/index.php\/2022\/05\/29\/dr-pessoa-e-diagnosticado-com-covid-19-pela-segunda-vez\/","title":{"rendered":"Dr. Pessoa \u00e9 diagnosticado com Covid-19 pela segunda vez"},"content":{"rendered":"<p style=\"text-align: justify;\">O prefeito de Teresina, Dr. Pessoa (MDB), testou positivo para a Covid-19 pela segunda vez. A informa\u00e7\u00e3o foi confirmada em nota pela Secretaria Municipal de Comunica\u00e7\u00e3o (Semcom) neste domingo (29).<\/p>\n<p style=\"text-align: justify;\">\n<p style=\"text-align: justify;\">\n<p style=\"text-align: justify;\">Segundo o comunicado, o Dr. Pessoa apresentou febre pela manh\u00e3 e realizou exames pulmonares, que apontaram &#8220;\u00edndices dentro da normalidade\u201d. O gestor segue em isolamento domiciliar.<\/p>\n<p style=\"text-align: justify;\">O prefeito, que tem 75 anos, j\u00e1\u00a0<a href=\"https:\/\/cidadeverde.com\/noticias\/366054\/dr-pessoa-toma-4-dose-contra-a-covid-e-vacina-da-gripe-em-teresina\">tomou quatro doses da vacina contra a Covid-19<\/a>.<\/p>\n<p style=\"text-align: justify;\"><strong>Leia a nota na \u00edntegra:\u00a0<\/strong><\/p>\n<p style=\"text-align: justify;\"><em>A Secretaria de Comunica\u00e7\u00e3o (Semcom) da prefeitura de Teresina informa que o prefeito doutor Pessoa testou positivo para COVID-19.<\/em><\/p>\n<p style=\"text-align: justify;\"><em>O gestor apresentou febre na manh\u00e3 deste domingo (29) e realizou exames pulmonares que apresentaram \u00edndices dentro da normalidade.<\/em><\/p>\n<p style=\"text-align: justify;\"><em>Doutor Pessoa permanecer\u00e1 em isolamento domiciliar seguindo recomenda\u00e7\u00f5es m\u00e9dicas.<\/em><\/p>\n<p style=\"text-align: justify;\"><em>Da Reda\u00e7\u00e3o<br \/>\nredacao@cidadeverde.com<\/em><\/p>\n","protected":false},"excerpt":{"rendered":"<p>O prefeito de Teresina, Dr. Pessoa (MDB), testou positivo para a Covid-19 pela segunda vez. A informa\u00e7\u00e3o foi confirmada em nota pela Secretaria Municipal de Comunica\u00e7\u00e3o (Semcom) neste domingo (29). Segundo o comunicado, o Dr. Pessoa apresentou febre pela manh\u00e3 e realizou exames pulmonares, que apontaram &#8220;\u00edndices dentro da normalidade\u201d. O gestor segue em isolamento &hellip;<\/p>\n","protected":false},"author":2,"featured_media":41754,"comment_status":"open","ping_status":"open","sticky":false,"template":"","format":"standard","meta":{"content-type":"","rop_custom_images_group":[],"rop_custom_messages_group":[],"rop_publish_now":"initial","rop_publish_now_accounts":{"facebook_2648258775420054_1618374048415101":""},"rop_publish_now_history":[],"rop_publish_now_status":"pending","footnotes":"","_jetpack_memberships_contains_paid_content":false},"categories":[130],"tags":[1113,421],"yoast_head":"<!-- This site is optimized with the Yoast SEO plugin v22.3 - https:\/\/yoast.com\/wordpress\/plugins\/seo\/ -->\n<title>Dr. Pessoa \u00e9 diagnosticado com Covid-19 pela segunda vez - Portal NPM<\/title>\n<meta name=\"robots\" content=\"index, follow, max-snippet:-1, max-image-preview:large, max-video-preview:-1\" \/>\n<link rel=\"canonical\" href=\"https:\/\/portalnpm.com\/index.php\/2022\/05\/29\/dr-pessoa-e-diagnosticado-com-covid-19-pela-segunda-vez\/\" \/>\n<meta property=\"og:locale\" content=\"pt_BR\" \/>\n<meta property=\"og:type\" content=\"article\" \/>\n<meta property=\"og:title\" content=\"Dr. Pessoa \u00e9 diagnosticado com Covid-19 pela segunda vez - Portal NPM\" \/>\n<meta property=\"og:description\" content=\"O prefeito de Teresina, Dr. Pessoa (MDB), testou positivo para a Covid-19 pela segunda vez. A informa\u00e7\u00e3o foi confirmada em nota pela Secretaria Municipal de Comunica\u00e7\u00e3o (Semcom) neste domingo (29). Segundo o comunicado, o Dr. Pessoa apresentou febre pela manh\u00e3 e realizou exames pulmonares, que apontaram &#8220;\u00edndices dentro da normalidade\u201d. O gestor segue em isolamento &hellip;\" \/>\n<meta property=\"og:url\" content=\"https:\/\/portalnpm.com\/index.php\/2022\/05\/29\/dr-pessoa-e-diagnosticado-com-covid-19-pela-segunda-vez\/\" \/>\n<meta property=\"og:site_name\" content=\"Portal NPM\" \/>\n<meta property=\"article:published_time\" content=\"2022-05-29T20:31:17+00:00\" \/>\n<meta name=\"author\" content=\"Genival Barbosa\" \/>\n<meta name=\"twitter:card\" content=\"summary_large_image\" \/>\n<meta name=\"twitter:label1\" content=\"Escrito por\" \/>\n\t<meta name=\"twitter:data1\" content=\"Genival Barbosa\" \/>\n\t<meta name=\"twitter:label2\" content=\"Est. tempo de leitura\" \/>\n\t<meta name=\"twitter:data2\" content=\"1 minuto\" \/>\n<script type=\"application\/ld+json\" class=\"yoast-schema-graph\">{\"@context\":\"https:\/\/schema.org\",\"@graph\":[{\"@type\":\"WebPage\",\"@id\":\"https:\/\/portalnpm.com\/index.php\/2022\/05\/29\/dr-pessoa-e-diagnosticado-com-covid-19-pela-segunda-vez\/\",\"url\":\"https:\/\/portalnpm.com\/index.php\/2022\/05\/29\/dr-pessoa-e-diagnosticado-com-covid-19-pela-segunda-vez\/\",\"name\":\"Dr. Pessoa \u00e9 diagnosticado com Covid-19 pela segunda vez - Portal NPM\",\"isPartOf\":{\"@id\":\"https:\/\/portalnpm.com\/#website\"},\"primaryImageOfPage\":{\"@id\":\"https:\/\/portalnpm.com\/index.php\/2022\/05\/29\/dr-pessoa-e-diagnosticado-com-covid-19-pela-segunda-vez\/#primaryimage\"},\"image\":{\"@id\":\"https:\/\/portalnpm.com\/index.php\/2022\/05\/29\/dr-pessoa-e-diagnosticado-com-covid-19-pela-segunda-vez\/#primaryimage\"},\"thumbnailUrl\":\"\",\"datePublished\":\"2022-05-29T20:31:17+00:00\",\"dateModified\":\"2022-05-29T20:31:17+00:00\",\"author\":{\"@id\":\"https:\/\/portalnpm.com\/#\/schema\/person\/49313e563cfdefcc167f1ee4c017c294\"},\"breadcrumb\":{\"@id\":\"https:\/\/portalnpm.com\/index.php\/2022\/05\/29\/dr-pessoa-e-diagnosticado-com-covid-19-pela-segunda-vez\/#breadcrumb\"},\"inLanguage\":\"pt-BR\",\"potentialAction\":[{\"@type\":\"ReadAction\",\"target\":[\"https:\/\/portalnpm.com\/index.php\/2022\/05\/29\/dr-pessoa-e-diagnosticado-com-covid-19-pela-segunda-vez\/\"]}]},{\"@type\":\"ImageObject\",\"inLanguage\":\"pt-BR\",\"@id\":\"https:\/\/portalnpm.com\/index.php\/2022\/05\/29\/dr-pessoa-e-diagnosticado-com-covid-19-pela-segunda-vez\/#primaryimage\",\"url\":\"\",\"contentUrl\":\"\"},{\"@type\":\"BreadcrumbList\",\"@id\":\"https:\/\/portalnpm.com\/index.php\/2022\/05\/29\/dr-pessoa-e-diagnosticado-com-covid-19-pela-segunda-vez\/#breadcrumb\",\"itemListElement\":[{\"@type\":\"ListItem\",\"position\":1,\"name\":\"In\u00edcio\",\"item\":\"https:\/\/portalnpm.com\/\"},{\"@type\":\"ListItem\",\"position\":2,\"name\":\"Dr. Pessoa \u00e9 diagnosticado com Covid-19 pela segunda vez\"}]},{\"@type\":\"WebSite\",\"@id\":\"https:\/\/portalnpm.com\/#website\",\"url\":\"https:\/\/portalnpm.com\/\",\"name\":\"Portal NPM\",\"description\":\"Not\u00edcias em Primeira M\u00e3o\",\"potentialAction\":[{\"@type\":\"SearchAction\",\"target\":{\"@type\":\"EntryPoint\",\"urlTemplate\":\"https:\/\/portalnpm.com\/?s={search_term_string}\"},\"query-input\":\"required name=search_term_string\"}],\"inLanguage\":\"pt-BR\"},{\"@type\":\"Person\",\"@id\":\"https:\/\/portalnpm.com\/#\/schema\/person\/49313e563cfdefcc167f1ee4c017c294\",\"name\":\"Genival Barbosa\",\"image\":{\"@type\":\"ImageObject\",\"inLanguage\":\"pt-BR\",\"@id\":\"https:\/\/portalnpm.com\/#\/schema\/person\/image\/\",\"url\":\"https:\/\/portalnpm.com\/wp-content\/uploads\/2024\/02\/avatar_user_2_1707743258-96x96.jpeg\",\"contentUrl\":\"https:\/\/portalnpm.com\/wp-content\/uploads\/2024\/02\/avatar_user_2_1707743258-96x96.jpeg\",\"caption\":\"Genival Barbosa\"},\"url\":\"https:\/\/portalnpm.com\/index.php\/author\/genival\/\"}]}<\/script>\n<!-- \/ Yoast SEO plugin. -->","yoast_head_json":{"title":"Dr. Pessoa \u00e9 diagnosticado com Covid-19 pela segunda vez - Portal NPM","robots":{"index":"index","follow":"follow","max-snippet":"max-snippet:-1","max-image-preview":"max-image-preview:large","max-video-preview":"max-video-preview:-1"},"canonical":"https:\/\/portalnpm.com\/index.php\/2022\/05\/29\/dr-pessoa-e-diagnosticado-com-covid-19-pela-segunda-vez\/","og_locale":"pt_BR","og_type":"article","og_title":"Dr. Pessoa \u00e9 diagnosticado com Covid-19 pela segunda vez - Portal NPM","og_description":"O prefeito de Teresina, Dr. Pessoa (MDB), testou positivo para a Covid-19 pela segunda vez. A informa\u00e7\u00e3o foi confirmada em nota pela Secretaria Municipal de Comunica\u00e7\u00e3o (Semcom) neste domingo (29). Segundo o comunicado, o Dr. Pessoa apresentou febre pela manh\u00e3 e realizou exames pulmonares, que apontaram &#8220;\u00edndices dentro da normalidade\u201d. O gestor segue em isolamento &hellip;","og_url":"https:\/\/portalnpm.com\/index.php\/2022\/05\/29\/dr-pessoa-e-diagnosticado-com-covid-19-pela-segunda-vez\/","og_site_name":"Portal NPM","article_published_time":"2022-05-29T20:31:17+00:00","author":"Genival Barbosa","twitter_card":"summary_large_image","twitter_misc":{"Escrito por":"Genival Barbosa","Est. tempo de leitura":"1 minuto"},"schema":{"@context":"https:\/\/schema.org","@graph":[{"@type":"WebPage","@id":"https:\/\/portalnpm.com\/index.php\/2022\/05\/29\/dr-pessoa-e-diagnosticado-com-covid-19-pela-segunda-vez\/","url":"https:\/\/portalnpm.com\/index.php\/2022\/05\/29\/dr-pessoa-e-diagnosticado-com-covid-19-pela-segunda-vez\/","name":"Dr. Pessoa \u00e9 diagnosticado com Covid-19 pela segunda vez - Portal NPM","isPartOf":{"@id":"https:\/\/portalnpm.com\/#website"},"primaryImageOfPage":{"@id":"https:\/\/portalnpm.com\/index.php\/2022\/05\/29\/dr-pessoa-e-diagnosticado-com-covid-19-pela-segunda-vez\/#primaryimage"},"image":{"@id":"https:\/\/portalnpm.com\/index.php\/2022\/05\/29\/dr-pessoa-e-diagnosticado-com-covid-19-pela-segunda-vez\/#primaryimage"},"thumbnailUrl":"","datePublished":"2022-05-29T20:31:17+00:00","dateModified":"2022-05-29T20:31:17+00:00","author":{"@id":"https:\/\/portalnpm.com\/#\/schema\/person\/49313e563cfdefcc167f1ee4c017c294"},"breadcrumb":{"@id":"https:\/\/portalnpm.com\/index.php\/2022\/05\/29\/dr-pessoa-e-diagnosticado-com-covid-19-pela-segunda-vez\/#breadcrumb"},"inLanguage":"pt-BR","potentialAction":[{"@type":"ReadAction","target":["https:\/\/portalnpm.com\/index.php\/2022\/05\/29\/dr-pessoa-e-diagnosticado-com-covid-19-pela-segunda-vez\/"]}]},{"@type":"ImageObject","inLanguage":"pt-BR","@id":"https:\/\/portalnpm.com\/index.php\/2022\/05\/29\/dr-pessoa-e-diagnosticado-com-covid-19-pela-segunda-vez\/#primaryimage","url":"","contentUrl":""},{"@type":"BreadcrumbList","@id":"https:\/\/portalnpm.com\/index.php\/2022\/05\/29\/dr-pessoa-e-diagnosticado-com-covid-19-pela-segunda-vez\/#breadcrumb","itemListElement":[{"@type":"ListItem","position":1,"name":"In\u00edcio","item":"https:\/\/portalnpm.com\/"},{"@type":"ListItem","position":2,"name":"Dr. Pessoa \u00e9 diagnosticado com Covid-19 pela segunda vez"}]},{"@type":"WebSite","@id":"https:\/\/portalnpm.com\/#website","url":"https:\/\/portalnpm.com\/","name":"Portal NPM","description":"Not\u00edcias em Primeira M\u00e3o","potentialAction":[{"@type":"SearchAction","target":{"@type":"EntryPoint","urlTemplate":"https:\/\/portalnpm.com\/?s={search_term_string}"},"query-input":"required name=search_term_string"}],"inLanguage":"pt-BR"},{"@type":"Person","@id":"https:\/\/portalnpm.com\/#\/schema\/person\/49313e563cfdefcc167f1ee4c017c294","name":"Genival Barbosa","image":{"@type":"ImageObject","inLanguage":"pt-BR","@id":"https:\/\/portalnpm.com\/#\/schema\/person\/image\/","url":"https:\/\/portalnpm.com\/wp-content\/uploads\/2024\/02\/avatar_user_2_1707743258-96x96.jpeg","contentUrl":"https:\/\/portalnpm.com\/wp-content\/uploads\/2024\/02\/avatar_user_2_1707743258-96x96.jpeg","caption":"Genival Barbosa"},"url":"https:\/\/portalnpm.com\/index.php\/author\/genival\/"}]}},"jetpack_sharing_enabled":true,"jetpack_featured_media_url":"","_links":{"self":[{"href":"https:\/\/portalnpm.com\/index.php\/wp-json\/wp\/v2\/posts\/41753"}],"collection":[{"href":"https:\/\/portalnpm.com\/index.php\/wp-json\/wp\/v2\/posts"}],"about":[{"href":"https:\/\/portalnpm.com\/index.php\/wp-json\/wp\/v2\/types\/post"}],"author":[{"embeddable":true,"href":"https:\/\/portalnpm.com\/index.php\/wp-json\/wp\/v2\/users\/2"}],"replies":[{"embeddable":true,"href":"https:\/\/portalnpm.com\/index.php\/wp-json\/wp\/v2\/comments?post=41753"}],"version-history":[{"count":0,"href":"https:\/\/portalnpm.com\/index.php\/wp-json\/wp\/v2\/posts\/41753\/revisions"}],"wp:featuredmedia":[{"embeddable":true,"href":"https:\/\/portalnpm.com\/index.php\/wp-json\/"}],"wp:attachment":[{"href":"https:\/\/portalnpm.com\/index.php\/wp-json\/wp\/v2\/media?parent=41753"}],"wp:term":[{"taxonomy":"category","embeddable":true,"href":"https:\/\/portalnpm.com\/index.php\/wp-json\/wp\/v2\/categories?post=41753"},{"taxonomy":"post_tag","embeddable":true,"href":"https:\/\/portalnpm.com\/index.php\/wp-json\/wp\/v2\/tags?post=41753"}],"curies":[{"name":"wp","href":"https:\/\/api.w.org\/{rel}","templated":true}]}}