{"id":41828,"date":"2022-05-31T07:53:55","date_gmt":"2022-05-31T10:53:55","guid":{"rendered":"https:\/\/portalnpm.com\/?p=41828"},"modified":"2022-05-31T07:53:55","modified_gmt":"2022-05-31T10:53:55","slug":"veja-a-tabela-detalhada-das-oitavas-da-libertadores-e-da-sul-americana","status":"publish","type":"post","link":"https:\/\/portalnpm.com\/index.php\/2022\/05\/31\/veja-a-tabela-detalhada-das-oitavas-da-libertadores-e-da-sul-americana\/","title":{"rendered":"Veja a tabela detalhada das oitavas da Libertadores e da Sul-Americana"},"content":{"rendered":"<section class=\"xpa-switch-article\">\n<div class=\"news-paragraph text-1\">\n<p>Nesta segunda-feira (30), a Conmebol divulgou as tabelas detalhadas das oitavas de final da Libertadores e da Sul-Americana.<\/p>\n<\/div>\n<\/section>\n<section class=\"xpa-switch-article\">\n<div class=\"news-paragraph text-1\">\n<p>As partidas ser\u00e3o entre os dias 28 de junho e 7 de julho.<\/p>\n<\/div>\n<\/section>\n<section class=\"xpa-switch-article\">\n<hr class=\"separator\" \/>\n<\/section>\n<section class=\"xpa-switch-article\">\n<div class=\"news-paragraph text-1\">\n<h3>\ud83c\udfc6 Libertadores<\/h3>\n<\/div>\n<\/section>\n<section class=\"xpa-switch-article\">\n<div class=\"news-paragraph text-1\">\n<h3>Jogos de ida<\/h3>\n<\/div>\n<\/section>\n<section class=\"xpa-switch-article\">\n<ol class=\"of-list of-list--ordered\">\n<li class=\"text-1 of-list__item\">28\/06 (ter\u00e7a-feira) 19h15 \u2013 Emelec x Atl\u00e9tico-MG, no George Capwell 21h30 \u2013 Athletico-PR x Libertad, na Arena da Baixada 21h30 \u2013 Corinthians x Boca Juniors, na Neo Qu\u00edmica Arena<\/li>\n<\/ol>\n<\/section>\n<section class=\"xpa-switch-article\">\n<ol class=\"of-list of-list--ordered\">\n<li class=\"text-1 of-list__item\">29\/06 (quarta-feira) 19h15 \u2013 Talleres x Col\u00f3n, no Mario Alberto Kempes 19h15 \u2013 Cerro Porte\u00f1o x Palmeiras, no Nueva Olla 21h30 \u2013 Tolima x Flamengo, no Manuel Murillo Toro 21h30 \u2013 V\u00e9lez Sarsfield x River Plate, no Jos\u00e9 Amalfitani<\/li>\n<\/ol>\n<\/section>\n<section class=\"xpa-switch-article\">\n<ol class=\"of-list of-list--ordered\">\n<li class=\"text-1 of-list__item\">30\/06 21h30 \u2013 Fortaleza x Estudiantes, no Castel\u00e3o<\/li>\n<\/ol>\n<\/section>\n<section class=\"xpa-switch-article\">\n<div class=\"news-paragraph text-1\">\n<h3>Jogos de volta<\/h3>\n<\/div>\n<\/section>\n<section class=\"xpa-switch-article\">\n<ol class=\"of-list of-list--ordered\">\n<li class=\"text-1 of-list__item\">05\/07 (ter\u00e7a-feira) 19h15 \u2013 Atl\u00e9tico-MG x Emelec, no Mineir\u00e3o 21h30 \u2013 Libertad x Athletico-PR, no Defensores del Chaco 21h30 \u2013 Boca Juniors x Corinthians, na Bombonera<\/li>\n<\/ol>\n<\/section>\n<section class=\"xpa-switch-article\">\n<ol class=\"of-list of-list--ordered\">\n<li class=\"text-1 of-list__item\">06\/07 (quarta-feira) 19h15 \u2013 Col\u00f3n x Talleres, no Cementerio de Elefantes 19h15 \u2013 Palmerias x Cerro Porte\u00f1o, no Allianz Parque 21h30 \u2013 Flamengo x Tolima, no Maracan\u00e3 21h30 \u2013 River Plate x V\u00e9lez Sarsfield, no Monumental de N\u00fa\u00f1ez<\/li>\n<\/ol>\n<\/section>\n<section class=\"xpa-switch-article\">\n<ol class=\"of-list of-list--ordered\">\n<li class=\"text-1 of-list__item\">07\/07 (quinta-feira) 21h30 \u2013 Estudiantes x Fortaleza, no Jorge Luis Hirschi<\/li>\n<\/ol>\n<\/section>\n<section class=\"xpa-switch-article\">\n<div class=\"jw-player\">\n<div id=\"player-2\" class=\"jwplayer jw-reset jw-state-idle jw-stretch-uniform jw-flag-aspect-mode jw-breakpoint-1 jw-flag-small-player jw-floating-dismissible jw-flag-touch jw-flag-user-inactive\" tabindex=\"0\" role=\"application\" aria-label=\"Reprodutor de V\u00eddeo\">\n<div class=\"jw-aspect jw-reset\"><\/div>\n<div class=\"jw-wrapper jw-reset\">\n<div class=\"jw-controls jw-reset\">\n<div class=\"jw-display jw-reset\">\n<div class=\"jw-display-container jw-reset\">\n<div class=\"jw-display-controls jw-reset\">\n<div class=\"jw-display-icon-container jw-display-icon-display jw-reset\">\n<div class=\"jw-icon jw-icon-display jw-button-color jw-reset\" tabindex=\"0\" role=\"button\" aria-label=\"Reproduzir\"><\/div>\n<\/div>\n<\/div>\n<\/div>\n<\/div>\n<\/div>\n<\/div>\n<div class=\"afs_ads ad-placement\"><\/div>\n<\/div>\n<\/div>\n<\/section>\n<section class=\"xpa-switch-article\"><\/section>\n<section class=\"xpa-switch-article\">\n<div class=\"news-paragraph text-1\">\n<h3>\ud83c\udfc6 Sul-Americana<\/h3>\n<\/div>\n<\/section>\n<section class=\"xpa-switch-article\">\n<div class=\"news-paragraph text-1\">\n<h3>Jogos de ida<\/h3>\n<\/div>\n<\/section>\n<section class=\"xpa-switch-article\">\n<ol class=\"of-list of-list--ordered\">\n<li class=\"text-1 of-list__item\">28\/06 (ter\u00e7a-feira) 19h15 \u2013 Nacional-URU x Uni\u00f3n de Santa Fe, no Parque Central 21h30 \u2013 Colo-Colo x Internacional, no Monumental de Santiago<\/li>\n<\/ol>\n<\/section>\n<section class=\"xpa-switch-article\">\n<ol class=\"of-list of-list--ordered\">\n<li class=\"text-1 of-list__item\">29\/06 (quarta-feira) 19h15 \u2013 The Strongest x Cear\u00e1, no Hernando Siles 21h30 \u2013 Deportivo Cali x Melgar, no Coloso de Palmaseca 21h30 \u2013 Deportivo T\u00e1chira x Santos, no Pueblo Nuevo<\/li>\n<\/ol>\n<\/section>\n<section class=\"xpa-switch-article\">\n<ol class=\"of-list of-list--ordered\">\n<li class=\"text-1 of-list__item\">30\/06 (quinta-feira) 19h15 \u2013 Independiente del Valle x Lan\u00fas, no Casa Blanca 21h30 \u2013 Universidad Cat\u00f3lica x S\u00e3o Paulo, no Nacional do Chile 21h30 \u2013 Olimpia x Atl\u00e9tico-GO, no Defensores del Chaco<\/li>\n<\/ol>\n<\/section>\n<section class=\"xpa-switch-article\">\n<div class=\"news-paragraph text-1\">\n<h3>Jogos de volta<\/h3>\n<\/div>\n<\/section>\n<section class=\"xpa-switch-article\">\n<ol class=\"of-list of-list--ordered\">\n<li class=\"text-1 of-list__item\">05\/07 (ter\u00e7a-feira) 19h15 \u2013 Uni\u00f3n de Santa Fe x Nacional-URU, no 15 de Abril 21h30 \u2013 Internacional x Colo-Colo, no Beira-Rio<\/li>\n<\/ol>\n<\/section>\n<section class=\"xpa-switch-article\">\n<ol class=\"of-list of-list--ordered\">\n<li class=\"text-1 of-list__item\">06\/07 (quarta-feira) 19h15 \u2013 Cear\u00e1 x The Strongest, no Castel\u00e3o 21h30 \u2013 Melgar x Deportivo Cali, no Monumental de la UNSA 21h30 \u2013 Santos x Deportivo T\u00e1chira, no Morumbi<\/li>\n<\/ol>\n<\/section>\n<section class=\"xpa-switch-article\">\n<ol class=\"of-list of-list--ordered\">\n<li class=\"text-1 of-list__item\">07\/07 (quinta-feira) 19h15 \u2013 Lan\u00fas x Independiente del Valle, no La Fortaleza 21h30 \u2013 S\u00e3o Paulo x Universidad Cat\u00f3lica, no Morumbi 21h30 \u2013 Atl\u00e9tico-GO x Olimpia, no Serra Dourada<\/li>\n<\/ol>\n<\/section>\n<section class=\"xpa-switch-article\">\n<hr class=\"separator\" \/>\n<\/section>\n<section class=\"xpa-switch-article\">\n<div class=\"news-paragraph text-1\">\n<p><em>Fonte: Onefootball-Foto de destaque: Nathalia Aguilar \u2013 Pool\/Getty Image<\/em><\/p>\n<\/div>\n<\/section>\n","protected":false},"excerpt":{"rendered":"<p>Nesta segunda-feira (30), a Conmebol divulgou as tabelas detalhadas das oitavas de final da Libertadores e da Sul-Americana. As partidas ser\u00e3o entre os dias 28 de junho e 7 de julho. \ud83c\udfc6 Libertadores Jogos de ida 28\/06 (ter\u00e7a-feira) 19h15 \u2013 Emelec x Atl\u00e9tico-MG, no George Capwell 21h30 \u2013 Athletico-PR x Libertad, na Arena da Baixada &hellip;<\/p>\n","protected":false},"author":2,"featured_media":41829,"comment_status":"open","ping_status":"open","sticky":false,"template":"","format":"standard","meta":{"content-type":"","rop_custom_images_group":[],"rop_custom_messages_group":[],"rop_publish_now":"initial","rop_publish_now_accounts":{"facebook_2648258775420054_1618374048415101":""},"rop_publish_now_history":[],"rop_publish_now_status":"pending","footnotes":"","_jetpack_memberships_contains_paid_content":false},"categories":[108],"tags":[896,897],"yoast_head":"<!-- This site is optimized with the Yoast SEO plugin v22.3 - https:\/\/yoast.com\/wordpress\/plugins\/seo\/ -->\n<title>Veja a tabela detalhada das oitavas da Libertadores e da Sul-Americana - Portal NPM<\/title>\n<meta name=\"robots\" content=\"index, follow, max-snippet:-1, max-image-preview:large, max-video-preview:-1\" \/>\n<link rel=\"canonical\" href=\"https:\/\/portalnpm.com\/index.php\/2022\/05\/31\/veja-a-tabela-detalhada-das-oitavas-da-libertadores-e-da-sul-americana\/\" \/>\n<meta property=\"og:locale\" content=\"pt_BR\" \/>\n<meta property=\"og:type\" content=\"article\" \/>\n<meta property=\"og:title\" content=\"Veja a tabela detalhada das oitavas da Libertadores e da Sul-Americana - Portal NPM\" \/>\n<meta property=\"og:description\" content=\"Nesta segunda-feira (30), a Conmebol divulgou as tabelas detalhadas das oitavas de final da Libertadores e da Sul-Americana. As partidas ser\u00e3o entre os dias 28 de junho e 7 de julho. \ud83c\udfc6 Libertadores Jogos de ida 28\/06 (ter\u00e7a-feira) 19h15 \u2013 Emelec x Atl\u00e9tico-MG, no George Capwell 21h30 \u2013 Athletico-PR x Libertad, na Arena da Baixada &hellip;\" \/>\n<meta property=\"og:url\" content=\"https:\/\/portalnpm.com\/index.php\/2022\/05\/31\/veja-a-tabela-detalhada-das-oitavas-da-libertadores-e-da-sul-americana\/\" \/>\n<meta property=\"og:site_name\" content=\"Portal NPM\" \/>\n<meta property=\"article:published_time\" content=\"2022-05-31T10:53:55+00:00\" \/>\n<meta name=\"author\" content=\"Genival Barbosa\" \/>\n<meta name=\"twitter:card\" content=\"summary_large_image\" \/>\n<meta name=\"twitter:label1\" content=\"Escrito por\" \/>\n\t<meta name=\"twitter:data1\" content=\"Genival Barbosa\" \/>\n\t<meta name=\"twitter:label2\" content=\"Est. tempo de leitura\" \/>\n\t<meta name=\"twitter:data2\" content=\"2 minutos\" \/>\n<script type=\"application\/ld+json\" class=\"yoast-schema-graph\">{\"@context\":\"https:\/\/schema.org\",\"@graph\":[{\"@type\":\"WebPage\",\"@id\":\"https:\/\/portalnpm.com\/index.php\/2022\/05\/31\/veja-a-tabela-detalhada-das-oitavas-da-libertadores-e-da-sul-americana\/\",\"url\":\"https:\/\/portalnpm.com\/index.php\/2022\/05\/31\/veja-a-tabela-detalhada-das-oitavas-da-libertadores-e-da-sul-americana\/\",\"name\":\"Veja a tabela detalhada das oitavas da Libertadores e da Sul-Americana - Portal NPM\",\"isPartOf\":{\"@id\":\"https:\/\/portalnpm.com\/#website\"},\"primaryImageOfPage\":{\"@id\":\"https:\/\/portalnpm.com\/index.php\/2022\/05\/31\/veja-a-tabela-detalhada-das-oitavas-da-libertadores-e-da-sul-americana\/#primaryimage\"},\"image\":{\"@id\":\"https:\/\/portalnpm.com\/index.php\/2022\/05\/31\/veja-a-tabela-detalhada-das-oitavas-da-libertadores-e-da-sul-americana\/#primaryimage\"},\"thumbnailUrl\":\"\",\"datePublished\":\"2022-05-31T10:53:55+00:00\",\"dateModified\":\"2022-05-31T10:53:55+00:00\",\"author\":{\"@id\":\"https:\/\/portalnpm.com\/#\/schema\/person\/49313e563cfdefcc167f1ee4c017c294\"},\"breadcrumb\":{\"@id\":\"https:\/\/portalnpm.com\/index.php\/2022\/05\/31\/veja-a-tabela-detalhada-das-oitavas-da-libertadores-e-da-sul-americana\/#breadcrumb\"},\"inLanguage\":\"pt-BR\",\"potentialAction\":[{\"@type\":\"ReadAction\",\"target\":[\"https:\/\/portalnpm.com\/index.php\/2022\/05\/31\/veja-a-tabela-detalhada-das-oitavas-da-libertadores-e-da-sul-americana\/\"]}]},{\"@type\":\"ImageObject\",\"inLanguage\":\"pt-BR\",\"@id\":\"https:\/\/portalnpm.com\/index.php\/2022\/05\/31\/veja-a-tabela-detalhada-das-oitavas-da-libertadores-e-da-sul-americana\/#primaryimage\",\"url\":\"\",\"contentUrl\":\"\"},{\"@type\":\"BreadcrumbList\",\"@id\":\"https:\/\/portalnpm.com\/index.php\/2022\/05\/31\/veja-a-tabela-detalhada-das-oitavas-da-libertadores-e-da-sul-americana\/#breadcrumb\",\"itemListElement\":[{\"@type\":\"ListItem\",\"position\":1,\"name\":\"In\u00edcio\",\"item\":\"https:\/\/portalnpm.com\/\"},{\"@type\":\"ListItem\",\"position\":2,\"name\":\"Veja a tabela detalhada das oitavas da Libertadores e da Sul-Americana\"}]},{\"@type\":\"WebSite\",\"@id\":\"https:\/\/portalnpm.com\/#website\",\"url\":\"https:\/\/portalnpm.com\/\",\"name\":\"Portal NPM\",\"description\":\"Not\u00edcias em Primeira M\u00e3o\",\"potentialAction\":[{\"@type\":\"SearchAction\",\"target\":{\"@type\":\"EntryPoint\",\"urlTemplate\":\"https:\/\/portalnpm.com\/?s={search_term_string}\"},\"query-input\":\"required name=search_term_string\"}],\"inLanguage\":\"pt-BR\"},{\"@type\":\"Person\",\"@id\":\"https:\/\/portalnpm.com\/#\/schema\/person\/49313e563cfdefcc167f1ee4c017c294\",\"name\":\"Genival Barbosa\",\"image\":{\"@type\":\"ImageObject\",\"inLanguage\":\"pt-BR\",\"@id\":\"https:\/\/portalnpm.com\/#\/schema\/person\/image\/\",\"url\":\"https:\/\/portalnpm.com\/wp-content\/uploads\/2024\/02\/avatar_user_2_1707743258-96x96.jpeg\",\"contentUrl\":\"https:\/\/portalnpm.com\/wp-content\/uploads\/2024\/02\/avatar_user_2_1707743258-96x96.jpeg\",\"caption\":\"Genival Barbosa\"},\"url\":\"https:\/\/portalnpm.com\/index.php\/author\/genival\/\"}]}<\/script>\n<!-- \/ Yoast SEO plugin. -->","yoast_head_json":{"title":"Veja a tabela detalhada das oitavas da Libertadores e da Sul-Americana - Portal NPM","robots":{"index":"index","follow":"follow","max-snippet":"max-snippet:-1","max-image-preview":"max-image-preview:large","max-video-preview":"max-video-preview:-1"},"canonical":"https:\/\/portalnpm.com\/index.php\/2022\/05\/31\/veja-a-tabela-detalhada-das-oitavas-da-libertadores-e-da-sul-americana\/","og_locale":"pt_BR","og_type":"article","og_title":"Veja a tabela detalhada das oitavas da Libertadores e da Sul-Americana - Portal NPM","og_description":"Nesta segunda-feira (30), a Conmebol divulgou as tabelas detalhadas das oitavas de final da Libertadores e da Sul-Americana. As partidas ser\u00e3o entre os dias 28 de junho e 7 de julho. \ud83c\udfc6 Libertadores Jogos de ida 28\/06 (ter\u00e7a-feira) 19h15 \u2013 Emelec x Atl\u00e9tico-MG, no George Capwell 21h30 \u2013 Athletico-PR x Libertad, na Arena da Baixada &hellip;","og_url":"https:\/\/portalnpm.com\/index.php\/2022\/05\/31\/veja-a-tabela-detalhada-das-oitavas-da-libertadores-e-da-sul-americana\/","og_site_name":"Portal NPM","article_published_time":"2022-05-31T10:53:55+00:00","author":"Genival Barbosa","twitter_card":"summary_large_image","twitter_misc":{"Escrito por":"Genival Barbosa","Est. tempo de leitura":"2 minutos"},"schema":{"@context":"https:\/\/schema.org","@graph":[{"@type":"WebPage","@id":"https:\/\/portalnpm.com\/index.php\/2022\/05\/31\/veja-a-tabela-detalhada-das-oitavas-da-libertadores-e-da-sul-americana\/","url":"https:\/\/portalnpm.com\/index.php\/2022\/05\/31\/veja-a-tabela-detalhada-das-oitavas-da-libertadores-e-da-sul-americana\/","name":"Veja a tabela detalhada das oitavas da Libertadores e da Sul-Americana - Portal NPM","isPartOf":{"@id":"https:\/\/portalnpm.com\/#website"},"primaryImageOfPage":{"@id":"https:\/\/portalnpm.com\/index.php\/2022\/05\/31\/veja-a-tabela-detalhada-das-oitavas-da-libertadores-e-da-sul-americana\/#primaryimage"},"image":{"@id":"https:\/\/portalnpm.com\/index.php\/2022\/05\/31\/veja-a-tabela-detalhada-das-oitavas-da-libertadores-e-da-sul-americana\/#primaryimage"},"thumbnailUrl":"","datePublished":"2022-05-31T10:53:55+00:00","dateModified":"2022-05-31T10:53:55+00:00","author":{"@id":"https:\/\/portalnpm.com\/#\/schema\/person\/49313e563cfdefcc167f1ee4c017c294"},"breadcrumb":{"@id":"https:\/\/portalnpm.com\/index.php\/2022\/05\/31\/veja-a-tabela-detalhada-das-oitavas-da-libertadores-e-da-sul-americana\/#breadcrumb"},"inLanguage":"pt-BR","potentialAction":[{"@type":"ReadAction","target":["https:\/\/portalnpm.com\/index.php\/2022\/05\/31\/veja-a-tabela-detalhada-das-oitavas-da-libertadores-e-da-sul-americana\/"]}]},{"@type":"ImageObject","inLanguage":"pt-BR","@id":"https:\/\/portalnpm.com\/index.php\/2022\/05\/31\/veja-a-tabela-detalhada-das-oitavas-da-libertadores-e-da-sul-americana\/#primaryimage","url":"","contentUrl":""},{"@type":"BreadcrumbList","@id":"https:\/\/portalnpm.com\/index.php\/2022\/05\/31\/veja-a-tabela-detalhada-das-oitavas-da-libertadores-e-da-sul-americana\/#breadcrumb","itemListElement":[{"@type":"ListItem","position":1,"name":"In\u00edcio","item":"https:\/\/portalnpm.com\/"},{"@type":"ListItem","position":2,"name":"Veja a tabela detalhada das oitavas da Libertadores e da Sul-Americana"}]},{"@type":"WebSite","@id":"https:\/\/portalnpm.com\/#website","url":"https:\/\/portalnpm.com\/","name":"Portal NPM","description":"Not\u00edcias em Primeira M\u00e3o","potentialAction":[{"@type":"SearchAction","target":{"@type":"EntryPoint","urlTemplate":"https:\/\/portalnpm.com\/?s={search_term_string}"},"query-input":"required name=search_term_string"}],"inLanguage":"pt-BR"},{"@type":"Person","@id":"https:\/\/portalnpm.com\/#\/schema\/person\/49313e563cfdefcc167f1ee4c017c294","name":"Genival Barbosa","image":{"@type":"ImageObject","inLanguage":"pt-BR","@id":"https:\/\/portalnpm.com\/#\/schema\/person\/image\/","url":"https:\/\/portalnpm.com\/wp-content\/uploads\/2024\/02\/avatar_user_2_1707743258-96x96.jpeg","contentUrl":"https:\/\/portalnpm.com\/wp-content\/uploads\/2024\/02\/avatar_user_2_1707743258-96x96.jpeg","caption":"Genival Barbosa"},"url":"https:\/\/portalnpm.com\/index.php\/author\/genival\/"}]}},"jetpack_sharing_enabled":true,"jetpack_featured_media_url":"","_links":{"self":[{"href":"https:\/\/portalnpm.com\/index.php\/wp-json\/wp\/v2\/posts\/41828"}],"collection":[{"href":"https:\/\/portalnpm.com\/index.php\/wp-json\/wp\/v2\/posts"}],"about":[{"href":"https:\/\/portalnpm.com\/index.php\/wp-json\/wp\/v2\/types\/post"}],"author":[{"embeddable":true,"href":"https:\/\/portalnpm.com\/index.php\/wp-json\/wp\/v2\/users\/2"}],"replies":[{"embeddable":true,"href":"https:\/\/portalnpm.com\/index.php\/wp-json\/wp\/v2\/comments?post=41828"}],"version-history":[{"count":1,"href":"https:\/\/portalnpm.com\/index.php\/wp-json\/wp\/v2\/posts\/41828\/revisions"}],"predecessor-version":[{"id":41830,"href":"https:\/\/portalnpm.com\/index.php\/wp-json\/wp\/v2\/posts\/41828\/revisions\/41830"}],"wp:featuredmedia":[{"embeddable":true,"href":"https:\/\/portalnpm.com\/index.php\/wp-json\/"}],"wp:attachment":[{"href":"https:\/\/portalnpm.com\/index.php\/wp-json\/wp\/v2\/media?parent=41828"}],"wp:term":[{"taxonomy":"category","embeddable":true,"href":"https:\/\/portalnpm.com\/index.php\/wp-json\/wp\/v2\/categories?post=41828"},{"taxonomy":"post_tag","embeddable":true,"href":"https:\/\/portalnpm.com\/index.php\/wp-json\/wp\/v2\/tags?post=41828"}],"curies":[{"name":"wp","href":"https:\/\/api.w.org\/{rel}","templated":true}]}}