{"id":41925,"date":"2022-06-01T11:48:48","date_gmt":"2022-06-01T14:48:48","guid":{"rendered":"https:\/\/portalnpm.com\/?p=41925"},"modified":"2022-06-01T11:48:48","modified_gmt":"2022-06-01T14:48:48","slug":"em-picos-procon-realiza-operacao-e-notifica-62-das-vans-com-tacografo-vencido","status":"publish","type":"post","link":"https:\/\/portalnpm.com\/index.php\/2022\/06\/01\/em-picos-procon-realiza-operacao-e-notifica-62-das-vans-com-tacografo-vencido\/","title":{"rendered":"Em Picos, Procon realiza opera\u00e7\u00e3o e notifica 62% das vans com tac\u00f3grafo vencido"},"content":{"rendered":"<p style=\"text-align: justify;\">Nesta segunda-feira (30) e ter\u00e7a-feira (31), o Programa de Prote\u00e7\u00e3o e Defesa do Consumidor (Procon) realizou uma fiscaliza\u00e7\u00e3o educativa no munic\u00edpio de Picos junto ao transporte alternativo intermunicipal.<\/p>\n<p style=\"text-align: justify;\">A opera\u00e7\u00e3o foi deflagrada em parceria com o Instituto de Metrologia do Piau\u00ed (Imepi) e Inmetro. O objetivo da a\u00e7\u00e3o foi verificar o uso do tac\u00f3grafo e sua validade.<\/p>\n<p style=\"text-align: justify;\">Segundo dados do Procon, das 79 vans abordadas, 49 foram notificadas por estarem transitando com tac\u00f3grafo vencido, representando 62%.<\/p>\n<p style=\"text-align: justify;\">O chefe de fiscaliza\u00e7\u00e3o do Procon, Jos\u00e9 de Arimatea Le\u00e3o, pontuou que os propriet\u00e1rios de vans t\u00eam 30 dias para regularizar a situa\u00e7\u00e3o. Caso isso n\u00e3o aconte\u00e7a, o \u00f3rg\u00e3o passar\u00e1 a aplicar multas.<\/p>\n<p style=\"text-align: justify;\">\u201cEssa fiscaliza\u00e7\u00e3o educativa visa garantir ao passageiro uma seguran\u00e7a no tocante a velocidade permitida e o tempo de trabalho do motorista. Foi estabelecido um prazo de 30 dias para que esses propriet\u00e1rios de vans regularizem a situa\u00e7\u00e3o. A fiscaliza\u00e7\u00e3o agora retornar\u00e1 com o trabalho ostensivo e aplica\u00e7\u00e3o de multa. Em Picos tr\u00eas empresas est\u00e3o habilitadas a fornecer o tac\u00f3grafo\u201d, disse Jos\u00e9 de Arimateia Le\u00e3o.<\/p>\n<p style=\"text-align: justify;\"><strong>Uso do tac\u00f3grafo<\/strong><\/p>\n<p style=\"text-align: justify;\">O tac\u00f3grafo \u00e9 um equipamento que registra a velocidade e a dist\u00e2ncia percorrida por um ve\u00edculo em rela\u00e7\u00e3o ao tempo.<\/p>\n<p style=\"text-align: justify;\">Al\u00e9m disso, ele tamb\u00e9m pode indicar outros par\u00e2metros da viagem, como quantas horas o motorista trabalhou, o tempo gasto nas paradas e a velocidade m\u00e9dia do ve\u00edculo.<\/p>\n<p><iframe title=\"Excesso de velocidade: IMEPI, PROCON, MP fiscalizam vans de Picos e regi\u00e3o\" width=\"500\" height=\"281\" src=\"https:\/\/www.youtube.com\/embed\/qUmN69bwnU8?feature=oembed\" frameborder=\"0\" allow=\"accelerometer; autoplay; clipboard-write; encrypted-media; gyroscope; picture-in-picture; web-share\" allowfullscreen><\/iframe><\/p>\n<p style=\"text-align: justify;\">A validade do tac\u00f3grafo \u00e9 de dois anos.<\/p>\n<p style=\"text-align: justify;\">Fonte: Cidade Verde<\/p>\n","protected":false},"excerpt":{"rendered":"<p>Nesta segunda-feira (30) e ter\u00e7a-feira (31), o Programa de Prote\u00e7\u00e3o e Defesa do Consumidor (Procon) realizou uma fiscaliza\u00e7\u00e3o educativa no munic\u00edpio de Picos junto ao transporte alternativo intermunicipal. A opera\u00e7\u00e3o foi deflagrada em parceria com o Instituto de Metrologia do Piau\u00ed (Imepi) e Inmetro. O objetivo da a\u00e7\u00e3o foi verificar o uso do tac\u00f3grafo e &hellip;<\/p>\n","protected":false},"author":2,"featured_media":0,"comment_status":"open","ping_status":"open","sticky":false,"template":"","format":"standard","meta":{"content-type":"","rop_custom_images_group":[],"rop_custom_messages_group":[],"rop_publish_now":"initial","rop_publish_now_accounts":{"facebook_2648258775420054_1618374048415101":""},"rop_publish_now_history":[],"rop_publish_now_status":"pending","footnotes":"","_jetpack_memberships_contains_paid_content":false},"categories":[109,127],"tags":[1101,128,1102],"yoast_head":"<!-- This site is optimized with the Yoast SEO plugin v22.3 - https:\/\/yoast.com\/wordpress\/plugins\/seo\/ -->\n<title>Em Picos, Procon realiza opera\u00e7\u00e3o e notifica 62% das vans com tac\u00f3grafo vencido - Portal NPM<\/title>\n<meta name=\"robots\" content=\"index, follow, max-snippet:-1, max-image-preview:large, max-video-preview:-1\" \/>\n<link rel=\"canonical\" href=\"https:\/\/portalnpm.com\/index.php\/2022\/06\/01\/em-picos-procon-realiza-operacao-e-notifica-62-das-vans-com-tacografo-vencido\/\" \/>\n<meta property=\"og:locale\" content=\"pt_BR\" \/>\n<meta property=\"og:type\" content=\"article\" \/>\n<meta property=\"og:title\" content=\"Em Picos, Procon realiza opera\u00e7\u00e3o e notifica 62% das vans com tac\u00f3grafo vencido - Portal NPM\" \/>\n<meta property=\"og:description\" content=\"Nesta segunda-feira (30) e ter\u00e7a-feira (31), o Programa de Prote\u00e7\u00e3o e Defesa do Consumidor (Procon) realizou uma fiscaliza\u00e7\u00e3o educativa no munic\u00edpio de Picos junto ao transporte alternativo intermunicipal. A opera\u00e7\u00e3o foi deflagrada em parceria com o Instituto de Metrologia do Piau\u00ed (Imepi) e Inmetro. O objetivo da a\u00e7\u00e3o foi verificar o uso do tac\u00f3grafo e &hellip;\" \/>\n<meta property=\"og:url\" content=\"https:\/\/portalnpm.com\/index.php\/2022\/06\/01\/em-picos-procon-realiza-operacao-e-notifica-62-das-vans-com-tacografo-vencido\/\" \/>\n<meta property=\"og:site_name\" content=\"Portal NPM\" \/>\n<meta property=\"article:published_time\" content=\"2022-06-01T14:48:48+00:00\" \/>\n<meta name=\"author\" content=\"Genival Barbosa\" \/>\n<meta name=\"twitter:card\" content=\"summary_large_image\" \/>\n<meta name=\"twitter:label1\" content=\"Escrito por\" \/>\n\t<meta name=\"twitter:data1\" content=\"Genival Barbosa\" \/>\n\t<meta name=\"twitter:label2\" content=\"Est. tempo de leitura\" \/>\n\t<meta name=\"twitter:data2\" content=\"2 minutos\" \/>\n<script type=\"application\/ld+json\" class=\"yoast-schema-graph\">{\"@context\":\"https:\/\/schema.org\",\"@graph\":[{\"@type\":\"WebPage\",\"@id\":\"https:\/\/portalnpm.com\/index.php\/2022\/06\/01\/em-picos-procon-realiza-operacao-e-notifica-62-das-vans-com-tacografo-vencido\/\",\"url\":\"https:\/\/portalnpm.com\/index.php\/2022\/06\/01\/em-picos-procon-realiza-operacao-e-notifica-62-das-vans-com-tacografo-vencido\/\",\"name\":\"Em Picos, Procon realiza opera\u00e7\u00e3o e notifica 62% das vans com tac\u00f3grafo vencido - Portal NPM\",\"isPartOf\":{\"@id\":\"https:\/\/portalnpm.com\/#website\"},\"datePublished\":\"2022-06-01T14:48:48+00:00\",\"dateModified\":\"2022-06-01T14:48:48+00:00\",\"author\":{\"@id\":\"https:\/\/portalnpm.com\/#\/schema\/person\/49313e563cfdefcc167f1ee4c017c294\"},\"breadcrumb\":{\"@id\":\"https:\/\/portalnpm.com\/index.php\/2022\/06\/01\/em-picos-procon-realiza-operacao-e-notifica-62-das-vans-com-tacografo-vencido\/#breadcrumb\"},\"inLanguage\":\"pt-BR\",\"potentialAction\":[{\"@type\":\"ReadAction\",\"target\":[\"https:\/\/portalnpm.com\/index.php\/2022\/06\/01\/em-picos-procon-realiza-operacao-e-notifica-62-das-vans-com-tacografo-vencido\/\"]}]},{\"@type\":\"BreadcrumbList\",\"@id\":\"https:\/\/portalnpm.com\/index.php\/2022\/06\/01\/em-picos-procon-realiza-operacao-e-notifica-62-das-vans-com-tacografo-vencido\/#breadcrumb\",\"itemListElement\":[{\"@type\":\"ListItem\",\"position\":1,\"name\":\"In\u00edcio\",\"item\":\"https:\/\/portalnpm.com\/\"},{\"@type\":\"ListItem\",\"position\":2,\"name\":\"Em Picos, Procon realiza opera\u00e7\u00e3o e notifica 62% das vans com tac\u00f3grafo vencido\"}]},{\"@type\":\"WebSite\",\"@id\":\"https:\/\/portalnpm.com\/#website\",\"url\":\"https:\/\/portalnpm.com\/\",\"name\":\"Portal NPM\",\"description\":\"Not\u00edcias em Primeira M\u00e3o\",\"potentialAction\":[{\"@type\":\"SearchAction\",\"target\":{\"@type\":\"EntryPoint\",\"urlTemplate\":\"https:\/\/portalnpm.com\/?s={search_term_string}\"},\"query-input\":\"required name=search_term_string\"}],\"inLanguage\":\"pt-BR\"},{\"@type\":\"Person\",\"@id\":\"https:\/\/portalnpm.com\/#\/schema\/person\/49313e563cfdefcc167f1ee4c017c294\",\"name\":\"Genival Barbosa\",\"image\":{\"@type\":\"ImageObject\",\"inLanguage\":\"pt-BR\",\"@id\":\"https:\/\/portalnpm.com\/#\/schema\/person\/image\/\",\"url\":\"https:\/\/portalnpm.com\/wp-content\/uploads\/2024\/02\/avatar_user_2_1707743258-96x96.jpeg\",\"contentUrl\":\"https:\/\/portalnpm.com\/wp-content\/uploads\/2024\/02\/avatar_user_2_1707743258-96x96.jpeg\",\"caption\":\"Genival Barbosa\"},\"url\":\"https:\/\/portalnpm.com\/index.php\/author\/genival\/\"}]}<\/script>\n<!-- \/ Yoast SEO plugin. -->","yoast_head_json":{"title":"Em Picos, Procon realiza opera\u00e7\u00e3o e notifica 62% das vans com tac\u00f3grafo vencido - Portal NPM","robots":{"index":"index","follow":"follow","max-snippet":"max-snippet:-1","max-image-preview":"max-image-preview:large","max-video-preview":"max-video-preview:-1"},"canonical":"https:\/\/portalnpm.com\/index.php\/2022\/06\/01\/em-picos-procon-realiza-operacao-e-notifica-62-das-vans-com-tacografo-vencido\/","og_locale":"pt_BR","og_type":"article","og_title":"Em Picos, Procon realiza opera\u00e7\u00e3o e notifica 62% das vans com tac\u00f3grafo vencido - Portal NPM","og_description":"Nesta segunda-feira (30) e ter\u00e7a-feira (31), o Programa de Prote\u00e7\u00e3o e Defesa do Consumidor (Procon) realizou uma fiscaliza\u00e7\u00e3o educativa no munic\u00edpio de Picos junto ao transporte alternativo intermunicipal. A opera\u00e7\u00e3o foi deflagrada em parceria com o Instituto de Metrologia do Piau\u00ed (Imepi) e Inmetro. O objetivo da a\u00e7\u00e3o foi verificar o uso do tac\u00f3grafo e &hellip;","og_url":"https:\/\/portalnpm.com\/index.php\/2022\/06\/01\/em-picos-procon-realiza-operacao-e-notifica-62-das-vans-com-tacografo-vencido\/","og_site_name":"Portal NPM","article_published_time":"2022-06-01T14:48:48+00:00","author":"Genival Barbosa","twitter_card":"summary_large_image","twitter_misc":{"Escrito por":"Genival Barbosa","Est. tempo de leitura":"2 minutos"},"schema":{"@context":"https:\/\/schema.org","@graph":[{"@type":"WebPage","@id":"https:\/\/portalnpm.com\/index.php\/2022\/06\/01\/em-picos-procon-realiza-operacao-e-notifica-62-das-vans-com-tacografo-vencido\/","url":"https:\/\/portalnpm.com\/index.php\/2022\/06\/01\/em-picos-procon-realiza-operacao-e-notifica-62-das-vans-com-tacografo-vencido\/","name":"Em Picos, Procon realiza opera\u00e7\u00e3o e notifica 62% das vans com tac\u00f3grafo vencido - Portal NPM","isPartOf":{"@id":"https:\/\/portalnpm.com\/#website"},"datePublished":"2022-06-01T14:48:48+00:00","dateModified":"2022-06-01T14:48:48+00:00","author":{"@id":"https:\/\/portalnpm.com\/#\/schema\/person\/49313e563cfdefcc167f1ee4c017c294"},"breadcrumb":{"@id":"https:\/\/portalnpm.com\/index.php\/2022\/06\/01\/em-picos-procon-realiza-operacao-e-notifica-62-das-vans-com-tacografo-vencido\/#breadcrumb"},"inLanguage":"pt-BR","potentialAction":[{"@type":"ReadAction","target":["https:\/\/portalnpm.com\/index.php\/2022\/06\/01\/em-picos-procon-realiza-operacao-e-notifica-62-das-vans-com-tacografo-vencido\/"]}]},{"@type":"BreadcrumbList","@id":"https:\/\/portalnpm.com\/index.php\/2022\/06\/01\/em-picos-procon-realiza-operacao-e-notifica-62-das-vans-com-tacografo-vencido\/#breadcrumb","itemListElement":[{"@type":"ListItem","position":1,"name":"In\u00edcio","item":"https:\/\/portalnpm.com\/"},{"@type":"ListItem","position":2,"name":"Em Picos, Procon realiza opera\u00e7\u00e3o e notifica 62% das vans com tac\u00f3grafo vencido"}]},{"@type":"WebSite","@id":"https:\/\/portalnpm.com\/#website","url":"https:\/\/portalnpm.com\/","name":"Portal NPM","description":"Not\u00edcias em Primeira M\u00e3o","potentialAction":[{"@type":"SearchAction","target":{"@type":"EntryPoint","urlTemplate":"https:\/\/portalnpm.com\/?s={search_term_string}"},"query-input":"required name=search_term_string"}],"inLanguage":"pt-BR"},{"@type":"Person","@id":"https:\/\/portalnpm.com\/#\/schema\/person\/49313e563cfdefcc167f1ee4c017c294","name":"Genival Barbosa","image":{"@type":"ImageObject","inLanguage":"pt-BR","@id":"https:\/\/portalnpm.com\/#\/schema\/person\/image\/","url":"https:\/\/portalnpm.com\/wp-content\/uploads\/2024\/02\/avatar_user_2_1707743258-96x96.jpeg","contentUrl":"https:\/\/portalnpm.com\/wp-content\/uploads\/2024\/02\/avatar_user_2_1707743258-96x96.jpeg","caption":"Genival Barbosa"},"url":"https:\/\/portalnpm.com\/index.php\/author\/genival\/"}]}},"jetpack_sharing_enabled":true,"jetpack_featured_media_url":"","_links":{"self":[{"href":"https:\/\/portalnpm.com\/index.php\/wp-json\/wp\/v2\/posts\/41925"}],"collection":[{"href":"https:\/\/portalnpm.com\/index.php\/wp-json\/wp\/v2\/posts"}],"about":[{"href":"https:\/\/portalnpm.com\/index.php\/wp-json\/wp\/v2\/types\/post"}],"author":[{"embeddable":true,"href":"https:\/\/portalnpm.com\/index.php\/wp-json\/wp\/v2\/users\/2"}],"replies":[{"embeddable":true,"href":"https:\/\/portalnpm.com\/index.php\/wp-json\/wp\/v2\/comments?post=41925"}],"version-history":[{"count":1,"href":"https:\/\/portalnpm.com\/index.php\/wp-json\/wp\/v2\/posts\/41925\/revisions"}],"predecessor-version":[{"id":41927,"href":"https:\/\/portalnpm.com\/index.php\/wp-json\/wp\/v2\/posts\/41925\/revisions\/41927"}],"wp:attachment":[{"href":"https:\/\/portalnpm.com\/index.php\/wp-json\/wp\/v2\/media?parent=41925"}],"wp:term":[{"taxonomy":"category","embeddable":true,"href":"https:\/\/portalnpm.com\/index.php\/wp-json\/wp\/v2\/categories?post=41925"},{"taxonomy":"post_tag","embeddable":true,"href":"https:\/\/portalnpm.com\/index.php\/wp-json\/wp\/v2\/tags?post=41925"}],"curies":[{"name":"wp","href":"https:\/\/api.w.org\/{rel}","templated":true}]}}