{"id":41939,"date":"2022-06-02T11:05:22","date_gmt":"2022-06-02T14:05:22","guid":{"rendered":"https:\/\/portalnpm.com\/?p=41939"},"modified":"2022-06-02T11:05:22","modified_gmt":"2022-06-02T14:05:22","slug":"numero-de-mortes-apos-chuvas-em-pernambuco-sobe-para-120-segundo-governo-estadual","status":"publish","type":"post","link":"https:\/\/portalnpm.com\/index.php\/2022\/06\/02\/numero-de-mortes-apos-chuvas-em-pernambuco-sobe-para-120-segundo-governo-estadual\/","title":{"rendered":"N\u00famero de mortes ap\u00f3s chuvas em Pernambuco sobe para 120, segundo governo estadual"},"content":{"rendered":"<p style=\"text-align: justify;\">Subiu para 120 o n\u00famero de mortos pelas chuvas em Pernambuco, de acordo com balan\u00e7o divulgado pelo governo estadual na noite desta quarta-feira (1\u00ba). Com isso, a trag\u00e9dia supera chuvas e cheias de 1975, quando 107 pessoas morreram no estado.<\/p>\n<p style=\"text-align: justify;\">\n<p style=\"text-align: justify;\">\n<p style=\"text-align: justify;\">At\u00e9 a ter\u00e7a-feira (31), eram 106 mortes confirmadas. A enchente de maio de 1966 matou 175 pessoas e continua como maior desastre da hist\u00f3ria de Pernambuco.<\/p>\n<p style=\"text-align: justify;\">O Corpo de Bombeiros informou, nesta quarta, que mais cinco corpos foram encontrados: dois na Vila dos Milagres (na zona oeste do Recife), duas em Jaboat\u00e3o dos Guararapes (na regi\u00e3o metropolitana da capital) e uma na cidade de Limoeiro (no agreste).<\/p>\n<p style=\"text-align: justify;\">O \u00f3bito em Limoeiro \u00e9 o primeiro registrado no interior do estado na atual onda de chuvas, que come\u00e7ou na quarta-feira passada (25).<\/p>\n<p style=\"text-align: justify;\">Al\u00e9m disso, o governo disse que o IML (Instituto de Medicina Legal) constatou que mais nove corpos procedentes de unidades de sa\u00fade tamb\u00e9m eram de pessoas que morreram em consequ\u00eancia dos efeitos dos temporais.<\/p>\n<p style=\"text-align: justify;\">As buscas por soterrados seguem em Vila dos Milagres, no Recife, no Curado IV, em Jaboat\u00e3o, e em Areeiro, em Camaragibe. Mergulhadores dos Bombeiros e da Marinha buscam ainda uma pessoa levada pela enxurrada no bairro de Paratibe, em Paulista, no Grande Recife .<\/p>\n<p style=\"text-align: justify;\">O total de desabrigados foi a 7.312, ainda segundo o balan\u00e7o. Essas pessoas est\u00e3o em 66 abrigos localizados em 27 munic\u00edpios. Diversas campanhas de doa\u00e7\u00e3o foram abertas para ajudar fam\u00edlias atingidas.<\/p>\n<p style=\"text-align: justify;\">O n\u00famero de munic\u00edpios pernambucanos que j\u00e1 decretaram situa\u00e7\u00e3o de emerg\u00eancia segue em 24: Recife, Olinda, Jaboat\u00e3o dos Guararapes, S\u00e3o Jos\u00e9 da Coroa Grande, Moreno, Nazar\u00e9 da Mata, Macaparana, Cabo de Santo Agostinho, S\u00e3o Vicente Ferrer, Paudalho, Paulista, Goiana, Timba\u00faba, Camaragibe, S\u00e3o Louren\u00e7o da Mata, Abreu e Lima, Ara\u00e7oiaba, Igarassu, Alian\u00e7a, Gl\u00f3ria do Goit\u00e1, Vic\u00eancia, Bom Jardim, Limoeiro e Passira. O governo estadual tamb\u00e9m decretou emerg\u00eancia.<\/p>\n<p style=\"text-align: justify;\">Bombeiros enviados pelo governo da Para\u00edba e profissionais especializados no atendimento a casos de deslizamentos de Minas Gerais tamb\u00e9m refor\u00e7am as equipes de resgate. Um grupo da Defesa Civil do Rio de Janeiro est\u00e1 no Recife para refor\u00e7ar o atendimento.<\/p>\n<p style=\"text-align: justify;\">Pernambuco, Bahia, Minas Gerais e Rio de Janeiro tiveram desastres naturais que somaram mais de 400 mortes nos \u00faltimos seis meses.<\/p>\n<p style=\"text-align: justify;\">Entre 17 e 18 e julho de 1975, o Recife teve um forte temporal que deixou a cidade submersa ap\u00f3s o Rio Capibaribe, que corta a cidade, transbordar. Outras 25 cidades banhadas pelo rio foram afetadas pelo avan\u00e7o da \u00e1gua. Al\u00e9m dos 107 que foram a \u00f3bito, outros 350 mil ficaram desabrigados ou desalojados.<\/p>\n<p style=\"text-align: justify;\">H\u00e1 48 anos, a maior parte da cidade ficou sem energia el\u00e9trica, hospitais afetados pela \u00e1gua e ruas intransit\u00e1veis, deixando o transporte apenas a cargo de barcos.<\/p>\n<p style=\"text-align: justify;\">As mortes das cheias de 1975 se deram pela ingest\u00e3o de \u00e1gua contaminada, afogamentos e problemas card\u00edacos pelo p\u00e2nico causado pelos alagamentos.<\/p>\n<p style=\"text-align: justify;\">\n<p style=\"text-align: justify;\"><em>Fonte: Folhapress (Jos\u00e9 Matheus Santos)<\/em><\/p>\n","protected":false},"excerpt":{"rendered":"<p>Subiu para 120 o n\u00famero de mortos pelas chuvas em Pernambuco, de acordo com balan\u00e7o divulgado pelo governo estadual na noite desta quarta-feira (1\u00ba). Com isso, a trag\u00e9dia supera chuvas e cheias de 1975, quando 107 pessoas morreram no estado. At\u00e9 a ter\u00e7a-feira (31), eram 106 mortes confirmadas. A enchente de maio de 1966 matou &hellip;<\/p>\n","protected":false},"author":2,"featured_media":41940,"comment_status":"open","ping_status":"open","sticky":false,"template":"","format":"standard","meta":{"content-type":"","rop_custom_images_group":[],"rop_custom_messages_group":[],"rop_publish_now":"initial","rop_publish_now_accounts":{"facebook_2648258775420054_1618374048415101":""},"rop_publish_now_history":[],"rop_publish_now_status":"pending","footnotes":"","_jetpack_memberships_contains_paid_content":false},"categories":[118],"tags":[943,737],"yoast_head":"<!-- This site is optimized with the Yoast SEO plugin v22.3 - https:\/\/yoast.com\/wordpress\/plugins\/seo\/ -->\n<title>N\u00famero de mortes ap\u00f3s chuvas em Pernambuco sobe para 120, segundo governo estadual - Portal NPM<\/title>\n<meta name=\"robots\" content=\"index, follow, max-snippet:-1, max-image-preview:large, max-video-preview:-1\" \/>\n<link rel=\"canonical\" href=\"https:\/\/portalnpm.com\/index.php\/2022\/06\/02\/numero-de-mortes-apos-chuvas-em-pernambuco-sobe-para-120-segundo-governo-estadual\/\" \/>\n<meta property=\"og:locale\" content=\"pt_BR\" \/>\n<meta property=\"og:type\" content=\"article\" \/>\n<meta property=\"og:title\" content=\"N\u00famero de mortes ap\u00f3s chuvas em Pernambuco sobe para 120, segundo governo estadual - Portal NPM\" \/>\n<meta property=\"og:description\" content=\"Subiu para 120 o n\u00famero de mortos pelas chuvas em Pernambuco, de acordo com balan\u00e7o divulgado pelo governo estadual na noite desta quarta-feira (1\u00ba). Com isso, a trag\u00e9dia supera chuvas e cheias de 1975, quando 107 pessoas morreram no estado. At\u00e9 a ter\u00e7a-feira (31), eram 106 mortes confirmadas. A enchente de maio de 1966 matou &hellip;\" \/>\n<meta property=\"og:url\" content=\"https:\/\/portalnpm.com\/index.php\/2022\/06\/02\/numero-de-mortes-apos-chuvas-em-pernambuco-sobe-para-120-segundo-governo-estadual\/\" \/>\n<meta property=\"og:site_name\" content=\"Portal NPM\" \/>\n<meta property=\"article:published_time\" content=\"2022-06-02T14:05:22+00:00\" \/>\n<meta property=\"og:image\" content=\"https:\/\/portalnpm.com\/wp-content\/uploads\/2022\/06\/0d1ee6ac578730199df04757e8638e45.jpg\" \/>\n\t<meta property=\"og:image:width\" content=\"790\" \/>\n\t<meta property=\"og:image:height\" content=\"473\" \/>\n\t<meta property=\"og:image:type\" content=\"image\/jpeg\" \/>\n<meta name=\"author\" content=\"Genival Barbosa\" \/>\n<meta name=\"twitter:card\" content=\"summary_large_image\" \/>\n<meta name=\"twitter:label1\" content=\"Escrito por\" \/>\n\t<meta name=\"twitter:data1\" content=\"Genival Barbosa\" \/>\n\t<meta name=\"twitter:label2\" content=\"Est. tempo de leitura\" \/>\n\t<meta name=\"twitter:data2\" content=\"3 minutos\" \/>\n<script type=\"application\/ld+json\" class=\"yoast-schema-graph\">{\"@context\":\"https:\/\/schema.org\",\"@graph\":[{\"@type\":\"WebPage\",\"@id\":\"https:\/\/portalnpm.com\/index.php\/2022\/06\/02\/numero-de-mortes-apos-chuvas-em-pernambuco-sobe-para-120-segundo-governo-estadual\/\",\"url\":\"https:\/\/portalnpm.com\/index.php\/2022\/06\/02\/numero-de-mortes-apos-chuvas-em-pernambuco-sobe-para-120-segundo-governo-estadual\/\",\"name\":\"N\u00famero de mortes ap\u00f3s chuvas em Pernambuco sobe para 120, segundo governo estadual - Portal NPM\",\"isPartOf\":{\"@id\":\"https:\/\/portalnpm.com\/#website\"},\"primaryImageOfPage\":{\"@id\":\"https:\/\/portalnpm.com\/index.php\/2022\/06\/02\/numero-de-mortes-apos-chuvas-em-pernambuco-sobe-para-120-segundo-governo-estadual\/#primaryimage\"},\"image\":{\"@id\":\"https:\/\/portalnpm.com\/index.php\/2022\/06\/02\/numero-de-mortes-apos-chuvas-em-pernambuco-sobe-para-120-segundo-governo-estadual\/#primaryimage\"},\"thumbnailUrl\":\"https:\/\/portalnpm.com\/wp-content\/uploads\/2022\/06\/0d1ee6ac578730199df04757e8638e45.jpg\",\"datePublished\":\"2022-06-02T14:05:22+00:00\",\"dateModified\":\"2022-06-02T14:05:22+00:00\",\"author\":{\"@id\":\"https:\/\/portalnpm.com\/#\/schema\/person\/49313e563cfdefcc167f1ee4c017c294\"},\"breadcrumb\":{\"@id\":\"https:\/\/portalnpm.com\/index.php\/2022\/06\/02\/numero-de-mortes-apos-chuvas-em-pernambuco-sobe-para-120-segundo-governo-estadual\/#breadcrumb\"},\"inLanguage\":\"pt-BR\",\"potentialAction\":[{\"@type\":\"ReadAction\",\"target\":[\"https:\/\/portalnpm.com\/index.php\/2022\/06\/02\/numero-de-mortes-apos-chuvas-em-pernambuco-sobe-para-120-segundo-governo-estadual\/\"]}]},{\"@type\":\"ImageObject\",\"inLanguage\":\"pt-BR\",\"@id\":\"https:\/\/portalnpm.com\/index.php\/2022\/06\/02\/numero-de-mortes-apos-chuvas-em-pernambuco-sobe-para-120-segundo-governo-estadual\/#primaryimage\",\"url\":\"https:\/\/portalnpm.com\/wp-content\/uploads\/2022\/06\/0d1ee6ac578730199df04757e8638e45.jpg\",\"contentUrl\":\"https:\/\/portalnpm.com\/wp-content\/uploads\/2022\/06\/0d1ee6ac578730199df04757e8638e45.jpg\",\"width\":790,\"height\":473},{\"@type\":\"BreadcrumbList\",\"@id\":\"https:\/\/portalnpm.com\/index.php\/2022\/06\/02\/numero-de-mortes-apos-chuvas-em-pernambuco-sobe-para-120-segundo-governo-estadual\/#breadcrumb\",\"itemListElement\":[{\"@type\":\"ListItem\",\"position\":1,\"name\":\"In\u00edcio\",\"item\":\"https:\/\/portalnpm.com\/\"},{\"@type\":\"ListItem\",\"position\":2,\"name\":\"N\u00famero de mortes ap\u00f3s chuvas em Pernambuco sobe para 120, segundo governo estadual\"}]},{\"@type\":\"WebSite\",\"@id\":\"https:\/\/portalnpm.com\/#website\",\"url\":\"https:\/\/portalnpm.com\/\",\"name\":\"Portal NPM\",\"description\":\"Not\u00edcias em Primeira M\u00e3o\",\"potentialAction\":[{\"@type\":\"SearchAction\",\"target\":{\"@type\":\"EntryPoint\",\"urlTemplate\":\"https:\/\/portalnpm.com\/?s={search_term_string}\"},\"query-input\":\"required name=search_term_string\"}],\"inLanguage\":\"pt-BR\"},{\"@type\":\"Person\",\"@id\":\"https:\/\/portalnpm.com\/#\/schema\/person\/49313e563cfdefcc167f1ee4c017c294\",\"name\":\"Genival Barbosa\",\"image\":{\"@type\":\"ImageObject\",\"inLanguage\":\"pt-BR\",\"@id\":\"https:\/\/portalnpm.com\/#\/schema\/person\/image\/\",\"url\":\"https:\/\/portalnpm.com\/wp-content\/uploads\/2024\/02\/avatar_user_2_1707743258-96x96.jpeg\",\"contentUrl\":\"https:\/\/portalnpm.com\/wp-content\/uploads\/2024\/02\/avatar_user_2_1707743258-96x96.jpeg\",\"caption\":\"Genival Barbosa\"},\"url\":\"https:\/\/portalnpm.com\/index.php\/author\/genival\/\"}]}<\/script>\n<!-- \/ Yoast SEO plugin. -->","yoast_head_json":{"title":"N\u00famero de mortes ap\u00f3s chuvas em Pernambuco sobe para 120, segundo governo estadual - Portal NPM","robots":{"index":"index","follow":"follow","max-snippet":"max-snippet:-1","max-image-preview":"max-image-preview:large","max-video-preview":"max-video-preview:-1"},"canonical":"https:\/\/portalnpm.com\/index.php\/2022\/06\/02\/numero-de-mortes-apos-chuvas-em-pernambuco-sobe-para-120-segundo-governo-estadual\/","og_locale":"pt_BR","og_type":"article","og_title":"N\u00famero de mortes ap\u00f3s chuvas em Pernambuco sobe para 120, segundo governo estadual - Portal NPM","og_description":"Subiu para 120 o n\u00famero de mortos pelas chuvas em Pernambuco, de acordo com balan\u00e7o divulgado pelo governo estadual na noite desta quarta-feira (1\u00ba). Com isso, a trag\u00e9dia supera chuvas e cheias de 1975, quando 107 pessoas morreram no estado. At\u00e9 a ter\u00e7a-feira (31), eram 106 mortes confirmadas. A enchente de maio de 1966 matou &hellip;","og_url":"https:\/\/portalnpm.com\/index.php\/2022\/06\/02\/numero-de-mortes-apos-chuvas-em-pernambuco-sobe-para-120-segundo-governo-estadual\/","og_site_name":"Portal NPM","article_published_time":"2022-06-02T14:05:22+00:00","og_image":[{"width":790,"height":473,"url":"https:\/\/portalnpm.com\/wp-content\/uploads\/2022\/06\/0d1ee6ac578730199df04757e8638e45.jpg","type":"image\/jpeg"}],"author":"Genival Barbosa","twitter_card":"summary_large_image","twitter_misc":{"Escrito por":"Genival Barbosa","Est. tempo de leitura":"3 minutos"},"schema":{"@context":"https:\/\/schema.org","@graph":[{"@type":"WebPage","@id":"https:\/\/portalnpm.com\/index.php\/2022\/06\/02\/numero-de-mortes-apos-chuvas-em-pernambuco-sobe-para-120-segundo-governo-estadual\/","url":"https:\/\/portalnpm.com\/index.php\/2022\/06\/02\/numero-de-mortes-apos-chuvas-em-pernambuco-sobe-para-120-segundo-governo-estadual\/","name":"N\u00famero de mortes ap\u00f3s chuvas em Pernambuco sobe para 120, segundo governo estadual - Portal NPM","isPartOf":{"@id":"https:\/\/portalnpm.com\/#website"},"primaryImageOfPage":{"@id":"https:\/\/portalnpm.com\/index.php\/2022\/06\/02\/numero-de-mortes-apos-chuvas-em-pernambuco-sobe-para-120-segundo-governo-estadual\/#primaryimage"},"image":{"@id":"https:\/\/portalnpm.com\/index.php\/2022\/06\/02\/numero-de-mortes-apos-chuvas-em-pernambuco-sobe-para-120-segundo-governo-estadual\/#primaryimage"},"thumbnailUrl":"https:\/\/portalnpm.com\/wp-content\/uploads\/2022\/06\/0d1ee6ac578730199df04757e8638e45.jpg","datePublished":"2022-06-02T14:05:22+00:00","dateModified":"2022-06-02T14:05:22+00:00","author":{"@id":"https:\/\/portalnpm.com\/#\/schema\/person\/49313e563cfdefcc167f1ee4c017c294"},"breadcrumb":{"@id":"https:\/\/portalnpm.com\/index.php\/2022\/06\/02\/numero-de-mortes-apos-chuvas-em-pernambuco-sobe-para-120-segundo-governo-estadual\/#breadcrumb"},"inLanguage":"pt-BR","potentialAction":[{"@type":"ReadAction","target":["https:\/\/portalnpm.com\/index.php\/2022\/06\/02\/numero-de-mortes-apos-chuvas-em-pernambuco-sobe-para-120-segundo-governo-estadual\/"]}]},{"@type":"ImageObject","inLanguage":"pt-BR","@id":"https:\/\/portalnpm.com\/index.php\/2022\/06\/02\/numero-de-mortes-apos-chuvas-em-pernambuco-sobe-para-120-segundo-governo-estadual\/#primaryimage","url":"https:\/\/portalnpm.com\/wp-content\/uploads\/2022\/06\/0d1ee6ac578730199df04757e8638e45.jpg","contentUrl":"https:\/\/portalnpm.com\/wp-content\/uploads\/2022\/06\/0d1ee6ac578730199df04757e8638e45.jpg","width":790,"height":473},{"@type":"BreadcrumbList","@id":"https:\/\/portalnpm.com\/index.php\/2022\/06\/02\/numero-de-mortes-apos-chuvas-em-pernambuco-sobe-para-120-segundo-governo-estadual\/#breadcrumb","itemListElement":[{"@type":"ListItem","position":1,"name":"In\u00edcio","item":"https:\/\/portalnpm.com\/"},{"@type":"ListItem","position":2,"name":"N\u00famero de mortes ap\u00f3s chuvas em Pernambuco sobe para 120, segundo governo estadual"}]},{"@type":"WebSite","@id":"https:\/\/portalnpm.com\/#website","url":"https:\/\/portalnpm.com\/","name":"Portal NPM","description":"Not\u00edcias em Primeira M\u00e3o","potentialAction":[{"@type":"SearchAction","target":{"@type":"EntryPoint","urlTemplate":"https:\/\/portalnpm.com\/?s={search_term_string}"},"query-input":"required name=search_term_string"}],"inLanguage":"pt-BR"},{"@type":"Person","@id":"https:\/\/portalnpm.com\/#\/schema\/person\/49313e563cfdefcc167f1ee4c017c294","name":"Genival Barbosa","image":{"@type":"ImageObject","inLanguage":"pt-BR","@id":"https:\/\/portalnpm.com\/#\/schema\/person\/image\/","url":"https:\/\/portalnpm.com\/wp-content\/uploads\/2024\/02\/avatar_user_2_1707743258-96x96.jpeg","contentUrl":"https:\/\/portalnpm.com\/wp-content\/uploads\/2024\/02\/avatar_user_2_1707743258-96x96.jpeg","caption":"Genival Barbosa"},"url":"https:\/\/portalnpm.com\/index.php\/author\/genival\/"}]}},"jetpack_sharing_enabled":true,"jetpack_featured_media_url":"https:\/\/portalnpm.com\/wp-content\/uploads\/2022\/06\/0d1ee6ac578730199df04757e8638e45.jpg","_links":{"self":[{"href":"https:\/\/portalnpm.com\/index.php\/wp-json\/wp\/v2\/posts\/41939"}],"collection":[{"href":"https:\/\/portalnpm.com\/index.php\/wp-json\/wp\/v2\/posts"}],"about":[{"href":"https:\/\/portalnpm.com\/index.php\/wp-json\/wp\/v2\/types\/post"}],"author":[{"embeddable":true,"href":"https:\/\/portalnpm.com\/index.php\/wp-json\/wp\/v2\/users\/2"}],"replies":[{"embeddable":true,"href":"https:\/\/portalnpm.com\/index.php\/wp-json\/wp\/v2\/comments?post=41939"}],"version-history":[{"count":1,"href":"https:\/\/portalnpm.com\/index.php\/wp-json\/wp\/v2\/posts\/41939\/revisions"}],"predecessor-version":[{"id":41941,"href":"https:\/\/portalnpm.com\/index.php\/wp-json\/wp\/v2\/posts\/41939\/revisions\/41941"}],"wp:featuredmedia":[{"embeddable":true,"href":"https:\/\/portalnpm.com\/index.php\/wp-json\/wp\/v2\/media\/41940"}],"wp:attachment":[{"href":"https:\/\/portalnpm.com\/index.php\/wp-json\/wp\/v2\/media?parent=41939"}],"wp:term":[{"taxonomy":"category","embeddable":true,"href":"https:\/\/portalnpm.com\/index.php\/wp-json\/wp\/v2\/categories?post=41939"},{"taxonomy":"post_tag","embeddable":true,"href":"https:\/\/portalnpm.com\/index.php\/wp-json\/wp\/v2\/tags?post=41939"}],"curies":[{"name":"wp","href":"https:\/\/api.w.org\/{rel}","templated":true}]}}