{"id":42039,"date":"2022-06-19T19:40:25","date_gmt":"2022-06-19T22:40:25","guid":{"rendered":"https:\/\/backupnpm.codetainer.com.br\/?p=42039"},"modified":"2022-06-19T19:40:25","modified_gmt":"2022-06-19T22:40:25","slug":"candidato-de-esquerda-gustavo-petro-e-eleito-presidente-da-colombia","status":"publish","type":"post","link":"https:\/\/portalnpm.com\/index.php\/2022\/06\/19\/candidato-de-esquerda-gustavo-petro-e-eleito-presidente-da-colombia\/","title":{"rendered":"Candidato de esquerda, Gustavo Petro \u00e9 eleito presidente da Col\u00f4mbia"},"content":{"rendered":"<blockquote><p>Petro conquistou 50,51% dos votos v\u00e1lidos contra 47,22% de seu advers\u00e1rio no segundo turno, Rodolfo Hern\u00e1ndez<\/p><\/blockquote>\n<p style=\"text-align: justify;\">Os colombianos foram \u00e0s urnas neste domingo (19\/6) para decidir o novo presidente do pa\u00eds. Quem saiu vitorioso do segundo turno foi\u00a0<a href=\"https:\/\/www.metropoles.com\/mundo\/eleicao-na-colombia-tem-duelo-entre-progressista-e-ultradireitista?amp\" target=\"_blank\" rel=\"amphtml noopener\">Gustavo Petro<\/a>, com 50,51% dos votos v\u00e1lidos contra 47,22% do rival,\u00a0<a href=\"https:\/\/www.metropoles.com\/blog-do-noblat\/artigos\/colombia-pode-eleger-populismo-de-direita?amp\" target=\"_blank\" rel=\"amphtml noopener\">Rodolfo Hern\u00e1ndez<\/a>.<\/p>\n<div class=\"m-banner-wrap m-banner-rectangle m-publicity-content-middle\" style=\"text-align: justify;\">\n<div id=\"MTP_PUB_CAT_PAI_DFP-quadrado-1\" class=\"ad-quadrado\"><img fetchpriority=\"high\" decoding=\"async\" class=\"alignnone size-full wp-image-42040\" src=\"https:\/\/backupnpm.codetainer.com.br\/wp-content\/uploads\/2022\/06\/Gustavo-Petro-Francia-Marquez-1024x684-1.jpg\" alt=\"\" width=\"1024\" height=\"684\" \/><\/div>\n<\/div>\n<p style=\"text-align: justify;\">A coaliz\u00e3o Pacto Hist\u00f3rico, da qual o vencedor faz parte, conta com Francia M\u00e1rquez como vice, advogada e ativista pelo meio ambiente e direitos humanos.<\/p>\n<p style=\"text-align: justify;\">Petro tem 62 anos e j\u00e1 foi deputado e prefeito da capital do pa\u00eds, Bogot\u00e1. \u00c9 formado em economia e atualmente ocupa o cargo de senador pelo partido Colombia Humana, que ajudou a fundar.<\/p>\n<p style=\"text-align: justify;\">Entre as principais propostas do novo presidente eleito, est\u00e3o a realiza\u00e7\u00e3o de uma nova reforma agr\u00e1ria, implementa\u00e7\u00e3o de fontes de energia renov\u00e1veis, pol\u00edticas voltadas \u00e0s minorias sociais, desobriga\u00e7\u00e3o do servi\u00e7o militar e reforma tribut\u00e1ria.<\/p>\n<p style=\"text-align: justify;\">Fonte: Metr\u00f3pole<\/p>\n","protected":false},"excerpt":{"rendered":"<p>Petro conquistou 50,51% dos votos v\u00e1lidos contra 47,22% de seu advers\u00e1rio no segundo turno, Rodolfo Hern\u00e1ndez Os colombianos foram \u00e0s urnas neste domingo (19\/6) para decidir o novo presidente do pa\u00eds. Quem saiu vitorioso do segundo turno foi\u00a0Gustavo Petro, com 50,51% dos votos v\u00e1lidos contra 47,22% do rival,\u00a0Rodolfo Hern\u00e1ndez. A coaliz\u00e3o Pacto Hist\u00f3rico, da qual &hellip;<\/p>\n","protected":false},"author":3,"featured_media":42041,"comment_status":"open","ping_status":"open","sticky":false,"template":"","format":"standard","meta":{"content-type":"","rop_custom_images_group":[],"rop_custom_messages_group":[],"rop_publish_now":"initial","rop_publish_now_accounts":{"facebook_2648258775420054_1618374048415101":""},"rop_publish_now_history":[],"rop_publish_now_status":"pending","footnotes":"","_jetpack_memberships_contains_paid_content":false},"categories":[113,130],"tags":[4579,732,1004],"yoast_head":"<!-- This site is optimized with the Yoast SEO plugin v22.3 - https:\/\/yoast.com\/wordpress\/plugins\/seo\/ -->\n<title>Candidato de esquerda, Gustavo Petro \u00e9 eleito presidente da Col\u00f4mbia - Portal NPM<\/title>\n<meta name=\"robots\" content=\"index, follow, max-snippet:-1, max-image-preview:large, max-video-preview:-1\" \/>\n<link rel=\"canonical\" href=\"https:\/\/portalnpm.com\/index.php\/2022\/06\/19\/candidato-de-esquerda-gustavo-petro-e-eleito-presidente-da-colombia\/\" \/>\n<meta property=\"og:locale\" content=\"pt_BR\" \/>\n<meta property=\"og:type\" content=\"article\" \/>\n<meta property=\"og:title\" content=\"Candidato de esquerda, Gustavo Petro \u00e9 eleito presidente da Col\u00f4mbia - Portal NPM\" \/>\n<meta property=\"og:description\" content=\"Petro conquistou 50,51% dos votos v\u00e1lidos contra 47,22% de seu advers\u00e1rio no segundo turno, Rodolfo Hern\u00e1ndez Os colombianos foram \u00e0s urnas neste domingo (19\/6) para decidir o novo presidente do pa\u00eds. Quem saiu vitorioso do segundo turno foi\u00a0Gustavo Petro, com 50,51% dos votos v\u00e1lidos contra 47,22% do rival,\u00a0Rodolfo Hern\u00e1ndez. A coaliz\u00e3o Pacto Hist\u00f3rico, da qual &hellip;\" \/>\n<meta property=\"og:url\" content=\"https:\/\/portalnpm.com\/index.php\/2022\/06\/19\/candidato-de-esquerda-gustavo-petro-e-eleito-presidente-da-colombia\/\" \/>\n<meta property=\"og:site_name\" content=\"Portal NPM\" \/>\n<meta property=\"article:published_time\" content=\"2022-06-19T22:40:25+00:00\" \/>\n<meta name=\"author\" content=\"Luis Alberto\" \/>\n<meta name=\"twitter:card\" content=\"summary_large_image\" \/>\n<meta name=\"twitter:label1\" content=\"Escrito por\" \/>\n\t<meta name=\"twitter:data1\" content=\"Luis Alberto\" \/>\n\t<meta name=\"twitter:label2\" content=\"Est. tempo de leitura\" \/>\n\t<meta name=\"twitter:data2\" content=\"1 minuto\" \/>\n<script type=\"application\/ld+json\" class=\"yoast-schema-graph\">{\"@context\":\"https:\/\/schema.org\",\"@graph\":[{\"@type\":\"WebPage\",\"@id\":\"https:\/\/portalnpm.com\/index.php\/2022\/06\/19\/candidato-de-esquerda-gustavo-petro-e-eleito-presidente-da-colombia\/\",\"url\":\"https:\/\/portalnpm.com\/index.php\/2022\/06\/19\/candidato-de-esquerda-gustavo-petro-e-eleito-presidente-da-colombia\/\",\"name\":\"Candidato de esquerda, Gustavo Petro \u00e9 eleito presidente da Col\u00f4mbia - Portal NPM\",\"isPartOf\":{\"@id\":\"https:\/\/portalnpm.com\/#website\"},\"primaryImageOfPage\":{\"@id\":\"https:\/\/portalnpm.com\/index.php\/2022\/06\/19\/candidato-de-esquerda-gustavo-petro-e-eleito-presidente-da-colombia\/#primaryimage\"},\"image\":{\"@id\":\"https:\/\/portalnpm.com\/index.php\/2022\/06\/19\/candidato-de-esquerda-gustavo-petro-e-eleito-presidente-da-colombia\/#primaryimage\"},\"thumbnailUrl\":\"\",\"datePublished\":\"2022-06-19T22:40:25+00:00\",\"dateModified\":\"2022-06-19T22:40:25+00:00\",\"author\":{\"@id\":\"https:\/\/portalnpm.com\/#\/schema\/person\/5c8006acdf71774cd4e7a5ab98482152\"},\"breadcrumb\":{\"@id\":\"https:\/\/portalnpm.com\/index.php\/2022\/06\/19\/candidato-de-esquerda-gustavo-petro-e-eleito-presidente-da-colombia\/#breadcrumb\"},\"inLanguage\":\"pt-BR\",\"potentialAction\":[{\"@type\":\"ReadAction\",\"target\":[\"https:\/\/portalnpm.com\/index.php\/2022\/06\/19\/candidato-de-esquerda-gustavo-petro-e-eleito-presidente-da-colombia\/\"]}]},{\"@type\":\"ImageObject\",\"inLanguage\":\"pt-BR\",\"@id\":\"https:\/\/portalnpm.com\/index.php\/2022\/06\/19\/candidato-de-esquerda-gustavo-petro-e-eleito-presidente-da-colombia\/#primaryimage\",\"url\":\"\",\"contentUrl\":\"\"},{\"@type\":\"BreadcrumbList\",\"@id\":\"https:\/\/portalnpm.com\/index.php\/2022\/06\/19\/candidato-de-esquerda-gustavo-petro-e-eleito-presidente-da-colombia\/#breadcrumb\",\"itemListElement\":[{\"@type\":\"ListItem\",\"position\":1,\"name\":\"In\u00edcio\",\"item\":\"https:\/\/portalnpm.com\/\"},{\"@type\":\"ListItem\",\"position\":2,\"name\":\"Candidato de esquerda, Gustavo Petro \u00e9 eleito presidente da Col\u00f4mbia\"}]},{\"@type\":\"WebSite\",\"@id\":\"https:\/\/portalnpm.com\/#website\",\"url\":\"https:\/\/portalnpm.com\/\",\"name\":\"Portal NPM\",\"description\":\"Not\u00edcias em Primeira M\u00e3o\",\"potentialAction\":[{\"@type\":\"SearchAction\",\"target\":{\"@type\":\"EntryPoint\",\"urlTemplate\":\"https:\/\/portalnpm.com\/?s={search_term_string}\"},\"query-input\":\"required name=search_term_string\"}],\"inLanguage\":\"pt-BR\"},{\"@type\":\"Person\",\"@id\":\"https:\/\/portalnpm.com\/#\/schema\/person\/5c8006acdf71774cd4e7a5ab98482152\",\"name\":\"Luis Alberto\",\"image\":{\"@type\":\"ImageObject\",\"inLanguage\":\"pt-BR\",\"@id\":\"https:\/\/portalnpm.com\/#\/schema\/person\/image\/\",\"url\":\"https:\/\/portalnpm.com\/wp-content\/uploads\/2024\/12\/avatar_user_3_1734699769-96x96.jpeg\",\"contentUrl\":\"https:\/\/portalnpm.com\/wp-content\/uploads\/2024\/12\/avatar_user_3_1734699769-96x96.jpeg\",\"caption\":\"Luis Alberto\"},\"description\":\"Editor-geral do Portal NPM, \u00e9 formado como T\u00e9cnico em Seguran\u00e7a do Trabalho pela Escola Metropolitana de Cursos T\u00e9cnicos. Det\u00e9m ainda licenciatura em Educa\u00e7\u00e3o F\u00edsica e bacharelado em Ci\u00eancias Pol\u00edticas, ambos obtidos pela institui\u00e7\u00e3o Anhanguera\/UNOPAR.\",\"url\":\"https:\/\/portalnpm.com\/index.php\/author\/pereira\/\"}]}<\/script>\n<!-- \/ Yoast SEO plugin. -->","yoast_head_json":{"title":"Candidato de esquerda, Gustavo Petro \u00e9 eleito presidente da Col\u00f4mbia - Portal NPM","robots":{"index":"index","follow":"follow","max-snippet":"max-snippet:-1","max-image-preview":"max-image-preview:large","max-video-preview":"max-video-preview:-1"},"canonical":"https:\/\/portalnpm.com\/index.php\/2022\/06\/19\/candidato-de-esquerda-gustavo-petro-e-eleito-presidente-da-colombia\/","og_locale":"pt_BR","og_type":"article","og_title":"Candidato de esquerda, Gustavo Petro \u00e9 eleito presidente da Col\u00f4mbia - Portal NPM","og_description":"Petro conquistou 50,51% dos votos v\u00e1lidos contra 47,22% de seu advers\u00e1rio no segundo turno, Rodolfo Hern\u00e1ndez Os colombianos foram \u00e0s urnas neste domingo (19\/6) para decidir o novo presidente do pa\u00eds. Quem saiu vitorioso do segundo turno foi\u00a0Gustavo Petro, com 50,51% dos votos v\u00e1lidos contra 47,22% do rival,\u00a0Rodolfo Hern\u00e1ndez. A coaliz\u00e3o Pacto Hist\u00f3rico, da qual &hellip;","og_url":"https:\/\/portalnpm.com\/index.php\/2022\/06\/19\/candidato-de-esquerda-gustavo-petro-e-eleito-presidente-da-colombia\/","og_site_name":"Portal NPM","article_published_time":"2022-06-19T22:40:25+00:00","author":"Luis Alberto","twitter_card":"summary_large_image","twitter_misc":{"Escrito por":"Luis Alberto","Est. tempo de leitura":"1 minuto"},"schema":{"@context":"https:\/\/schema.org","@graph":[{"@type":"WebPage","@id":"https:\/\/portalnpm.com\/index.php\/2022\/06\/19\/candidato-de-esquerda-gustavo-petro-e-eleito-presidente-da-colombia\/","url":"https:\/\/portalnpm.com\/index.php\/2022\/06\/19\/candidato-de-esquerda-gustavo-petro-e-eleito-presidente-da-colombia\/","name":"Candidato de esquerda, Gustavo Petro \u00e9 eleito presidente da Col\u00f4mbia - Portal NPM","isPartOf":{"@id":"https:\/\/portalnpm.com\/#website"},"primaryImageOfPage":{"@id":"https:\/\/portalnpm.com\/index.php\/2022\/06\/19\/candidato-de-esquerda-gustavo-petro-e-eleito-presidente-da-colombia\/#primaryimage"},"image":{"@id":"https:\/\/portalnpm.com\/index.php\/2022\/06\/19\/candidato-de-esquerda-gustavo-petro-e-eleito-presidente-da-colombia\/#primaryimage"},"thumbnailUrl":"","datePublished":"2022-06-19T22:40:25+00:00","dateModified":"2022-06-19T22:40:25+00:00","author":{"@id":"https:\/\/portalnpm.com\/#\/schema\/person\/5c8006acdf71774cd4e7a5ab98482152"},"breadcrumb":{"@id":"https:\/\/portalnpm.com\/index.php\/2022\/06\/19\/candidato-de-esquerda-gustavo-petro-e-eleito-presidente-da-colombia\/#breadcrumb"},"inLanguage":"pt-BR","potentialAction":[{"@type":"ReadAction","target":["https:\/\/portalnpm.com\/index.php\/2022\/06\/19\/candidato-de-esquerda-gustavo-petro-e-eleito-presidente-da-colombia\/"]}]},{"@type":"ImageObject","inLanguage":"pt-BR","@id":"https:\/\/portalnpm.com\/index.php\/2022\/06\/19\/candidato-de-esquerda-gustavo-petro-e-eleito-presidente-da-colombia\/#primaryimage","url":"","contentUrl":""},{"@type":"BreadcrumbList","@id":"https:\/\/portalnpm.com\/index.php\/2022\/06\/19\/candidato-de-esquerda-gustavo-petro-e-eleito-presidente-da-colombia\/#breadcrumb","itemListElement":[{"@type":"ListItem","position":1,"name":"In\u00edcio","item":"https:\/\/portalnpm.com\/"},{"@type":"ListItem","position":2,"name":"Candidato de esquerda, Gustavo Petro \u00e9 eleito presidente da Col\u00f4mbia"}]},{"@type":"WebSite","@id":"https:\/\/portalnpm.com\/#website","url":"https:\/\/portalnpm.com\/","name":"Portal NPM","description":"Not\u00edcias em Primeira M\u00e3o","potentialAction":[{"@type":"SearchAction","target":{"@type":"EntryPoint","urlTemplate":"https:\/\/portalnpm.com\/?s={search_term_string}"},"query-input":"required name=search_term_string"}],"inLanguage":"pt-BR"},{"@type":"Person","@id":"https:\/\/portalnpm.com\/#\/schema\/person\/5c8006acdf71774cd4e7a5ab98482152","name":"Luis Alberto","image":{"@type":"ImageObject","inLanguage":"pt-BR","@id":"https:\/\/portalnpm.com\/#\/schema\/person\/image\/","url":"https:\/\/portalnpm.com\/wp-content\/uploads\/2024\/12\/avatar_user_3_1734699769-96x96.jpeg","contentUrl":"https:\/\/portalnpm.com\/wp-content\/uploads\/2024\/12\/avatar_user_3_1734699769-96x96.jpeg","caption":"Luis Alberto"},"description":"Editor-geral do Portal NPM, \u00e9 formado como T\u00e9cnico em Seguran\u00e7a do Trabalho pela Escola Metropolitana de Cursos T\u00e9cnicos. Det\u00e9m ainda licenciatura em Educa\u00e7\u00e3o F\u00edsica e bacharelado em Ci\u00eancias Pol\u00edticas, ambos obtidos pela institui\u00e7\u00e3o Anhanguera\/UNOPAR.","url":"https:\/\/portalnpm.com\/index.php\/author\/pereira\/"}]}},"jetpack_sharing_enabled":true,"jetpack_featured_media_url":"","_links":{"self":[{"href":"https:\/\/portalnpm.com\/index.php\/wp-json\/wp\/v2\/posts\/42039"}],"collection":[{"href":"https:\/\/portalnpm.com\/index.php\/wp-json\/wp\/v2\/posts"}],"about":[{"href":"https:\/\/portalnpm.com\/index.php\/wp-json\/wp\/v2\/types\/post"}],"author":[{"embeddable":true,"href":"https:\/\/portalnpm.com\/index.php\/wp-json\/wp\/v2\/users\/3"}],"replies":[{"embeddable":true,"href":"https:\/\/portalnpm.com\/index.php\/wp-json\/wp\/v2\/comments?post=42039"}],"version-history":[{"count":0,"href":"https:\/\/portalnpm.com\/index.php\/wp-json\/wp\/v2\/posts\/42039\/revisions"}],"wp:featuredmedia":[{"embeddable":true,"href":"https:\/\/portalnpm.com\/index.php\/wp-json\/"}],"wp:attachment":[{"href":"https:\/\/portalnpm.com\/index.php\/wp-json\/wp\/v2\/media?parent=42039"}],"wp:term":[{"taxonomy":"category","embeddable":true,"href":"https:\/\/portalnpm.com\/index.php\/wp-json\/wp\/v2\/categories?post=42039"},{"taxonomy":"post_tag","embeddable":true,"href":"https:\/\/portalnpm.com\/index.php\/wp-json\/wp\/v2\/tags?post=42039"}],"curies":[{"name":"wp","href":"https:\/\/api.w.org\/{rel}","templated":true}]}}