{"id":42091,"date":"2022-07-05T13:22:55","date_gmt":"2022-07-05T16:22:55","guid":{"rendered":"https:\/\/portalnpm.com\/?p=42091"},"modified":"2022-07-05T13:22:55","modified_gmt":"2022-07-05T16:22:55","slug":"piaui-reduzira-aliquota-do-icms-de-31-para-18-anuncia-a-governadora-regina-sousa","status":"publish","type":"post","link":"https:\/\/portalnpm.com\/index.php\/2022\/07\/05\/piaui-reduzira-aliquota-do-icms-de-31-para-18-anuncia-a-governadora-regina-sousa\/","title":{"rendered":"Piau\u00ed reduzir\u00e1 al\u00edquota do ICMS de 31% para 18%, anuncia a governadora Regina Sousa"},"content":{"rendered":"<h2 class=\"materia-subtitulo\">De acordo com o secret\u00e1rio Ant\u00f4nio Luiz, nos pr\u00f3ximos dias a gest\u00e3o p\u00fablica estadual ir\u00e1 se reunir para estudar os atos normativos para regulamentar a lei que estabelece o teto do ICMS<\/h2>\n<p style=\"text-align: justify;\">Em reuni\u00e3o a portas fechadas na manh\u00e3 desta ter\u00e7a-feira (05\/07), a governadora do Piau\u00ed,\u00a0<strong><a href=\"https:\/\/www.oitomeia.com.br\/?s=REGINA+SOUSA\" target=\"_blank\" rel=\"noopener\">Regina Sousa<\/a><\/strong>\u00a0(PT), anunciou a redu\u00e7\u00e3o da al\u00edquota do Imposto Sobre Circula\u00e7\u00e3o de Mercadorias e Servi\u00e7os (<strong><a href=\"https:\/\/www.oitomeia.com.br\/?s=ICMS\" target=\"_blank\" rel=\"noopener\">ICMS<\/a><\/strong>) dos combust\u00edveis no estado.<\/p>\n<p style=\"text-align: justify;\">A chefe do Executivo estadual prop\u00f5e que o imposto passar\u00e1 de 31% para 18% o ICMS dos combust\u00edveis, conforme decis\u00e3o ap\u00f3s encontro com o secret\u00e1rio de Fazenda, Ant\u00f4nio Luiz e o procurador geral do estado, Pl\u00ednio Clerton.<\/p>\n<blockquote><p><em>\u201cEu acabei de autorizar tanto a Sefaz como a PGE a elaborarem os instrumentos legais para cumprimento da lei 194, inclusive baixando a al\u00edquota do ICMS\u201d, disse Regina Sousa.<\/em><\/p><\/blockquote>\n<p style=\"text-align: justify;\">De acordo com o secret\u00e1rio Ant\u00f4nio Luiz, nos pr\u00f3ximos dias a gest\u00e3o p\u00fablica estadual ir\u00e1 se reunir para estudar os atos normativos para regulamentar a lei que estabelece o teto do ICMS.<\/p>\n<figure id=\"attachment_415277\" class=\"wp-caption aligncenter\" aria-describedby=\"caption-attachment-415277\"><img fetchpriority=\"high\" decoding=\"async\" class=\"wp-image-415277\" src=\"https:\/\/www.oitomeia.com.br\/wp-content\/uploads\/2022\/07\/WhatsApp-Image-2022-07-05-at-11.54.06.jpeg\" sizes=\"(max-width: 1024px) 100vw, 1024px\" srcset=\"https:\/\/www.oitomeia.com.br\/wp-content\/uploads\/2022\/07\/WhatsApp-Image-2022-07-05-at-11.54.06.jpeg 1280w, https:\/\/www.oitomeia.com.br\/wp-content\/uploads\/2022\/07\/WhatsApp-Image-2022-07-05-at-11.54.06-360x240.jpeg 360w, https:\/\/www.oitomeia.com.br\/wp-content\/uploads\/2022\/07\/WhatsApp-Image-2022-07-05-at-11.54.06-300x200.jpeg 300w, https:\/\/www.oitomeia.com.br\/wp-content\/uploads\/2022\/07\/WhatsApp-Image-2022-07-05-at-11.54.06-768x511.jpeg 768w, https:\/\/www.oitomeia.com.br\/wp-content\/uploads\/2022\/07\/WhatsApp-Image-2022-07-05-at-11.54.06-600x399.jpeg 600w, https:\/\/www.oitomeia.com.br\/wp-content\/uploads\/2022\/07\/WhatsApp-Image-2022-07-05-at-11.54.06-325x216.jpeg 325w\" alt=\"\" width=\"1024\" height=\"682\" \/><figcaption id=\"caption-attachment-415277\" class=\"wp-caption-text\">Reuni\u00e3o de Regina Sousa com secretariado que definiu redu\u00e7\u00e3o do ICMS (Foto: Gabriel Paulino \/ CCom)<\/figcaption><\/figure>\n<blockquote><p><em>\u201cO Governo agora determinou para cumprir e reduzir legalmente as al\u00edquotas para 18%\u201d, explicou o secret\u00e1rio.<\/em><\/p><\/blockquote>\n<h3>MUDAN\u00c7A NA BASE DE C\u00c1LCULOS<\/h3>\n<p style=\"text-align: justify;\">Nessa segunda-feira (04\/07), o Governo do Piau\u00ed, atrav\u00e9s da Secretaria de Fazenda (Sefaz), fez uma readequa\u00e7\u00e3o na base c\u00e1lculo do Imposto Sobre Circula\u00e7\u00e3o de Mercadorias e Servi\u00e7os (ICMS). Apesar de n\u00e3o reduzir o valor do ICMS, como est\u00e3o fazendo outros estados ap\u00f3s medidas anunciadas pelo presidente Jair Bolsonaro, o Piau\u00ed promete que a sua medida tamb\u00e9m ir\u00e1 fazer com que o valor dos combust\u00edveis reduza.<\/p>\n<p style=\"text-align: justify;\">A mudan\u00e7a no Piau\u00ed come\u00e7ou a valer na \u00faltima sexta-feira, dia 1\u00ba de julho, e incide principalmente sobre a gasolina e o \u00f3leo diesel comercializados no Estado.<\/p>\n<h3 style=\"text-align: justify;\">FALTAM AGORA QUATRO ESTADOS<\/h3>\n<p style=\"text-align: justify;\" data-track-category=\"Link no Texto\" data-track-links=\"\">Pelo menos 21 estados e o Distrito Federal j\u00e1 haviam anunciado a redu\u00e7\u00e3o do ICMS sobre combust\u00edveis, seguindo a lei federal que imp\u00f4s um teto para o imposto estadual com o objetivo de conter a infla\u00e7\u00e3o e o impacto dos pre\u00e7os altos aos consumidores.<\/p>\n<p style=\"text-align: justify;\" data-track-category=\"Link no Texto\" data-track-links=\"\">O Piau\u00ed est\u00e1 presente entre os 11 estados que entraram com uma a\u00e7\u00e3o no STF contra a lei que reduz o ICMS, o governo estadual piauiense alega que ter\u00e3o perdas bilion\u00e1rias de receita que podem comprometer investimentos obrigat\u00f3rios em sa\u00fade e educa\u00e7\u00e3o.<\/p>\n<p style=\"text-align: justify;\" data-track-category=\"Link no Texto\" data-track-links=\"\">Fonte: Oito Meia<\/p>\n","protected":false},"excerpt":{"rendered":"<p>De acordo com o secret\u00e1rio Ant\u00f4nio Luiz, nos pr\u00f3ximos dias a gest\u00e3o p\u00fablica estadual ir\u00e1 se reunir para estudar os atos normativos para regulamentar a lei que estabelece o teto do ICMS Em reuni\u00e3o a portas fechadas na manh\u00e3 desta ter\u00e7a-feira (05\/07), a governadora do Piau\u00ed,\u00a0Regina Sousa\u00a0(PT), anunciou a redu\u00e7\u00e3o da al\u00edquota do Imposto Sobre &hellip;<\/p>\n","protected":false},"author":3,"featured_media":42092,"comment_status":"open","ping_status":"open","sticky":false,"template":"","format":"standard","meta":{"content-type":"","rop_custom_images_group":[],"rop_custom_messages_group":[],"rop_publish_now":"initial","rop_publish_now_accounts":{"facebook_2648258775420054_1618374048415101":""},"rop_publish_now_history":[],"rop_publish_now_status":"pending","footnotes":"","_jetpack_memberships_contains_paid_content":false},"categories":[113,188],"tags":[3586,187,567],"yoast_head":"<!-- This site is optimized with the Yoast SEO plugin v22.3 - https:\/\/yoast.com\/wordpress\/plugins\/seo\/ -->\n<title>Piau\u00ed reduzir\u00e1 al\u00edquota do ICMS de 31% para 18%, anuncia a governadora Regina Sousa - Portal NPM<\/title>\n<meta name=\"robots\" content=\"index, follow, max-snippet:-1, max-image-preview:large, max-video-preview:-1\" \/>\n<link rel=\"canonical\" href=\"https:\/\/portalnpm.com\/index.php\/2022\/07\/05\/piaui-reduzira-aliquota-do-icms-de-31-para-18-anuncia-a-governadora-regina-sousa\/\" \/>\n<meta property=\"og:locale\" content=\"pt_BR\" \/>\n<meta property=\"og:type\" content=\"article\" \/>\n<meta property=\"og:title\" content=\"Piau\u00ed reduzir\u00e1 al\u00edquota do ICMS de 31% para 18%, anuncia a governadora Regina Sousa - Portal NPM\" \/>\n<meta property=\"og:description\" content=\"De acordo com o secret\u00e1rio Ant\u00f4nio Luiz, nos pr\u00f3ximos dias a gest\u00e3o p\u00fablica estadual ir\u00e1 se reunir para estudar os atos normativos para regulamentar a lei que estabelece o teto do ICMS Em reuni\u00e3o a portas fechadas na manh\u00e3 desta ter\u00e7a-feira (05\/07), a governadora do Piau\u00ed,\u00a0Regina Sousa\u00a0(PT), anunciou a redu\u00e7\u00e3o da al\u00edquota do Imposto Sobre &hellip;\" \/>\n<meta property=\"og:url\" content=\"https:\/\/portalnpm.com\/index.php\/2022\/07\/05\/piaui-reduzira-aliquota-do-icms-de-31-para-18-anuncia-a-governadora-regina-sousa\/\" \/>\n<meta property=\"og:site_name\" content=\"Portal NPM\" \/>\n<meta property=\"article:published_time\" content=\"2022-07-05T16:22:55+00:00\" \/>\n<meta name=\"author\" content=\"Luis Alberto\" \/>\n<meta name=\"twitter:card\" content=\"summary_large_image\" \/>\n<meta name=\"twitter:label1\" content=\"Escrito por\" \/>\n\t<meta name=\"twitter:data1\" content=\"Luis Alberto\" \/>\n\t<meta name=\"twitter:label2\" content=\"Est. tempo de leitura\" \/>\n\t<meta name=\"twitter:data2\" content=\"2 minutos\" \/>\n<script type=\"application\/ld+json\" class=\"yoast-schema-graph\">{\"@context\":\"https:\/\/schema.org\",\"@graph\":[{\"@type\":\"WebPage\",\"@id\":\"https:\/\/portalnpm.com\/index.php\/2022\/07\/05\/piaui-reduzira-aliquota-do-icms-de-31-para-18-anuncia-a-governadora-regina-sousa\/\",\"url\":\"https:\/\/portalnpm.com\/index.php\/2022\/07\/05\/piaui-reduzira-aliquota-do-icms-de-31-para-18-anuncia-a-governadora-regina-sousa\/\",\"name\":\"Piau\u00ed reduzir\u00e1 al\u00edquota do ICMS de 31% para 18%, anuncia a governadora Regina Sousa - Portal NPM\",\"isPartOf\":{\"@id\":\"https:\/\/portalnpm.com\/#website\"},\"primaryImageOfPage\":{\"@id\":\"https:\/\/portalnpm.com\/index.php\/2022\/07\/05\/piaui-reduzira-aliquota-do-icms-de-31-para-18-anuncia-a-governadora-regina-sousa\/#primaryimage\"},\"image\":{\"@id\":\"https:\/\/portalnpm.com\/index.php\/2022\/07\/05\/piaui-reduzira-aliquota-do-icms-de-31-para-18-anuncia-a-governadora-regina-sousa\/#primaryimage\"},\"thumbnailUrl\":\"\",\"datePublished\":\"2022-07-05T16:22:55+00:00\",\"dateModified\":\"2022-07-05T16:22:55+00:00\",\"author\":{\"@id\":\"https:\/\/portalnpm.com\/#\/schema\/person\/5c8006acdf71774cd4e7a5ab98482152\"},\"breadcrumb\":{\"@id\":\"https:\/\/portalnpm.com\/index.php\/2022\/07\/05\/piaui-reduzira-aliquota-do-icms-de-31-para-18-anuncia-a-governadora-regina-sousa\/#breadcrumb\"},\"inLanguage\":\"pt-BR\",\"potentialAction\":[{\"@type\":\"ReadAction\",\"target\":[\"https:\/\/portalnpm.com\/index.php\/2022\/07\/05\/piaui-reduzira-aliquota-do-icms-de-31-para-18-anuncia-a-governadora-regina-sousa\/\"]}]},{\"@type\":\"ImageObject\",\"inLanguage\":\"pt-BR\",\"@id\":\"https:\/\/portalnpm.com\/index.php\/2022\/07\/05\/piaui-reduzira-aliquota-do-icms-de-31-para-18-anuncia-a-governadora-regina-sousa\/#primaryimage\",\"url\":\"\",\"contentUrl\":\"\"},{\"@type\":\"BreadcrumbList\",\"@id\":\"https:\/\/portalnpm.com\/index.php\/2022\/07\/05\/piaui-reduzira-aliquota-do-icms-de-31-para-18-anuncia-a-governadora-regina-sousa\/#breadcrumb\",\"itemListElement\":[{\"@type\":\"ListItem\",\"position\":1,\"name\":\"In\u00edcio\",\"item\":\"https:\/\/portalnpm.com\/\"},{\"@type\":\"ListItem\",\"position\":2,\"name\":\"Piau\u00ed reduzir\u00e1 al\u00edquota do ICMS de 31% para 18%, anuncia a governadora Regina Sousa\"}]},{\"@type\":\"WebSite\",\"@id\":\"https:\/\/portalnpm.com\/#website\",\"url\":\"https:\/\/portalnpm.com\/\",\"name\":\"Portal NPM\",\"description\":\"Not\u00edcias em Primeira M\u00e3o\",\"potentialAction\":[{\"@type\":\"SearchAction\",\"target\":{\"@type\":\"EntryPoint\",\"urlTemplate\":\"https:\/\/portalnpm.com\/?s={search_term_string}\"},\"query-input\":\"required name=search_term_string\"}],\"inLanguage\":\"pt-BR\"},{\"@type\":\"Person\",\"@id\":\"https:\/\/portalnpm.com\/#\/schema\/person\/5c8006acdf71774cd4e7a5ab98482152\",\"name\":\"Luis Alberto\",\"image\":{\"@type\":\"ImageObject\",\"inLanguage\":\"pt-BR\",\"@id\":\"https:\/\/portalnpm.com\/#\/schema\/person\/image\/\",\"url\":\"https:\/\/portalnpm.com\/wp-content\/uploads\/2024\/12\/avatar_user_3_1734699769-96x96.jpeg\",\"contentUrl\":\"https:\/\/portalnpm.com\/wp-content\/uploads\/2024\/12\/avatar_user_3_1734699769-96x96.jpeg\",\"caption\":\"Luis Alberto\"},\"description\":\"Editor-geral do Portal NPM, \u00e9 formado como T\u00e9cnico em Seguran\u00e7a do Trabalho pela Escola Metropolitana de Cursos T\u00e9cnicos. Det\u00e9m ainda licenciatura em Educa\u00e7\u00e3o F\u00edsica e bacharelado em Ci\u00eancias Pol\u00edticas, ambos obtidos pela institui\u00e7\u00e3o Anhanguera\/UNOPAR.\",\"url\":\"https:\/\/portalnpm.com\/index.php\/author\/pereira\/\"}]}<\/script>\n<!-- \/ Yoast SEO plugin. -->","yoast_head_json":{"title":"Piau\u00ed reduzir\u00e1 al\u00edquota do ICMS de 31% para 18%, anuncia a governadora Regina Sousa - Portal NPM","robots":{"index":"index","follow":"follow","max-snippet":"max-snippet:-1","max-image-preview":"max-image-preview:large","max-video-preview":"max-video-preview:-1"},"canonical":"https:\/\/portalnpm.com\/index.php\/2022\/07\/05\/piaui-reduzira-aliquota-do-icms-de-31-para-18-anuncia-a-governadora-regina-sousa\/","og_locale":"pt_BR","og_type":"article","og_title":"Piau\u00ed reduzir\u00e1 al\u00edquota do ICMS de 31% para 18%, anuncia a governadora Regina Sousa - Portal NPM","og_description":"De acordo com o secret\u00e1rio Ant\u00f4nio Luiz, nos pr\u00f3ximos dias a gest\u00e3o p\u00fablica estadual ir\u00e1 se reunir para estudar os atos normativos para regulamentar a lei que estabelece o teto do ICMS Em reuni\u00e3o a portas fechadas na manh\u00e3 desta ter\u00e7a-feira (05\/07), a governadora do Piau\u00ed,\u00a0Regina Sousa\u00a0(PT), anunciou a redu\u00e7\u00e3o da al\u00edquota do Imposto Sobre &hellip;","og_url":"https:\/\/portalnpm.com\/index.php\/2022\/07\/05\/piaui-reduzira-aliquota-do-icms-de-31-para-18-anuncia-a-governadora-regina-sousa\/","og_site_name":"Portal NPM","article_published_time":"2022-07-05T16:22:55+00:00","author":"Luis Alberto","twitter_card":"summary_large_image","twitter_misc":{"Escrito por":"Luis Alberto","Est. tempo de leitura":"2 minutos"},"schema":{"@context":"https:\/\/schema.org","@graph":[{"@type":"WebPage","@id":"https:\/\/portalnpm.com\/index.php\/2022\/07\/05\/piaui-reduzira-aliquota-do-icms-de-31-para-18-anuncia-a-governadora-regina-sousa\/","url":"https:\/\/portalnpm.com\/index.php\/2022\/07\/05\/piaui-reduzira-aliquota-do-icms-de-31-para-18-anuncia-a-governadora-regina-sousa\/","name":"Piau\u00ed reduzir\u00e1 al\u00edquota do ICMS de 31% para 18%, anuncia a governadora Regina Sousa - Portal NPM","isPartOf":{"@id":"https:\/\/portalnpm.com\/#website"},"primaryImageOfPage":{"@id":"https:\/\/portalnpm.com\/index.php\/2022\/07\/05\/piaui-reduzira-aliquota-do-icms-de-31-para-18-anuncia-a-governadora-regina-sousa\/#primaryimage"},"image":{"@id":"https:\/\/portalnpm.com\/index.php\/2022\/07\/05\/piaui-reduzira-aliquota-do-icms-de-31-para-18-anuncia-a-governadora-regina-sousa\/#primaryimage"},"thumbnailUrl":"","datePublished":"2022-07-05T16:22:55+00:00","dateModified":"2022-07-05T16:22:55+00:00","author":{"@id":"https:\/\/portalnpm.com\/#\/schema\/person\/5c8006acdf71774cd4e7a5ab98482152"},"breadcrumb":{"@id":"https:\/\/portalnpm.com\/index.php\/2022\/07\/05\/piaui-reduzira-aliquota-do-icms-de-31-para-18-anuncia-a-governadora-regina-sousa\/#breadcrumb"},"inLanguage":"pt-BR","potentialAction":[{"@type":"ReadAction","target":["https:\/\/portalnpm.com\/index.php\/2022\/07\/05\/piaui-reduzira-aliquota-do-icms-de-31-para-18-anuncia-a-governadora-regina-sousa\/"]}]},{"@type":"ImageObject","inLanguage":"pt-BR","@id":"https:\/\/portalnpm.com\/index.php\/2022\/07\/05\/piaui-reduzira-aliquota-do-icms-de-31-para-18-anuncia-a-governadora-regina-sousa\/#primaryimage","url":"","contentUrl":""},{"@type":"BreadcrumbList","@id":"https:\/\/portalnpm.com\/index.php\/2022\/07\/05\/piaui-reduzira-aliquota-do-icms-de-31-para-18-anuncia-a-governadora-regina-sousa\/#breadcrumb","itemListElement":[{"@type":"ListItem","position":1,"name":"In\u00edcio","item":"https:\/\/portalnpm.com\/"},{"@type":"ListItem","position":2,"name":"Piau\u00ed reduzir\u00e1 al\u00edquota do ICMS de 31% para 18%, anuncia a governadora Regina Sousa"}]},{"@type":"WebSite","@id":"https:\/\/portalnpm.com\/#website","url":"https:\/\/portalnpm.com\/","name":"Portal NPM","description":"Not\u00edcias em Primeira M\u00e3o","potentialAction":[{"@type":"SearchAction","target":{"@type":"EntryPoint","urlTemplate":"https:\/\/portalnpm.com\/?s={search_term_string}"},"query-input":"required name=search_term_string"}],"inLanguage":"pt-BR"},{"@type":"Person","@id":"https:\/\/portalnpm.com\/#\/schema\/person\/5c8006acdf71774cd4e7a5ab98482152","name":"Luis Alberto","image":{"@type":"ImageObject","inLanguage":"pt-BR","@id":"https:\/\/portalnpm.com\/#\/schema\/person\/image\/","url":"https:\/\/portalnpm.com\/wp-content\/uploads\/2024\/12\/avatar_user_3_1734699769-96x96.jpeg","contentUrl":"https:\/\/portalnpm.com\/wp-content\/uploads\/2024\/12\/avatar_user_3_1734699769-96x96.jpeg","caption":"Luis Alberto"},"description":"Editor-geral do Portal NPM, \u00e9 formado como T\u00e9cnico em Seguran\u00e7a do Trabalho pela Escola Metropolitana de Cursos T\u00e9cnicos. Det\u00e9m ainda licenciatura em Educa\u00e7\u00e3o F\u00edsica e bacharelado em Ci\u00eancias Pol\u00edticas, ambos obtidos pela institui\u00e7\u00e3o Anhanguera\/UNOPAR.","url":"https:\/\/portalnpm.com\/index.php\/author\/pereira\/"}]}},"jetpack_sharing_enabled":true,"jetpack_featured_media_url":"","_links":{"self":[{"href":"https:\/\/portalnpm.com\/index.php\/wp-json\/wp\/v2\/posts\/42091"}],"collection":[{"href":"https:\/\/portalnpm.com\/index.php\/wp-json\/wp\/v2\/posts"}],"about":[{"href":"https:\/\/portalnpm.com\/index.php\/wp-json\/wp\/v2\/types\/post"}],"author":[{"embeddable":true,"href":"https:\/\/portalnpm.com\/index.php\/wp-json\/wp\/v2\/users\/3"}],"replies":[{"embeddable":true,"href":"https:\/\/portalnpm.com\/index.php\/wp-json\/wp\/v2\/comments?post=42091"}],"version-history":[{"count":0,"href":"https:\/\/portalnpm.com\/index.php\/wp-json\/wp\/v2\/posts\/42091\/revisions"}],"wp:featuredmedia":[{"embeddable":true,"href":"https:\/\/portalnpm.com\/index.php\/wp-json\/"}],"wp:attachment":[{"href":"https:\/\/portalnpm.com\/index.php\/wp-json\/wp\/v2\/media?parent=42091"}],"wp:term":[{"taxonomy":"category","embeddable":true,"href":"https:\/\/portalnpm.com\/index.php\/wp-json\/wp\/v2\/categories?post=42091"},{"taxonomy":"post_tag","embeddable":true,"href":"https:\/\/portalnpm.com\/index.php\/wp-json\/wp\/v2\/tags?post=42091"}],"curies":[{"name":"wp","href":"https:\/\/api.w.org\/{rel}","templated":true}]}}