{"id":42198,"date":"2022-07-18T21:41:52","date_gmt":"2022-07-19T00:41:52","guid":{"rendered":"https:\/\/portalnpm.com\/?p=42198"},"modified":"2022-07-18T21:41:52","modified_gmt":"2022-07-19T00:41:52","slug":"roberto-claudio-ex-prefeito-de-fortaleza-e-escolhido-pelo-pdt-para-disputar-ao-governo-do-ceara","status":"publish","type":"post","link":"https:\/\/portalnpm.com\/index.php\/2022\/07\/18\/roberto-claudio-ex-prefeito-de-fortaleza-e-escolhido-pelo-pdt-para-disputar-ao-governo-do-ceara\/","title":{"rendered":"Roberto Cl\u00e1udio, ex-prefeito de Fortaleza, \u00e9 escolhido pelo PDT para disputar ao governo do Cear\u00e1"},"content":{"rendered":"<blockquote>\n<h2 class=\"globo-amp-article-subtitle\">A escolha do candidato, que tem o apoio de pr\u00e9-candidato \u00e0 presid\u00eancia Ciro Gomes (PDT), ocorreu ap\u00f3s vota\u00e7\u00e3o durante reuni\u00e3o do partido esta noite<\/h2>\n<\/blockquote>\n<p style=\"text-align: justify;\">O PDT definiu o nome do ex-prefeito de Fortaleza, Roberto Cl\u00e1udio, para disputar o governo do Estado. A escolha do candidato, que tem o apoio de pr\u00e9-candidato \u00e0 presid\u00eancia Ciro Gomes (PDT), ocorreu ap\u00f3s vota\u00e7\u00e3o durante reuni\u00e3o do partido esta noite. A postula\u00e7\u00e3o da governadora Isolda Cela (PDT), que tinha o apoio do PT, foi derrotada, por 55 a 29.<\/p>\n<div class=\"globo-amp-ad-container\" style=\"text-align: justify;\">\n<div class=\"globo-amp-ad\"><iframe id=\"google_ads_iframe_1\" class=\"i-amphtml-fill-content\" tabindex=\"0\" title=\"3rd party ad content\" role=\"region\" src=\"https:\/\/securepubads.g.doubleclick.net\/gampad\/ads?iu=85042905%2Fvalor.web%2Fpolitica&amp;adk=2038147754&amp;sz=300x250&amp;output=html&amp;impl=ifr&amp;ifi=1&amp;msz=300x-1&amp;psz=300x-1&amp;fws=4&amp;scp=tvg_pos%3DMATERIA1_M%26cor_pagina%3D%2523006269%26ambient%3Damp%26tvg_url%3Dhttps%253A%252F%252Fvalor.globo.com%252Fpolitica%252Fnoticia%252F2022%252F07%252F18%252Fpdt-escolhe-roberto-cludio-para-disputar-a-candidatura-ao-governo-do-cear.ghtml&amp;adf=3300098166&amp;nhd=0&amp;adx=102&amp;ady=1038&amp;oid=2&amp;ptt=13&amp;gdfp_req=1&amp;sfv=1-0-37&amp;u_sd=2.142857142857143&amp;is_amp=3&amp;amp_v=2206221455000&amp;d_imp=1&amp;c=152089541560657&amp;ga_hid=4951&amp;dt=1658191110829&amp;biw=504&amp;bih=973&amp;u_aw=504&amp;u_ah=1120&amp;u_cd=24&amp;u_w=504&amp;u_h=1120&amp;u_tz=-240&amp;u_his=1&amp;vis=1&amp;scr_x=0&amp;scr_y=443&amp;bc=7&amp;url=https%3A%2F%2Fvalor.globo.com%2Fpolitica%2Fnoticia%2F2022%2F07%2F18%2Fpdt-escolhe-roberto-cludio-para-disputar-a-candidatura-ao-governo-do-cear.ghtml&amp;loc=https%3A%2F%2Fvalor.globo.com%2Fgoogle%2Famp%2Fpolitica%2Fnoticia%2F2022%2F07%2F18%2Fpdt-escolhe-roberto-cludio-para-disputar-a-candidatura-ao-governo-do-cear.ghtml&amp;bdt=3552&amp;dtd=1071&amp;__amp_source_origin=https%3A%2F%2Fvalor.globo.com\" name=\"{&quot;width&quot;:300,&quot;height&quot;:250,&quot;_context&quot;:{&quot;ampcontextVersion&quot;:&quot;2206221455000&quot;,&quot;ampcontextFilepath&quot;:&quot;https:\/\/3p.ampproject.net\/2206221455000\/ampcontext-v0.js&quot;,&quot;sourceUrl&quot;:&quot;https:\/\/valor.globo.com\/google\/amp\/politica\/noticia\/2022\/07\/18\/pdt-escolhe-roberto-cludio-para-disputar-a-candidatura-ao-governo-do-cear.ghtml&quot;,&quot;referrer&quot;:&quot;&quot;,&quot;canonicalUrl&quot;:&quot;https:\/\/valor.globo.com\/politica\/noticia\/2022\/07\/18\/pdt-escolhe-roberto-cludio-para-disputar-a-candidatura-ao-governo-do-cear.ghtml&quot;,&quot;pageViewId&quot;:&quot;4951&quot;,&quot;location&quot;:{&quot;href&quot;:&quot;https:\/\/valor.globo.com\/google\/amp\/politica\/noticia\/2022\/07\/18\/pdt-escolhe-roberto-cludio-para-disputar-a-candidatura-ao-governo-do-cear.ghtml&quot;},&quot;startTime&quot;:1658191112004,&quot;tagName&quot;:&quot;AMP-AD&quot;,&quot;mode&quot;:{&quot;localDev&quot;:false,&quot;development&quot;:false,&quot;esm&quot;:false,&quot;test&quot;:false,&quot;rtvVersion&quot;:&quot;012206221455000&quot;},&quot;canary&quot;:false,&quot;hidden&quot;:false,&quot;initialLayoutRect&quot;:{&quot;left&quot;:102,&quot;top&quot;:1038,&quot;width&quot;:300,&quot;height&quot;:250},&quot;domFingerprint&quot;:&quot;3300098166&quot;,&quot;experimentToggles&quot;:{&quot;canary&quot;:false,&quot;a4aProfilingRate&quot;:false,&quot;doubleclickSraExp&quot;:false,&quot;doubleclickSraReportExcludedBlock&quot;:false,&quot;flexAdSlots&quot;:false,&quot;flexible-bitrate&quot;:false,&quot;ios-fixed-no-transfer&quot;:false,&quot;story-ad-placements&quot;:false,&quot;story-disable-animations-first-page&quot;:true,&quot;story-load-inactive-outside-viewport&quot;:true,&quot;amp-sticky-ad-to-amp-ad-v4&quot;:false,&quot;story-video-cache-apply-audio&quot;:false,&quot;amp-story-first-page-max-bitrate&quot;:false,&quot;story-load-first-page-only&quot;:true,&quot;story-ad-page-outlink&quot;:false,&quot;amp-geo-ssr&quot;:true,&quot;story-remote-localization&quot;:true},&quot;sentinel&quot;:&quot;0-2685892732901664998&quot;,&quot;initialIntersection&quot;:{&quot;time&quot;:5726,&quot;rootBounds&quot;:{&quot;left&quot;:0,&quot;top&quot;:0,&quot;width&quot;:504,&quot;height&quot;:973,&quot;bottom&quot;:973,&quot;right&quot;:504,&quot;x&quot;:0,&quot;y&quot;:0},&quot;boundingClientRect&quot;:{&quot;left&quot;:102,&quot;top&quot;:595,&quot;width&quot;:300,&quot;height&quot;:250,&quot;bottom&quot;:845,&quot;right&quot;:402,&quot;x&quot;:102,&quot;y&quot;:595},&quot;intersectionRect&quot;:{&quot;left&quot;:102,&quot;top&quot;:595,&quot;width&quot;:300,&quot;height&quot;:250,&quot;bottom&quot;:845,&quot;right&quot;:402,&quot;x&quot;:102,&quot;y&quot;:595},&quot;intersectionRatio&quot;:1}}}\" width=\"300\" height=\"250\" frameborder=\"0\" marginwidth=\"0\" marginheight=\"0\" scrolling=\"no\" allowfullscreen=\"allowfullscreen\" aria-label=\"Advertisement\" data-amp-3p-sentinel=\"0-2685892732901664998\" data-mce-fragment=\"1\"><\/iframe><\/div>\n<\/div>\n<p style=\"text-align: justify;\">A reuni\u00e3o ocorreu com presen\u00e7a do presidente da legenda, Carlos Lupi, em Fortaleza. Antes do encontro, ele defendeu publicamente a candidatura de Roberto Cl\u00e1udio. O deputado estadual Evandro Leit\u00e3o (PDT) e o deputado Mauro Filho (PDT) retiraram suas pr\u00e9-candidaturas antes da vota\u00e7\u00e3o.<\/p>\n<p style=\"text-align: justify;\">PT e PDT t\u00eam uma alian\u00e7a no Estado h\u00e1 16 anos, mas a op\u00e7\u00e3o por Roberto Cl\u00e1udio deve gerar tens\u00e3o entre os partidos. O PT entende que n\u00e3o teve espa\u00e7o na gest\u00e3o do ex-prefeito na capital e que isso continua na gest\u00e3o do seu sucessor, Jos\u00e9 Sarto (PDT). O presidente estadual do PT, Jos\u00e9 Guimar\u00e3es, afirmou na semana passada que sentiu falta da articula\u00e7\u00e3o pol\u00edtica do senador Cid Gomes, com quem acredita que teria um di\u00e1logo. \u201cCom Ciro, isso n\u00e3o foi poss\u00edvel\u201d, disse.<\/p>\n<p style=\"text-align: justify;\">Ao sair do evento, Cl\u00e1udio disse que a primeira tarefa ser\u00e1 celebrar e construir unidade interna. \u201cDepois disso, humildemente, vamos procurar nossos aliados, como o governador Camilo Santana (PT), todo mundo, para manter a alian\u00e7a o maior ampla poss\u00edvel\u201d, disse.<\/p>\n<p style=\"text-align: justify;\">Santana, que deve ser candidato ao Senado, estava apoiando Izolda. Al\u00e9m do PT, a op\u00e7\u00e3o pelo nome de Cl\u00e1udio pode ainda estremecer a rela\u00e7\u00e3o com o MDB. O PSB j\u00e1 tinha declarado que permaneceria na base qualquer que fosse a escolha do candidato pelo PDT.<\/p>\n<div class=\"globo-amp-ad-container\" style=\"text-align: justify;\">\n<div class=\"globo-amp-ad\"><iframe id=\"google_ads_iframe_2\" class=\"i-amphtml-fill-content\" tabindex=\"0\" title=\"3rd party ad content\" role=\"region\" src=\"https:\/\/securepubads.g.doubleclick.net\/gampad\/ads?iu=85042905%2Fvalor.web%2Fpolitica&amp;adk=2726345611&amp;sz=300x250&amp;output=html&amp;impl=ifr&amp;ifi=2&amp;msz=300x-1&amp;psz=300x-1&amp;fws=4&amp;scp=tvg_pos%3DMATERIA2_M%26cor_pagina%3D%2523006269%26ambient%3Damp%26tvg_url%3Dhttps%253A%252F%252Fvalor.globo.com%252Fpolitica%252Fnoticia%252F2022%252F07%252F18%252Fpdt-escolhe-roberto-cludio-para-disputar-a-candidatura-ao-governo-do-cear.ghtml&amp;adf=329068631&amp;nhd=0&amp;adx=102&amp;ady=2721&amp;oid=2&amp;ptt=13&amp;gdfp_req=1&amp;sfv=1-0-37&amp;u_sd=2.142857142857143&amp;is_amp=3&amp;amp_v=2206221455000&amp;d_imp=1&amp;c=152089541560657&amp;ga_hid=4951&amp;dt=1658191110830&amp;biw=504&amp;bih=973&amp;u_aw=504&amp;u_ah=1120&amp;u_cd=24&amp;u_w=504&amp;u_h=1120&amp;u_tz=-240&amp;u_his=1&amp;vis=1&amp;scr_x=0&amp;scr_y=443&amp;bc=7&amp;url=https%3A%2F%2Fvalor.globo.com%2Fpolitica%2Fnoticia%2F2022%2F07%2F18%2Fpdt-escolhe-roberto-cludio-para-disputar-a-candidatura-ao-governo-do-cear.ghtml&amp;loc=https%3A%2F%2Fvalor.globo.com%2Fgoogle%2Famp%2Fpolitica%2Fnoticia%2F2022%2F07%2F18%2Fpdt-escolhe-roberto-cludio-para-disputar-a-candidatura-ao-governo-do-cear.ghtml&amp;bdt=3553&amp;dtd=1077&amp;__amp_source_origin=https%3A%2F%2Fvalor.globo.com\" name=\"{&quot;width&quot;:300,&quot;height&quot;:250,&quot;_context&quot;:{&quot;ampcontextVersion&quot;:&quot;2206221455000&quot;,&quot;ampcontextFilepath&quot;:&quot;https:\/\/3p.ampproject.net\/2206221455000\/ampcontext-v0.js&quot;,&quot;sourceUrl&quot;:&quot;https:\/\/valor.globo.com\/google\/amp\/politica\/noticia\/2022\/07\/18\/pdt-escolhe-roberto-cludio-para-disputar-a-candidatura-ao-governo-do-cear.ghtml&quot;,&quot;referrer&quot;:&quot;&quot;,&quot;canonicalUrl&quot;:&quot;https:\/\/valor.globo.com\/politica\/noticia\/2022\/07\/18\/pdt-escolhe-roberto-cludio-para-disputar-a-candidatura-ao-governo-do-cear.ghtml&quot;,&quot;pageViewId&quot;:&quot;4951&quot;,&quot;location&quot;:{&quot;href&quot;:&quot;https:\/\/valor.globo.com\/google\/amp\/politica\/noticia\/2022\/07\/18\/pdt-escolhe-roberto-cludio-para-disputar-a-candidatura-ao-governo-do-cear.ghtml&quot;},&quot;startTime&quot;:1658191115475,&quot;tagName&quot;:&quot;AMP-AD&quot;,&quot;mode&quot;:{&quot;localDev&quot;:false,&quot;development&quot;:false,&quot;esm&quot;:false,&quot;test&quot;:false,&quot;rtvVersion&quot;:&quot;012206221455000&quot;},&quot;canary&quot;:false,&quot;hidden&quot;:false,&quot;initialLayoutRect&quot;:{&quot;left&quot;:102,&quot;top&quot;:2720,&quot;width&quot;:300,&quot;height&quot;:250},&quot;domFingerprint&quot;:&quot;329068631&quot;,&quot;experimentToggles&quot;:{&quot;canary&quot;:false,&quot;a4aProfilingRate&quot;:false,&quot;doubleclickSraExp&quot;:false,&quot;doubleclickSraReportExcludedBlock&quot;:false,&quot;flexAdSlots&quot;:false,&quot;flexible-bitrate&quot;:false,&quot;ios-fixed-no-transfer&quot;:false,&quot;story-ad-placements&quot;:false,&quot;story-disable-animations-first-page&quot;:true,&quot;story-load-inactive-outside-viewport&quot;:true,&quot;amp-sticky-ad-to-amp-ad-v4&quot;:false,&quot;story-video-cache-apply-audio&quot;:false,&quot;amp-story-first-page-max-bitrate&quot;:false,&quot;story-load-first-page-only&quot;:true,&quot;story-ad-page-outlink&quot;:false,&quot;amp-geo-ssr&quot;:true,&quot;story-remote-localization&quot;:true},&quot;sentinel&quot;:&quot;0-26365910521382023443&quot;,&quot;initialIntersection&quot;:{&quot;time&quot;:9197,&quot;rootBounds&quot;:{&quot;left&quot;:0,&quot;top&quot;:0,&quot;width&quot;:504,&quot;height&quot;:973,&quot;bottom&quot;:973,&quot;right&quot;:504,&quot;x&quot;:0,&quot;y&quot;:0},&quot;boundingClientRect&quot;:{&quot;left&quot;:102,&quot;top&quot;:1748,&quot;width&quot;:300,&quot;height&quot;:250,&quot;bottom&quot;:1998,&quot;right&quot;:402,&quot;x&quot;:102,&quot;y&quot;:1748},&quot;intersectionRect&quot;:{&quot;left&quot;:0,&quot;top&quot;:0,&quot;width&quot;:0,&quot;height&quot;:0,&quot;bottom&quot;:0,&quot;right&quot;:0,&quot;x&quot;:0,&quot;y&quot;:0},&quot;intersectionRatio&quot;:0}}}\" width=\"300\" height=\"250\" frameborder=\"0\" marginwidth=\"0\" marginheight=\"0\" scrolling=\"no\" allowfullscreen=\"allowfullscreen\" aria-label=\"Advertisement\" data-amp-3p-sentinel=\"0-26365910521382023443\" data-mce-fragment=\"1\"><\/iframe><\/div>\n<\/div>\n<p style=\"text-align: justify;\">Os Ferreira Gomes n\u00e3o participaram na reuni\u00e3o. Mais cedo, o irm\u00e3o Ivo Gomes (PDT), prefeito de Sobral, afirmou que apoiava Izolda e que esse seria tamb\u00e9m o posicionamento de Cid, que n\u00e3o se pronunciou.<\/p>\n<p>Fonte: Valor Econ\u00f4mico<\/p>\n","protected":false},"excerpt":{"rendered":"<p>A escolha do candidato, que tem o apoio de pr\u00e9-candidato \u00e0 presid\u00eancia Ciro Gomes (PDT), ocorreu ap\u00f3s vota\u00e7\u00e3o durante reuni\u00e3o do partido esta noite O PDT definiu o nome do ex-prefeito de Fortaleza, Roberto Cl\u00e1udio, para disputar o governo do Estado. A escolha do candidato, que tem o apoio de pr\u00e9-candidato \u00e0 presid\u00eancia Ciro Gomes &hellip;<\/p>\n","protected":false},"author":3,"featured_media":42199,"comment_status":"open","ping_status":"open","sticky":false,"template":"","format":"standard","meta":{"content-type":"","rop_custom_images_group":[],"rop_custom_messages_group":[],"rop_publish_now":"initial","rop_publish_now_accounts":{"facebook_2648258775420054_1618374048415101":""},"rop_publish_now_history":[],"rop_publish_now_status":"pending","footnotes":"","_jetpack_memberships_contains_paid_content":false},"categories":[113,130],"tags":[1163,475,14001],"yoast_head":"<!-- This site is optimized with the Yoast SEO plugin v22.3 - https:\/\/yoast.com\/wordpress\/plugins\/seo\/ -->\n<title>Roberto Cl\u00e1udio, ex-prefeito de Fortaleza, \u00e9 escolhido pelo PDT para disputar ao governo do Cear\u00e1 - Portal NPM<\/title>\n<meta name=\"robots\" content=\"index, follow, max-snippet:-1, max-image-preview:large, max-video-preview:-1\" \/>\n<link rel=\"canonical\" href=\"https:\/\/portalnpm.com\/index.php\/2022\/07\/18\/roberto-claudio-ex-prefeito-de-fortaleza-e-escolhido-pelo-pdt-para-disputar-ao-governo-do-ceara\/\" \/>\n<meta property=\"og:locale\" content=\"pt_BR\" \/>\n<meta property=\"og:type\" content=\"article\" \/>\n<meta property=\"og:title\" content=\"Roberto Cl\u00e1udio, ex-prefeito de Fortaleza, \u00e9 escolhido pelo PDT para disputar ao governo do Cear\u00e1 - Portal NPM\" \/>\n<meta property=\"og:description\" content=\"A escolha do candidato, que tem o apoio de pr\u00e9-candidato \u00e0 presid\u00eancia Ciro Gomes (PDT), ocorreu ap\u00f3s vota\u00e7\u00e3o durante reuni\u00e3o do partido esta noite O PDT definiu o nome do ex-prefeito de Fortaleza, Roberto Cl\u00e1udio, para disputar o governo do Estado. A escolha do candidato, que tem o apoio de pr\u00e9-candidato \u00e0 presid\u00eancia Ciro Gomes &hellip;\" \/>\n<meta property=\"og:url\" content=\"https:\/\/portalnpm.com\/index.php\/2022\/07\/18\/roberto-claudio-ex-prefeito-de-fortaleza-e-escolhido-pelo-pdt-para-disputar-ao-governo-do-ceara\/\" \/>\n<meta property=\"og:site_name\" content=\"Portal NPM\" \/>\n<meta property=\"article:published_time\" content=\"2022-07-19T00:41:52+00:00\" \/>\n<meta name=\"author\" content=\"Luis Alberto\" \/>\n<meta name=\"twitter:card\" content=\"summary_large_image\" \/>\n<meta name=\"twitter:label1\" content=\"Escrito por\" \/>\n\t<meta name=\"twitter:data1\" content=\"Luis Alberto\" \/>\n\t<meta name=\"twitter:label2\" content=\"Est. tempo de leitura\" \/>\n\t<meta name=\"twitter:data2\" content=\"2 minutos\" \/>\n<script type=\"application\/ld+json\" class=\"yoast-schema-graph\">{\"@context\":\"https:\/\/schema.org\",\"@graph\":[{\"@type\":\"WebPage\",\"@id\":\"https:\/\/portalnpm.com\/index.php\/2022\/07\/18\/roberto-claudio-ex-prefeito-de-fortaleza-e-escolhido-pelo-pdt-para-disputar-ao-governo-do-ceara\/\",\"url\":\"https:\/\/portalnpm.com\/index.php\/2022\/07\/18\/roberto-claudio-ex-prefeito-de-fortaleza-e-escolhido-pelo-pdt-para-disputar-ao-governo-do-ceara\/\",\"name\":\"Roberto Cl\u00e1udio, ex-prefeito de Fortaleza, \u00e9 escolhido pelo PDT para disputar ao governo do Cear\u00e1 - Portal NPM\",\"isPartOf\":{\"@id\":\"https:\/\/portalnpm.com\/#website\"},\"primaryImageOfPage\":{\"@id\":\"https:\/\/portalnpm.com\/index.php\/2022\/07\/18\/roberto-claudio-ex-prefeito-de-fortaleza-e-escolhido-pelo-pdt-para-disputar-ao-governo-do-ceara\/#primaryimage\"},\"image\":{\"@id\":\"https:\/\/portalnpm.com\/index.php\/2022\/07\/18\/roberto-claudio-ex-prefeito-de-fortaleza-e-escolhido-pelo-pdt-para-disputar-ao-governo-do-ceara\/#primaryimage\"},\"thumbnailUrl\":\"\",\"datePublished\":\"2022-07-19T00:41:52+00:00\",\"dateModified\":\"2022-07-19T00:41:52+00:00\",\"author\":{\"@id\":\"https:\/\/portalnpm.com\/#\/schema\/person\/5c8006acdf71774cd4e7a5ab98482152\"},\"breadcrumb\":{\"@id\":\"https:\/\/portalnpm.com\/index.php\/2022\/07\/18\/roberto-claudio-ex-prefeito-de-fortaleza-e-escolhido-pelo-pdt-para-disputar-ao-governo-do-ceara\/#breadcrumb\"},\"inLanguage\":\"pt-BR\",\"potentialAction\":[{\"@type\":\"ReadAction\",\"target\":[\"https:\/\/portalnpm.com\/index.php\/2022\/07\/18\/roberto-claudio-ex-prefeito-de-fortaleza-e-escolhido-pelo-pdt-para-disputar-ao-governo-do-ceara\/\"]}]},{\"@type\":\"ImageObject\",\"inLanguage\":\"pt-BR\",\"@id\":\"https:\/\/portalnpm.com\/index.php\/2022\/07\/18\/roberto-claudio-ex-prefeito-de-fortaleza-e-escolhido-pelo-pdt-para-disputar-ao-governo-do-ceara\/#primaryimage\",\"url\":\"\",\"contentUrl\":\"\"},{\"@type\":\"BreadcrumbList\",\"@id\":\"https:\/\/portalnpm.com\/index.php\/2022\/07\/18\/roberto-claudio-ex-prefeito-de-fortaleza-e-escolhido-pelo-pdt-para-disputar-ao-governo-do-ceara\/#breadcrumb\",\"itemListElement\":[{\"@type\":\"ListItem\",\"position\":1,\"name\":\"In\u00edcio\",\"item\":\"https:\/\/portalnpm.com\/\"},{\"@type\":\"ListItem\",\"position\":2,\"name\":\"Roberto Cl\u00e1udio, ex-prefeito de Fortaleza, \u00e9 escolhido pelo PDT para disputar ao governo do Cear\u00e1\"}]},{\"@type\":\"WebSite\",\"@id\":\"https:\/\/portalnpm.com\/#website\",\"url\":\"https:\/\/portalnpm.com\/\",\"name\":\"Portal NPM\",\"description\":\"Not\u00edcias em Primeira M\u00e3o\",\"potentialAction\":[{\"@type\":\"SearchAction\",\"target\":{\"@type\":\"EntryPoint\",\"urlTemplate\":\"https:\/\/portalnpm.com\/?s={search_term_string}\"},\"query-input\":\"required name=search_term_string\"}],\"inLanguage\":\"pt-BR\"},{\"@type\":\"Person\",\"@id\":\"https:\/\/portalnpm.com\/#\/schema\/person\/5c8006acdf71774cd4e7a5ab98482152\",\"name\":\"Luis Alberto\",\"image\":{\"@type\":\"ImageObject\",\"inLanguage\":\"pt-BR\",\"@id\":\"https:\/\/portalnpm.com\/#\/schema\/person\/image\/\",\"url\":\"https:\/\/portalnpm.com\/wp-content\/uploads\/2024\/12\/avatar_user_3_1734699769-96x96.jpeg\",\"contentUrl\":\"https:\/\/portalnpm.com\/wp-content\/uploads\/2024\/12\/avatar_user_3_1734699769-96x96.jpeg\",\"caption\":\"Luis Alberto\"},\"description\":\"Editor-geral do Portal NPM, \u00e9 formado como T\u00e9cnico em Seguran\u00e7a do Trabalho pela Escola Metropolitana de Cursos T\u00e9cnicos. Det\u00e9m ainda licenciatura em Educa\u00e7\u00e3o F\u00edsica e bacharelado em Ci\u00eancias Pol\u00edticas, ambos obtidos pela institui\u00e7\u00e3o Anhanguera\/UNOPAR.\",\"url\":\"https:\/\/portalnpm.com\/index.php\/author\/pereira\/\"}]}<\/script>\n<!-- \/ Yoast SEO plugin. -->","yoast_head_json":{"title":"Roberto Cl\u00e1udio, ex-prefeito de Fortaleza, \u00e9 escolhido pelo PDT para disputar ao governo do Cear\u00e1 - Portal NPM","robots":{"index":"index","follow":"follow","max-snippet":"max-snippet:-1","max-image-preview":"max-image-preview:large","max-video-preview":"max-video-preview:-1"},"canonical":"https:\/\/portalnpm.com\/index.php\/2022\/07\/18\/roberto-claudio-ex-prefeito-de-fortaleza-e-escolhido-pelo-pdt-para-disputar-ao-governo-do-ceara\/","og_locale":"pt_BR","og_type":"article","og_title":"Roberto Cl\u00e1udio, ex-prefeito de Fortaleza, \u00e9 escolhido pelo PDT para disputar ao governo do Cear\u00e1 - Portal NPM","og_description":"A escolha do candidato, que tem o apoio de pr\u00e9-candidato \u00e0 presid\u00eancia Ciro Gomes (PDT), ocorreu ap\u00f3s vota\u00e7\u00e3o durante reuni\u00e3o do partido esta noite O PDT definiu o nome do ex-prefeito de Fortaleza, Roberto Cl\u00e1udio, para disputar o governo do Estado. A escolha do candidato, que tem o apoio de pr\u00e9-candidato \u00e0 presid\u00eancia Ciro Gomes &hellip;","og_url":"https:\/\/portalnpm.com\/index.php\/2022\/07\/18\/roberto-claudio-ex-prefeito-de-fortaleza-e-escolhido-pelo-pdt-para-disputar-ao-governo-do-ceara\/","og_site_name":"Portal NPM","article_published_time":"2022-07-19T00:41:52+00:00","author":"Luis Alberto","twitter_card":"summary_large_image","twitter_misc":{"Escrito por":"Luis Alberto","Est. tempo de leitura":"2 minutos"},"schema":{"@context":"https:\/\/schema.org","@graph":[{"@type":"WebPage","@id":"https:\/\/portalnpm.com\/index.php\/2022\/07\/18\/roberto-claudio-ex-prefeito-de-fortaleza-e-escolhido-pelo-pdt-para-disputar-ao-governo-do-ceara\/","url":"https:\/\/portalnpm.com\/index.php\/2022\/07\/18\/roberto-claudio-ex-prefeito-de-fortaleza-e-escolhido-pelo-pdt-para-disputar-ao-governo-do-ceara\/","name":"Roberto Cl\u00e1udio, ex-prefeito de Fortaleza, \u00e9 escolhido pelo PDT para disputar ao governo do Cear\u00e1 - Portal NPM","isPartOf":{"@id":"https:\/\/portalnpm.com\/#website"},"primaryImageOfPage":{"@id":"https:\/\/portalnpm.com\/index.php\/2022\/07\/18\/roberto-claudio-ex-prefeito-de-fortaleza-e-escolhido-pelo-pdt-para-disputar-ao-governo-do-ceara\/#primaryimage"},"image":{"@id":"https:\/\/portalnpm.com\/index.php\/2022\/07\/18\/roberto-claudio-ex-prefeito-de-fortaleza-e-escolhido-pelo-pdt-para-disputar-ao-governo-do-ceara\/#primaryimage"},"thumbnailUrl":"","datePublished":"2022-07-19T00:41:52+00:00","dateModified":"2022-07-19T00:41:52+00:00","author":{"@id":"https:\/\/portalnpm.com\/#\/schema\/person\/5c8006acdf71774cd4e7a5ab98482152"},"breadcrumb":{"@id":"https:\/\/portalnpm.com\/index.php\/2022\/07\/18\/roberto-claudio-ex-prefeito-de-fortaleza-e-escolhido-pelo-pdt-para-disputar-ao-governo-do-ceara\/#breadcrumb"},"inLanguage":"pt-BR","potentialAction":[{"@type":"ReadAction","target":["https:\/\/portalnpm.com\/index.php\/2022\/07\/18\/roberto-claudio-ex-prefeito-de-fortaleza-e-escolhido-pelo-pdt-para-disputar-ao-governo-do-ceara\/"]}]},{"@type":"ImageObject","inLanguage":"pt-BR","@id":"https:\/\/portalnpm.com\/index.php\/2022\/07\/18\/roberto-claudio-ex-prefeito-de-fortaleza-e-escolhido-pelo-pdt-para-disputar-ao-governo-do-ceara\/#primaryimage","url":"","contentUrl":""},{"@type":"BreadcrumbList","@id":"https:\/\/portalnpm.com\/index.php\/2022\/07\/18\/roberto-claudio-ex-prefeito-de-fortaleza-e-escolhido-pelo-pdt-para-disputar-ao-governo-do-ceara\/#breadcrumb","itemListElement":[{"@type":"ListItem","position":1,"name":"In\u00edcio","item":"https:\/\/portalnpm.com\/"},{"@type":"ListItem","position":2,"name":"Roberto Cl\u00e1udio, ex-prefeito de Fortaleza, \u00e9 escolhido pelo PDT para disputar ao governo do Cear\u00e1"}]},{"@type":"WebSite","@id":"https:\/\/portalnpm.com\/#website","url":"https:\/\/portalnpm.com\/","name":"Portal NPM","description":"Not\u00edcias em Primeira M\u00e3o","potentialAction":[{"@type":"SearchAction","target":{"@type":"EntryPoint","urlTemplate":"https:\/\/portalnpm.com\/?s={search_term_string}"},"query-input":"required name=search_term_string"}],"inLanguage":"pt-BR"},{"@type":"Person","@id":"https:\/\/portalnpm.com\/#\/schema\/person\/5c8006acdf71774cd4e7a5ab98482152","name":"Luis Alberto","image":{"@type":"ImageObject","inLanguage":"pt-BR","@id":"https:\/\/portalnpm.com\/#\/schema\/person\/image\/","url":"https:\/\/portalnpm.com\/wp-content\/uploads\/2024\/12\/avatar_user_3_1734699769-96x96.jpeg","contentUrl":"https:\/\/portalnpm.com\/wp-content\/uploads\/2024\/12\/avatar_user_3_1734699769-96x96.jpeg","caption":"Luis Alberto"},"description":"Editor-geral do Portal NPM, \u00e9 formado como T\u00e9cnico em Seguran\u00e7a do Trabalho pela Escola Metropolitana de Cursos T\u00e9cnicos. Det\u00e9m ainda licenciatura em Educa\u00e7\u00e3o F\u00edsica e bacharelado em Ci\u00eancias Pol\u00edticas, ambos obtidos pela institui\u00e7\u00e3o Anhanguera\/UNOPAR.","url":"https:\/\/portalnpm.com\/index.php\/author\/pereira\/"}]}},"jetpack_sharing_enabled":true,"jetpack_featured_media_url":"","_links":{"self":[{"href":"https:\/\/portalnpm.com\/index.php\/wp-json\/wp\/v2\/posts\/42198"}],"collection":[{"href":"https:\/\/portalnpm.com\/index.php\/wp-json\/wp\/v2\/posts"}],"about":[{"href":"https:\/\/portalnpm.com\/index.php\/wp-json\/wp\/v2\/types\/post"}],"author":[{"embeddable":true,"href":"https:\/\/portalnpm.com\/index.php\/wp-json\/wp\/v2\/users\/3"}],"replies":[{"embeddable":true,"href":"https:\/\/portalnpm.com\/index.php\/wp-json\/wp\/v2\/comments?post=42198"}],"version-history":[{"count":0,"href":"https:\/\/portalnpm.com\/index.php\/wp-json\/wp\/v2\/posts\/42198\/revisions"}],"wp:featuredmedia":[{"embeddable":true,"href":"https:\/\/portalnpm.com\/index.php\/wp-json\/"}],"wp:attachment":[{"href":"https:\/\/portalnpm.com\/index.php\/wp-json\/wp\/v2\/media?parent=42198"}],"wp:term":[{"taxonomy":"category","embeddable":true,"href":"https:\/\/portalnpm.com\/index.php\/wp-json\/wp\/v2\/categories?post=42198"},{"taxonomy":"post_tag","embeddable":true,"href":"https:\/\/portalnpm.com\/index.php\/wp-json\/wp\/v2\/tags?post=42198"}],"curies":[{"name":"wp","href":"https:\/\/api.w.org\/{rel}","templated":true}]}}