{"id":42271,"date":"2022-07-22T17:34:54","date_gmt":"2022-07-22T20:34:54","guid":{"rendered":"https:\/\/portalnpm.com\/?p=42271"},"modified":"2022-07-22T17:34:54","modified_gmt":"2022-07-22T20:34:54","slug":"com-a-presenca-do-ministro-ciro-nogueira-pl-lanca-candidatura-de-coronel-diego-melo-ao-governo-do-piaui-durante-convencao-em-teresina","status":"publish","type":"post","link":"https:\/\/portalnpm.com\/index.php\/2022\/07\/22\/com-a-presenca-do-ministro-ciro-nogueira-pl-lanca-candidatura-de-coronel-diego-melo-ao-governo-do-piaui-durante-convencao-em-teresina\/","title":{"rendered":"Com a presen\u00e7a do ministro Ciro Nogueira, PL lan\u00e7a candidatura de coronel Diego Melo ao governo do Piau\u00ed durante conven\u00e7\u00e3o em Teresina"},"content":{"rendered":"<blockquote><p>O candidato ao governo informou que a prioridade, se eleito, ser\u00e1 com a seguran\u00e7a p\u00fablica, principalmente com o fortalecimento das for\u00e7as policiais, em especial a PM.<\/p><\/blockquote>\n<p style=\"text-align: justify;\">O Partido Liberal (PL) do Piau\u00ed lan\u00e7ou oficialmente nesta sexta-feira (22) a candidatura do coronel da Pol\u00edcia Militar Diego Gomes Melo ao governo do estado do Piau\u00ed. Ele tem como vice o tamb\u00e9m policial militar coronel Carlos Pinho.<\/p>\n<p style=\"text-align: justify;\">O coronel Diego Melo tem 42 anos, \u00e9 casado com a advogada Michele Melo e tem duas filhas, de 1 e 15 anos. Ele \u00e9 natural de Teresina e \u00e9 graduado em direito e seguran\u00e7a p\u00fablica pela Universidade Estadual do Piau\u00ed .<\/p>\n<p style=\"text-align: justify;\">Entrou na PM ap\u00f3s prestar concurso com 17 anos e foi promovido \u00e0 patente de coronel da Pol\u00edcia Militar do Piau\u00ed em junho deste ano. Atualmente \u00e9 presidente da Associa\u00e7\u00e3o dos Oficiais Militares do Estado do Piau\u00ed (Amepi).<\/p>\n<p style=\"text-align: justify;\">\u00c9 a primeira vez que o militar concorre ao cargo de chefe do executivo estadual. Diego Melo est\u00e1 no terceiro partido em quatro anos.<\/p>\n<p style=\"text-align: justify;\">Em 2018, foi candidato a deputado federal no Piau\u00ed pelo PROS, mas n\u00e3o se elegeu, com 17.527 votos. Em 2020, concorreu pelo Patriota \u00e0 Prefeitura de Teresina, quando tamb\u00e9m n\u00e3o foi eleito, obtendo cerca 12.871 votos v\u00e1lidos (3,11%).<\/p>\n<p style=\"text-align: justify;\">O vice, coronel Carlos Pinho, tem 54 anos, \u00e9 engenheiro civil formado pela Universidade Federal do Piau\u00ed e e policial militar do Piau\u00ed h\u00e1 35 anos. Foi presidente da Amepi por dois mandatos, onde atuou com o coronel Diego.<\/p>\n<p style=\"text-align: justify;\">Durante a conven\u00e7\u00e3o, com a presen\u00e7a do ministro-chefe da Casal Civil, Ciro Nogueira (Progressistas) o partido informou que a candidatura ser\u00e1 de chapa pura, sem coliga\u00e7\u00f5es. O partido n\u00e3o ter\u00e1 candidato ao senado e lan\u00e7ar\u00e1 11 candidatos a deputados federais e 26 estaduais.<\/p>\n<p><img fetchpriority=\"high\" decoding=\"async\" class=\"alignnone size-medium wp-image-42273\" src=\"http:\/\/portalnpm.com\/wp-content\/uploads\/2022\/07\/whatsapp-image-2022-07-22-at-10.59.30-300x169.jpeg\" alt=\"\" width=\"300\" height=\"169\" \/><\/p>\n<p style=\"text-align: justify;\"><strong>Propostas e declara\u00e7\u00f5es<\/strong><\/p>\n<p style=\"text-align: justify;\">O candidato ao governo informou que a prioridade, se eleito, ser\u00e1 com a seguran\u00e7a p\u00fablica, principalmente com o fortalecimento das for\u00e7as policiais, em especial a PM.<\/p>\n<p style=\"text-align: justify;\">Ele se apresentou como \u00fanico representante do presidente Jair Bolsonaro (PL) no Piau\u00ed e afirmou ser totalmente contra o PT.<\/p>\n<p style=\"text-align: justify;\">Ele afirmou ainda ter como &#8220;norte&#8221; os valores do presidente, que buscou resumir com as palavras &#8220;p\u00e1tria, fam\u00edlia, Deus e liberdade&#8221;.<\/p>\n<p style=\"text-align: justify;\"><strong>Fonte: G1<\/strong><\/p>\n","protected":false},"excerpt":{"rendered":"<p>O candidato ao governo informou que a prioridade, se eleito, ser\u00e1 com a seguran\u00e7a p\u00fablica, principalmente com o fortalecimento das for\u00e7as policiais, em especial a PM. O Partido Liberal (PL) do Piau\u00ed lan\u00e7ou oficialmente nesta sexta-feira (22) a candidatura do coronel da Pol\u00edcia Militar Diego Gomes Melo ao governo do estado do Piau\u00ed. Ele tem &hellip;<\/p>\n","protected":false},"author":3,"featured_media":42272,"comment_status":"open","ping_status":"open","sticky":false,"template":"","format":"standard","meta":{"content-type":"","rop_custom_images_group":[],"rop_custom_messages_group":[],"rop_publish_now":"initial","rop_publish_now_accounts":{"facebook_2648258775420054_1618374048415101":""},"rop_publish_now_history":[],"rop_publish_now_status":"pending","footnotes":"","_jetpack_memberships_contains_paid_content":false},"categories":[113,188,130],"tags":[535,14004,187,2774],"yoast_head":"<!-- This site is optimized with the Yoast SEO plugin v22.3 - https:\/\/yoast.com\/wordpress\/plugins\/seo\/ -->\n<title>Com a presen\u00e7a do ministro Ciro Nogueira, PL lan\u00e7a candidatura de coronel Diego Melo ao governo do Piau\u00ed durante conven\u00e7\u00e3o em Teresina - Portal NPM<\/title>\n<meta name=\"robots\" content=\"index, follow, max-snippet:-1, max-image-preview:large, max-video-preview:-1\" \/>\n<link rel=\"canonical\" href=\"https:\/\/portalnpm.com\/index.php\/2022\/07\/22\/com-a-presenca-do-ministro-ciro-nogueira-pl-lanca-candidatura-de-coronel-diego-melo-ao-governo-do-piaui-durante-convencao-em-teresina\/\" \/>\n<meta property=\"og:locale\" content=\"pt_BR\" \/>\n<meta property=\"og:type\" content=\"article\" \/>\n<meta property=\"og:title\" content=\"Com a presen\u00e7a do ministro Ciro Nogueira, PL lan\u00e7a candidatura de coronel Diego Melo ao governo do Piau\u00ed durante conven\u00e7\u00e3o em Teresina - Portal NPM\" \/>\n<meta property=\"og:description\" content=\"O candidato ao governo informou que a prioridade, se eleito, ser\u00e1 com a seguran\u00e7a p\u00fablica, principalmente com o fortalecimento das for\u00e7as policiais, em especial a PM. O Partido Liberal (PL) do Piau\u00ed lan\u00e7ou oficialmente nesta sexta-feira (22) a candidatura do coronel da Pol\u00edcia Militar Diego Gomes Melo ao governo do estado do Piau\u00ed. Ele tem &hellip;\" \/>\n<meta property=\"og:url\" content=\"https:\/\/portalnpm.com\/index.php\/2022\/07\/22\/com-a-presenca-do-ministro-ciro-nogueira-pl-lanca-candidatura-de-coronel-diego-melo-ao-governo-do-piaui-durante-convencao-em-teresina\/\" \/>\n<meta property=\"og:site_name\" content=\"Portal NPM\" \/>\n<meta property=\"article:published_time\" content=\"2022-07-22T20:34:54+00:00\" \/>\n<meta name=\"author\" content=\"Luis Alberto\" \/>\n<meta name=\"twitter:card\" content=\"summary_large_image\" \/>\n<meta name=\"twitter:label1\" content=\"Escrito por\" \/>\n\t<meta name=\"twitter:data1\" content=\"Luis Alberto\" \/>\n\t<meta name=\"twitter:label2\" content=\"Est. tempo de leitura\" \/>\n\t<meta name=\"twitter:data2\" content=\"2 minutos\" \/>\n<script type=\"application\/ld+json\" class=\"yoast-schema-graph\">{\"@context\":\"https:\/\/schema.org\",\"@graph\":[{\"@type\":\"WebPage\",\"@id\":\"https:\/\/portalnpm.com\/index.php\/2022\/07\/22\/com-a-presenca-do-ministro-ciro-nogueira-pl-lanca-candidatura-de-coronel-diego-melo-ao-governo-do-piaui-durante-convencao-em-teresina\/\",\"url\":\"https:\/\/portalnpm.com\/index.php\/2022\/07\/22\/com-a-presenca-do-ministro-ciro-nogueira-pl-lanca-candidatura-de-coronel-diego-melo-ao-governo-do-piaui-durante-convencao-em-teresina\/\",\"name\":\"Com a presen\u00e7a do ministro Ciro Nogueira, PL lan\u00e7a candidatura de coronel Diego Melo ao governo do Piau\u00ed durante conven\u00e7\u00e3o em Teresina - Portal NPM\",\"isPartOf\":{\"@id\":\"https:\/\/portalnpm.com\/#website\"},\"primaryImageOfPage\":{\"@id\":\"https:\/\/portalnpm.com\/index.php\/2022\/07\/22\/com-a-presenca-do-ministro-ciro-nogueira-pl-lanca-candidatura-de-coronel-diego-melo-ao-governo-do-piaui-durante-convencao-em-teresina\/#primaryimage\"},\"image\":{\"@id\":\"https:\/\/portalnpm.com\/index.php\/2022\/07\/22\/com-a-presenca-do-ministro-ciro-nogueira-pl-lanca-candidatura-de-coronel-diego-melo-ao-governo-do-piaui-durante-convencao-em-teresina\/#primaryimage\"},\"thumbnailUrl\":\"\",\"datePublished\":\"2022-07-22T20:34:54+00:00\",\"dateModified\":\"2022-07-22T20:34:54+00:00\",\"author\":{\"@id\":\"https:\/\/portalnpm.com\/#\/schema\/person\/5c8006acdf71774cd4e7a5ab98482152\"},\"breadcrumb\":{\"@id\":\"https:\/\/portalnpm.com\/index.php\/2022\/07\/22\/com-a-presenca-do-ministro-ciro-nogueira-pl-lanca-candidatura-de-coronel-diego-melo-ao-governo-do-piaui-durante-convencao-em-teresina\/#breadcrumb\"},\"inLanguage\":\"pt-BR\",\"potentialAction\":[{\"@type\":\"ReadAction\",\"target\":[\"https:\/\/portalnpm.com\/index.php\/2022\/07\/22\/com-a-presenca-do-ministro-ciro-nogueira-pl-lanca-candidatura-de-coronel-diego-melo-ao-governo-do-piaui-durante-convencao-em-teresina\/\"]}]},{\"@type\":\"ImageObject\",\"inLanguage\":\"pt-BR\",\"@id\":\"https:\/\/portalnpm.com\/index.php\/2022\/07\/22\/com-a-presenca-do-ministro-ciro-nogueira-pl-lanca-candidatura-de-coronel-diego-melo-ao-governo-do-piaui-durante-convencao-em-teresina\/#primaryimage\",\"url\":\"\",\"contentUrl\":\"\"},{\"@type\":\"BreadcrumbList\",\"@id\":\"https:\/\/portalnpm.com\/index.php\/2022\/07\/22\/com-a-presenca-do-ministro-ciro-nogueira-pl-lanca-candidatura-de-coronel-diego-melo-ao-governo-do-piaui-durante-convencao-em-teresina\/#breadcrumb\",\"itemListElement\":[{\"@type\":\"ListItem\",\"position\":1,\"name\":\"In\u00edcio\",\"item\":\"https:\/\/portalnpm.com\/\"},{\"@type\":\"ListItem\",\"position\":2,\"name\":\"Com a presen\u00e7a do ministro Ciro Nogueira, PL lan\u00e7a candidatura de coronel Diego Melo ao governo do Piau\u00ed durante conven\u00e7\u00e3o em Teresina\"}]},{\"@type\":\"WebSite\",\"@id\":\"https:\/\/portalnpm.com\/#website\",\"url\":\"https:\/\/portalnpm.com\/\",\"name\":\"Portal NPM\",\"description\":\"Not\u00edcias em Primeira M\u00e3o\",\"potentialAction\":[{\"@type\":\"SearchAction\",\"target\":{\"@type\":\"EntryPoint\",\"urlTemplate\":\"https:\/\/portalnpm.com\/?s={search_term_string}\"},\"query-input\":\"required name=search_term_string\"}],\"inLanguage\":\"pt-BR\"},{\"@type\":\"Person\",\"@id\":\"https:\/\/portalnpm.com\/#\/schema\/person\/5c8006acdf71774cd4e7a5ab98482152\",\"name\":\"Luis Alberto\",\"image\":{\"@type\":\"ImageObject\",\"inLanguage\":\"pt-BR\",\"@id\":\"https:\/\/portalnpm.com\/#\/schema\/person\/image\/\",\"url\":\"https:\/\/portalnpm.com\/wp-content\/uploads\/2024\/12\/avatar_user_3_1734699769-96x96.jpeg\",\"contentUrl\":\"https:\/\/portalnpm.com\/wp-content\/uploads\/2024\/12\/avatar_user_3_1734699769-96x96.jpeg\",\"caption\":\"Luis Alberto\"},\"description\":\"Editor-geral do Portal NPM, \u00e9 formado como T\u00e9cnico em Seguran\u00e7a do Trabalho pela Escola Metropolitana de Cursos T\u00e9cnicos. Det\u00e9m ainda licenciatura em Educa\u00e7\u00e3o F\u00edsica e bacharelado em Ci\u00eancias Pol\u00edticas, ambos obtidos pela institui\u00e7\u00e3o Anhanguera\/UNOPAR.\",\"url\":\"https:\/\/portalnpm.com\/index.php\/author\/pereira\/\"}]}<\/script>\n<!-- \/ Yoast SEO plugin. -->","yoast_head_json":{"title":"Com a presen\u00e7a do ministro Ciro Nogueira, PL lan\u00e7a candidatura de coronel Diego Melo ao governo do Piau\u00ed durante conven\u00e7\u00e3o em Teresina - Portal NPM","robots":{"index":"index","follow":"follow","max-snippet":"max-snippet:-1","max-image-preview":"max-image-preview:large","max-video-preview":"max-video-preview:-1"},"canonical":"https:\/\/portalnpm.com\/index.php\/2022\/07\/22\/com-a-presenca-do-ministro-ciro-nogueira-pl-lanca-candidatura-de-coronel-diego-melo-ao-governo-do-piaui-durante-convencao-em-teresina\/","og_locale":"pt_BR","og_type":"article","og_title":"Com a presen\u00e7a do ministro Ciro Nogueira, PL lan\u00e7a candidatura de coronel Diego Melo ao governo do Piau\u00ed durante conven\u00e7\u00e3o em Teresina - Portal NPM","og_description":"O candidato ao governo informou que a prioridade, se eleito, ser\u00e1 com a seguran\u00e7a p\u00fablica, principalmente com o fortalecimento das for\u00e7as policiais, em especial a PM. O Partido Liberal (PL) do Piau\u00ed lan\u00e7ou oficialmente nesta sexta-feira (22) a candidatura do coronel da Pol\u00edcia Militar Diego Gomes Melo ao governo do estado do Piau\u00ed. Ele tem &hellip;","og_url":"https:\/\/portalnpm.com\/index.php\/2022\/07\/22\/com-a-presenca-do-ministro-ciro-nogueira-pl-lanca-candidatura-de-coronel-diego-melo-ao-governo-do-piaui-durante-convencao-em-teresina\/","og_site_name":"Portal NPM","article_published_time":"2022-07-22T20:34:54+00:00","author":"Luis Alberto","twitter_card":"summary_large_image","twitter_misc":{"Escrito por":"Luis Alberto","Est. tempo de leitura":"2 minutos"},"schema":{"@context":"https:\/\/schema.org","@graph":[{"@type":"WebPage","@id":"https:\/\/portalnpm.com\/index.php\/2022\/07\/22\/com-a-presenca-do-ministro-ciro-nogueira-pl-lanca-candidatura-de-coronel-diego-melo-ao-governo-do-piaui-durante-convencao-em-teresina\/","url":"https:\/\/portalnpm.com\/index.php\/2022\/07\/22\/com-a-presenca-do-ministro-ciro-nogueira-pl-lanca-candidatura-de-coronel-diego-melo-ao-governo-do-piaui-durante-convencao-em-teresina\/","name":"Com a presen\u00e7a do ministro Ciro Nogueira, PL lan\u00e7a candidatura de coronel Diego Melo ao governo do Piau\u00ed durante conven\u00e7\u00e3o em Teresina - Portal NPM","isPartOf":{"@id":"https:\/\/portalnpm.com\/#website"},"primaryImageOfPage":{"@id":"https:\/\/portalnpm.com\/index.php\/2022\/07\/22\/com-a-presenca-do-ministro-ciro-nogueira-pl-lanca-candidatura-de-coronel-diego-melo-ao-governo-do-piaui-durante-convencao-em-teresina\/#primaryimage"},"image":{"@id":"https:\/\/portalnpm.com\/index.php\/2022\/07\/22\/com-a-presenca-do-ministro-ciro-nogueira-pl-lanca-candidatura-de-coronel-diego-melo-ao-governo-do-piaui-durante-convencao-em-teresina\/#primaryimage"},"thumbnailUrl":"","datePublished":"2022-07-22T20:34:54+00:00","dateModified":"2022-07-22T20:34:54+00:00","author":{"@id":"https:\/\/portalnpm.com\/#\/schema\/person\/5c8006acdf71774cd4e7a5ab98482152"},"breadcrumb":{"@id":"https:\/\/portalnpm.com\/index.php\/2022\/07\/22\/com-a-presenca-do-ministro-ciro-nogueira-pl-lanca-candidatura-de-coronel-diego-melo-ao-governo-do-piaui-durante-convencao-em-teresina\/#breadcrumb"},"inLanguage":"pt-BR","potentialAction":[{"@type":"ReadAction","target":["https:\/\/portalnpm.com\/index.php\/2022\/07\/22\/com-a-presenca-do-ministro-ciro-nogueira-pl-lanca-candidatura-de-coronel-diego-melo-ao-governo-do-piaui-durante-convencao-em-teresina\/"]}]},{"@type":"ImageObject","inLanguage":"pt-BR","@id":"https:\/\/portalnpm.com\/index.php\/2022\/07\/22\/com-a-presenca-do-ministro-ciro-nogueira-pl-lanca-candidatura-de-coronel-diego-melo-ao-governo-do-piaui-durante-convencao-em-teresina\/#primaryimage","url":"","contentUrl":""},{"@type":"BreadcrumbList","@id":"https:\/\/portalnpm.com\/index.php\/2022\/07\/22\/com-a-presenca-do-ministro-ciro-nogueira-pl-lanca-candidatura-de-coronel-diego-melo-ao-governo-do-piaui-durante-convencao-em-teresina\/#breadcrumb","itemListElement":[{"@type":"ListItem","position":1,"name":"In\u00edcio","item":"https:\/\/portalnpm.com\/"},{"@type":"ListItem","position":2,"name":"Com a presen\u00e7a do ministro Ciro Nogueira, PL lan\u00e7a candidatura de coronel Diego Melo ao governo do Piau\u00ed durante conven\u00e7\u00e3o em Teresina"}]},{"@type":"WebSite","@id":"https:\/\/portalnpm.com\/#website","url":"https:\/\/portalnpm.com\/","name":"Portal NPM","description":"Not\u00edcias em Primeira M\u00e3o","potentialAction":[{"@type":"SearchAction","target":{"@type":"EntryPoint","urlTemplate":"https:\/\/portalnpm.com\/?s={search_term_string}"},"query-input":"required name=search_term_string"}],"inLanguage":"pt-BR"},{"@type":"Person","@id":"https:\/\/portalnpm.com\/#\/schema\/person\/5c8006acdf71774cd4e7a5ab98482152","name":"Luis Alberto","image":{"@type":"ImageObject","inLanguage":"pt-BR","@id":"https:\/\/portalnpm.com\/#\/schema\/person\/image\/","url":"https:\/\/portalnpm.com\/wp-content\/uploads\/2024\/12\/avatar_user_3_1734699769-96x96.jpeg","contentUrl":"https:\/\/portalnpm.com\/wp-content\/uploads\/2024\/12\/avatar_user_3_1734699769-96x96.jpeg","caption":"Luis Alberto"},"description":"Editor-geral do Portal NPM, \u00e9 formado como T\u00e9cnico em Seguran\u00e7a do Trabalho pela Escola Metropolitana de Cursos T\u00e9cnicos. Det\u00e9m ainda licenciatura em Educa\u00e7\u00e3o F\u00edsica e bacharelado em Ci\u00eancias Pol\u00edticas, ambos obtidos pela institui\u00e7\u00e3o Anhanguera\/UNOPAR.","url":"https:\/\/portalnpm.com\/index.php\/author\/pereira\/"}]}},"jetpack_sharing_enabled":true,"jetpack_featured_media_url":"","_links":{"self":[{"href":"https:\/\/portalnpm.com\/index.php\/wp-json\/wp\/v2\/posts\/42271"}],"collection":[{"href":"https:\/\/portalnpm.com\/index.php\/wp-json\/wp\/v2\/posts"}],"about":[{"href":"https:\/\/portalnpm.com\/index.php\/wp-json\/wp\/v2\/types\/post"}],"author":[{"embeddable":true,"href":"https:\/\/portalnpm.com\/index.php\/wp-json\/wp\/v2\/users\/3"}],"replies":[{"embeddable":true,"href":"https:\/\/portalnpm.com\/index.php\/wp-json\/wp\/v2\/comments?post=42271"}],"version-history":[{"count":0,"href":"https:\/\/portalnpm.com\/index.php\/wp-json\/wp\/v2\/posts\/42271\/revisions"}],"wp:featuredmedia":[{"embeddable":true,"href":"https:\/\/portalnpm.com\/index.php\/wp-json\/"}],"wp:attachment":[{"href":"https:\/\/portalnpm.com\/index.php\/wp-json\/wp\/v2\/media?parent=42271"}],"wp:term":[{"taxonomy":"category","embeddable":true,"href":"https:\/\/portalnpm.com\/index.php\/wp-json\/wp\/v2\/categories?post=42271"},{"taxonomy":"post_tag","embeddable":true,"href":"https:\/\/portalnpm.com\/index.php\/wp-json\/wp\/v2\/tags?post=42271"}],"curies":[{"name":"wp","href":"https:\/\/api.w.org\/{rel}","templated":true}]}}