{"id":42279,"date":"2022-07-22T18:26:16","date_gmt":"2022-07-22T21:26:16","guid":{"rendered":"https:\/\/portalnpm.com\/?p=42279"},"modified":"2022-07-22T18:26:16","modified_gmt":"2022-07-22T21:26:16","slug":"brasil-ja-soma-607-casos-confirmados-de-variola-dos-macacos","status":"publish","type":"post","link":"https:\/\/portalnpm.com\/index.php\/2022\/07\/22\/brasil-ja-soma-607-casos-confirmados-de-variola-dos-macacos\/","title":{"rendered":"Brasil j\u00e1 soma 607 casos confirmados de var\u00edola dos macacos"},"content":{"rendered":"<p style=\"text-align: justify;\">Ap\u00f3s quarenta e quatro dias do primeiro caso de monkeypox,\u00a0<a href=\"https:\/\/www.meionorte.com\/noticias\/oms-brasil-esta-entre-os-paises-com-mais-casos-de-variola-dos-macacos-451000\" target=\"_blank\" rel=\"noopener\"><strong>a var\u00edola dos macacos, o Brasil j\u00e1 soma 607 casos<\/strong><\/a>, de acordo com dados do Minist\u00e9rio da Sa\u00fade. A maior parte deles,\u00a0<strong>438, est\u00e3o no estado de S\u00e3o Paulo.<\/strong><\/p>\n<p style=\"text-align: justify;\">\n<p style=\"text-align: justify;\">\n<p style=\"text-align: justify;\">O minist\u00e9rio afirmou, em nota, que mant\u00e9m articula\u00e7\u00e3o direta com os estados para\u00a0<strong>monitoramento dos casos<\/strong>\u00a0e rastreamento dos contatos dos pacientes.<\/p>\n<p style=\"text-align: justify;\"><span class=\"fr-img-caption fr-fic fr-dib\"><span class=\"fr-img-wrap\"><img decoding=\"async\" class=\"i-amphtml-fill-content i-amphtml-replaced-content\" src=\"https:\/\/static.meionorte.com\/uploads\/imagens\/2022\/7\/22\/brasil-ja-soma-com-607-casos-confirmados-de-variola-dos-macacos-38e730f3-e0e5-4f5a-94ea-c7b5c1b0611e.jpg\" alt=\"\u00a0Var\u00edola dos Macacos (Foto: National Institute of Allergy and Infectious Diseases (NIAID)\u00a0\u00a0Var\u00edola dos Macacos (Foto: National Institute of Allergy and Infectious Diseases (NIAID)\u00a0\" \/><span class=\"fr-inner\">\u00a0Var\u00edola dos Macacos (Foto: National Institute of Allergy and Infectious Diseases (NIAID)\u00a0<\/span><\/span><\/span><strong>Casos Registrado.<\/strong><\/p>\n<p style=\"text-align: justify;\">86 s\u00e3o do Rio de Janeiro, 33 de Minas Gerais, 12 do Distrito Federal, 10 do Paran\u00e1, 8 de Goi\u00e1s, 5 da Bahia, 2 do Cear\u00e1, 3 do Rio Grande do Sul, 2 do Rio Grande do Norte, 2 no Esp\u00edrito Santo, 3 em Pernambuco, 1 em Mato Grosso do Sul e 1 em Santa Catarina.<\/p>\n<p style=\"text-align: justify;\">Apesar do nome da infec\u00e7\u00e3o,\u00a0<strong>macacos n\u00e3o transmitem a var\u00edola<\/strong>. A var\u00edola dos macacos \u00e9 uma doen\u00e7a transmitida principalmente pelo\u00a0<strong>contato \u00edntimo e troca de secre\u00e7\u00e3o entre pessoas.<\/strong><\/p>\n<p style=\"text-align: justify;\"><strong>Isso quer dizer:<\/strong>\u00a0abra\u00e7o, beijos, contato sexual, compartilhamento objetos de higiene pessoal, talheres etc. Al\u00e9m disso, o v\u00edrus tamb\u00e9m se espalha por vias respirat\u00f3rias, mas essa situa\u00e7\u00e3o \u00e9 menos comum do que a primeira. Na maior parte dos casos, a infec\u00e7\u00e3o n\u00e3o \u00e9 letal, mas pode se manifestar de forma mais grave em pessoas com comorbidades.<\/p>\n<p style=\"text-align: justify;\"><span class=\"fr-img-caption fr-fic fr-dib\"><span class=\"fr-img-wrap\"><img decoding=\"async\" class=\"i-amphtml-fill-content i-amphtml-replaced-content\" src=\"https:\/\/static.meionorte.com\/uploads\/imagens\/2022\/7\/22\/brasil-ja-soma-com-607-casos-confirmados-de-variola-dos-macacos-9092038a-5c3b-4eb0-8650-c9f8f98bbc6d.jpg\" alt=\"Brasil j\u00e1 soma com 607 casos confirmados de var\u00edola dos macacos (Foto: CNN Brasil)\" \/><span class=\"fr-inner\">Brasil j\u00e1 soma com 607 casos confirmados de var\u00edola dos macacos (Foto: CNN Brasil)<\/span><\/span><\/span><\/p>\n<p style=\"text-align: justify;\">\n<p style=\"text-align: justify;\">Fonte: Meio Norte<\/p>\n","protected":false},"excerpt":{"rendered":"<p>Ap\u00f3s quarenta e quatro dias do primeiro caso de monkeypox,\u00a0a var\u00edola dos macacos, o Brasil j\u00e1 soma 607 casos, de acordo com dados do Minist\u00e9rio da Sa\u00fade. A maior parte deles,\u00a0438, est\u00e3o no estado de S\u00e3o Paulo. O minist\u00e9rio afirmou, em nota, que mant\u00e9m articula\u00e7\u00e3o direta com os estados para\u00a0monitoramento dos casos\u00a0e rastreamento dos contatos &hellip;<\/p>\n","protected":false},"author":2,"featured_media":0,"comment_status":"open","ping_status":"open","sticky":false,"template":"","format":"standard","meta":{"content-type":"","rop_custom_images_group":[],"rop_custom_messages_group":[],"rop_publish_now":"initial","rop_publish_now_accounts":{"facebook_2648258775420054_1618374048415101":""},"rop_publish_now_history":[],"rop_publish_now_status":"pending","footnotes":"","_jetpack_memberships_contains_paid_content":false},"categories":[125],"tags":[927,823],"yoast_head":"<!-- This site is optimized with the Yoast SEO plugin v22.3 - https:\/\/yoast.com\/wordpress\/plugins\/seo\/ -->\n<title>Brasil j\u00e1 soma 607 casos confirmados de var\u00edola dos macacos - Portal NPM<\/title>\n<meta name=\"robots\" content=\"index, follow, max-snippet:-1, max-image-preview:large, max-video-preview:-1\" \/>\n<link rel=\"canonical\" href=\"https:\/\/portalnpm.com\/index.php\/2022\/07\/22\/brasil-ja-soma-607-casos-confirmados-de-variola-dos-macacos\/\" \/>\n<meta property=\"og:locale\" content=\"pt_BR\" \/>\n<meta property=\"og:type\" content=\"article\" \/>\n<meta property=\"og:title\" content=\"Brasil j\u00e1 soma 607 casos confirmados de var\u00edola dos macacos - Portal NPM\" \/>\n<meta property=\"og:description\" content=\"Ap\u00f3s quarenta e quatro dias do primeiro caso de monkeypox,\u00a0a var\u00edola dos macacos, o Brasil j\u00e1 soma 607 casos, de acordo com dados do Minist\u00e9rio da Sa\u00fade. A maior parte deles,\u00a0438, est\u00e3o no estado de S\u00e3o Paulo. O minist\u00e9rio afirmou, em nota, que mant\u00e9m articula\u00e7\u00e3o direta com os estados para\u00a0monitoramento dos casos\u00a0e rastreamento dos contatos &hellip;\" \/>\n<meta property=\"og:url\" content=\"https:\/\/portalnpm.com\/index.php\/2022\/07\/22\/brasil-ja-soma-607-casos-confirmados-de-variola-dos-macacos\/\" \/>\n<meta property=\"og:site_name\" content=\"Portal NPM\" \/>\n<meta property=\"article:published_time\" content=\"2022-07-22T21:26:16+00:00\" \/>\n<meta property=\"og:image\" content=\"https:\/\/static.meionorte.com\/uploads\/imagens\/2022\/7\/22\/brasil-ja-soma-com-607-casos-confirmados-de-variola-dos-macacos-38e730f3-e0e5-4f5a-94ea-c7b5c1b0611e.jpg\" \/>\n<meta name=\"author\" content=\"Genival Barbosa\" \/>\n<meta name=\"twitter:card\" content=\"summary_large_image\" \/>\n<meta name=\"twitter:label1\" content=\"Escrito por\" \/>\n\t<meta name=\"twitter:data1\" content=\"Genival Barbosa\" \/>\n\t<meta name=\"twitter:label2\" content=\"Est. tempo de leitura\" \/>\n\t<meta name=\"twitter:data2\" content=\"1 minuto\" \/>\n<script type=\"application\/ld+json\" class=\"yoast-schema-graph\">{\"@context\":\"https:\/\/schema.org\",\"@graph\":[{\"@type\":\"WebPage\",\"@id\":\"https:\/\/portalnpm.com\/index.php\/2022\/07\/22\/brasil-ja-soma-607-casos-confirmados-de-variola-dos-macacos\/\",\"url\":\"https:\/\/portalnpm.com\/index.php\/2022\/07\/22\/brasil-ja-soma-607-casos-confirmados-de-variola-dos-macacos\/\",\"name\":\"Brasil j\u00e1 soma 607 casos confirmados de var\u00edola dos macacos - Portal NPM\",\"isPartOf\":{\"@id\":\"https:\/\/portalnpm.com\/#website\"},\"primaryImageOfPage\":{\"@id\":\"https:\/\/portalnpm.com\/index.php\/2022\/07\/22\/brasil-ja-soma-607-casos-confirmados-de-variola-dos-macacos\/#primaryimage\"},\"image\":{\"@id\":\"https:\/\/portalnpm.com\/index.php\/2022\/07\/22\/brasil-ja-soma-607-casos-confirmados-de-variola-dos-macacos\/#primaryimage\"},\"thumbnailUrl\":\"https:\/\/static.meionorte.com\/uploads\/imagens\/2022\/7\/22\/brasil-ja-soma-com-607-casos-confirmados-de-variola-dos-macacos-38e730f3-e0e5-4f5a-94ea-c7b5c1b0611e.jpg\",\"datePublished\":\"2022-07-22T21:26:16+00:00\",\"dateModified\":\"2022-07-22T21:26:16+00:00\",\"author\":{\"@id\":\"https:\/\/portalnpm.com\/#\/schema\/person\/49313e563cfdefcc167f1ee4c017c294\"},\"breadcrumb\":{\"@id\":\"https:\/\/portalnpm.com\/index.php\/2022\/07\/22\/brasil-ja-soma-607-casos-confirmados-de-variola-dos-macacos\/#breadcrumb\"},\"inLanguage\":\"pt-BR\",\"potentialAction\":[{\"@type\":\"ReadAction\",\"target\":[\"https:\/\/portalnpm.com\/index.php\/2022\/07\/22\/brasil-ja-soma-607-casos-confirmados-de-variola-dos-macacos\/\"]}]},{\"@type\":\"ImageObject\",\"inLanguage\":\"pt-BR\",\"@id\":\"https:\/\/portalnpm.com\/index.php\/2022\/07\/22\/brasil-ja-soma-607-casos-confirmados-de-variola-dos-macacos\/#primaryimage\",\"url\":\"https:\/\/static.meionorte.com\/uploads\/imagens\/2022\/7\/22\/brasil-ja-soma-com-607-casos-confirmados-de-variola-dos-macacos-38e730f3-e0e5-4f5a-94ea-c7b5c1b0611e.jpg\",\"contentUrl\":\"https:\/\/static.meionorte.com\/uploads\/imagens\/2022\/7\/22\/brasil-ja-soma-com-607-casos-confirmados-de-variola-dos-macacos-38e730f3-e0e5-4f5a-94ea-c7b5c1b0611e.jpg\"},{\"@type\":\"BreadcrumbList\",\"@id\":\"https:\/\/portalnpm.com\/index.php\/2022\/07\/22\/brasil-ja-soma-607-casos-confirmados-de-variola-dos-macacos\/#breadcrumb\",\"itemListElement\":[{\"@type\":\"ListItem\",\"position\":1,\"name\":\"In\u00edcio\",\"item\":\"https:\/\/portalnpm.com\/\"},{\"@type\":\"ListItem\",\"position\":2,\"name\":\"Brasil j\u00e1 soma 607 casos confirmados de var\u00edola dos macacos\"}]},{\"@type\":\"WebSite\",\"@id\":\"https:\/\/portalnpm.com\/#website\",\"url\":\"https:\/\/portalnpm.com\/\",\"name\":\"Portal NPM\",\"description\":\"Not\u00edcias em Primeira M\u00e3o\",\"potentialAction\":[{\"@type\":\"SearchAction\",\"target\":{\"@type\":\"EntryPoint\",\"urlTemplate\":\"https:\/\/portalnpm.com\/?s={search_term_string}\"},\"query-input\":\"required name=search_term_string\"}],\"inLanguage\":\"pt-BR\"},{\"@type\":\"Person\",\"@id\":\"https:\/\/portalnpm.com\/#\/schema\/person\/49313e563cfdefcc167f1ee4c017c294\",\"name\":\"Genival Barbosa\",\"image\":{\"@type\":\"ImageObject\",\"inLanguage\":\"pt-BR\",\"@id\":\"https:\/\/portalnpm.com\/#\/schema\/person\/image\/\",\"url\":\"https:\/\/portalnpm.com\/wp-content\/uploads\/2024\/02\/avatar_user_2_1707743258-96x96.jpeg\",\"contentUrl\":\"https:\/\/portalnpm.com\/wp-content\/uploads\/2024\/02\/avatar_user_2_1707743258-96x96.jpeg\",\"caption\":\"Genival Barbosa\"},\"url\":\"https:\/\/portalnpm.com\/index.php\/author\/genival\/\"}]}<\/script>\n<!-- \/ Yoast SEO plugin. -->","yoast_head_json":{"title":"Brasil j\u00e1 soma 607 casos confirmados de var\u00edola dos macacos - Portal NPM","robots":{"index":"index","follow":"follow","max-snippet":"max-snippet:-1","max-image-preview":"max-image-preview:large","max-video-preview":"max-video-preview:-1"},"canonical":"https:\/\/portalnpm.com\/index.php\/2022\/07\/22\/brasil-ja-soma-607-casos-confirmados-de-variola-dos-macacos\/","og_locale":"pt_BR","og_type":"article","og_title":"Brasil j\u00e1 soma 607 casos confirmados de var\u00edola dos macacos - Portal NPM","og_description":"Ap\u00f3s quarenta e quatro dias do primeiro caso de monkeypox,\u00a0a var\u00edola dos macacos, o Brasil j\u00e1 soma 607 casos, de acordo com dados do Minist\u00e9rio da Sa\u00fade. A maior parte deles,\u00a0438, est\u00e3o no estado de S\u00e3o Paulo. O minist\u00e9rio afirmou, em nota, que mant\u00e9m articula\u00e7\u00e3o direta com os estados para\u00a0monitoramento dos casos\u00a0e rastreamento dos contatos &hellip;","og_url":"https:\/\/portalnpm.com\/index.php\/2022\/07\/22\/brasil-ja-soma-607-casos-confirmados-de-variola-dos-macacos\/","og_site_name":"Portal NPM","article_published_time":"2022-07-22T21:26:16+00:00","og_image":[{"url":"https:\/\/static.meionorte.com\/uploads\/imagens\/2022\/7\/22\/brasil-ja-soma-com-607-casos-confirmados-de-variola-dos-macacos-38e730f3-e0e5-4f5a-94ea-c7b5c1b0611e.jpg"}],"author":"Genival Barbosa","twitter_card":"summary_large_image","twitter_misc":{"Escrito por":"Genival Barbosa","Est. tempo de leitura":"1 minuto"},"schema":{"@context":"https:\/\/schema.org","@graph":[{"@type":"WebPage","@id":"https:\/\/portalnpm.com\/index.php\/2022\/07\/22\/brasil-ja-soma-607-casos-confirmados-de-variola-dos-macacos\/","url":"https:\/\/portalnpm.com\/index.php\/2022\/07\/22\/brasil-ja-soma-607-casos-confirmados-de-variola-dos-macacos\/","name":"Brasil j\u00e1 soma 607 casos confirmados de var\u00edola dos macacos - Portal NPM","isPartOf":{"@id":"https:\/\/portalnpm.com\/#website"},"primaryImageOfPage":{"@id":"https:\/\/portalnpm.com\/index.php\/2022\/07\/22\/brasil-ja-soma-607-casos-confirmados-de-variola-dos-macacos\/#primaryimage"},"image":{"@id":"https:\/\/portalnpm.com\/index.php\/2022\/07\/22\/brasil-ja-soma-607-casos-confirmados-de-variola-dos-macacos\/#primaryimage"},"thumbnailUrl":"https:\/\/static.meionorte.com\/uploads\/imagens\/2022\/7\/22\/brasil-ja-soma-com-607-casos-confirmados-de-variola-dos-macacos-38e730f3-e0e5-4f5a-94ea-c7b5c1b0611e.jpg","datePublished":"2022-07-22T21:26:16+00:00","dateModified":"2022-07-22T21:26:16+00:00","author":{"@id":"https:\/\/portalnpm.com\/#\/schema\/person\/49313e563cfdefcc167f1ee4c017c294"},"breadcrumb":{"@id":"https:\/\/portalnpm.com\/index.php\/2022\/07\/22\/brasil-ja-soma-607-casos-confirmados-de-variola-dos-macacos\/#breadcrumb"},"inLanguage":"pt-BR","potentialAction":[{"@type":"ReadAction","target":["https:\/\/portalnpm.com\/index.php\/2022\/07\/22\/brasil-ja-soma-607-casos-confirmados-de-variola-dos-macacos\/"]}]},{"@type":"ImageObject","inLanguage":"pt-BR","@id":"https:\/\/portalnpm.com\/index.php\/2022\/07\/22\/brasil-ja-soma-607-casos-confirmados-de-variola-dos-macacos\/#primaryimage","url":"https:\/\/static.meionorte.com\/uploads\/imagens\/2022\/7\/22\/brasil-ja-soma-com-607-casos-confirmados-de-variola-dos-macacos-38e730f3-e0e5-4f5a-94ea-c7b5c1b0611e.jpg","contentUrl":"https:\/\/static.meionorte.com\/uploads\/imagens\/2022\/7\/22\/brasil-ja-soma-com-607-casos-confirmados-de-variola-dos-macacos-38e730f3-e0e5-4f5a-94ea-c7b5c1b0611e.jpg"},{"@type":"BreadcrumbList","@id":"https:\/\/portalnpm.com\/index.php\/2022\/07\/22\/brasil-ja-soma-607-casos-confirmados-de-variola-dos-macacos\/#breadcrumb","itemListElement":[{"@type":"ListItem","position":1,"name":"In\u00edcio","item":"https:\/\/portalnpm.com\/"},{"@type":"ListItem","position":2,"name":"Brasil j\u00e1 soma 607 casos confirmados de var\u00edola dos macacos"}]},{"@type":"WebSite","@id":"https:\/\/portalnpm.com\/#website","url":"https:\/\/portalnpm.com\/","name":"Portal NPM","description":"Not\u00edcias em Primeira M\u00e3o","potentialAction":[{"@type":"SearchAction","target":{"@type":"EntryPoint","urlTemplate":"https:\/\/portalnpm.com\/?s={search_term_string}"},"query-input":"required name=search_term_string"}],"inLanguage":"pt-BR"},{"@type":"Person","@id":"https:\/\/portalnpm.com\/#\/schema\/person\/49313e563cfdefcc167f1ee4c017c294","name":"Genival Barbosa","image":{"@type":"ImageObject","inLanguage":"pt-BR","@id":"https:\/\/portalnpm.com\/#\/schema\/person\/image\/","url":"https:\/\/portalnpm.com\/wp-content\/uploads\/2024\/02\/avatar_user_2_1707743258-96x96.jpeg","contentUrl":"https:\/\/portalnpm.com\/wp-content\/uploads\/2024\/02\/avatar_user_2_1707743258-96x96.jpeg","caption":"Genival Barbosa"},"url":"https:\/\/portalnpm.com\/index.php\/author\/genival\/"}]}},"jetpack_sharing_enabled":true,"jetpack_featured_media_url":"","_links":{"self":[{"href":"https:\/\/portalnpm.com\/index.php\/wp-json\/wp\/v2\/posts\/42279"}],"collection":[{"href":"https:\/\/portalnpm.com\/index.php\/wp-json\/wp\/v2\/posts"}],"about":[{"href":"https:\/\/portalnpm.com\/index.php\/wp-json\/wp\/v2\/types\/post"}],"author":[{"embeddable":true,"href":"https:\/\/portalnpm.com\/index.php\/wp-json\/wp\/v2\/users\/2"}],"replies":[{"embeddable":true,"href":"https:\/\/portalnpm.com\/index.php\/wp-json\/wp\/v2\/comments?post=42279"}],"version-history":[{"count":0,"href":"https:\/\/portalnpm.com\/index.php\/wp-json\/wp\/v2\/posts\/42279\/revisions"}],"wp:attachment":[{"href":"https:\/\/portalnpm.com\/index.php\/wp-json\/wp\/v2\/media?parent=42279"}],"wp:term":[{"taxonomy":"category","embeddable":true,"href":"https:\/\/portalnpm.com\/index.php\/wp-json\/wp\/v2\/categories?post=42279"},{"taxonomy":"post_tag","embeddable":true,"href":"https:\/\/portalnpm.com\/index.php\/wp-json\/wp\/v2\/tags?post=42279"}],"curies":[{"name":"wp","href":"https:\/\/api.w.org\/{rel}","templated":true}]}}