{"id":42323,"date":"2022-07-24T08:32:09","date_gmt":"2022-07-24T11:32:09","guid":{"rendered":"https:\/\/portalnpm.com\/?p=42323"},"modified":"2022-07-24T08:32:09","modified_gmt":"2022-07-24T11:32:09","slug":"em-discurso-no-es-bolsonaro-diz-que-esta-disposto-a-dar-a-vida-em-defesa-da-patria","status":"publish","type":"post","link":"https:\/\/portalnpm.com\/index.php\/2022\/07\/24\/em-discurso-no-es-bolsonaro-diz-que-esta-disposto-a-dar-a-vida-em-defesa-da-patria\/","title":{"rendered":"Em discurso no ES, Bolsonaro diz que est\u00e1 disposto a &#8220;dar a vida em defesa da P\u00e1tria&#8221;"},"content":{"rendered":"<figure class=\"content-image\" style=\"text-align: justify;\"><\/figure>\n<p style=\"text-align: justify;\">Fazendo seu gesto caracter\u00edstico de aprontar os dedos para o c\u00e9u simulando uma arma, o presidente da Rep\u00fablica, Jair Bolsonaro (PL), que participou da &#8220;Marcha para Jesus&#8221;, no Esp\u00edrito Santo, neste s\u00e1bado (23), chegou \u00e0 Pra\u00e7a do Papa, ap\u00f3s motociata com apoiadores, por volta das 13 horas.<\/p>\n<p style=\"text-align: justify;\">\n<p style=\"text-align: justify;\">\n<p style=\"text-align: justify;\">Assim como aconteceu no evento fechado para lideran\u00e7as pol\u00edticas e religiosas do Estado, Bolsonaro foi recebido sob gritos de &#8220;mito&#8221;. A primeira-dama, Michelle, tamb\u00e9m acompanhou o Presidente na motociata e subiu com ele no trio el\u00e9trico instalado na Pra\u00e7a, de onde o mandat\u00e1rio falou a seus apoiadores.<\/p>\n<p style=\"text-align: justify;\">Em seu discurso, que durou certa de cinco minutos, Bolsonaro disse que o Pa\u00eds enfrentar\u00e1, em breve, uma luta do bem contra o mal, fazendo uma refer\u00eancia velada \u00e0s elei\u00e7\u00f5es de outubro, quando ele, pr\u00e9-candidato \u00e0 reelei\u00e7\u00e3o, brigar\u00e1 diretamente com o ex-presidente Lula (PT), representante da esquerda, pelo voto dos brasileiros.<\/p>\n<p style=\"text-align: justify;\" data-fetch=\"true\">&#8220;Essa ser\u00e1 uma luta do bem contra o mal que quer dominar o nosso Pa\u00eds. Querem liberar o aborto, o uso de drogas. Mas estamos firmes para essa luta&#8221;, disse.<\/p>\n<p style=\"text-align: justify;\">Em seguida, Bolsonaro recorreu \u00e0 B\u00edblia e disse que o Brasil era o que se poder chamar de &#8220;terra\u00a0 prometida&#8221; e que estaria disposto at\u00e9 mesmo &#8220;dar vida em defesa da P\u00e1tria, ou mais que isso, se precisar&#8221;, segundo ele.<\/p>\n<p style=\"text-align: justify;\">O presidente ainda acrescentou em sua fala que o Brasil n\u00e3o \u00e9 um pa\u00eds do futuro, mas, sim, do presente. &#8220;Somos um pa\u00eds do futuro, com o maior n\u00famero de evang\u00e9licos. Por isso, \u00e9 Deus acima de tudo e o Brasil acima de todos&#8221;, finalizou.<\/p>\n<p class=\"\" style=\"text-align: justify;\"><b>Veja as fotos do evento na Pra\u00e7a do Papa<\/b><\/p>\n<div class=\"widget-fv\" style=\"text-align: justify;\" data-widget-type=\"gallery\" data-widget-guid=\"6093f570-ecd4-013a-cda4-0a58a9feac02\">\n<div class=\"content-gallery gallery-load-success\">\n<div class=\"ks-swiper-container\">\n<div class=\"swiper-container gallery-thumbs swiper-container-horizontal swiper-container-free-mode swiper-container-android swiper-container-thumbs\">\n<div class=\"swiper-wrapper\">\n<div class=\"swiper-slide swiper-slide-visible swiper-slide-active swiper-slide-thumb-active\"><img decoding=\"async\" class=\"img-fluid swiper-lazy swiper-lazy-loaded\" src=\"https:\/\/assets.folhavitoria.com.br\/images\/0e68a740-0aa3-11ed-a51b-455a841c496c--116x116.png\" alt=\"\" \/><\/div>\n<div class=\"swiper-slide swiper-slide-visible swiper-slide-next\"><img decoding=\"async\" class=\"img-fluid swiper-lazy swiper-lazy-loaded\" src=\"https:\/\/assets.folhavitoria.com.br\/images\/a8836830-0aa1-11ed-a51b-455a841c496c--116x116.png\" alt=\"\" \/><\/div>\n<div class=\"swiper-slide swiper-slide-visible\"><img decoding=\"async\" class=\"img-fluid swiper-lazy swiper-lazy-loaded\" src=\"https:\/\/assets.folhavitoria.com.br\/images\/a8884a30-0aa1-11ed-aab2-5ddb836af55b--116x116.png\" alt=\"\" \/><\/div>\n<div class=\"swiper-slide swiper-slide-visible\"><img decoding=\"async\" class=\"img-fluid swiper-lazy swiper-lazy-loaded\" src=\"https:\/\/assets.folhavitoria.com.br\/images\/a87d26a0-0aa1-11ed-b777-f1ac065323fc--116x116.png\" alt=\"\" \/><\/div>\n<div class=\"swiper-slide swiper-slide-visible\"><img decoding=\"async\" class=\"img-fluid swiper-lazy swiper-lazy-loaded\" src=\"https:\/\/assets.folhavitoria.com.br\/images\/a87f4980-0aa1-11ed-80df-1957132ecb1b--116x116.png\" alt=\"\" \/><\/div>\n<div class=\"swiper-slide swiper-slide-visible\"><img decoding=\"async\" class=\"img-fluid swiper-lazy swiper-lazy-loaded\" src=\"https:\/\/assets.folhavitoria.com.br\/images\/a87cff90-0aa1-11ed-b493-33d9c83e4c46--116x116.png\" alt=\"\" \/><\/div>\n<div class=\"swiper-slide\"><img decoding=\"async\" class=\"img-fluid swiper-lazy swiper-lazy-loaded\" src=\"https:\/\/assets.folhavitoria.com.br\/images\/a87166d0-0aa1-11ed-b2ad-5b18346b0996--116x116.png\" alt=\"\" \/><\/div>\n<div class=\"swiper-slide\"><img decoding=\"async\" class=\"img-fluid swiper-lazy swiper-lazy-loaded\" src=\"https:\/\/assets.folhavitoria.com.br\/images\/316b8040-0a9f-11ed-9f83-c90f9f810312--116x116.png\" alt=\"\" \/><\/div>\n<div class=\"swiper-slide\"><img decoding=\"async\" class=\"img-fluid swiper-lazy swiper-lazy-loaded\" src=\"https:\/\/assets.folhavitoria.com.br\/images\/319ec540-0a9f-11ed-9f83-c90f9f810312--116x116.png\" alt=\"\" \/><\/div>\n<\/div>\n<\/div>\n<\/div>\n<div class=\"ks-swiper-container\">\n<div class=\"swiper-container gallery-top swiper-container-horizontal swiper-container-android\">\n<div class=\"swiper-wrapper\">\n<div class=\"swiper-slide swiper-slide-active\"><\/div>\n<div class=\"swiper-slide\">\n<figure><a class=\"content-image-gallery\" data-src=\"https:\/\/assets.folhavitoria.com.br\/images\/319ec540-0a9f-11ed-9f83-c90f9f810312--minified.png\"><img class=\"swiper-lazy\" alt=\"\" data-src=\"https:\/\/assets.folhavitoria.com.br\/images\/319ec540-0a9f-11ed-9f83-c90f9f810312--minified.png\" \/> <\/a><figcaption><\/figcaption><\/figure>\n<div class=\"swiper-lazy-preloader swiper-lazy-preloader-white\"><\/div>\n<\/div>\n<\/div>\n<\/div>\n<\/div>\n<\/div>\n<\/div>\n<p class=\"\" style=\"text-align: justify;\"><b>Fonte: Folha Vit\u00f3ria\u00a0<\/b><\/p>\n","protected":false},"excerpt":{"rendered":"<p>Fazendo seu gesto caracter\u00edstico de aprontar os dedos para o c\u00e9u simulando uma arma, o presidente da Rep\u00fablica, Jair Bolsonaro (PL), que participou da &#8220;Marcha para Jesus&#8221;, no Esp\u00edrito Santo, neste s\u00e1bado (23), chegou \u00e0 Pra\u00e7a do Papa, ap\u00f3s motociata com apoiadores, por volta das 13 horas. Assim como aconteceu no evento fechado para lideran\u00e7as &hellip;<\/p>\n","protected":false},"author":2,"featured_media":42324,"comment_status":"open","ping_status":"open","sticky":false,"template":"","format":"standard","meta":{"content-type":"","rop_custom_images_group":[],"rop_custom_messages_group":[],"rop_publish_now":"initial","rop_publish_now_accounts":{"facebook_2648258775420054_1618374048415101":""},"rop_publish_now_history":[],"rop_publish_now_status":"pending","footnotes":"","_jetpack_memberships_contains_paid_content":false},"categories":[130],"tags":[680,3552,10039],"yoast_head":"<!-- This site is optimized with the Yoast SEO plugin v22.3 - https:\/\/yoast.com\/wordpress\/plugins\/seo\/ -->\n<title>Em discurso no ES, Bolsonaro diz que est\u00e1 disposto a &quot;dar a vida em defesa da P\u00e1tria&quot; - Portal NPM<\/title>\n<meta name=\"robots\" content=\"index, follow, max-snippet:-1, max-image-preview:large, max-video-preview:-1\" \/>\n<link rel=\"canonical\" href=\"https:\/\/portalnpm.com\/index.php\/2022\/07\/24\/em-discurso-no-es-bolsonaro-diz-que-esta-disposto-a-dar-a-vida-em-defesa-da-patria\/\" \/>\n<meta property=\"og:locale\" content=\"pt_BR\" \/>\n<meta property=\"og:type\" content=\"article\" \/>\n<meta property=\"og:title\" content=\"Em discurso no ES, Bolsonaro diz que est\u00e1 disposto a &quot;dar a vida em defesa da P\u00e1tria&quot; - Portal NPM\" \/>\n<meta property=\"og:description\" content=\"Fazendo seu gesto caracter\u00edstico de aprontar os dedos para o c\u00e9u simulando uma arma, o presidente da Rep\u00fablica, Jair Bolsonaro (PL), que participou da &#8220;Marcha para Jesus&#8221;, no Esp\u00edrito Santo, neste s\u00e1bado (23), chegou \u00e0 Pra\u00e7a do Papa, ap\u00f3s motociata com apoiadores, por volta das 13 horas. Assim como aconteceu no evento fechado para lideran\u00e7as &hellip;\" \/>\n<meta property=\"og:url\" content=\"https:\/\/portalnpm.com\/index.php\/2022\/07\/24\/em-discurso-no-es-bolsonaro-diz-que-esta-disposto-a-dar-a-vida-em-defesa-da-patria\/\" \/>\n<meta property=\"og:site_name\" content=\"Portal NPM\" \/>\n<meta property=\"article:published_time\" content=\"2022-07-24T11:32:09+00:00\" \/>\n<meta name=\"author\" content=\"Genival Barbosa\" \/>\n<meta name=\"twitter:card\" content=\"summary_large_image\" \/>\n<meta name=\"twitter:label1\" content=\"Escrito por\" \/>\n\t<meta name=\"twitter:data1\" content=\"Genival Barbosa\" \/>\n\t<meta name=\"twitter:label2\" content=\"Est. tempo de leitura\" \/>\n\t<meta name=\"twitter:data2\" content=\"1 minuto\" \/>\n<script type=\"application\/ld+json\" class=\"yoast-schema-graph\">{\"@context\":\"https:\/\/schema.org\",\"@graph\":[{\"@type\":\"WebPage\",\"@id\":\"https:\/\/portalnpm.com\/index.php\/2022\/07\/24\/em-discurso-no-es-bolsonaro-diz-que-esta-disposto-a-dar-a-vida-em-defesa-da-patria\/\",\"url\":\"https:\/\/portalnpm.com\/index.php\/2022\/07\/24\/em-discurso-no-es-bolsonaro-diz-que-esta-disposto-a-dar-a-vida-em-defesa-da-patria\/\",\"name\":\"Em discurso no ES, Bolsonaro diz que est\u00e1 disposto a \\\"dar a vida em defesa da P\u00e1tria\\\" - Portal NPM\",\"isPartOf\":{\"@id\":\"https:\/\/portalnpm.com\/#website\"},\"primaryImageOfPage\":{\"@id\":\"https:\/\/portalnpm.com\/index.php\/2022\/07\/24\/em-discurso-no-es-bolsonaro-diz-que-esta-disposto-a-dar-a-vida-em-defesa-da-patria\/#primaryimage\"},\"image\":{\"@id\":\"https:\/\/portalnpm.com\/index.php\/2022\/07\/24\/em-discurso-no-es-bolsonaro-diz-que-esta-disposto-a-dar-a-vida-em-defesa-da-patria\/#primaryimage\"},\"thumbnailUrl\":\"\",\"datePublished\":\"2022-07-24T11:32:09+00:00\",\"dateModified\":\"2022-07-24T11:32:09+00:00\",\"author\":{\"@id\":\"https:\/\/portalnpm.com\/#\/schema\/person\/49313e563cfdefcc167f1ee4c017c294\"},\"breadcrumb\":{\"@id\":\"https:\/\/portalnpm.com\/index.php\/2022\/07\/24\/em-discurso-no-es-bolsonaro-diz-que-esta-disposto-a-dar-a-vida-em-defesa-da-patria\/#breadcrumb\"},\"inLanguage\":\"pt-BR\",\"potentialAction\":[{\"@type\":\"ReadAction\",\"target\":[\"https:\/\/portalnpm.com\/index.php\/2022\/07\/24\/em-discurso-no-es-bolsonaro-diz-que-esta-disposto-a-dar-a-vida-em-defesa-da-patria\/\"]}]},{\"@type\":\"ImageObject\",\"inLanguage\":\"pt-BR\",\"@id\":\"https:\/\/portalnpm.com\/index.php\/2022\/07\/24\/em-discurso-no-es-bolsonaro-diz-que-esta-disposto-a-dar-a-vida-em-defesa-da-patria\/#primaryimage\",\"url\":\"\",\"contentUrl\":\"\"},{\"@type\":\"BreadcrumbList\",\"@id\":\"https:\/\/portalnpm.com\/index.php\/2022\/07\/24\/em-discurso-no-es-bolsonaro-diz-que-esta-disposto-a-dar-a-vida-em-defesa-da-patria\/#breadcrumb\",\"itemListElement\":[{\"@type\":\"ListItem\",\"position\":1,\"name\":\"In\u00edcio\",\"item\":\"https:\/\/portalnpm.com\/\"},{\"@type\":\"ListItem\",\"position\":2,\"name\":\"Em discurso no ES, Bolsonaro diz que est\u00e1 disposto a &#8220;dar a vida em defesa da P\u00e1tria&#8221;\"}]},{\"@type\":\"WebSite\",\"@id\":\"https:\/\/portalnpm.com\/#website\",\"url\":\"https:\/\/portalnpm.com\/\",\"name\":\"Portal NPM\",\"description\":\"Not\u00edcias em Primeira M\u00e3o\",\"potentialAction\":[{\"@type\":\"SearchAction\",\"target\":{\"@type\":\"EntryPoint\",\"urlTemplate\":\"https:\/\/portalnpm.com\/?s={search_term_string}\"},\"query-input\":\"required name=search_term_string\"}],\"inLanguage\":\"pt-BR\"},{\"@type\":\"Person\",\"@id\":\"https:\/\/portalnpm.com\/#\/schema\/person\/49313e563cfdefcc167f1ee4c017c294\",\"name\":\"Genival Barbosa\",\"image\":{\"@type\":\"ImageObject\",\"inLanguage\":\"pt-BR\",\"@id\":\"https:\/\/portalnpm.com\/#\/schema\/person\/image\/\",\"url\":\"https:\/\/portalnpm.com\/wp-content\/uploads\/2024\/02\/avatar_user_2_1707743258-96x96.jpeg\",\"contentUrl\":\"https:\/\/portalnpm.com\/wp-content\/uploads\/2024\/02\/avatar_user_2_1707743258-96x96.jpeg\",\"caption\":\"Genival Barbosa\"},\"url\":\"https:\/\/portalnpm.com\/index.php\/author\/genival\/\"}]}<\/script>\n<!-- \/ Yoast SEO plugin. -->","yoast_head_json":{"title":"Em discurso no ES, Bolsonaro diz que est\u00e1 disposto a \"dar a vida em defesa da P\u00e1tria\" - Portal NPM","robots":{"index":"index","follow":"follow","max-snippet":"max-snippet:-1","max-image-preview":"max-image-preview:large","max-video-preview":"max-video-preview:-1"},"canonical":"https:\/\/portalnpm.com\/index.php\/2022\/07\/24\/em-discurso-no-es-bolsonaro-diz-que-esta-disposto-a-dar-a-vida-em-defesa-da-patria\/","og_locale":"pt_BR","og_type":"article","og_title":"Em discurso no ES, Bolsonaro diz que est\u00e1 disposto a \"dar a vida em defesa da P\u00e1tria\" - Portal NPM","og_description":"Fazendo seu gesto caracter\u00edstico de aprontar os dedos para o c\u00e9u simulando uma arma, o presidente da Rep\u00fablica, Jair Bolsonaro (PL), que participou da &#8220;Marcha para Jesus&#8221;, no Esp\u00edrito Santo, neste s\u00e1bado (23), chegou \u00e0 Pra\u00e7a do Papa, ap\u00f3s motociata com apoiadores, por volta das 13 horas. Assim como aconteceu no evento fechado para lideran\u00e7as &hellip;","og_url":"https:\/\/portalnpm.com\/index.php\/2022\/07\/24\/em-discurso-no-es-bolsonaro-diz-que-esta-disposto-a-dar-a-vida-em-defesa-da-patria\/","og_site_name":"Portal NPM","article_published_time":"2022-07-24T11:32:09+00:00","author":"Genival Barbosa","twitter_card":"summary_large_image","twitter_misc":{"Escrito por":"Genival Barbosa","Est. tempo de leitura":"1 minuto"},"schema":{"@context":"https:\/\/schema.org","@graph":[{"@type":"WebPage","@id":"https:\/\/portalnpm.com\/index.php\/2022\/07\/24\/em-discurso-no-es-bolsonaro-diz-que-esta-disposto-a-dar-a-vida-em-defesa-da-patria\/","url":"https:\/\/portalnpm.com\/index.php\/2022\/07\/24\/em-discurso-no-es-bolsonaro-diz-que-esta-disposto-a-dar-a-vida-em-defesa-da-patria\/","name":"Em discurso no ES, Bolsonaro diz que est\u00e1 disposto a \"dar a vida em defesa da P\u00e1tria\" - Portal NPM","isPartOf":{"@id":"https:\/\/portalnpm.com\/#website"},"primaryImageOfPage":{"@id":"https:\/\/portalnpm.com\/index.php\/2022\/07\/24\/em-discurso-no-es-bolsonaro-diz-que-esta-disposto-a-dar-a-vida-em-defesa-da-patria\/#primaryimage"},"image":{"@id":"https:\/\/portalnpm.com\/index.php\/2022\/07\/24\/em-discurso-no-es-bolsonaro-diz-que-esta-disposto-a-dar-a-vida-em-defesa-da-patria\/#primaryimage"},"thumbnailUrl":"","datePublished":"2022-07-24T11:32:09+00:00","dateModified":"2022-07-24T11:32:09+00:00","author":{"@id":"https:\/\/portalnpm.com\/#\/schema\/person\/49313e563cfdefcc167f1ee4c017c294"},"breadcrumb":{"@id":"https:\/\/portalnpm.com\/index.php\/2022\/07\/24\/em-discurso-no-es-bolsonaro-diz-que-esta-disposto-a-dar-a-vida-em-defesa-da-patria\/#breadcrumb"},"inLanguage":"pt-BR","potentialAction":[{"@type":"ReadAction","target":["https:\/\/portalnpm.com\/index.php\/2022\/07\/24\/em-discurso-no-es-bolsonaro-diz-que-esta-disposto-a-dar-a-vida-em-defesa-da-patria\/"]}]},{"@type":"ImageObject","inLanguage":"pt-BR","@id":"https:\/\/portalnpm.com\/index.php\/2022\/07\/24\/em-discurso-no-es-bolsonaro-diz-que-esta-disposto-a-dar-a-vida-em-defesa-da-patria\/#primaryimage","url":"","contentUrl":""},{"@type":"BreadcrumbList","@id":"https:\/\/portalnpm.com\/index.php\/2022\/07\/24\/em-discurso-no-es-bolsonaro-diz-que-esta-disposto-a-dar-a-vida-em-defesa-da-patria\/#breadcrumb","itemListElement":[{"@type":"ListItem","position":1,"name":"In\u00edcio","item":"https:\/\/portalnpm.com\/"},{"@type":"ListItem","position":2,"name":"Em discurso no ES, Bolsonaro diz que est\u00e1 disposto a &#8220;dar a vida em defesa da P\u00e1tria&#8221;"}]},{"@type":"WebSite","@id":"https:\/\/portalnpm.com\/#website","url":"https:\/\/portalnpm.com\/","name":"Portal NPM","description":"Not\u00edcias em Primeira M\u00e3o","potentialAction":[{"@type":"SearchAction","target":{"@type":"EntryPoint","urlTemplate":"https:\/\/portalnpm.com\/?s={search_term_string}"},"query-input":"required name=search_term_string"}],"inLanguage":"pt-BR"},{"@type":"Person","@id":"https:\/\/portalnpm.com\/#\/schema\/person\/49313e563cfdefcc167f1ee4c017c294","name":"Genival Barbosa","image":{"@type":"ImageObject","inLanguage":"pt-BR","@id":"https:\/\/portalnpm.com\/#\/schema\/person\/image\/","url":"https:\/\/portalnpm.com\/wp-content\/uploads\/2024\/02\/avatar_user_2_1707743258-96x96.jpeg","contentUrl":"https:\/\/portalnpm.com\/wp-content\/uploads\/2024\/02\/avatar_user_2_1707743258-96x96.jpeg","caption":"Genival Barbosa"},"url":"https:\/\/portalnpm.com\/index.php\/author\/genival\/"}]}},"jetpack_sharing_enabled":true,"jetpack_featured_media_url":"","_links":{"self":[{"href":"https:\/\/portalnpm.com\/index.php\/wp-json\/wp\/v2\/posts\/42323"}],"collection":[{"href":"https:\/\/portalnpm.com\/index.php\/wp-json\/wp\/v2\/posts"}],"about":[{"href":"https:\/\/portalnpm.com\/index.php\/wp-json\/wp\/v2\/types\/post"}],"author":[{"embeddable":true,"href":"https:\/\/portalnpm.com\/index.php\/wp-json\/wp\/v2\/users\/2"}],"replies":[{"embeddable":true,"href":"https:\/\/portalnpm.com\/index.php\/wp-json\/wp\/v2\/comments?post=42323"}],"version-history":[{"count":0,"href":"https:\/\/portalnpm.com\/index.php\/wp-json\/wp\/v2\/posts\/42323\/revisions"}],"wp:featuredmedia":[{"embeddable":true,"href":"https:\/\/portalnpm.com\/index.php\/wp-json\/"}],"wp:attachment":[{"href":"https:\/\/portalnpm.com\/index.php\/wp-json\/wp\/v2\/media?parent=42323"}],"wp:term":[{"taxonomy":"category","embeddable":true,"href":"https:\/\/portalnpm.com\/index.php\/wp-json\/wp\/v2\/categories?post=42323"},{"taxonomy":"post_tag","embeddable":true,"href":"https:\/\/portalnpm.com\/index.php\/wp-json\/wp\/v2\/tags?post=42323"}],"curies":[{"name":"wp","href":"https:\/\/api.w.org\/{rel}","templated":true}]}}