{"id":42382,"date":"2022-07-28T19:07:35","date_gmt":"2022-07-28T22:07:35","guid":{"rendered":"https:\/\/portalnpm.com\/?p=42382"},"modified":"2022-07-28T19:07:35","modified_gmt":"2022-07-28T22:07:35","slug":"ciro-gomes-diz-que-vai-administrar-os-precos-da-petrobras-em-eventual-governo","status":"publish","type":"post","link":"https:\/\/portalnpm.com\/index.php\/2022\/07\/28\/ciro-gomes-diz-que-vai-administrar-os-precos-da-petrobras-em-eventual-governo\/","title":{"rendered":"Ciro Gomes diz que vai administrar os pre\u00e7os da Petrobras em eventual governo"},"content":{"rendered":"<p style=\"text-align: justify;\">O ex-ministro Ciro Gomes (PDT) afirmou que vai administrar o pre\u00e7o dos produtos qu\u00edmicos da Petrobras caso seja o presidente da Rep\u00fablica.\u00a0Em entrevista ao Central das Elei\u00e7\u00f5es da Globo News, o candidato ao Planalto voltou a defender a mudan\u00e7a na pol\u00edtica de pre\u00e7os da estatal.\u00a0\u201cTodo monop\u00f3lio, o pre\u00e7o \u00e9 administrado pelo governo. A l\u00f3gica do mercado n\u00e3o existe em contexto de monop\u00f3lio. Ela (a Petrobras) ter\u00e1 um pre\u00e7o administrado pelo governo, como o pre\u00e7o de energia\u201d, disse nesta feira, 27.<\/p>\n<p style=\"text-align: justify;\">\n<p style=\"text-align: justify;\">\n<p style=\"text-align: justify;\">Ciro de substitui\u00e7\u00e3o a Paridade de Pre\u00e7o Internacional (PPI), que substitui o pre\u00e7o a linha de produ\u00e7\u00e3o do Pa\u00eds, por uma pol\u00edtica baseada nos custos mais uma pol\u00edtica baseada nos custos da Petrobras.<\/p>\n<p style=\"text-align: justify;\">\u201cO lucro da Petrobras no ano passado foi de 38%, com essa pol\u00edtica de pre\u00e7os inescrupulosa. O lucro da empresa mais bem sucedido foi de 9%. A Petrobras est\u00e1 investindo (com esse lucro)? N\u00e3o, est\u00e1 desinvestindo. Est\u00e1 distribuindo lucro antecipado aos acionistas\u201d, criticou.<\/p>\n<p style=\"text-align: justify;\">O presidente afirmou tamb\u00e9m que pretende comprar a\u00e7\u00f5es da empresa para assumir de 50% a 60% a participa\u00e7\u00e3o acion\u00e1ria do governo na companhia.<\/p>\n<p style=\"text-align: justify;\"><strong>Legisla\u00e7\u00e3o trabalhista<\/strong><\/p>\n<p style=\"text-align: justify;\">Ciro Gomes voltou a dizer que substituiu a Consolida\u00e7\u00e3o das Leis do Trabalho (CLT) por um novo C\u00f3digo Trabalhista.\u00a0\u201cA CLT envelheceu, n\u00e3o faz as velhas ideias vis\u00edveis com o que temos hoje, reacion\u00e1rio, uma saudade impratic\u00e1vel de voltar \u00e0 CLT\u201d, pontuou.<\/p>\n<p style=\"text-align: justify;\">O esbo\u00e7o desta legisla\u00e7\u00e3o \u00e9 apoiado em dois eixos: as conven\u00e7\u00f5es internacionais que o Brasil celebrado com a Organiza\u00e7\u00e3o Internacional do Trabalho e \u201cas grandes quest\u00f5es que est\u00e3o judicializadas\u201d.\u00a0Entre as empresas citadas por Ciro\u00e7o, oferecem uma equipe de terceiriza\u00e7\u00e3o de aplicativos com celebridades e umbou\u00e7o de fornecedores.<\/p>\n<p style=\"text-align: justify;\"><strong>Renda m\u00ednima<\/strong><\/p>\n<p style=\"text-align: justify;\">Ciro voltou a falar tamb\u00e9m que vai institucionalizar uma renda m\u00ednima no Brasil para combater a pobreza.\u00a0\u201cQuero libertar o povo b\u00e1sico. \u00c0s v\u00e9speras da elei\u00e7\u00e3o, principalmente no Nordeste, \u00e9 uma humilha\u00e7\u00e3o: \u2018se voc\u00ea votar no fulano, corto seu Bolsa Fam\u00edlia\u2019. A ideia \u00e9 que seja de status constitucional, que todo brasileiro, sendo ou n\u00e3o pode contribuir para a Previd\u00eancia, direito a uma renda b\u00e1sica m\u00ednima\u201d, desenvolvida.<\/p>\n<p style=\"text-align: justify;\"><strong>Vice<\/strong><\/p>\n<p style=\"text-align: justify;\">O ex-ministro tamb\u00e9m disse na entrevista que vai informar a decis\u00e3o sobre quem ser\u00e1 seu candidato a vice para o prazo limite, 5 de agosto, \u00e0 espera de uma composi\u00e7\u00e3o com PSDB, Uni\u00e3o Brasil ou PSD.\u00a0O presididonci\u00e1vel lembrado que o PDT possui afilia\u00e7\u00f5es com as siglas em alguns Estados e, por isso, recebido o pedido de dirigentes para que deixasse \u201cas\u201d.<\/p>\n<p style=\"text-align: justify;\">\u201cO Uni\u00e3o Brasil, que tem o Bivar como candidato, tem algumas alian\u00e7as comigo, como o ACM Neto na Bahia. Apoiamos o Ronaldo Caiado em Goi\u00e1s, apoiamos o Mauro Mendes (Mato Grosso). O PSDB de Natal, sa\u00edmos com a vice de l\u00e1. O PSD \u00e9 poderem pelo Kassab, e eles pedem que eu deixe a porta em aberto que a gente, eventualmente, fazer isso (de indicar a vice de Ciro)\u201d, afirmou.<\/p>\n<p style=\"text-align: justify;\">Ciro disse, no entanto, que h\u00e1 nomes habilitados no PDT para ocupar a vice, caso n\u00e3o composi\u00e7\u00e3o com outro partido.\u00a0Ele repete que prefere uma mulher para vaga.<\/p>\n<p style=\"text-align: justify;\"><strong>\u2018Dor de cotovelo\u2019<\/strong><\/p>\n<p style=\"text-align: justify;\">Na entrevista, Ciro revelou ter apoio de Luiz In\u00e1cio com \u201cdor de cotovelo\u201d pelo ex-presidente Lula da Silva (PT).\u00a0Ao falar sobre propostas para a \u00e1rea da cultura, o pedetista se disse admirador do artista e afirmou que gostaria de ter o voto dela.<\/p>\n<p style=\"text-align: justify;\">Ciro atribuiu a declara\u00e7\u00e3o de apoio a um medo de Anitta de ser \u201ccancelado\u201d nas redes sociais.\u00a0\u201cEla disse uma coisa essencial: \u2018estou em d\u00favida\u2019. Porque mais do mesmo vai dar mais do mesmo. Ela disse: \u2018eu estou em d\u00favida, quero ouvir o debate, assistir os candidatos e depois vou decidir\u2019. Ca\u00edram de pau em cima dela, ela, pra se livrar dessa press\u00e3o fascista da galera do PT, as pessoas est\u00e3o se rendendo pra n\u00e3o serem destru\u00eddas\u201d, disse o presidente.<\/p>\n<p style=\"text-align: justify;\">Anitta declarou o voto em Lula no Twitter em publica\u00e7\u00e3o no dia 11. \u201cN\u00e3o sou petista e nunca. Mas este ano estou com Lula e quem minha ajuda para fazer ele bombar aqui na internet, TikTok, Twitter, Instagram \u00e9 s\u00f3 me pedir que estar ao meu alcance e n\u00e3o sendo contra lei eleitoral eu farei\u201d, escreveu a cantora.\u00a0\u201cA partir de agora sou \u2018Lula deste momento\u2019 [no] primeiro turno.<\/p>\n<p style=\"text-align: justify;\">Desde ent\u00e3o, a cantora disse ter conversado com o petista para explicar a estrat\u00e9gia de marketing que considera ideal para ganhar o pleito e derrotar o presidente Jair Bolsonaro (PL).<\/p>\n<p style=\"text-align: justify;\"><strong>Taxa\u00e7\u00e3o de sorte<\/strong><\/p>\n<p style=\"text-align: justify;\">O candidato \u00e0 Presid\u00eancia pelo PDT prop\u00f5e taxar em 0,5% fortunas a partir de R$ 20 milh\u00f5es para custear um programa de renda m\u00ednima.\u00a0\u201cEu proponho uma tributa\u00e7\u00e3o, que est\u00e1 previsto para financiar na Constitui\u00e7\u00e3o, sobre grandes fortunas, que estou especializando: 0,5% sobre esse patrim\u00f4nio de R$ 20, arrecadaria o suficiente para milh\u00f5es dessas outras fontes. R$ 60,00, R$ 70 bilh\u00f5es por ano. Isso atinge 58 milh\u00f5es de contribuintes no Brasil, num pa\u00eds de 212 milh\u00f5es, tal \u00e9 a selvageria da renda no nosso pa\u00eds\u201d, disse Ciro.<\/p>\n<p style=\"text-align: justify;\">Ainda segundo o candidato, o programa de renda m\u00ednima reuniria Aux\u00edlio, pagamento seguro Brasil, seguro de presta\u00e7\u00e3o continuada (BPC) e outros aux\u00edlios j\u00e1 atualmente e restabeleceria monitoramento de indicadores sociais que acompanhava o Bolsa Fam\u00edlia.<\/p>\n<p style=\"text-align: justify;\">Durante a entrevista, Ciro disse tamb\u00e9m que pretenderar os criadores de homens e mulheres equipa na proposta um novo c\u00f3digo trabalhista para o Pa\u00eds.<\/p>\n<p style=\"text-align: justify;\">\n<p style=\"text-align: justify;\"><em>Fonte: Estad\u00e3o Conte\u00fado\u00a0<\/em><\/p>\n","protected":false},"excerpt":{"rendered":"<p>O ex-ministro Ciro Gomes (PDT) afirmou que vai administrar o pre\u00e7o dos produtos qu\u00edmicos da Petrobras caso seja o presidente da Rep\u00fablica.\u00a0Em entrevista ao Central das Elei\u00e7\u00f5es da Globo News, o candidato ao Planalto voltou a defender a mudan\u00e7a na pol\u00edtica de pre\u00e7os da estatal.\u00a0\u201cTodo monop\u00f3lio, o pre\u00e7o \u00e9 administrado pelo governo. A l\u00f3gica do &hellip;<\/p>\n","protected":false},"author":2,"featured_media":42383,"comment_status":"open","ping_status":"open","sticky":false,"template":"","format":"standard","meta":{"content-type":"","rop_custom_images_group":[],"rop_custom_messages_group":[],"rop_publish_now":"initial","rop_publish_now_accounts":{"facebook_2648258775420054_1618374048415101":""},"rop_publish_now_history":[],"rop_publish_now_status":"pending","footnotes":"","_jetpack_memberships_contains_paid_content":false},"categories":[414,118],"tags":[473,3758,3878],"yoast_head":"<!-- This site is optimized with the Yoast SEO plugin v22.3 - https:\/\/yoast.com\/wordpress\/plugins\/seo\/ -->\n<title>Ciro Gomes diz que vai administrar os pre\u00e7os da Petrobras em eventual governo - Portal NPM<\/title>\n<meta name=\"robots\" content=\"index, follow, max-snippet:-1, max-image-preview:large, max-video-preview:-1\" \/>\n<link rel=\"canonical\" href=\"https:\/\/portalnpm.com\/index.php\/2022\/07\/28\/ciro-gomes-diz-que-vai-administrar-os-precos-da-petrobras-em-eventual-governo\/\" \/>\n<meta property=\"og:locale\" content=\"pt_BR\" \/>\n<meta property=\"og:type\" content=\"article\" \/>\n<meta property=\"og:title\" content=\"Ciro Gomes diz que vai administrar os pre\u00e7os da Petrobras em eventual governo - Portal NPM\" \/>\n<meta property=\"og:description\" content=\"O ex-ministro Ciro Gomes (PDT) afirmou que vai administrar o pre\u00e7o dos produtos qu\u00edmicos da Petrobras caso seja o presidente da Rep\u00fablica.\u00a0Em entrevista ao Central das Elei\u00e7\u00f5es da Globo News, o candidato ao Planalto voltou a defender a mudan\u00e7a na pol\u00edtica de pre\u00e7os da estatal.\u00a0\u201cTodo monop\u00f3lio, o pre\u00e7o \u00e9 administrado pelo governo. A l\u00f3gica do &hellip;\" \/>\n<meta property=\"og:url\" content=\"https:\/\/portalnpm.com\/index.php\/2022\/07\/28\/ciro-gomes-diz-que-vai-administrar-os-precos-da-petrobras-em-eventual-governo\/\" \/>\n<meta property=\"og:site_name\" content=\"Portal NPM\" \/>\n<meta property=\"article:published_time\" content=\"2022-07-28T22:07:35+00:00\" \/>\n<meta name=\"author\" content=\"Genival Barbosa\" \/>\n<meta name=\"twitter:card\" content=\"summary_large_image\" \/>\n<meta name=\"twitter:label1\" content=\"Escrito por\" \/>\n\t<meta name=\"twitter:data1\" content=\"Genival Barbosa\" \/>\n\t<meta name=\"twitter:label2\" content=\"Est. tempo de leitura\" \/>\n\t<meta name=\"twitter:data2\" content=\"5 minutos\" \/>\n<script type=\"application\/ld+json\" class=\"yoast-schema-graph\">{\"@context\":\"https:\/\/schema.org\",\"@graph\":[{\"@type\":\"WebPage\",\"@id\":\"https:\/\/portalnpm.com\/index.php\/2022\/07\/28\/ciro-gomes-diz-que-vai-administrar-os-precos-da-petrobras-em-eventual-governo\/\",\"url\":\"https:\/\/portalnpm.com\/index.php\/2022\/07\/28\/ciro-gomes-diz-que-vai-administrar-os-precos-da-petrobras-em-eventual-governo\/\",\"name\":\"Ciro Gomes diz que vai administrar os pre\u00e7os da Petrobras em eventual governo - Portal NPM\",\"isPartOf\":{\"@id\":\"https:\/\/portalnpm.com\/#website\"},\"primaryImageOfPage\":{\"@id\":\"https:\/\/portalnpm.com\/index.php\/2022\/07\/28\/ciro-gomes-diz-que-vai-administrar-os-precos-da-petrobras-em-eventual-governo\/#primaryimage\"},\"image\":{\"@id\":\"https:\/\/portalnpm.com\/index.php\/2022\/07\/28\/ciro-gomes-diz-que-vai-administrar-os-precos-da-petrobras-em-eventual-governo\/#primaryimage\"},\"thumbnailUrl\":\"\",\"datePublished\":\"2022-07-28T22:07:35+00:00\",\"dateModified\":\"2022-07-28T22:07:35+00:00\",\"author\":{\"@id\":\"https:\/\/portalnpm.com\/#\/schema\/person\/49313e563cfdefcc167f1ee4c017c294\"},\"breadcrumb\":{\"@id\":\"https:\/\/portalnpm.com\/index.php\/2022\/07\/28\/ciro-gomes-diz-que-vai-administrar-os-precos-da-petrobras-em-eventual-governo\/#breadcrumb\"},\"inLanguage\":\"pt-BR\",\"potentialAction\":[{\"@type\":\"ReadAction\",\"target\":[\"https:\/\/portalnpm.com\/index.php\/2022\/07\/28\/ciro-gomes-diz-que-vai-administrar-os-precos-da-petrobras-em-eventual-governo\/\"]}]},{\"@type\":\"ImageObject\",\"inLanguage\":\"pt-BR\",\"@id\":\"https:\/\/portalnpm.com\/index.php\/2022\/07\/28\/ciro-gomes-diz-que-vai-administrar-os-precos-da-petrobras-em-eventual-governo\/#primaryimage\",\"url\":\"\",\"contentUrl\":\"\"},{\"@type\":\"BreadcrumbList\",\"@id\":\"https:\/\/portalnpm.com\/index.php\/2022\/07\/28\/ciro-gomes-diz-que-vai-administrar-os-precos-da-petrobras-em-eventual-governo\/#breadcrumb\",\"itemListElement\":[{\"@type\":\"ListItem\",\"position\":1,\"name\":\"In\u00edcio\",\"item\":\"https:\/\/portalnpm.com\/\"},{\"@type\":\"ListItem\",\"position\":2,\"name\":\"Ciro Gomes diz que vai administrar os pre\u00e7os da Petrobras em eventual governo\"}]},{\"@type\":\"WebSite\",\"@id\":\"https:\/\/portalnpm.com\/#website\",\"url\":\"https:\/\/portalnpm.com\/\",\"name\":\"Portal NPM\",\"description\":\"Not\u00edcias em Primeira M\u00e3o\",\"potentialAction\":[{\"@type\":\"SearchAction\",\"target\":{\"@type\":\"EntryPoint\",\"urlTemplate\":\"https:\/\/portalnpm.com\/?s={search_term_string}\"},\"query-input\":\"required name=search_term_string\"}],\"inLanguage\":\"pt-BR\"},{\"@type\":\"Person\",\"@id\":\"https:\/\/portalnpm.com\/#\/schema\/person\/49313e563cfdefcc167f1ee4c017c294\",\"name\":\"Genival Barbosa\",\"image\":{\"@type\":\"ImageObject\",\"inLanguage\":\"pt-BR\",\"@id\":\"https:\/\/portalnpm.com\/#\/schema\/person\/image\/\",\"url\":\"https:\/\/portalnpm.com\/wp-content\/uploads\/2024\/02\/avatar_user_2_1707743258-96x96.jpeg\",\"contentUrl\":\"https:\/\/portalnpm.com\/wp-content\/uploads\/2024\/02\/avatar_user_2_1707743258-96x96.jpeg\",\"caption\":\"Genival Barbosa\"},\"url\":\"https:\/\/portalnpm.com\/index.php\/author\/genival\/\"}]}<\/script>\n<!-- \/ Yoast SEO plugin. -->","yoast_head_json":{"title":"Ciro Gomes diz que vai administrar os pre\u00e7os da Petrobras em eventual governo - Portal NPM","robots":{"index":"index","follow":"follow","max-snippet":"max-snippet:-1","max-image-preview":"max-image-preview:large","max-video-preview":"max-video-preview:-1"},"canonical":"https:\/\/portalnpm.com\/index.php\/2022\/07\/28\/ciro-gomes-diz-que-vai-administrar-os-precos-da-petrobras-em-eventual-governo\/","og_locale":"pt_BR","og_type":"article","og_title":"Ciro Gomes diz que vai administrar os pre\u00e7os da Petrobras em eventual governo - Portal NPM","og_description":"O ex-ministro Ciro Gomes (PDT) afirmou que vai administrar o pre\u00e7o dos produtos qu\u00edmicos da Petrobras caso seja o presidente da Rep\u00fablica.\u00a0Em entrevista ao Central das Elei\u00e7\u00f5es da Globo News, o candidato ao Planalto voltou a defender a mudan\u00e7a na pol\u00edtica de pre\u00e7os da estatal.\u00a0\u201cTodo monop\u00f3lio, o pre\u00e7o \u00e9 administrado pelo governo. A l\u00f3gica do &hellip;","og_url":"https:\/\/portalnpm.com\/index.php\/2022\/07\/28\/ciro-gomes-diz-que-vai-administrar-os-precos-da-petrobras-em-eventual-governo\/","og_site_name":"Portal NPM","article_published_time":"2022-07-28T22:07:35+00:00","author":"Genival Barbosa","twitter_card":"summary_large_image","twitter_misc":{"Escrito por":"Genival Barbosa","Est. tempo de leitura":"5 minutos"},"schema":{"@context":"https:\/\/schema.org","@graph":[{"@type":"WebPage","@id":"https:\/\/portalnpm.com\/index.php\/2022\/07\/28\/ciro-gomes-diz-que-vai-administrar-os-precos-da-petrobras-em-eventual-governo\/","url":"https:\/\/portalnpm.com\/index.php\/2022\/07\/28\/ciro-gomes-diz-que-vai-administrar-os-precos-da-petrobras-em-eventual-governo\/","name":"Ciro Gomes diz que vai administrar os pre\u00e7os da Petrobras em eventual governo - Portal NPM","isPartOf":{"@id":"https:\/\/portalnpm.com\/#website"},"primaryImageOfPage":{"@id":"https:\/\/portalnpm.com\/index.php\/2022\/07\/28\/ciro-gomes-diz-que-vai-administrar-os-precos-da-petrobras-em-eventual-governo\/#primaryimage"},"image":{"@id":"https:\/\/portalnpm.com\/index.php\/2022\/07\/28\/ciro-gomes-diz-que-vai-administrar-os-precos-da-petrobras-em-eventual-governo\/#primaryimage"},"thumbnailUrl":"","datePublished":"2022-07-28T22:07:35+00:00","dateModified":"2022-07-28T22:07:35+00:00","author":{"@id":"https:\/\/portalnpm.com\/#\/schema\/person\/49313e563cfdefcc167f1ee4c017c294"},"breadcrumb":{"@id":"https:\/\/portalnpm.com\/index.php\/2022\/07\/28\/ciro-gomes-diz-que-vai-administrar-os-precos-da-petrobras-em-eventual-governo\/#breadcrumb"},"inLanguage":"pt-BR","potentialAction":[{"@type":"ReadAction","target":["https:\/\/portalnpm.com\/index.php\/2022\/07\/28\/ciro-gomes-diz-que-vai-administrar-os-precos-da-petrobras-em-eventual-governo\/"]}]},{"@type":"ImageObject","inLanguage":"pt-BR","@id":"https:\/\/portalnpm.com\/index.php\/2022\/07\/28\/ciro-gomes-diz-que-vai-administrar-os-precos-da-petrobras-em-eventual-governo\/#primaryimage","url":"","contentUrl":""},{"@type":"BreadcrumbList","@id":"https:\/\/portalnpm.com\/index.php\/2022\/07\/28\/ciro-gomes-diz-que-vai-administrar-os-precos-da-petrobras-em-eventual-governo\/#breadcrumb","itemListElement":[{"@type":"ListItem","position":1,"name":"In\u00edcio","item":"https:\/\/portalnpm.com\/"},{"@type":"ListItem","position":2,"name":"Ciro Gomes diz que vai administrar os pre\u00e7os da Petrobras em eventual governo"}]},{"@type":"WebSite","@id":"https:\/\/portalnpm.com\/#website","url":"https:\/\/portalnpm.com\/","name":"Portal NPM","description":"Not\u00edcias em Primeira M\u00e3o","potentialAction":[{"@type":"SearchAction","target":{"@type":"EntryPoint","urlTemplate":"https:\/\/portalnpm.com\/?s={search_term_string}"},"query-input":"required name=search_term_string"}],"inLanguage":"pt-BR"},{"@type":"Person","@id":"https:\/\/portalnpm.com\/#\/schema\/person\/49313e563cfdefcc167f1ee4c017c294","name":"Genival Barbosa","image":{"@type":"ImageObject","inLanguage":"pt-BR","@id":"https:\/\/portalnpm.com\/#\/schema\/person\/image\/","url":"https:\/\/portalnpm.com\/wp-content\/uploads\/2024\/02\/avatar_user_2_1707743258-96x96.jpeg","contentUrl":"https:\/\/portalnpm.com\/wp-content\/uploads\/2024\/02\/avatar_user_2_1707743258-96x96.jpeg","caption":"Genival Barbosa"},"url":"https:\/\/portalnpm.com\/index.php\/author\/genival\/"}]}},"jetpack_sharing_enabled":true,"jetpack_featured_media_url":"","_links":{"self":[{"href":"https:\/\/portalnpm.com\/index.php\/wp-json\/wp\/v2\/posts\/42382"}],"collection":[{"href":"https:\/\/portalnpm.com\/index.php\/wp-json\/wp\/v2\/posts"}],"about":[{"href":"https:\/\/portalnpm.com\/index.php\/wp-json\/wp\/v2\/types\/post"}],"author":[{"embeddable":true,"href":"https:\/\/portalnpm.com\/index.php\/wp-json\/wp\/v2\/users\/2"}],"replies":[{"embeddable":true,"href":"https:\/\/portalnpm.com\/index.php\/wp-json\/wp\/v2\/comments?post=42382"}],"version-history":[{"count":0,"href":"https:\/\/portalnpm.com\/index.php\/wp-json\/wp\/v2\/posts\/42382\/revisions"}],"wp:featuredmedia":[{"embeddable":true,"href":"https:\/\/portalnpm.com\/index.php\/wp-json\/"}],"wp:attachment":[{"href":"https:\/\/portalnpm.com\/index.php\/wp-json\/wp\/v2\/media?parent=42382"}],"wp:term":[{"taxonomy":"category","embeddable":true,"href":"https:\/\/portalnpm.com\/index.php\/wp-json\/wp\/v2\/categories?post=42382"},{"taxonomy":"post_tag","embeddable":true,"href":"https:\/\/portalnpm.com\/index.php\/wp-json\/wp\/v2\/tags?post=42382"}],"curies":[{"name":"wp","href":"https:\/\/api.w.org\/{rel}","templated":true}]}}