{"id":42416,"date":"2022-08-03T06:11:56","date_gmt":"2022-08-03T09:11:56","guid":{"rendered":"https:\/\/portalnpm.com\/?p=42416"},"modified":"2022-08-03T06:11:56","modified_gmt":"2022-08-03T09:11:56","slug":"na-estreia-de-suarez-atletico-go-vence-nacional-na-sul-americana","status":"publish","type":"post","link":"https:\/\/portalnpm.com\/index.php\/2022\/08\/03\/na-estreia-de-suarez-atletico-go-vence-nacional-na-sul-americana\/","title":{"rendered":"Na estreia de Su\u00e1rez, Atl\u00e9tico-GO vence Nacional na Sul-Americana"},"content":{"rendered":"<section class=\"xpa-switch-article\">\n<div class=\"news-paragraph text-1\">\n<p style=\"text-align: justify;\">A noite em Montevid\u00e9u tinha tudo para ser de festa na reestreia de Luis Su\u00e1rez com a camisa do Nacional, mas o Atl\u00e9tico-GO deu um banho de \u00e1gua fria nos uruguaios e venceu a partida de ida das quartas de final da Sul-Americana por 1 a 0, com gol de Luiz Fernando. O goleiro Renan, que saiu do banco ainda no primeiro tempo ap\u00f3s les\u00e3o no ombro de Ronaldo, fez grandes defesas e ajudou a garantir a vit\u00f3ria.<\/p>\n<\/div>\n<\/section>\n<section class=\"xpa-switch-article\">\n<div class=\"news-paragraph text-1\">\n<p><a href=\"https:\/\/www.google.com\/search?q=sul+americana&amp;oq=sul+ame&amp;aqs=chrome.0.0i131i355i433i512j46i131i433i512j46i10i131i199i433i465i512j69i57j69i60l4.1263j1j9&amp;sourceid=chrome&amp;ie=UTF-8#sie=lg;\/g\/11rc427p07;2;\/m\/05kynr;mt;fp;1;;\" target=\"_blank\" rel=\"noopener noreferrer\">Veja os confrontos das quartas de final da Sul-Americana<\/a><\/p>\n<\/div>\n<\/section>\n<section class=\"xpa-switch-article\">\n<div class=\"of-image\"><picture class=\"of-image__picture\"><source srcset=\"https:\/\/image-service.onefootball.com\/transform?w=840&amp;h=560&amp;dpr=2&amp;image=https%3A%2F%2Fjogada10.com.br%2Fwp-content%2Fuploads%2F2022%2F08%2FLuis-Suarez-Nacional-2-scaled.jpg\" media=\"(min-width: 1280px)\" \/><source srcset=\"https:\/\/image-service.onefootball.com\/transform?w=620&amp;h=413&amp;dpr=2&amp;image=https%3A%2F%2Fjogada10.com.br%2Fwp-content%2Fuploads%2F2022%2F08%2FLuis-Suarez-Nacional-2-scaled.jpg\" media=\"(min-width: 1024px) and (max-width: 1279px)\" \/><source srcset=\"https:\/\/image-service.onefootball.com\/transform?w=336&amp;h=224&amp;dpr=2&amp;image=https%3A%2F%2Fjogada10.com.br%2Fwp-content%2Fuploads%2F2022%2F08%2FLuis-Suarez-Nacional-2-scaled.jpg\" media=\"(min-width: 768px) and (max-width: 1023px)\" \/><img decoding=\"async\" class=\"of-image__img media-container__image\" src=\"https:\/\/image-service.onefootball.com\/transform?w=280&amp;h=187&amp;dpr=2&amp;image=https%3A%2F%2Fjogada10.com.br%2Fwp-content%2Fuploads%2F2022%2F08%2FLuis-Suarez-Nacional-2-scaled.jpg\" alt=\"\" width=\"280\" height=\"186.66666666666666\" \/><\/picture><\/div>\n<\/section>\n<section class=\"xpa-switch-article\">\n<div class=\"news-paragraph text-1\">\n<p>Atacante Luis Su\u00e1rez fez sua reestreia com a camisa do Nacional, clube que o revelou para o futebol \u2013 Divulga\u00e7\u00e3o \/ Conmebol<\/p>\n<\/div>\n<\/section>\n<section class=\"xpa-switch-article\">\n<div class=\"news-paragraph text-1\">\n<p>Luis Su\u00e1rez \u00e9 o maior artilheiro da sele\u00e7\u00e3o do Uruguai e teve grande sucesso na Europa em suas passagens por Liverpool e Barcelona. Contudo, o atacante entrou em campo no Parque Central aos 28 minutos do segundo tempo e n\u00e3o conseguiu evitar a derrota em casa, apesar de criar uma grande chance para sua equipe na reta final do jogo.<\/p>\n<\/div>\n<\/section>\n<section class=\"xpa-switch-article\">\n<div class=\"news-paragraph text-1\">\n<p>Mesmo em m\u00e1 fase no Campeonato Brasileiro, onde n\u00e3o vence h\u00e1 sete rodadas, o Atl\u00e9tico-GO segue muito bem nas competi\u00e7\u00f5es mata-mata e est\u00e1 vivo nas fases finais da Sul-Americana e da Copa do Brasil.<\/p>\n<\/div>\n<\/section>\n<section class=\"xpa-switch-article\">\n<div class=\"news-paragraph text-1\">\n<h3>O jogo<\/h3>\n<\/div>\n<\/section>\n<section class=\"xpa-switch-article\">\n<div class=\"news-paragraph text-1\">\n<p>Mesmo com uma postura mais defensiva o Atl\u00e9tico-GO conseguiu ser competitivo e fez um grande primeiro tempo. A melhor chance do Nacional foi aos 16 minutos, em cobran\u00e7a de falta de Fag\u00fandez, na qual Ronaldo defendeu. Por\u00e9m, o goleiro machucou o ombro no lance e precisou ser substitu\u00eddo por Renan. Pouco depois, o Drag\u00e3o abriu o placar em bela jogada de L\u00e9o Pereira que cruzou na medida para Luiz Fernando cabecear para o fundo do gol.<\/p>\n<\/div>\n<\/section>\n<section class=\"xpa-switch-article\">\n<div class=\"news-paragraph text-1\">\n<p>O Nacional voltou do intervalo com uma postura mais ofensiva e foi em busca do empate. Os donos da casa pressionaram, mas pararam em grandes defesas do goleiro Renan. Aos 28 minutos, Luis Su\u00e1rez entrou em campo e o Nacional foi para o tudo ou nada. Por\u00e9m, em uma jogada que contou com a participa\u00e7\u00e3o do \u2018El Pistolero\u2019, Ignacio Ram\u00edrez desperdi\u00e7ou a melhor chance do Nacional no jogo e acertou a trave do Atl\u00e9tico-GO j\u00e1 nos acr\u00e9scimos da partida. Mesmo com a press\u00e3o dos donos da casa, o Drag\u00e3o conseguiu segurar a vantagem e o placar de 1 a 0 prevaleceu at\u00e9 o apito final.<\/p>\n<\/div>\n<\/section>\n<section class=\"xpa-switch-article\">\n<div class=\"of-image\"><picture class=\"of-image__picture\"><source srcset=\"https:\/\/image-service.onefootball.com\/transform?w=840&amp;h=561&amp;dpr=2&amp;image=https%3A%2F%2Fjogada10.com.br%2Fwp-content%2Fuploads%2F2022%2F08%2FNacional-x-Atletico-GO-4.jpg\" media=\"(min-width: 1280px)\" \/><source srcset=\"https:\/\/image-service.onefootball.com\/transform?w=620&amp;h=414&amp;dpr=2&amp;image=https%3A%2F%2Fjogada10.com.br%2Fwp-content%2Fuploads%2F2022%2F08%2FNacional-x-Atletico-GO-4.jpg\" media=\"(min-width: 1024px) and (max-width: 1279px)\" \/><source srcset=\"https:\/\/image-service.onefootball.com\/transform?w=336&amp;h=224&amp;dpr=2&amp;image=https%3A%2F%2Fjogada10.com.br%2Fwp-content%2Fuploads%2F2022%2F08%2FNacional-x-Atletico-GO-4.jpg\" media=\"(min-width: 768px) and (max-width: 1023px)\" \/><img decoding=\"async\" class=\"of-image__img media-container__image\" src=\"https:\/\/image-service.onefootball.com\/transform?w=280&amp;h=187&amp;dpr=2&amp;image=https%3A%2F%2Fjogada10.com.br%2Fwp-content%2Fuploads%2F2022%2F08%2FNacional-x-Atletico-GO-4.jpg\" alt=\"\" width=\"280\" height=\"186.92592592592592\" \/><\/picture><\/div>\n<\/section>\n<section class=\"xpa-switch-article\">\n<div class=\"news-paragraph text-1\">\n<p>Jogadores de Nacional e Atl\u00e9tico-GO em disputa de bola pelas quartas de final da Sul-Americana \u2013 Divulga\u00e7\u00e3o \/ Conmebol<\/p>\n<\/div>\n<\/section>\n<section class=\"xpa-switch-article\">\n<div class=\"news-paragraph text-1\">\n<h3>NACIONAL 0x1 ATL\u00c9TICO-GO<\/h3>\n<\/div>\n<\/section>\n<section class=\"xpa-switch-article\">\n<div class=\"news-paragraph text-1\">\n<p><strong>Data e hor\u00e1rio:<\/strong> 02\/08\/2022, \u00e0s 19h15 (de Bras\u00edlia) <strong>Local:<\/strong> Gran Parque Central, em Montevid\u00e9u (URU) <strong>Nacional:<\/strong> Sergio Rochet; Lozano (Otorm\u00edn, aos 40\u2032 do 2t), L\u00e9o Coelho, Marichal e C\u00e1ndido (Jos\u00e9 Rodr\u00edguez, aos 40\u2032 do 2t); Trezza (Ocampo, aos 19\u2032 do 2t), Yonathan Rodr\u00edguez (Ignacio Ram\u00edrez, aos 40\u2032 do 2t) e Carballo; Zabala, Franco Fag\u00fandez (Luis Su\u00e1rez, aos 28\u2032 do 2t) e Emanuel Gigliotti. <strong>T\u00e9cnico:<\/strong> Pablo Repetto. <strong>Atl\u00e9tico-GO:<\/strong> Ronaldo (Renan, aos 21\u2032 do 1t); Hayner, Wanderson, Klaus e Arthur Henrique (Jefferson, aos 32\u2032 do 2t); Baralhas, Edson Fernando e Jorginho (Marlon Freitas, aos 31\u2032 do 2t); L\u00e9o Pereira (Wellington Rato, aos 32\u2032 do 2t), Diego Chur\u00edn (Jo\u00e3o Peglow, aos 41\u2032 do 2t) e Luiz Fernando. T\u00e9cnico: Jorginho. <strong>Gol:<\/strong> Luiz Fernando, aos 23\u2032 do 1t (0-1); <strong>\u00c1rbitro:<\/strong> Eber Aquino (PAR) <strong>Assistentes:<\/strong> Eduardo Cardozo (PAR) e Jos\u00e9 Cuevas (PAR) <strong>Quarto \u00e1rbitro:<\/strong> Derlis Lopez (PAR) <strong>VAR:<\/strong> Carlos P. Benitez (PAR) <strong>Cart\u00f5es amarelos:<\/strong> Marichal (NAC); L\u00e9o Pereira, Chur\u00edn, Baralhas, Jorginho e Hayner (ACG)<\/p>\n<\/div>\n<\/section>\n<section class=\"xpa-switch-article\">\n<div class=\"news-paragraph text-1\">\n<p style=\"text-align: justify;\">Por <strong>Jogada10<\/strong><\/p>\n<\/div>\n<\/section>\n","protected":false},"excerpt":{"rendered":"<p>A noite em Montevid\u00e9u tinha tudo para ser de festa na reestreia de Luis Su\u00e1rez com a camisa do Nacional, mas o Atl\u00e9tico-GO deu um banho de \u00e1gua fria nos uruguaios e venceu a partida de ida das quartas de final da Sul-Americana por 1 a 0, com gol de Luiz Fernando. O goleiro Renan, &hellip;<\/p>\n","protected":false},"author":2,"featured_media":42417,"comment_status":"open","ping_status":"open","sticky":false,"template":"","format":"standard","meta":{"content-type":"","rop_custom_images_group":[],"rop_custom_messages_group":[],"rop_publish_now":"initial","rop_publish_now_accounts":{"facebook_2648258775420054_1618374048415101":""},"rop_publish_now_history":[],"rop_publish_now_status":"pending","footnotes":"","_jetpack_memberships_contains_paid_content":false},"categories":[108],"tags":[14034,8910,2787,14035,8232],"yoast_head":"<!-- This site is optimized with the Yoast SEO plugin v22.3 - https:\/\/yoast.com\/wordpress\/plugins\/seo\/ -->\n<title>Na estreia de Su\u00e1rez, Atl\u00e9tico-GO vence Nacional na Sul-Americana - Portal NPM<\/title>\n<meta name=\"robots\" content=\"index, follow, max-snippet:-1, max-image-preview:large, max-video-preview:-1\" \/>\n<link rel=\"canonical\" href=\"https:\/\/portalnpm.com\/index.php\/2022\/08\/03\/na-estreia-de-suarez-atletico-go-vence-nacional-na-sul-americana\/\" \/>\n<meta property=\"og:locale\" content=\"pt_BR\" \/>\n<meta property=\"og:type\" content=\"article\" \/>\n<meta property=\"og:title\" content=\"Na estreia de Su\u00e1rez, Atl\u00e9tico-GO vence Nacional na Sul-Americana - Portal NPM\" \/>\n<meta property=\"og:description\" content=\"A noite em Montevid\u00e9u tinha tudo para ser de festa na reestreia de Luis Su\u00e1rez com a camisa do Nacional, mas o Atl\u00e9tico-GO deu um banho de \u00e1gua fria nos uruguaios e venceu a partida de ida das quartas de final da Sul-Americana por 1 a 0, com gol de Luiz Fernando. O goleiro Renan, &hellip;\" \/>\n<meta property=\"og:url\" content=\"https:\/\/portalnpm.com\/index.php\/2022\/08\/03\/na-estreia-de-suarez-atletico-go-vence-nacional-na-sul-americana\/\" \/>\n<meta property=\"og:site_name\" content=\"Portal NPM\" \/>\n<meta property=\"article:published_time\" content=\"2022-08-03T09:11:56+00:00\" \/>\n<meta name=\"author\" content=\"Genival Barbosa\" \/>\n<meta name=\"twitter:card\" content=\"summary_large_image\" \/>\n<meta name=\"twitter:label1\" content=\"Escrito por\" \/>\n\t<meta name=\"twitter:data1\" content=\"Genival Barbosa\" \/>\n\t<meta name=\"twitter:label2\" content=\"Est. tempo de leitura\" \/>\n\t<meta name=\"twitter:data2\" content=\"3 minutos\" \/>\n<script type=\"application\/ld+json\" class=\"yoast-schema-graph\">{\"@context\":\"https:\/\/schema.org\",\"@graph\":[{\"@type\":\"WebPage\",\"@id\":\"https:\/\/portalnpm.com\/index.php\/2022\/08\/03\/na-estreia-de-suarez-atletico-go-vence-nacional-na-sul-americana\/\",\"url\":\"https:\/\/portalnpm.com\/index.php\/2022\/08\/03\/na-estreia-de-suarez-atletico-go-vence-nacional-na-sul-americana\/\",\"name\":\"Na estreia de Su\u00e1rez, Atl\u00e9tico-GO vence Nacional na Sul-Americana - Portal NPM\",\"isPartOf\":{\"@id\":\"https:\/\/portalnpm.com\/#website\"},\"primaryImageOfPage\":{\"@id\":\"https:\/\/portalnpm.com\/index.php\/2022\/08\/03\/na-estreia-de-suarez-atletico-go-vence-nacional-na-sul-americana\/#primaryimage\"},\"image\":{\"@id\":\"https:\/\/portalnpm.com\/index.php\/2022\/08\/03\/na-estreia-de-suarez-atletico-go-vence-nacional-na-sul-americana\/#primaryimage\"},\"thumbnailUrl\":\"\",\"datePublished\":\"2022-08-03T09:11:56+00:00\",\"dateModified\":\"2022-08-03T09:11:56+00:00\",\"author\":{\"@id\":\"https:\/\/portalnpm.com\/#\/schema\/person\/49313e563cfdefcc167f1ee4c017c294\"},\"breadcrumb\":{\"@id\":\"https:\/\/portalnpm.com\/index.php\/2022\/08\/03\/na-estreia-de-suarez-atletico-go-vence-nacional-na-sul-americana\/#breadcrumb\"},\"inLanguage\":\"pt-BR\",\"potentialAction\":[{\"@type\":\"ReadAction\",\"target\":[\"https:\/\/portalnpm.com\/index.php\/2022\/08\/03\/na-estreia-de-suarez-atletico-go-vence-nacional-na-sul-americana\/\"]}]},{\"@type\":\"ImageObject\",\"inLanguage\":\"pt-BR\",\"@id\":\"https:\/\/portalnpm.com\/index.php\/2022\/08\/03\/na-estreia-de-suarez-atletico-go-vence-nacional-na-sul-americana\/#primaryimage\",\"url\":\"\",\"contentUrl\":\"\"},{\"@type\":\"BreadcrumbList\",\"@id\":\"https:\/\/portalnpm.com\/index.php\/2022\/08\/03\/na-estreia-de-suarez-atletico-go-vence-nacional-na-sul-americana\/#breadcrumb\",\"itemListElement\":[{\"@type\":\"ListItem\",\"position\":1,\"name\":\"In\u00edcio\",\"item\":\"https:\/\/portalnpm.com\/\"},{\"@type\":\"ListItem\",\"position\":2,\"name\":\"Na estreia de Su\u00e1rez, Atl\u00e9tico-GO vence Nacional na Sul-Americana\"}]},{\"@type\":\"WebSite\",\"@id\":\"https:\/\/portalnpm.com\/#website\",\"url\":\"https:\/\/portalnpm.com\/\",\"name\":\"Portal NPM\",\"description\":\"Not\u00edcias em Primeira M\u00e3o\",\"potentialAction\":[{\"@type\":\"SearchAction\",\"target\":{\"@type\":\"EntryPoint\",\"urlTemplate\":\"https:\/\/portalnpm.com\/?s={search_term_string}\"},\"query-input\":\"required name=search_term_string\"}],\"inLanguage\":\"pt-BR\"},{\"@type\":\"Person\",\"@id\":\"https:\/\/portalnpm.com\/#\/schema\/person\/49313e563cfdefcc167f1ee4c017c294\",\"name\":\"Genival Barbosa\",\"image\":{\"@type\":\"ImageObject\",\"inLanguage\":\"pt-BR\",\"@id\":\"https:\/\/portalnpm.com\/#\/schema\/person\/image\/\",\"url\":\"https:\/\/portalnpm.com\/wp-content\/uploads\/2024\/02\/avatar_user_2_1707743258-96x96.jpeg\",\"contentUrl\":\"https:\/\/portalnpm.com\/wp-content\/uploads\/2024\/02\/avatar_user_2_1707743258-96x96.jpeg\",\"caption\":\"Genival Barbosa\"},\"url\":\"https:\/\/portalnpm.com\/index.php\/author\/genival\/\"}]}<\/script>\n<!-- \/ Yoast SEO plugin. -->","yoast_head_json":{"title":"Na estreia de Su\u00e1rez, Atl\u00e9tico-GO vence Nacional na Sul-Americana - Portal NPM","robots":{"index":"index","follow":"follow","max-snippet":"max-snippet:-1","max-image-preview":"max-image-preview:large","max-video-preview":"max-video-preview:-1"},"canonical":"https:\/\/portalnpm.com\/index.php\/2022\/08\/03\/na-estreia-de-suarez-atletico-go-vence-nacional-na-sul-americana\/","og_locale":"pt_BR","og_type":"article","og_title":"Na estreia de Su\u00e1rez, Atl\u00e9tico-GO vence Nacional na Sul-Americana - Portal NPM","og_description":"A noite em Montevid\u00e9u tinha tudo para ser de festa na reestreia de Luis Su\u00e1rez com a camisa do Nacional, mas o Atl\u00e9tico-GO deu um banho de \u00e1gua fria nos uruguaios e venceu a partida de ida das quartas de final da Sul-Americana por 1 a 0, com gol de Luiz Fernando. O goleiro Renan, &hellip;","og_url":"https:\/\/portalnpm.com\/index.php\/2022\/08\/03\/na-estreia-de-suarez-atletico-go-vence-nacional-na-sul-americana\/","og_site_name":"Portal NPM","article_published_time":"2022-08-03T09:11:56+00:00","author":"Genival Barbosa","twitter_card":"summary_large_image","twitter_misc":{"Escrito por":"Genival Barbosa","Est. tempo de leitura":"3 minutos"},"schema":{"@context":"https:\/\/schema.org","@graph":[{"@type":"WebPage","@id":"https:\/\/portalnpm.com\/index.php\/2022\/08\/03\/na-estreia-de-suarez-atletico-go-vence-nacional-na-sul-americana\/","url":"https:\/\/portalnpm.com\/index.php\/2022\/08\/03\/na-estreia-de-suarez-atletico-go-vence-nacional-na-sul-americana\/","name":"Na estreia de Su\u00e1rez, Atl\u00e9tico-GO vence Nacional na Sul-Americana - Portal NPM","isPartOf":{"@id":"https:\/\/portalnpm.com\/#website"},"primaryImageOfPage":{"@id":"https:\/\/portalnpm.com\/index.php\/2022\/08\/03\/na-estreia-de-suarez-atletico-go-vence-nacional-na-sul-americana\/#primaryimage"},"image":{"@id":"https:\/\/portalnpm.com\/index.php\/2022\/08\/03\/na-estreia-de-suarez-atletico-go-vence-nacional-na-sul-americana\/#primaryimage"},"thumbnailUrl":"","datePublished":"2022-08-03T09:11:56+00:00","dateModified":"2022-08-03T09:11:56+00:00","author":{"@id":"https:\/\/portalnpm.com\/#\/schema\/person\/49313e563cfdefcc167f1ee4c017c294"},"breadcrumb":{"@id":"https:\/\/portalnpm.com\/index.php\/2022\/08\/03\/na-estreia-de-suarez-atletico-go-vence-nacional-na-sul-americana\/#breadcrumb"},"inLanguage":"pt-BR","potentialAction":[{"@type":"ReadAction","target":["https:\/\/portalnpm.com\/index.php\/2022\/08\/03\/na-estreia-de-suarez-atletico-go-vence-nacional-na-sul-americana\/"]}]},{"@type":"ImageObject","inLanguage":"pt-BR","@id":"https:\/\/portalnpm.com\/index.php\/2022\/08\/03\/na-estreia-de-suarez-atletico-go-vence-nacional-na-sul-americana\/#primaryimage","url":"","contentUrl":""},{"@type":"BreadcrumbList","@id":"https:\/\/portalnpm.com\/index.php\/2022\/08\/03\/na-estreia-de-suarez-atletico-go-vence-nacional-na-sul-americana\/#breadcrumb","itemListElement":[{"@type":"ListItem","position":1,"name":"In\u00edcio","item":"https:\/\/portalnpm.com\/"},{"@type":"ListItem","position":2,"name":"Na estreia de Su\u00e1rez, Atl\u00e9tico-GO vence Nacional na Sul-Americana"}]},{"@type":"WebSite","@id":"https:\/\/portalnpm.com\/#website","url":"https:\/\/portalnpm.com\/","name":"Portal NPM","description":"Not\u00edcias em Primeira M\u00e3o","potentialAction":[{"@type":"SearchAction","target":{"@type":"EntryPoint","urlTemplate":"https:\/\/portalnpm.com\/?s={search_term_string}"},"query-input":"required name=search_term_string"}],"inLanguage":"pt-BR"},{"@type":"Person","@id":"https:\/\/portalnpm.com\/#\/schema\/person\/49313e563cfdefcc167f1ee4c017c294","name":"Genival Barbosa","image":{"@type":"ImageObject","inLanguage":"pt-BR","@id":"https:\/\/portalnpm.com\/#\/schema\/person\/image\/","url":"https:\/\/portalnpm.com\/wp-content\/uploads\/2024\/02\/avatar_user_2_1707743258-96x96.jpeg","contentUrl":"https:\/\/portalnpm.com\/wp-content\/uploads\/2024\/02\/avatar_user_2_1707743258-96x96.jpeg","caption":"Genival Barbosa"},"url":"https:\/\/portalnpm.com\/index.php\/author\/genival\/"}]}},"jetpack_sharing_enabled":true,"jetpack_featured_media_url":"","_links":{"self":[{"href":"https:\/\/portalnpm.com\/index.php\/wp-json\/wp\/v2\/posts\/42416"}],"collection":[{"href":"https:\/\/portalnpm.com\/index.php\/wp-json\/wp\/v2\/posts"}],"about":[{"href":"https:\/\/portalnpm.com\/index.php\/wp-json\/wp\/v2\/types\/post"}],"author":[{"embeddable":true,"href":"https:\/\/portalnpm.com\/index.php\/wp-json\/wp\/v2\/users\/2"}],"replies":[{"embeddable":true,"href":"https:\/\/portalnpm.com\/index.php\/wp-json\/wp\/v2\/comments?post=42416"}],"version-history":[{"count":0,"href":"https:\/\/portalnpm.com\/index.php\/wp-json\/wp\/v2\/posts\/42416\/revisions"}],"wp:featuredmedia":[{"embeddable":true,"href":"https:\/\/portalnpm.com\/index.php\/wp-json\/"}],"wp:attachment":[{"href":"https:\/\/portalnpm.com\/index.php\/wp-json\/wp\/v2\/media?parent=42416"}],"wp:term":[{"taxonomy":"category","embeddable":true,"href":"https:\/\/portalnpm.com\/index.php\/wp-json\/wp\/v2\/categories?post=42416"},{"taxonomy":"post_tag","embeddable":true,"href":"https:\/\/portalnpm.com\/index.php\/wp-json\/wp\/v2\/tags?post=42416"}],"curies":[{"name":"wp","href":"https:\/\/api.w.org\/{rel}","templated":true}]}}