{"id":42461,"date":"2022-08-05T05:57:55","date_gmt":"2022-08-05T08:57:55","guid":{"rendered":"https:\/\/portalnpm.com\/?p=42461"},"modified":"2022-08-05T05:57:55","modified_gmt":"2022-08-05T08:57:55","slug":"com-um-a-menos-inter-fica-no-empate-com-melgar-pela-sul-americana","status":"publish","type":"post","link":"https:\/\/portalnpm.com\/index.php\/2022\/08\/05\/com-um-a-menos-inter-fica-no-empate-com-melgar-pela-sul-americana\/","title":{"rendered":"Com um a menos, Inter fica no empate com Melgar pela Sul-Americana"},"content":{"rendered":"<section class=\"xpa-switch-article\">\n<div class=\"news-paragraph text-1\">\n<p style=\"text-align: justify;\">Nesta quinta-feira (4), o Internacional empatou, em 0 a 0, com o Melgar.\u00a0Os times se enfrentaram em Arequipa, no Peru, em jogo v\u00e1lido pela partida de ida das oitavas de final da Copa Sul-Americana. As equipes voltam a se enfrentar na pr\u00f3xima quinta-feira (11).<\/p>\n<\/div>\n<\/section>\n<section class=\"xpa-switch-article\">\n<div class=\"news-paragraph text-1\">\n<p>Jogando em casa e com o est\u00e1dio lotado, o Melgar pressionou o Internacional desde o in\u00edcio. O Colorado at\u00e9 teve chance com Bustos, mas, ap\u00f3s isso, os peruanos sufocaram os brasileiros. Aos 7, Cuesta ganhou de Vit\u00e3o e cabeceou para a defesa do goleiro do Inter. O camisa 9 voltou a aparecer aos 10, mas Daniel espalmou.<\/p>\n<\/div>\n<\/section>\n<section class=\"xpa-switch-article\">\n<div class=\"news-paragraph text-1\">\n<p>O jogo seguiu bem movimentado. Aos 11, Wanderson teve chance, mas C\u00e1ceda fez a defesa. As equipes foram se equilibrando e n\u00e3o tiveram grandes jogadas de perigo. Perto do final do primeiro tempo, o Melgar chegou com Bordacahar, que ganhou de Vit\u00e3o e cabeceou por cima do gol.<\/p>\n<\/div>\n<\/section>\n<section class=\"xpa-switch-article\">\n<div class=\"news-paragraph text-1\">\n<p><strong>TRUNCADO!<\/strong><\/p>\n<\/div>\n<\/section>\n<section class=\"xpa-switch-article\">\n<div class=\"news-paragraph text-1\">\n<p>O Melgar pressionou o Colorado, novamente, no in\u00edcio da segunda etapa. Assim como no in\u00edcio do jogo, os donos da casa obrigaram boas defesas de Daniel. Logo no primeiro minuto, Arias finalizou da entrada da \u00e1rea, mas o goleiro do Internacional espalmou. O Inter respondeu com uma cobran\u00e7a de falta, onde Mercado cabeceou sobre a meta.<\/p>\n<\/div>\n<\/section>\n<section class=\"xpa-switch-article\">\n<div class=\"news-paragraph text-1\">\n<p>Depois disso, o jogo foi se equilibrado, mas o Melgar se sobressa\u00eda. Aos 18, a situa\u00e7\u00e3o ficou complicada para o Inter. Depois de acertar uma cotovelada no rosto de Arias, Alem\u00e3o recebeu o cart\u00e3o vermelho. A partida seguiu no mesmo panorama. Aos 31, Eden\u00edlson recebeu de Alan Patrick e bateu da \u00e1rea, mas C\u00e1ceda defendeu.<\/p>\n<\/div>\n<\/section>\n<section class=\"xpa-switch-article\">\n<div class=\"entity-navigation-grid\" style=\"text-align: justify;\">\n<header class=\"title-6-bold entity-navigation-grid__title\">Futebol Latino\u00a0<\/header>\n<\/div>\n<\/section>\n","protected":false},"excerpt":{"rendered":"<p>Nesta quinta-feira (4), o Internacional empatou, em 0 a 0, com o Melgar.\u00a0Os times se enfrentaram em Arequipa, no Peru, em jogo v\u00e1lido pela partida de ida das oitavas de final da Copa Sul-Americana. As equipes voltam a se enfrentar na pr\u00f3xima quinta-feira (11). Jogando em casa e com o est\u00e1dio lotado, o Melgar pressionou &hellip;<\/p>\n","protected":false},"author":2,"featured_media":42462,"comment_status":"open","ping_status":"open","sticky":false,"template":"","format":"standard","meta":{"content-type":"","rop_custom_images_group":[],"rop_custom_messages_group":[],"rop_publish_now":"initial","rop_publish_now_accounts":{"facebook_2648258775420054_1618374048415101":""},"rop_publish_now_history":[],"rop_publish_now_status":"pending","footnotes":"","_jetpack_memberships_contains_paid_content":false},"categories":[108],"tags":[1118,14047,14048,8232],"yoast_head":"<!-- This site is optimized with the Yoast SEO plugin v22.3 - https:\/\/yoast.com\/wordpress\/plugins\/seo\/ -->\n<title>Com um a menos, Inter fica no empate com Melgar pela Sul-Americana - Portal NPM<\/title>\n<meta name=\"robots\" content=\"index, follow, max-snippet:-1, max-image-preview:large, max-video-preview:-1\" \/>\n<link rel=\"canonical\" href=\"https:\/\/portalnpm.com\/index.php\/2022\/08\/05\/com-um-a-menos-inter-fica-no-empate-com-melgar-pela-sul-americana\/\" \/>\n<meta property=\"og:locale\" content=\"pt_BR\" \/>\n<meta property=\"og:type\" content=\"article\" \/>\n<meta property=\"og:title\" content=\"Com um a menos, Inter fica no empate com Melgar pela Sul-Americana - Portal NPM\" \/>\n<meta property=\"og:description\" content=\"Nesta quinta-feira (4), o Internacional empatou, em 0 a 0, com o Melgar.\u00a0Os times se enfrentaram em Arequipa, no Peru, em jogo v\u00e1lido pela partida de ida das oitavas de final da Copa Sul-Americana. As equipes voltam a se enfrentar na pr\u00f3xima quinta-feira (11). Jogando em casa e com o est\u00e1dio lotado, o Melgar pressionou &hellip;\" \/>\n<meta property=\"og:url\" content=\"https:\/\/portalnpm.com\/index.php\/2022\/08\/05\/com-um-a-menos-inter-fica-no-empate-com-melgar-pela-sul-americana\/\" \/>\n<meta property=\"og:site_name\" content=\"Portal NPM\" \/>\n<meta property=\"article:published_time\" content=\"2022-08-05T08:57:55+00:00\" \/>\n<meta name=\"author\" content=\"Genival Barbosa\" \/>\n<meta name=\"twitter:card\" content=\"summary_large_image\" \/>\n<meta name=\"twitter:label1\" content=\"Escrito por\" \/>\n\t<meta name=\"twitter:data1\" content=\"Genival Barbosa\" \/>\n\t<meta name=\"twitter:label2\" content=\"Est. tempo de leitura\" \/>\n\t<meta name=\"twitter:data2\" content=\"1 minuto\" \/>\n<script type=\"application\/ld+json\" class=\"yoast-schema-graph\">{\"@context\":\"https:\/\/schema.org\",\"@graph\":[{\"@type\":\"WebPage\",\"@id\":\"https:\/\/portalnpm.com\/index.php\/2022\/08\/05\/com-um-a-menos-inter-fica-no-empate-com-melgar-pela-sul-americana\/\",\"url\":\"https:\/\/portalnpm.com\/index.php\/2022\/08\/05\/com-um-a-menos-inter-fica-no-empate-com-melgar-pela-sul-americana\/\",\"name\":\"Com um a menos, Inter fica no empate com Melgar pela Sul-Americana - Portal NPM\",\"isPartOf\":{\"@id\":\"https:\/\/portalnpm.com\/#website\"},\"primaryImageOfPage\":{\"@id\":\"https:\/\/portalnpm.com\/index.php\/2022\/08\/05\/com-um-a-menos-inter-fica-no-empate-com-melgar-pela-sul-americana\/#primaryimage\"},\"image\":{\"@id\":\"https:\/\/portalnpm.com\/index.php\/2022\/08\/05\/com-um-a-menos-inter-fica-no-empate-com-melgar-pela-sul-americana\/#primaryimage\"},\"thumbnailUrl\":\"\",\"datePublished\":\"2022-08-05T08:57:55+00:00\",\"dateModified\":\"2022-08-05T08:57:55+00:00\",\"author\":{\"@id\":\"https:\/\/portalnpm.com\/#\/schema\/person\/49313e563cfdefcc167f1ee4c017c294\"},\"breadcrumb\":{\"@id\":\"https:\/\/portalnpm.com\/index.php\/2022\/08\/05\/com-um-a-menos-inter-fica-no-empate-com-melgar-pela-sul-americana\/#breadcrumb\"},\"inLanguage\":\"pt-BR\",\"potentialAction\":[{\"@type\":\"ReadAction\",\"target\":[\"https:\/\/portalnpm.com\/index.php\/2022\/08\/05\/com-um-a-menos-inter-fica-no-empate-com-melgar-pela-sul-americana\/\"]}]},{\"@type\":\"ImageObject\",\"inLanguage\":\"pt-BR\",\"@id\":\"https:\/\/portalnpm.com\/index.php\/2022\/08\/05\/com-um-a-menos-inter-fica-no-empate-com-melgar-pela-sul-americana\/#primaryimage\",\"url\":\"\",\"contentUrl\":\"\"},{\"@type\":\"BreadcrumbList\",\"@id\":\"https:\/\/portalnpm.com\/index.php\/2022\/08\/05\/com-um-a-menos-inter-fica-no-empate-com-melgar-pela-sul-americana\/#breadcrumb\",\"itemListElement\":[{\"@type\":\"ListItem\",\"position\":1,\"name\":\"In\u00edcio\",\"item\":\"https:\/\/portalnpm.com\/\"},{\"@type\":\"ListItem\",\"position\":2,\"name\":\"Com um a menos, Inter fica no empate com Melgar pela Sul-Americana\"}]},{\"@type\":\"WebSite\",\"@id\":\"https:\/\/portalnpm.com\/#website\",\"url\":\"https:\/\/portalnpm.com\/\",\"name\":\"Portal NPM\",\"description\":\"Not\u00edcias em Primeira M\u00e3o\",\"potentialAction\":[{\"@type\":\"SearchAction\",\"target\":{\"@type\":\"EntryPoint\",\"urlTemplate\":\"https:\/\/portalnpm.com\/?s={search_term_string}\"},\"query-input\":\"required name=search_term_string\"}],\"inLanguage\":\"pt-BR\"},{\"@type\":\"Person\",\"@id\":\"https:\/\/portalnpm.com\/#\/schema\/person\/49313e563cfdefcc167f1ee4c017c294\",\"name\":\"Genival Barbosa\",\"image\":{\"@type\":\"ImageObject\",\"inLanguage\":\"pt-BR\",\"@id\":\"https:\/\/portalnpm.com\/#\/schema\/person\/image\/\",\"url\":\"https:\/\/portalnpm.com\/wp-content\/uploads\/2024\/02\/avatar_user_2_1707743258-96x96.jpeg\",\"contentUrl\":\"https:\/\/portalnpm.com\/wp-content\/uploads\/2024\/02\/avatar_user_2_1707743258-96x96.jpeg\",\"caption\":\"Genival Barbosa\"},\"url\":\"https:\/\/portalnpm.com\/index.php\/author\/genival\/\"}]}<\/script>\n<!-- \/ Yoast SEO plugin. -->","yoast_head_json":{"title":"Com um a menos, Inter fica no empate com Melgar pela Sul-Americana - Portal NPM","robots":{"index":"index","follow":"follow","max-snippet":"max-snippet:-1","max-image-preview":"max-image-preview:large","max-video-preview":"max-video-preview:-1"},"canonical":"https:\/\/portalnpm.com\/index.php\/2022\/08\/05\/com-um-a-menos-inter-fica-no-empate-com-melgar-pela-sul-americana\/","og_locale":"pt_BR","og_type":"article","og_title":"Com um a menos, Inter fica no empate com Melgar pela Sul-Americana - Portal NPM","og_description":"Nesta quinta-feira (4), o Internacional empatou, em 0 a 0, com o Melgar.\u00a0Os times se enfrentaram em Arequipa, no Peru, em jogo v\u00e1lido pela partida de ida das oitavas de final da Copa Sul-Americana. As equipes voltam a se enfrentar na pr\u00f3xima quinta-feira (11). Jogando em casa e com o est\u00e1dio lotado, o Melgar pressionou &hellip;","og_url":"https:\/\/portalnpm.com\/index.php\/2022\/08\/05\/com-um-a-menos-inter-fica-no-empate-com-melgar-pela-sul-americana\/","og_site_name":"Portal NPM","article_published_time":"2022-08-05T08:57:55+00:00","author":"Genival Barbosa","twitter_card":"summary_large_image","twitter_misc":{"Escrito por":"Genival Barbosa","Est. tempo de leitura":"1 minuto"},"schema":{"@context":"https:\/\/schema.org","@graph":[{"@type":"WebPage","@id":"https:\/\/portalnpm.com\/index.php\/2022\/08\/05\/com-um-a-menos-inter-fica-no-empate-com-melgar-pela-sul-americana\/","url":"https:\/\/portalnpm.com\/index.php\/2022\/08\/05\/com-um-a-menos-inter-fica-no-empate-com-melgar-pela-sul-americana\/","name":"Com um a menos, Inter fica no empate com Melgar pela Sul-Americana - Portal NPM","isPartOf":{"@id":"https:\/\/portalnpm.com\/#website"},"primaryImageOfPage":{"@id":"https:\/\/portalnpm.com\/index.php\/2022\/08\/05\/com-um-a-menos-inter-fica-no-empate-com-melgar-pela-sul-americana\/#primaryimage"},"image":{"@id":"https:\/\/portalnpm.com\/index.php\/2022\/08\/05\/com-um-a-menos-inter-fica-no-empate-com-melgar-pela-sul-americana\/#primaryimage"},"thumbnailUrl":"","datePublished":"2022-08-05T08:57:55+00:00","dateModified":"2022-08-05T08:57:55+00:00","author":{"@id":"https:\/\/portalnpm.com\/#\/schema\/person\/49313e563cfdefcc167f1ee4c017c294"},"breadcrumb":{"@id":"https:\/\/portalnpm.com\/index.php\/2022\/08\/05\/com-um-a-menos-inter-fica-no-empate-com-melgar-pela-sul-americana\/#breadcrumb"},"inLanguage":"pt-BR","potentialAction":[{"@type":"ReadAction","target":["https:\/\/portalnpm.com\/index.php\/2022\/08\/05\/com-um-a-menos-inter-fica-no-empate-com-melgar-pela-sul-americana\/"]}]},{"@type":"ImageObject","inLanguage":"pt-BR","@id":"https:\/\/portalnpm.com\/index.php\/2022\/08\/05\/com-um-a-menos-inter-fica-no-empate-com-melgar-pela-sul-americana\/#primaryimage","url":"","contentUrl":""},{"@type":"BreadcrumbList","@id":"https:\/\/portalnpm.com\/index.php\/2022\/08\/05\/com-um-a-menos-inter-fica-no-empate-com-melgar-pela-sul-americana\/#breadcrumb","itemListElement":[{"@type":"ListItem","position":1,"name":"In\u00edcio","item":"https:\/\/portalnpm.com\/"},{"@type":"ListItem","position":2,"name":"Com um a menos, Inter fica no empate com Melgar pela Sul-Americana"}]},{"@type":"WebSite","@id":"https:\/\/portalnpm.com\/#website","url":"https:\/\/portalnpm.com\/","name":"Portal NPM","description":"Not\u00edcias em Primeira M\u00e3o","potentialAction":[{"@type":"SearchAction","target":{"@type":"EntryPoint","urlTemplate":"https:\/\/portalnpm.com\/?s={search_term_string}"},"query-input":"required name=search_term_string"}],"inLanguage":"pt-BR"},{"@type":"Person","@id":"https:\/\/portalnpm.com\/#\/schema\/person\/49313e563cfdefcc167f1ee4c017c294","name":"Genival Barbosa","image":{"@type":"ImageObject","inLanguage":"pt-BR","@id":"https:\/\/portalnpm.com\/#\/schema\/person\/image\/","url":"https:\/\/portalnpm.com\/wp-content\/uploads\/2024\/02\/avatar_user_2_1707743258-96x96.jpeg","contentUrl":"https:\/\/portalnpm.com\/wp-content\/uploads\/2024\/02\/avatar_user_2_1707743258-96x96.jpeg","caption":"Genival Barbosa"},"url":"https:\/\/portalnpm.com\/index.php\/author\/genival\/"}]}},"jetpack_sharing_enabled":true,"jetpack_featured_media_url":"","_links":{"self":[{"href":"https:\/\/portalnpm.com\/index.php\/wp-json\/wp\/v2\/posts\/42461"}],"collection":[{"href":"https:\/\/portalnpm.com\/index.php\/wp-json\/wp\/v2\/posts"}],"about":[{"href":"https:\/\/portalnpm.com\/index.php\/wp-json\/wp\/v2\/types\/post"}],"author":[{"embeddable":true,"href":"https:\/\/portalnpm.com\/index.php\/wp-json\/wp\/v2\/users\/2"}],"replies":[{"embeddable":true,"href":"https:\/\/portalnpm.com\/index.php\/wp-json\/wp\/v2\/comments?post=42461"}],"version-history":[{"count":0,"href":"https:\/\/portalnpm.com\/index.php\/wp-json\/wp\/v2\/posts\/42461\/revisions"}],"wp:featuredmedia":[{"embeddable":true,"href":"https:\/\/portalnpm.com\/index.php\/wp-json\/"}],"wp:attachment":[{"href":"https:\/\/portalnpm.com\/index.php\/wp-json\/wp\/v2\/media?parent=42461"}],"wp:term":[{"taxonomy":"category","embeddable":true,"href":"https:\/\/portalnpm.com\/index.php\/wp-json\/wp\/v2\/categories?post=42461"},{"taxonomy":"post_tag","embeddable":true,"href":"https:\/\/portalnpm.com\/index.php\/wp-json\/wp\/v2\/tags?post=42461"}],"curies":[{"name":"wp","href":"https:\/\/api.w.org\/{rel}","templated":true}]}}